{"id":1585,"date":"2022-01-17T09:00:00","date_gmt":"2022-01-17T12:00:00","guid":{"rendered":""},"modified":"2022-05-24T17:09:05","modified_gmt":"2022-05-24T20:09:05","slug":"o-resgate-ao-governo-da-unidad-popular-de-salvador-allende-a-memoria-democratica-chilena","status":"publish","type":"post","link":"https:\/\/dialogosinternacionais.com.br\/?p=1585","title":{"rendered":"O Resgate ao Governo da Unidad Popular de Salvador Allende: a mem\u00f3ria democr\u00e1tica chilena"},"content":{"rendered":"<p>&nbsp;<span style=\"background-color: white; caret-color: rgb(51, 51, 51); color: #333333; font-family: &quot;Trebuchet MS&quot;, Trebuchet, Verdana, sans-serif; font-size: 13.199999809265137px;\">Volume 9 | N\u00famero 88 | Jan. 2022<\/span><\/p>\n<p><span style=\"background-color: white; caret-color: rgb(51, 51, 51); color: #333333; font-family: &quot;Trebuchet MS&quot;, Trebuchet, Verdana, sans-serif; font-size: 13.199999809265137px;\"><br \/>\n<\/span><\/p>\n<div style=\"clear: both; text-align: center;\"><a href=\"https:\/\/blogger.googleusercontent.com\/img\/a\/AVvXsEhzBAhb4wQd53PepBIZRPyt_3BqsCKyb7U5uhpueWb_wdr6NUxUk71eICUFKokld5fp7AIcKCN9Q-8zH35XbqrCpykccW-5E6ZcnDVHRwPcrIBqnFcrKlhhCkNMueAcBPC5v9nTWTjLT-oMZ7nuM4NHq39CudFJ4_XzN6wVwmBkYIdEaM3t15ad3Qv6=s881\" style=\"margin-left: 1em; margin-right: 1em;\"><img fetchpriority=\"high\" decoding=\"async\" border=\"0\" data-original-height=\"881\" data-original-width=\"828\" height=\"320\" src=\"https:\/\/blogger.googleusercontent.com\/img\/a\/AVvXsEhzBAhb4wQd53PepBIZRPyt_3BqsCKyb7U5uhpueWb_wdr6NUxUk71eICUFKokld5fp7AIcKCN9Q-8zH35XbqrCpykccW-5E6ZcnDVHRwPcrIBqnFcrKlhhCkNMueAcBPC5v9nTWTjLT-oMZ7nuM4NHq39CudFJ4_XzN6wVwmBkYIdEaM3t15ad3Qv6=s320\" width=\"301\"><\/a><\/div>\n<div style=\"text-align: center;\">Foto de Matheus Marreiro<\/div>\n<div style=\"text-align: right;\">Por Thayn\u00e1 Schiatti<\/div>\n<div style=\"text-align: justify;\">As mudan\u00e7as em curso no Chile neste in\u00edcio do s\u00e9culo XXI demandam o resgate da mem\u00f3ria da ascens\u00e3o do projeto social do s\u00e9culo XX, interrompido pelo golpe militar. Dentro dessa \u00f3tica, destaca-se aqui o papel da Revolu\u00e7\u00e3o Chilena, ocorrida durante o governo de Salvador Allende e da Unidade Popular. Este \u00e9 um dos momentos mais memor\u00e1veis da hist\u00f3ria do Chile e da regi\u00e3o, que traria muitos olhares para o cone sul da Am\u00e9rica, que muito resgataria a mem\u00f3ria do pa\u00eds e buscaria uma nova concep\u00e7\u00e3o de Estado.&nbsp;<\/div>\n<div style=\"text-align: justify;\"><\/div>\n<div style=\"text-align: justify;\">Mas para falar sobre este evento, \u00e9 interessante dar um passo atr\u00e1s nos acontecimentos hist\u00f3ricos. A Hist\u00f3ria do Chile mostra que este \u00e9 um pa\u00eds marcado por diversos conflitos. Desde a independ\u00eancia, a ideia de alinhamento \u00e0 democracia \u00e9 algo bastante presente. Al\u00e9m disso, data deste mesmo per\u00edodo a presen\u00e7a das elites no controle da Rep\u00fablica e o proveito das riquezas naturais, pecu\u00e1ria e agricultura. No entanto, embora o sistema republicano adotado tenha sido semelhante aos dos vizinhos latino-americanos, isto \u00e9, autorit\u00e1rio e muito voltado para o exterior, a Rep\u00fablica chilena se caracterizou como uma institui\u00e7\u00e3o relativamente est\u00e1vel.&nbsp;<\/div>\n<div style=\"text-align: justify;\"><\/div>\n<div style=\"text-align: justify;\">O cen\u00e1rio do Chile do final do s\u00e9culo XIX, se desestabilizaria com o surgimento de uma guerra civil, quando o ent\u00e3o presidente Jos\u00e9 Manuel Balmaceda, \u00e9 deposto e comete suic\u00eddio. O governo de Balmaceda &#8211; que tinha uma vis\u00e3o positivista e desenvolvimentista para o pa\u00eds, al\u00e9m da inten\u00e7\u00e3o de nacionalizar as minas de salitre &#8211; provocaria uma rea\u00e7\u00e3o negativa da classe olig\u00e1rquica e imperialista-liberal do per\u00edodo. Outro ponto hist\u00f3rico semelhante \u00e9 a trajet\u00f3ria pol\u00edtica de Lu\u00eds Emilio Recabarren, que criou o Partido Oper\u00e1rio Socialista, que mais tarde se tornaria o Partido Comunista Chileno. Recabarren, ent\u00e3o, se tornaria um dos primeiros pol\u00edticos do pa\u00eds a jogar luz ao movimento oper\u00e1rio e colocar em foco a luta dos mineiros chilenos.&nbsp;<\/div>\n<div style=\"text-align: justify;\"><\/div>\n<div style=\"text-align: justify;\">Este resgate na hist\u00f3ria se fez interessante para entender um movimento c\u00edclico, de um ponto de vista. O Chile, at\u00e9 o golpe militar, se caracterizou como um pa\u00eds dependente de importa\u00e7\u00f5es e com manifesta\u00e7\u00f5es expressivas da burguesia, mas que sempre volta o olhar para a camada popular, e o governo da Unidade Popular foi a maior express\u00e3o desse setor. A vit\u00f3ria de Allende gira em torno do seu plano de governo e desta coaliz\u00e3o, principalmente.&nbsp;<\/div>\n<div style=\"text-align: justify;\"><\/div>\n<div style=\"text-align: justify;\">Desse modo, este trabalho visa retratar a jornada do \u201ccompanheiro presidente\u201d at\u00e9 sua ascens\u00e3o ao cargo pol\u00edtico mais importante, bem como acompanhando a forma\u00e7\u00e3o da coaliz\u00e3o de esquerda Unidade Popular &#8211; entendendo os dois processos como intr\u00ednsecos. Para isso, fez-se necess\u00e1rio uma divis\u00e3o em duas partes, al\u00e9m de introdu\u00e7\u00e3o e conclus\u00e3o: A Trajet\u00f3ria de Salvador Allende e a Forma\u00e7\u00e3o da Unidade Popular; A Via Chilena e os Feitos da UP.&nbsp;<\/div>\n<div style=\"text-align: justify;\"><\/div>\n<div style=\"text-align: justify;\"><\/div>\n<div style=\"text-align: justify;\"><b>A Trajet\u00f3ria de Allende e a Forma\u00e7\u00e3o da Unidade Popular&nbsp;<\/b><\/div>\n<div style=\"text-align: justify;\"><\/div>\n<div style=\"text-align: justify;\">Um m\u00e9dico progressista surge dentro do movimento estudantil chileno. Este \u00e9 o come\u00e7o de Salvador Allende. Come\u00e7ando na medicina social, ele encontraria os rumos pol\u00edticos a partir das manifesta\u00e7\u00f5es de 1932 de movimentos oper\u00e1rios e estudantis e, sobretudo, com a funda\u00e7\u00e3o do Partido Socialista em Valpara\u00edso, por onde seria eleito deputado, em 1937.&nbsp;<\/div>\n<div style=\"text-align: justify;\"><\/div>\n<div style=\"text-align: justify;\">Durante o mesmo per\u00edodo, o Chile estava passando pelo governo de Arturo Alessandri, que sofria uma forte press\u00e3o da esquerda, o surgimento de uma \u201c<i>democratizac\u00f3n sustantiva<\/i>\u201d para Manuel Garret\u00f3n (1983). Dessa press\u00e3o, desponta a Frente Popular, uma uni\u00e3o entre os partidos de esquerda, incentivada pelos comunistas, que contaria com a participa\u00e7\u00e3o do Partido Radical, Partido Socialista, a Confedera\u00e7\u00e3o dos Trabalhadores do Chile (CTCh), a Frente \u00danica Araucana (FUA), o Movimento Pr\u00f3-Emancipa\u00e7\u00e3o das Mulheres do Chile (MEMCh) e a Federa\u00e7\u00e3o dos Estudantes Chilenos (MARTINS, 2016).&nbsp;<\/div>\n<div style=\"text-align: justify;\"><\/div>\n<div style=\"text-align: justify;\">A Frente Popular defendia a candidatura de Pedro Aguirre Cerda que, quando eleito, adotou uma postura bastante desenvolvimentista. Admitindo tal postura, a Frente Popular n\u00e3o estava alinhada aos anseios dos trabalhadores pois, com uma \u201crevolu\u00e7\u00e3o passiva\u201d as classes populares n\u00e3o estariam mais em foco. Mesmo assim, a partir da d\u00e9cada de 1930, o Chile se encontraria em uma fase em que boa parte da aten\u00e7\u00e3o se voltaria \u00e0s quest\u00f5es sociais, urbanas e rurais e a participa\u00e7\u00e3o da camada popular estaria mais ativa no que tange a transforma\u00e7\u00e3o do pa\u00eds (REYES, 2014).&nbsp;<\/div>\n<div style=\"text-align: justify;\"><\/div>\n<div style=\"text-align: justify;\">Desde a Frente Popular, Salvador Allende acreditava que a uni\u00e3o das esquerdas era a melhor alternativa pol\u00edtica. Embora a Frente tenha desfocado do objetivo inicial, n\u00e3o deixou de ser uma passagem marcante na pol\u00edtica chilena, como uma das primeiras express\u00f5es organizadas das esquerdas e do movimento oper\u00e1rio. E, assim, este seria o impulso essencial para a via democr\u00e1tica, principal objetivo da campanha \u00e0 presid\u00eancia de 1970. Assim ressalta Peter Winn (p.45, 2010):&nbsp;<\/div>\n<div style=\"text-align: justify;\"><\/div>\n<div style=\"text-align: justify;\"><\/div>\n<blockquote>\n<div style=\"text-align: justify;\"><i>Allende dedicaria sua carreira pol\u00edtica a reconstituir essa alian\u00e7a de classe e coaliz\u00e3o pol\u00edtica, mas dessa vez com ele pr\u00f3prio no comando e com os partidos de esquerda no controle. Dessa perspectiva, os anos entre a Frente Popular e a Unidade Popular formam uma era hist\u00f3rica unida por essa vis\u00e3o de mudan\u00e7a democr\u00e1tica, alian\u00e7a de classe e pol\u00edtica de coaliz\u00e3o, uma vis\u00e3o compartilhada por muitos esquerdistas da &#8220;Gera\u00e7\u00e3o de 1938\u201d<\/i><\/div>\n<\/blockquote>\n<div style=\"text-align: justify;\"><\/div>\n<div style=\"text-align: justify;\">Acreditando ser a uni\u00e3o das esquerdas a melhor sa\u00edda para a restaura\u00e7\u00e3o do Chile, o pol\u00edtico, em 1952, tentaria a candidatura \u00e0 presid\u00eancia com o mesmo objetivo. Allende tinha se tornado um pol\u00edtico populista, com consider\u00e1vel campanha eleitoral por todo o pa\u00eds e que, contando com a cria\u00e7\u00e3o da Frente do Povo, uma alian\u00e7a entre alas do Partido Socialista e comunistas (MARTINS, 2016), tentaria um Chile socialista. Mas falharia, com a obten\u00e7\u00e3o de apenas 5% dos votos.&nbsp;<\/div>\n<div style=\"text-align: justify;\"><\/div>\n<div style=\"text-align: justify;\">A segunda tentativa ocorreu em 1958, de uma forma mais consolidada e organizada, visto que Allende se encontrava em um cargo de senador neste momento. Com a cria\u00e7\u00e3o da Frente de A\u00e7\u00e3o Popular, uma outra alian\u00e7a entre os partidos de esquerda, o ent\u00e3o candidato, embora n\u00e3o tenha ganhado as elei\u00e7\u00f5es por uma diferen\u00e7a m\u00ednima, se consagraria como um \u201cs\u00edmbolo da esquerda e candidato \u201cdo povo\u201d\u201d (WINN, p. 46, 2010). A terceira tentativa, em 1964, pela Frente de A\u00e7\u00e3o Popular, deixaria o pol\u00edtico ainda mais perto do cargo de presidente do Chile, apesar de n\u00e3o alcan\u00e7ar o objetivo,com 39% dos votos contra o democrata crist\u00e3o, Eduardo Frei. Ainda que, desta vez, Allende tivesse chamado a aten\u00e7\u00e3o dos Estados Unidos (que financiaram a campanha de Frei) contra si, ainda assim ele estava mais perto do objetivo e tentaria por uma quarta vez.<\/div>\n<div style=\"text-align: justify;\"><\/div>\n<div style=\"text-align: justify;\">De todo modo, ainda que Eduardo Frei fosse um democrata-crist\u00e3o, o seu governo deu passos importantes para uma transforma\u00e7\u00e3o social chilena, inclusive para o mandato de seu sucessor. Um exemplo importante foi a implementa\u00e7\u00e3o, parcialmente, de uma revolu\u00e7\u00e3o agr\u00e1ria, opondo-se a muitos de seus apoiadores, e a nacionaliza\u00e7\u00e3o de algumas minas.&nbsp;<\/div>\n<div style=\"text-align: justify;\"><\/div>\n<div style=\"text-align: justify;\">Com a quarta investida, o pol\u00edtico estava apostando na forma\u00e7\u00e3o da Unidade Popular (UP) para as elei\u00e7\u00f5es de 1970. Nesta ocasi\u00e3o, formariam a coaliz\u00e3o o Partido Comunista Chileno (PCCh), o Partido Socialista (PS), o Partido Radical (PR), o Partido Social Democrata (PSD), o Movimento de A\u00e7\u00e3o Popular Chileno (Mapu), a A\u00e7\u00e3o Popular Independente (API), a Esquerda Radical (IR), a Esquerda Crist\u00e3 (IC), e o Mapu Oper\u00e1rio e Campon\u00eas (Mapu OC). Embora um dos grupos de esquerda mais importantes n\u00e3o tenha feito parte da UP, o Movimiento de Izquierda Revolucionaria (MIR), este estaria dando um suporte consider\u00e1vel a Allende. E, finalmente, o pol\u00edtico conseguiria alcan\u00e7ar a presid\u00eancia da Rep\u00fablica do Chile e implementar o que Carlos Reyes chamou de \u201cSegunda Independ\u00eancia\u201d (2014), uma verdadeira revolu\u00e7\u00e3o por vias democr\u00e1ticas.&nbsp;<\/div>\n<div style=\"text-align: justify;\"><\/div>\n<div style=\"text-align: justify;\"><\/div>\n<div style=\"text-align: justify;\"><b>A Via Chilena e os Feitos do Governo da Unidade Popular &#8211; Aspectos Econ\u00f4micos, Sociais, Pol\u00edticos e Culturais&nbsp;<\/b><\/div>\n<div style=\"text-align: justify;\"><\/div>\n<div style=\"text-align: justify;\">Em 1970, Salvador Allende ganha a presid\u00eancia do Chile em uma disputa acirrada com o ex-presidente, Jorge Alessandri, do Partido Democrata Crist\u00e3o, com um total de 36,3% contra 34,9%. Dessa vit\u00f3ria, um carnaval para muitos, ganha ainda mais for\u00e7a a pauta de transformar o Chile em um Estado socialista por vias democr\u00e1ticas, fosse pela ideologia ou pelo resgate das hist\u00f3ricas for\u00e7as chilenas. O presidente n\u00e3o s\u00f3 teve apoio de grande parte da esquerda, mas como, tamb\u00e9m, teve a campanha engrossada por significativa fra\u00e7\u00e3o dos trabalhadores industriais e rurais.&nbsp;<\/div>\n<div style=\"text-align: justify;\"><\/div>\n<div style=\"text-align: justify;\">Naquele momento, o Chile se encontrava em momento cr\u00edtico de estagfla\u00e7\u00e3o, grande depend\u00eancia do capital estrangeiro e uma parcela consider\u00e1vel de migrantes rurais, o que agravava a desigualdade social. O programa de governo, ent\u00e3o, visava quatro pontos principais, que provocaram uma mudan\u00e7a estrutural e r\u00e1pida por todo o pa\u00eds. Uma vez no controle, o governo da UP come\u00e7aria, desde o primeiro momento, a implementar os pontos de seu programa, tais como a nacionaliza\u00e7\u00e3o das minas de extra\u00e7\u00e3o de recursos naturais (muitas em dom\u00ednio dos Estados Unidos), a Reforma Agr\u00e1ria, nacionaliza\u00e7\u00e3o de bancos e a socializa\u00e7\u00e3o das principais empresas de produ\u00e7\u00e3o e distribui\u00e7\u00e3o (WINN, 2010). Estas e outras medidas j\u00e1 seriam tomadas nos primeiros instantes do governo da UP.&nbsp;<\/div>\n<div style=\"text-align: justify;\"><\/div>\n<div style=\"text-align: justify;\">O que o Chile presenciava naquele momento, uma verdadeira revolu\u00e7\u00e3o, era in\u00e9dito para a Am\u00e9rica Latina e para as esquerdas do mundo todo. A principal diferen\u00e7a, desde as Revolu\u00e7\u00f5es Russa, Chinesa e Cubana para a Chilena era o car\u00e1ter democr\u00e1tico e institucional por onde ela havia conquistado espa\u00e7o. Esta, tamb\u00e9m, era a principal diferen\u00e7a entre Unidade Popular e a Frente Popular &#8211; embora as duas fossem coaliz\u00f5es de partidos de esquerda, a Unidade Popular objetivava o socialismo pelas vias da democracia, sem a luta armada e tomada de poder. O que n\u00e3o quer dizer que a UP n\u00e3o buscasse romper com a democracia liberal.&nbsp;<\/div>\n<div style=\"text-align: justify;\"><\/div>\n<div style=\"text-align: justify;\"><\/div>\n<div style=\"text-align: justify;\"><\/div>\n<div style=\"text-align: justify;\"><b><i>a. Aspectos Econ\u00f4micos e Sociais&nbsp;<\/i><\/b><\/div>\n<div style=\"text-align: justify;\"><\/div>\n<div style=\"text-align: justify;\">O advento da Reforma Agr\u00e1ria, uma mudan\u00e7a que favoreceu camadas mais carentes, sobretudo, os trabalhadores rurais, contribuiu para a recupera\u00e7\u00e3o de terras ind\u00edgenas e distribui\u00e7\u00e3o de terras latifundi\u00e1rias entre os trabalhadores, no caso, o fim dos latif\u00fandios. Assim:<\/div>\n<div style=\"text-align: justify;\"><\/div>\n<blockquote><p><i>S\u00f3lo la lucha del campesinado con el apoyo de todo el pueblo puede resolverlos. El actual desarrdlo de sus combates por la tierra y la liquidaci6n del latifundio abre nuevas perspectivas al movimiento popular chileno. (UNIDAD POPULAR, p.9, 1969)<\/i><\/p><\/blockquote>\n<div style=\"text-align: justify;\"><\/div>\n<div style=\"text-align: justify;\">Al\u00e9m disso, fazia parte do programa da UP a ado\u00e7\u00e3o de um sal\u00e1rio m\u00ednimo justo e condizente \u00e0 realidade dos trabalhadores, come\u00e7ando pelas inst\u00e2ncias estatais e sem distin\u00e7\u00e3o entre trabalhadores e trabalhadoras. Quanto aos sistemas p\u00fablicos, a administra\u00e7\u00e3o da Unidade Popular dedicaria esfor\u00e7os para universalizar os sistemas de educa\u00e7\u00e3o, sa\u00fade e previd\u00eancia, levando mais seguran\u00e7a e qualidade para os setores menos favorecidos do pa\u00eds, de modo a englobar mais pessoas com acesso a tais sistemas.&nbsp;<\/div>\n<div style=\"text-align: justify;\"><\/div>\n<div style=\"text-align: justify;\">A partir de ent\u00e3o, via-se que um verdadeiro poder popular estava consolidando-se, levando em considera\u00e7\u00e3o os empenhos de Allende e da Unidade Popular em n\u00e3o s\u00f3 garantir dignidade e justi\u00e7a aos trabalhadores e transformar o pa\u00eds, mas para enfrentar as imposi\u00e7\u00f5es e obst\u00e1culos que seriam colocados pelo imperialismo. A ruptura com essa estrutura marcaria o governo de Allende.&nbsp;<\/div>\n<div style=\"text-align: justify;\"><\/div>\n<div style=\"text-align: justify;\">Visando, sempre, os trabalhadores, uma das propostas da UP tensionava a cria\u00e7\u00e3o de APS, \u00c1rea de Propriedade Social que, a partir da nacionaliza\u00e7\u00e3o de setores econ\u00f4micos, possibilitaria uma ampla participa\u00e7\u00e3o pol\u00edtica das classes oper\u00e1rias, diminuindo a da classe m\u00e9dia. Este seria um projeto que esbarrava em um dos maiores empecilhos que a UP encontrou em seus primeiros anos de governo, a falta de apoio no Parlamento. Seria este momento de dificuldade que deixaria claro o dom diplom\u00e1tico de Salvador Allende, que procuraria formar alian\u00e7as e acordos com os democratas-crist\u00e3os.&nbsp;<\/div>\n<div style=\"text-align: justify;\"><\/div>\n<div style=\"text-align: justify;\">Assim, no primeiro ano de Unidade Popular, o Chile, podia-se dizer, j\u00e1 era um outro pa\u00eds. A redu\u00e7\u00e3o da infla\u00e7\u00e3o, melhores \u00edndices de distribui\u00e7\u00e3o de renda e taxas de desemprego e PIB exemplificam isso. O projeto de um Chile socialista era um sucesso, al\u00e9m de ter as principais metas do programa cumpridas, total ou parcialmente, logo nas primeiras etapas da administra\u00e7\u00e3o. Um evento que consumaria o triunfo da Unidade Popular seria as elei\u00e7\u00f5es de 1971 para candidaturas municipais, onde a UP conquistou uma ampla porcentagem de votos.&nbsp;<\/div>\n<div style=\"text-align: justify;\"><\/div>\n<div style=\"text-align: justify;\">No entanto, no final deste mesmo ano, Allende e a Unidade Popular se encontrariam em uma situa\u00e7\u00e3o delicada. O pa\u00eds voltaria a ter um aumento inflacion\u00e1rio e um grave problema de escassez em rela\u00e7\u00e3o aos bens de consumo, um contexto que em nada melhoraria com os bloqueios impostos pelos Estados Unidos. Os norte-americanos, descontentes com o governo e ideias socialistas chilenos, sabotaria o pa\u00eds atrav\u00e9s de bloqueios econ\u00f4micos, negando empr\u00e9stimos e cr\u00e9ditos banc\u00e1rios, al\u00e9m de mat\u00e9rias-primas, em uma tentativa de desestabilizar a administra\u00e7\u00e3o de Salvador Allende.&nbsp;<\/div>\n<div style=\"text-align: justify;\"><\/div>\n<div style=\"text-align: justify;\"><\/div>\n<div style=\"text-align: justify;\"><b><i>b. Aspectos Pol\u00edticos&nbsp;<\/i><\/b><\/div>\n<div style=\"text-align: justify;\"><\/div>\n<div style=\"text-align: justify;\">Desde sua candidatura, a datar de seus tempos como deputado, Salvador Allende pregava sobre a necessidade de o Chile se tornar independente da economia imperialista e de todo o sistema pol\u00edtico envolvido. Era necess\u00e1rio romper n\u00e3o s\u00f3 com essa estrutura, mas, como tamb\u00e9m, olhar para a sociedade carente do pa\u00eds, uma vez que a classe dominante e dependente do capital estrangeiro se apropria daquela.&nbsp;<\/div>\n<div style=\"text-align: justify;\"><\/div>\n<div style=\"text-align: justify;\">Portanto, o governo da Unidade Popular surgira como a melhor sa\u00edda para a mobiliza\u00e7\u00e3o dos trabalhadores e todo o povo, articulando e colocando a organiza\u00e7\u00e3o nos focos destes setores, fazendo o \u201cregime pol\u00edtico mais democr\u00e1tico da hist\u00f3ria do pa\u00eds\u201d (UNIDAD POPULAR, 1969). Dessa maneira, a UP convocava diversos grupos de trabalhadores, das donas de casa aos estudantes, passando pelos trabalhadores rurais e pequenos empres\u00e1rios, para fomentar e fazer acontecer o mandato &#8211; compondo um governo pluripartid\u00e1rio, mas com \u00eanfase no trabalhador.&nbsp;<\/div>\n<div style=\"text-align: justify;\"><\/div>\n<div style=\"text-align: justify;\">\n<blockquote><p><i>\u201cEl Gobierno Popular asentar\u00e1 esencialmente su fuerza y su autoridad en el apoyo que le brinde el pueblo organizado. Esta es nuestra concepci\u00f3n de gobierno fuerte, opuesta por tanto a la que acud\u00edan la oligarqu\u00eda y el imperialismo que identifican la autoridad con la coerci\u00f3n ejercida contra el pueblo.\u201d (UNIDAD POPULAR, p. 14, 1969)<a href=\"applewebdata:\/\/74796e1a-f008-4bfe-859d-152f6fd8ea2e#_ftn1\">[1]<\/a><\/i><\/p><\/blockquote>\n<p><a href=\"applewebdata:\/\/74796e1a-f008-4bfe-859d-152f6fd8ea2e#_ftn1\"><\/a><\/p>\n<\/div>\n<div style=\"text-align: justify;\"><\/div>\n<div style=\"text-align: justify;\">Sendo assim, o programa da UP previa uma nova Constitui\u00e7\u00e3o para o Chile onde, atrav\u00e9s da cria\u00e7\u00e3o da Assembleia do Povo, expressaria a vontade popular, de modo a descentralizar o poder e poder distribu\u00ed-lo entre os n\u00edveis locais e regionais (UNIDAD POPULAR,1969). No que consta \u00e0s elei\u00e7\u00f5es, elas ocorreriam dentro do mesmo per\u00edodo, englobando homens e mulheres maiores de 18 anos, analfabetos ou n\u00e3o, ao direito do voto secreto e direto. O Presidente, ent\u00e3o, trabalharia extremamente em conjunto com os ministros e as normas da Assembleia do Povo e todos os outros organismos pol\u00edticos, sempre visando uma opera\u00e7\u00e3o institucional e democr\u00e1tica.&nbsp;<\/div>\n<div style=\"text-align: justify;\"><\/div>\n<div style=\"text-align: justify;\"><\/div>\n<div style=\"text-align: justify;\"><b><i><br \/>\n<\/i><\/b><\/div>\n<div style=\"text-align: justify;\"><b><i>c. Aspectos Culturais&nbsp;<\/i><\/b><\/div>\n<div style=\"text-align: justify;\"><\/div>\n<div style=\"text-align: justify;\">Todos os objetivos da Unidade Popular &#8211; a ideologia de ruptura com o capitalismo burgu\u00eas &#8211; se estendem, de maneira ainda mais presente, aos \u00e2mbitos culturais. Estariam a salvo na cultura toda liberdade de express\u00e3o e sentimento de solidariedade e valoriza\u00e7\u00e3o dos seres humanos e do coletivo. A UP estava disposta a reformular o pa\u00eds, recuperando o senso cr\u00edtico e as car\u00eancias culturais e educacionais encontradas no Chile.&nbsp;<\/div>\n<div style=\"text-align: justify;\"><\/div>\n<div style=\"text-align: justify;\">Desse modo, a cultura e o consumo por tal seriam incentivados pelos Centros Locales de Cultura Popular, que estimularia a participa\u00e7\u00e3o das massas no aproveitamento de uma cultura popular, assim como descrito no programa: \u201cEl sistema de cultura popular estimular\u00e1 la creaci\u00f3n art\u00edstica y literaria y multiplicar\u00e1 los canales de relaci\u00f3n entre artistas o escritores con un p\u00fablico infinitamente m\u00e1s vasto que el actual.\u201d (UNIDAD POPULAR, p. 28, 1969). <a href=\"applewebdata:\/\/74796e1a-f008-4bfe-859d-152f6fd8ea2e#_ftn2\">[2]<\/a><\/div>\n<div style=\"text-align: justify;\"><\/div>\n<div style=\"text-align: justify;\">A educa\u00e7\u00e3o \u00e9 outro ponto que foi bastante ressaltado pelo programa da Unidade Popular, defendendo a reformula\u00e7\u00e3o do segmento para entregar uma educa\u00e7\u00e3o acess\u00edvel e de qualidade, pensando na incorpora\u00e7\u00e3o e continua\u00e7\u00e3o de filhos de trabalhadores. Para isso, a UP construiria novos centros educacionais de segmenta\u00e7\u00f5es unificadas entre o ensino m\u00e9dio e o b\u00e1sico no mesmo lugar, tanto na zona urbana como na zona rural.&nbsp;<\/div>\n<div style=\"text-align: justify;\"><\/div>\n<div style=\"text-align: justify;\">De forma geral, as escolas forneceram e incitaram o pensamento cr\u00edtico aos alunos e uma verdadeira participa\u00e7\u00e3o ativa. Um grande avan\u00e7o social constatado nesta se\u00e7\u00e3o \u00e9 a cita\u00e7\u00e3o de educa\u00e7\u00e3o a adultos &#8211; uma vez que a UP previa uma educa\u00e7\u00e3o ampla, igualit\u00e1ria e bom \u00edndice, foi importante que esta no\u00e7\u00e3o se estendesse a quem n\u00e3o tenha conclu\u00eddo ou at\u00e9 mesmo come\u00e7ado os estudos j\u00e1 em idade avan\u00e7ada. Essa era uma meta, portanto, de p\u00f4r a baix\u00edssimos n\u00edveis, o analfabetismo no pa\u00eds.&nbsp;<\/div>\n<div style=\"text-align: justify;\"><\/div>\n<div style=\"text-align: justify;\">Seguindo a ideologia de democratiza\u00e7\u00e3o e amplifica\u00e7\u00e3o do ensino, a UP previa a autonomia das universidades no processo de revolu\u00e7\u00e3o chilena. Portanto, o Estado proveria pelas universidades, respeitando sua independ\u00eancia, acreditando no retorno \u00e0s comunidades que o investimento traria. Esperando acabar com a diferen\u00e7a educacional entre as classes, o plano da UP era, sobretudo, incluir a massa no ensino superior.&nbsp;<\/div>\n<div style=\"text-align: justify;\"><\/div>\n<div style=\"text-align: justify;\">Quanto \u00e0 popula\u00e7\u00e3o ind\u00edgena, al\u00e9m de defender suas terras atrav\u00e9s da <i>Ley Indigena<\/i>, a Unidade Popular defenderia sua resist\u00eancia em todos os meios, incluindo o educacional. A pol\u00edtica de Allende previa n\u00e3o s\u00f3 a devolu\u00e7\u00e3o de terras aos principais povos origin\u00e1rios, como tamb\u00e9m a valoriza\u00e7\u00e3o de sua cultura, sobretudo no movimento Nova Can\u00e7\u00e3o, onde desde os &#8216;pobladores&#8217; at\u00e9 os ind\u00edgenas tinham seus elementos e quest\u00f5es trazidos em foco.&nbsp;<\/div>\n<div style=\"text-align: justify;\"><\/div>\n<div style=\"text-align: justify;\">Embora o maior ato referente aos ind\u00edgenas feito pela administra\u00e7\u00e3o da Unidade Popular tenha sido com a Reforma Agr\u00e1ria, os Mapuches tiveram seu resgate cultural em cada \u00e1rea b\u00e1sica da pol\u00edtica p\u00fablica. Desde a cita\u00e7\u00e3o de Caupolic\u00e1n &#8211; l\u00edder dos mapuches durante a insurrei\u00e7\u00e3o contra os colonizadores espanh\u00f3is &#8211; em seu discurso da vit\u00f3ria at\u00e9 os feitos de seu governo, Salvador Allende contribuiu para retomada, consideravelmente, a identidade origin\u00e1ria do Chile.&nbsp;<\/div>\n<div style=\"text-align: justify;\"><\/div>\n<div style=\"text-align: justify;\"><\/div>\n<div style=\"text-align: justify;\"><\/div>\n<div style=\"text-align: justify;\"><b>Conclus\u00e3o&nbsp;<\/b><\/div>\n<div style=\"text-align: justify;\"><\/div>\n<div style=\"text-align: justify;\">Chegando ao poder pelas vias democr\u00e1ticas, a Unidade Popular e o presidente Salvador Allende seriam derrubados pelo mais duro golpe militar, levando o presidente ao suic\u00eddio. Apesar deste momento sombrio na hist\u00f3ria do Chile, os feitos do per\u00edodo de 1970 a 1973 n\u00e3o foram apagados. A Unidade Popular marcou as Am\u00e9ricas e o mundo chegando ao socialismo por caminhos institucionais, sem nenhuma tomada de poder arbitr\u00e1ria, caracterizando uma verdadeira revolu\u00e7\u00e3o.&nbsp;<\/div>\n<div style=\"text-align: justify;\"><\/div>\n<div style=\"text-align: justify;\">Os pontos principais, tais como a Reforma Agr\u00e1ria, as diversas nacionaliza\u00e7\u00f5es de empresas e bancos, a amplia\u00e7\u00e3o das pol\u00edticas p\u00fablicas e entre outras medidas, tentaram fazer do Chile um pa\u00eds mais igualit\u00e1rio e justo atrav\u00e9s do socialismo. Mesmo com o fim dram\u00e1tico deste programa, a Unidade Popular traria \u00e0 sociedade um avan\u00e7o imediato no que consta ao social, com um pol\u00edtica de reestrutura\u00e7\u00e3o da sociedade e valoriza\u00e7\u00e3o dos trabalhadores e mapuches &#8211; \u00e9 ineg\u00e1vel entender o governo da UP como um grande esfor\u00e7o para a refunda\u00e7\u00e3o do Chile.&nbsp;<\/div>\n<div style=\"text-align: justify;\"><\/div>\n<div style=\"text-align: justify;\">No Chile atual, com a recente elei\u00e7\u00e3o de Gabriel Boric &#8211; t\u00e3o festejada quanto a de Allende &#8211; o jovem presidente de esquerda surge com a proposta de um novo pa\u00eds. Sendo o mais votado at\u00e9 hoje, Boric tra\u00e7a paralelos com a pol\u00edtica da Unidade Popular de Allende &#8211; al\u00e9m de atravessar o processo da nova Constitui\u00e7\u00e3o (prevista pela UP antes do golpe), o Chile do s\u00e9culo XXI deseja desatar os la\u00e7os do per\u00edodo ditatorial e da secular desigualdade social. Sob a mesma \u00f3tica esquerdista, de estabelecer a paridade entre os cidad\u00e3os chilenos, Boric ter\u00e1 um congresso dividido para lidar. De modo geral, tanto no presente quanto no passado, a m\u00e1xima da democracia ressurge no Chile atrav\u00e9s da esperan\u00e7a em governos como tais: que n\u00e3o s\u00f3 prezam pelo bem-estar do povo, mas que entendam que a soberania popular \u00e9 o que deve caracterizar o pa\u00eds.&nbsp;<\/div>\n<div style=\"text-align: justify;\"><\/div>\n<div style=\"text-align: justify;\"><\/div>\n<div style=\"text-align: justify;\"><b><br \/>\n<\/b><\/div>\n<div style=\"text-align: justify;\"><b>Refer\u00eancias&nbsp;<\/b><\/div>\n<div style=\"text-align: justify;\"><\/div>\n<div style=\"text-align: justify;\">BIBLIOTECA Nacional de Chile. El Gobierno de la Unidad Popular (1970-1973). <i>Memoria Chilena<\/i>, s.d.. Dispon\u00edvel em: <a href=\"http:\/\/www.memoriachilena.gob.cl\/602\/w3-article-31433.html\">http:\/\/www.memoriachilena.gob.cl\/602\/w3-article-31433.html#<\/a> . Acesso em: 27 de maio 2021.&nbsp;<\/div>\n<div style=\"text-align: justify;\"><\/div>\n<div style=\"text-align: justify;\">GARRET\u00d3N, Manuel Antonio. <i>El Proceso Politico Chileno<\/i>. Chile: El Gr\u00e1fico, 1983.&nbsp;<\/div>\n<div style=\"text-align: justify;\"><\/div>\n<div style=\"text-align: justify;\">LABORDE, Antonia; MOLINA, Frederico.  Elecciones Chile 2021: Gabriel Boric promete a los chilenos \u201cun gobierno con los pies en la calle\u201d. <i>EL PA\u00cdS,<\/i> 2021. Dispon\u00edvel em: <a href=\"https:\/\/elpais.com\/internacional\/2021-12-20\/gabriel-boric-promete-a-los-chilenos-un-gobierno-con-los-pies-en-la-calle.html\">https:\/\/elpais.com\/internacional\/2021-12-20\/gabriel-boric-promete-a-los-chilenos-un-gobierno-con-los-pies-en-la-calle.html<\/a> Acesso em: 09 de jan de 2022.<\/div>\n<div style=\"text-align: justify;\"><\/div>\n<div style=\"text-align: justify;\">MACIEL, Aline. Reflex\u00f5es sobre a experi\u00eancia do governo da Unidade Popular chileno (1970-1973). <i>Teoria e Debate,<\/i> 2018. Dispon\u00edvel em: <a href=\"https:\/\/teoriaedebate.org.br\/2018\/06\/20\/%EF%BB%BFreflexoes-sobre-a-experiencia-do-governo-da-unidade-popular-chileno-1970-1973\/\">https:\/\/teoriaedebate.org.br\/2018\/06\/20\/%EF%BB%BFreflexoes-sobre-a-experiencia-do-governo-da-unidade-popular-chileno-1970-1973\/<\/a> . Acesso em: 28 de maio de 2021.<\/div>\n<div style=\"text-align: justify;\"><\/div>\n<div style=\"text-align: justify;\">MARTINS, Jos\u00e9 Renato Vieira. <i>Chile. <\/i>S\u00e3o Paulo: Editora Funda\u00e7\u00e3o Perseu Abramo, 2016.&nbsp;<\/div>\n<div style=\"text-align: justify;\"><\/div>\n<div style=\"text-align: justify;\">REYES, Claudio Llanos. Del Experimento socialista a la experiencia neoliberal: Reflexiones hist\u00f3ricas sobre Chile actual. [s\/l.]: <i>Estudos Ibero-Americanos,<\/i> PUCRS, v. 40, n. 2, p. 202-223, jul.-dez. 2014.<\/div>\n<div style=\"text-align: justify;\"><\/div>\n<div style=\"text-align: justify;\">PRESSE, France. Chile elege parlamentares que v\u00e3o escrever a nova Constitui\u00e7\u00e3o.<i> G1<\/i>, 2021. Dispon\u00edvel em:https:\/\/g1.globo.com\/mundo\/noticia\/2021\/05\/15\/chile-elege-parlamentares-que-vao-escrever-a-nova-constituicao-saiba-mais.ghtml. Acesso em: 09 de jan. de 2022.<\/div>\n<div style=\"text-align: justify;\"><\/div>\n<div style=\"text-align: justify;\">T\u00d3PICO em Movimento. Allende e a quest\u00e3o Mapuche: o que aprender. <i>Tr\u00f3pico em Movimento<\/i>, 2020. Dispon\u00edvel em: <a href=\"https:\/\/tropicomovimento.com.br\/clipping\/2020\/allende-e-a-questao-mapuche-o-que-aprender\">https:\/\/tropicomovimento.com.br\/clipping\/2020\/allende-e-a-questao-mapuche-o-que-aprender<\/a> Acesso em: 01 de junho de 2021.<\/div>\n<div style=\"text-align: justify;\"><\/div>\n<div style=\"text-align: justify;\">UNIDAD Popular. <i>Programa b\u00e1sico de gobierno de la Unidad Popular:<\/i> candidatura presidencial de Salvador Allende. Chile: Mem\u00f3ria Chilena, 1969.&nbsp;<\/div>\n<div style=\"text-align: justify;\"><\/div>\n<div style=\"text-align: justify;\">WINN, Peter. <i>A Revolu\u00e7\u00e3o Chilena<\/i>. S\u00e3o Paulo: Editora UNESP, 2010.&nbsp;<\/div>\n<div style=\"text-align: justify;\"><\/div>\n<div style=\"text-align: justify;\"><\/div>\n<div style=\"text-align: justify;\"><a href=\"applewebdata:\/\/74796e1a-f008-4bfe-859d-152f6fd8ea2e#_ftnref1\">[1]<\/a> \u201cO Governo Popular basear\u00e1 essencialmente a sua for\u00e7a e autoridade no apoio que lhe \u00e9 dado pelo povo organizado. Esta \u00e9 a nossa concep\u00e7\u00e3o de governo forte, oposto, portanto, \u00e0 da oligarquia e do imperialismo, que identifica a autoridade com a coer\u00e7\u00e3o exercida contra o povo.\u201d [tradu\u00e7\u00e3o nossa] (UNIDAD POPULAR, p.14, 1969)&nbsp;<\/div>\n<div style=\"text-align: justify;\"><\/div>\n<div style=\"text-align: justify;\"><a href=\"applewebdata:\/\/74796e1a-f008-4bfe-859d-152f6fd8ea2e#_ftnref2\"><\/a><a href=\"applewebdata:\/\/74796e1a-f008-4bfe-859d-152f6fd8ea2e#_ftnref2\">[2]<\/a> \u201cO sistema de cultura popular estimular\u00e1 a cria\u00e7\u00e3o art\u00edstica e liter\u00e1ria e multiplicar\u00e1 os canais de relacionamento entre artistas ou escritores com um p\u00fablico infinitamente mais vasto do que o atual\u201d [tradu\u00e7\u00e3o nossa] (UNIDAD POPULAR, p. 28, 1969)<\/div>\n<div style=\"text-align: center;\"><span style=\"background-color: white; caret-color: rgb(51, 51, 51); color: #333333; font-family: &quot;Trebuchet MS&quot;, Trebuchet, Verdana, sans-serif; font-size: small;\"><br \/>\n<\/span><\/div>\n<div style=\"text-align: justify;\"><span style=\"text-align: right;\"><i><b>Thayn\u00e1 Schiatti<\/b> \u00e9 graduanda em Rela\u00e7\u00f5es Internacionais (UFRJ) e membro do grupo de pesquisa sobre &#8220;Rela\u00e7\u00f5es Bilaterais do Brasil&#8221;, do Laborat\u00f3rio de Estudos de Seguran\u00e7a e Defesa (LESD), do Instituto de Rela\u00e7\u00f5es Internacionais e Defesa (IRID).<\/i><\/span><\/div>\n","protected":false},"excerpt":{"rendered":"<p>&nbsp;Volume 9 | N\u00famero 88 | Jan. 2022 Foto de Matheus Marreiro Por<\/p>\n","protected":false},"author":3,"featured_media":1985,"comment_status":"closed","ping_status":"open","sticky":false,"template":"","format":"standard","meta":{"footnotes":""},"categories":[646,660],"tags":[],"class_list":["post-1585","post","type-post","status-publish","format-standard","has-post-thumbnail","hentry","category-artigos","category-volume9"],"_links":{"self":[{"href":"https:\/\/dialogosinternacionais.com.br\/index.php?rest_route=\/wp\/v2\/posts\/1585","targetHints":{"allow":["GET"]}}],"collection":[{"href":"https:\/\/dialogosinternacionais.com.br\/index.php?rest_route=\/wp\/v2\/posts"}],"about":[{"href":"https:\/\/dialogosinternacionais.com.br\/index.php?rest_route=\/wp\/v2\/types\/post"}],"author":[{"embeddable":true,"href":"https:\/\/dialogosinternacionais.com.br\/index.php?rest_route=\/wp\/v2\/users\/3"}],"replies":[{"embeddable":true,"href":"https:\/\/dialogosinternacionais.com.br\/index.php?rest_route=%2Fwp%2Fv2%2Fcomments&post=1585"}],"version-history":[{"count":5,"href":"https:\/\/dialogosinternacionais.com.br\/index.php?rest_route=\/wp\/v2\/posts\/1585\/revisions"}],"predecessor-version":[{"id":2677,"href":"https:\/\/dialogosinternacionais.com.br\/index.php?rest_route=\/wp\/v2\/posts\/1585\/revisions\/2677"}],"wp:featuredmedia":[{"embeddable":true,"href":"https:\/\/dialogosinternacionais.com.br\/index.php?rest_route=\/wp\/v2\/media\/1985"}],"wp:attachment":[{"href":"https:\/\/dialogosinternacionais.com.br\/index.php?rest_route=%2Fwp%2Fv2%2Fmedia&parent=1585"}],"wp:term":[{"taxonomy":"category","embeddable":true,"href":"https:\/\/dialogosinternacionais.com.br\/index.php?rest_route=%2Fwp%2Fv2%2Fcategories&post=1585"},{"taxonomy":"post_tag","embeddable":true,"href":"https:\/\/dialogosinternacionais.com.br\/index.php?rest_route=%2Fwp%2Fv2%2Ftags&post=1585"}],"curies":[{"name":"wp","href":"https:\/\/api.w.org\/{rel}","templated":true}]}}