{"id":1600,"date":"2020-12-30T10:14:00","date_gmt":"2020-12-30T13:14:00","guid":{"rendered":""},"modified":"2022-05-05T00:30:44","modified_gmt":"2022-05-05T03:30:44","slug":"metodos-quantitativos-e-estudos-de-imigracao-breve-analise-das-estatisticas-da-imigracao-siria-e-libanesa","status":"publish","type":"post","link":"https:\/\/dialogosinternacionais.com.br\/?p=1600","title":{"rendered":"M\u00e9todos Quantitativos e estudos de imigra\u00e7\u00e3o: breve an\u00e1lise das estat\u00edsticas da imigra\u00e7\u00e3o s\u00edria e libanesa"},"content":{"rendered":"<p style=\"background-color: white; color: #333333; font-family: &quot;Trebuchet MS&quot;, Trebuchet, Verdana, sans-serif; font-size: 13.2px;\"><span style=\"caret-color: rgb(51, 51, 51); font-size: 13.2px;\">Volume 7 | N\u00famero 78 | Dez. 2020<\/span><\/p>\n<div><span style=\"caret-color: rgb(51, 51, 51); font-size: 13.2px;\"><br \/><\/span><\/div>\n<p style=\"text-align: right;\">Isabella Ferreira Silva<\/p>\n<p style=\"text-align: right;\"><span style=\"text-align: justify;\">Miriam de Oliveira Santos<\/span><\/p>\n<div style=\"clear: both;\">\n<div style=\"clear: both; text-align: justify;\"><\/div>\n<div style=\"clear: both; text-align: justify;\"><\/div>\n<div style=\"clear: both; text-align: justify;\">O objetivo desse artigo \u00e9 discutir a utilidade e os problemas da utiliza\u00e7\u00e3o dos m\u00e9todos quantitativos para os estudos migrat\u00f3rios, usando como referencial emp\u00edrico os imigrantes e refugiados s\u00edrios. [1]&nbsp; Conscientes de que \u00e9 importante n\u00e3o apenas observar e quantificar os dados mas tamb\u00e9m selecion\u00e1-los e articul\u00e1-los buscamos nos estudos migrat\u00f3rios o nosso referencial te\u00f3rico.&nbsp; Devemos ressaltar que em princ\u00edpio todas as pesquisas deveriam articular m\u00e9todos quanti-qualitativos e que nosso esfor\u00e7o aqui \u00e9 justamente demonstrar a utilidades dos m\u00e9todos quantitativos em um campo em que eles ainda s\u00e3o pouco utilizados, como \u00e9 o caso das ci\u00eancias humanas.&nbsp;&nbsp;<\/div>\n<div style=\"clear: both; text-align: justify;\"><\/div>\n<div style=\"clear: both; text-align: justify;\">A utiliza\u00e7\u00e3o dos m\u00e9todos quantitativos permite extrair e visualizar dados que n\u00e3o s\u00e3o observ\u00e1veis \u00e0 primeira vista e muitas vezes fornecem subs\u00eddios para uma segunda etapa da pesquisa mais qualitativa.<\/div>\n<div style=\"clear: both; text-align: justify;\">Cabe ressaltar que aquilo que os dados mostram est\u00e1 diretamente relacionado com o que foi perguntado, com os objetivos do pesquisador e com as teorias utilizadas na&nbsp; abordagem do problema de pesquisa.<\/div>\n<div style=\"clear: both; text-align: justify;\"><\/div>\n<div style=\"clear: both; text-align: justify;\"><\/div>\n<div style=\"clear: both; text-align: justify;\"><a name='more'><\/a><\/div>\n<div style=\"clear: both; text-align: justify;\"><\/div>\n<div style=\"clear: both; text-align: justify;\"><b>1-<span style=\"white-space: pre;\">\t<\/span>Os m\u00e9todos quantitativos nas Ci\u00eancias Humanas<\/b><\/div>\n<div style=\"clear: both; text-align: justify;\"><\/div>\n<div style=\"clear: both; text-align: justify;\">No campo metodol\u00f3gico falar\u00edamos de m\u00e9todo indutivo e dedutivo e t\u00e9cnicas quantitativas e qualitativas.&nbsp; Contudo, mesmo na academia, o uso corrente das express\u00f5es m\u00e9todo quantitativo e m\u00e9todo qualitativo se massificou e \u00e9 por isso que ser\u00e3o usadas nesse artigo (ver CANO, 2012). Acompanhamos nesse ponto o pensamento de Cano quando afirma que:&nbsp;&nbsp;<\/div>\n<div style=\"clear: both; text-align: justify;\"><\/div>\n<div style=\"clear: both; text-align: justify;\">\n<blockquote><p>Os termos m\u00e9todos e t\u00e9cnicas de pesquisa s\u00e3o usados geralmente de forma equivalente, embora existam diferen\u00e7as entre ambos. M\u00e9todos seriam estrat\u00e9gias de produ\u00e7\u00e3o de conhecimento cient\u00edfico, incluindo a gera\u00e7\u00e3o e a valida\u00e7\u00e3o de teorias. T\u00e9cnicas seriam formas padronizadas de coleta e an\u00e1lise de dados, com a mesma finalidade, a de produzir conhecimento v\u00e1lido. Embora a diferen\u00e7a entre os dois conceitos seja porosa, o m\u00e9todo \u00e9 muito mais abrangente e se aproxima da epistemologia, contemplando estrat\u00e9gias gerais, enquanto a t\u00e9cnica \u00e9 espec\u00edfica e concreta.&nbsp; &nbsp; &nbsp; &nbsp; &nbsp; &nbsp; &nbsp; &nbsp; &nbsp; &nbsp; &nbsp; &nbsp; &nbsp; &nbsp; (CANO, 2012 , p. 107).<\/p><\/blockquote>\n<\/div>\n<div style=\"clear: both; text-align: justify;\"><\/div>\n<div style=\"clear: both; text-align: justify;\"><\/div>\n<div style=\"clear: both; text-align: justify;\">No sentido apontado por Cano (2012), trataremos das t\u00e9cnicas quantitativas de coleta de dados sobre imigra\u00e7\u00e3o, sobretudo do uso da estat\u00edstica.&nbsp; A estat\u00edstica \u00e9 o estudo da variabilidade dos fen\u00f4menos, que procura as regularidades mais ou menos prov\u00e1veis, de diferentes naturezas, que possam existir, e\/ou as rela\u00e7\u00f5es porventura existentes entre elas, lineares ou n\u00e3o.<\/div>\n<div style=\"clear: both; text-align: justify;\"><\/div>\n<div style=\"clear: both; text-align: justify;\">As vantagens do uso de t\u00e9cnicas quantitativas de levantamento de dados s\u00e3o a maior padroniza\u00e7\u00e3o e controle de dados e a maior facilidade de refazer a pesquisa e, confirmar ou refutar os dados apresentados.<\/div>\n<div style=\"clear: both; text-align: justify;\">A principal desvantagem \u00e9 que frequentemente se esquece que as estat\u00edsticas n\u00e3o s\u00e3o neutras e que os dados dependem das perguntas que foram feitas para obt\u00ea-los.&nbsp; \u00c9 necess\u00e1rio n\u00e3o esquecer que todo dado emp\u00edrico, \u00e9 sempre uma constru\u00e7\u00e3o em fun\u00e7\u00e3o da quest\u00e3o que se deseja responder. Em s\u00edntese, o que importa \u00e9 discutir a pertin\u00eancia e o alcance ou os limites dos dados relacionados \u00e0 quest\u00e3o.<\/div>\n<div style=\"clear: both; text-align: justify;\"><\/div>\n<div style=\"clear: both; text-align: justify;\"><\/div>\n<div style=\"clear: both; text-align: justify;\"><b>2-<span style=\"white-space: pre;\">\t<\/span>O perfil da imigra\u00e7\u00e3o s\u00edrio-libanesa para o Brasil<\/b><\/div>\n<div style=\"clear: both; text-align: justify;\"><\/div>\n<div style=\"clear: both; text-align: justify;\">Nas primeiras d\u00e9cadas do s\u00e9culo XXI ocorreu o aumento da imigra\u00e7\u00e3o s\u00edria, tal acontecimento despertou interesse sobre esse grupo e ent\u00e3o, surgiram trabalhos sobre eles. Entretanto grande parte desses trabalhos s\u00e3o sobre imigrantes e refugiados s\u00edrios rec\u00e9m chegados e bastante desconectados dos trabalhos tradicionais sobre a imigra\u00e7\u00e3o \u00e1rabe para o Brasil.<\/div>\n<div style=\"clear: both; text-align: justify;\"><\/div>\n<div style=\"clear: both; text-align: justify;\">Nesse contexto desejando entender como o fluxo imigrat\u00f3rio tradicional e o contempor\u00e2neo se conectam, buscamos produzir dados sobre esse fluxo migrat\u00f3rio e tra\u00e7ar o seu perfil. Para que isso fosse poss\u00edvel e foi elaborada uma pesquisa documental e bibliogr\u00e1fica que permitisse organizar, tabular e analisar os dados encontrados para ent\u00e3o construir uma s\u00e9rie hist\u00f3rica e tra\u00e7ar o perfil dos imigrantes s\u00edrio-libaneses no Brasil.<\/div>\n<div style=\"clear: both; text-align: justify;\"><\/div>\n<div style=\"clear: both; text-align: justify;\">Segundo Pinto (2010, p. 27) no final do s\u00e9culo XIX e in\u00edcio do s\u00e9culo XX, a S\u00edria e o L\u00edbano faziam parte do Imp\u00e9rio Otomano ou Imp\u00e9rio Turco e sofreram com a interfer\u00eancia imperialista europeia, a\u00e7\u00e3o mission\u00e1ria, centraliza\u00e7\u00e3o pol\u00edtica, industrializa\u00e7\u00e3o e a primeira guerra mundial .<\/div>\n<div style=\"clear: both; text-align: justify;\"><span style=\"white-space: pre;\"><br \/><\/span><\/div>\n<div style=\"clear: both; text-align: justify;\">Esse contexto gerou uma grande di\u00e1spora s\u00edrio e libanesa, onde o Brasil ganha o papel de pa\u00eds receptor. Os primeiros registros dessas nacionalidades s\u00e3o do ano de 1871 mas durante as d\u00e9cadas de 70 e 80 do s\u00e9culo XIX, todos os estrangeiros de nacionalidade \u00e1rabe que desembarcavam no Brasil eram registrados como turcos. O registro das nacionalidades s\u00edrio e libanesa \u00e9 conflituosa e apresentou mudan\u00e7as em curtos per\u00edodos de tempo.<\/div>\n<div style=\"clear: both; text-align: justify;\"><\/div>\n<div style=\"clear: both; text-align: justify;\"><\/div>\n<div style=\"clear: both; text-align: justify;\"><b>3-<span style=\"white-space: pre;\">\t<\/span>Quantos e quando chegaram?<\/b><\/div>\n<div style=\"clear: both; text-align: justify;\"><\/div>\n<div style=\"clear: both; text-align: justify;\">Os primeiros registros da imigra\u00e7\u00e3o s\u00edrio-libanesa para o Brasil, mesmo que com o passaporte turco, s\u00e3o da d\u00e9cada de 1870 (MOTT, 2017 p. 181) mas durante o processo de pesquisa constatou-se a dificuldade de obter dados nacionais precisos devido \u00e0s irregularidades das estat\u00edsticas, ou seja, tiveram diferentes classifica\u00e7\u00f5es em que s\u00edrio-libaneses se encaixavam em curtos per\u00edodos de tempo.<\/div>\n<div style=\"clear: both; text-align: justify;\"><\/div>\n<div style=\"clear: both; text-align: justify;\">Entre 1870-1960 eles entraram na rubrica turca, s\u00edrio-liban\u00eas, s\u00edrio e libanesa (separadamente) e \u201coutras nacionalidades\u201d.&nbsp; Para resolver esta quest\u00e3o, a estrat\u00e9gia utilizada foi ter como base as estat\u00edsticas do Porto de Santos-S\u00e3o Paulo pois, segundo Mott (2017, p. 185), \u201co grosso da imigra\u00e7\u00e3o dirigiu-se para S\u00e3o Paulo e Rio de Janeiro, localizando-se n\u00facleos menores em Minas Gerais, Rio Grande do Sul e Bahia [&#8230;] sendo que o Estado de S\u00e3o Paulo recebeu 40% do total\u201d. Isso quer dizer que analisar a din\u00e2mica do estado brasileiro que recebeu a maior porcentagem desses imigrantes nos permite compreender a din\u00e2mica nacional.<\/div>\n<div style=\"clear: both; text-align: justify;\"><\/div>\n<div style=\"clear: both; text-align: justify;\"><span style=\"white-space: pre;\"><\/span>Analisando, ent\u00e3o, os registros do porto de Santos percebemos que inicialmente a imigra\u00e7\u00e3o foi t\u00edmida tendo anos que n\u00e3o houve registro. Durante as d\u00e9cadas de 70 e 80 do s\u00e9culo XIX, registraram&nbsp; apenas 156 entradas por esse mesmo porto, enquanto nas d\u00e9cadas seguintes esse n\u00famero cresceu exponencialmente. Knowlton (1961, p. 38) acredita que esse aumento \u00e9 resultado das leis contra imigra\u00e7\u00e3o aprovadas pelo governo turco. Entretanto, o apogeu dessa imigra\u00e7\u00e3o foi entre os anos de 1908 e 1915 ressaltando que a entrada majorit\u00e1ria ainda era com o passaporte turco mas que, desde 1892, j\u00e1 registrava-se a nacionalidade s\u00edria separadamente.<\/div>\n<div style=\"clear: both; text-align: justify;\"><\/div>\n<div style=\"clear: both; text-align: justify;\">Em um contexto entre guerras mundiais, o n\u00famero de total de registros (considerando os turcos, s\u00edrios e libaneses) esteve em queda. Seguindo a cronologia feita por Truzzi (2005, p. 91), podemos relacionar esse resultado a partilha do Imp\u00e9rio Otomano entre Inglaterra e Fran\u00e7a, sendo que essa \u00faltima passou a controlar a S\u00edria e o L\u00edbano. Apesar disso, continuamos a observar a presen\u00e7a de passaportes de nacionalidade libanesa, al\u00e9m disso, a imigra\u00e7\u00e3o de nacionais do L\u00edbano, se mant\u00e9m constante em contrapartida a da S\u00edria e Turquia, apresentaram um pico de crescimento e uma queda acentuada antes da d\u00e9cada de&nbsp; 30, como podemos ver no gr\u00e1fico 1:<\/div>\n<div style=\"clear: both; text-align: justify;\"><\/div>\n<div style=\"clear: both; text-align: justify;\">\n<div style=\"clear: both; text-align: center;\"><a href=\"https:\/\/dialogosinternacionais.com.br\/wp-content\/uploads\/2020\/12\/Graf-2B1-1.png\" style=\"margin-left: 1em; margin-right: 1em;\"><img fetchpriority=\"high\" decoding=\"async\" border=\"0\" data-original-height=\"464\" data-original-width=\"715\" height=\"260\" src=\"https:\/\/dialogosinternacionais.com.br\/wp-content\/uploads\/2020\/12\/Graf-2B1-1-300x195.png\" width=\"400\" \/><\/a><\/div>\n<div style=\"clear: both; text-align: center;\"><\/div>\n<\/div>\n<div style=\"clear: both; text-align: justify;\"><\/div>\n<div style=\"clear: both; text-align: justify;\">Podemos supor que a queda do n\u00famero de imigrantes turcos est\u00e1 relacionada com a dissolu\u00e7\u00e3o do imp\u00e9rio turco, e a consequ\u00eancia natural de que os imigrantes de diferentes nacionalidades como arm\u00eanios, s\u00edrios e libaneses que at\u00e9 ent\u00e3o entravam no pa\u00eds com passaportes turcos deixam de utiliz\u00e1-los e passam a ser contados separadamente.&nbsp; Percebemos aqui a import\u00e2ncia de entender o contexto hist\u00f3rico para poder analisar os dados quantitativos.<\/div>\n<div style=\"clear: both; text-align: justify;\"><\/div>\n<div style=\"clear: both; text-align: justify;\">A partir da d\u00e9cada de 30, os Anu\u00e1rios Estat\u00edsticos do Brasil facilitaram a obten\u00e7\u00e3o dos registros por nacionalidade e permitiu focar apenas nos s\u00edrios e libaneses&nbsp; em \u00e2mbito nacional. \u00c9 percept\u00edvel que o fluxo de entrada desses imigrantes voltou a subir a partir de 1945, atingindo um novo pico e decl\u00ednio, como podemos ver no gr\u00e1fico 2. Esse fato tamb\u00e9m est\u00e1 relacionado \u00e0s mudan\u00e7as que tiveram as estat\u00edsticas sobre imigra\u00e7\u00e3o nos anu\u00e1rios, eles passam a restringir a poucas nacionalidades, com maiores n\u00fameros de entrada, o benef\u00edcio de serem quantificadas separadamente e com maior detalhamento enquanto as outras nacionalidades com menos n\u00fameros de entrada, que inclui os s\u00edrios e libaneses, entram em \u201coutros\u201d ou \u201coutras nacionalidades\u201d. Al\u00e9m disso, os anu\u00e1rios deixam de trazer informa\u00e7\u00f5es sobre imigra\u00e7\u00e3o.<\/div>\n<div style=\"clear: both; text-align: justify;\"><\/div>\n<div style=\"clear: both; text-align: center;\"><a href=\"https:\/\/dialogosinternacionais.com.br\/wp-content\/uploads\/2020\/12\/Graf-2B2-1.png\" style=\"margin-left: 1em; margin-right: 1em;\"><img decoding=\"async\" border=\"0\" data-original-height=\"426\" data-original-width=\"710\" height=\"240\" src=\"https:\/\/dialogosinternacionais.com.br\/wp-content\/uploads\/2020\/12\/Graf-2B2-1-300x180.png\" width=\"400\" \/><\/a><\/div>\n<p><\/p>\n<div style=\"clear: both; text-align: justify;\"><\/div>\n<div style=\"clear: both; text-align: justify;\"><\/div>\n<div style=\"clear: both; text-align: justify;\"><\/div>\n<div style=\"clear: both; text-align: justify;\">A partir disso, o Censo Demogr\u00e1fico passa a ser principal fonte para analisar a popula\u00e7\u00e3o s\u00edria e libanesa no Brasil. Na tabela abaixo, podemos ver o n\u00famero desses imigrantes no pa\u00eds de acordo com o Censo Demogr\u00e1fico, essa tabela&nbsp; mostra uma estabilidade na incid\u00eancia da popula\u00e7\u00e3o s\u00edrio-libanesa no pa\u00eds entre as d\u00e9cadas de 40 e 50 mas que o decl\u00ednio \u00e9 not\u00f3rio e quantific\u00e1vel, marcando no censo de 1991 apenas 13709 pessoas dessas nacionalidades. [2]<\/div>\n<div style=\"clear: both; text-align: justify;\"><\/div>\n<div style=\"clear: both; text-align: center;\"><a href=\"https:\/\/dialogosinternacionais.com.br\/wp-content\/uploads\/2020\/12\/Tab-2B1-2.png\" style=\"margin-left: 1em; margin-right: 1em;\"><img decoding=\"async\" border=\"0\" data-original-height=\"342\" data-original-width=\"736\" height=\"186\" src=\"https:\/\/dialogosinternacionais.com.br\/wp-content\/uploads\/2020\/12\/Tab-2B1-2-300x139.png\" width=\"400\" \/><\/a><\/div>\n<div style=\"clear: both; text-align: justify;\"><\/div>\n<div style=\"clear: both; text-align: justify;\"><\/div>\n<div style=\"clear: both; text-align: justify;\">Para ter acesso aos n\u00fameros mais recentes da migra\u00e7\u00e3o s\u00edrio e libanesa a partir dos anos 2000, foi utilizado o Sistema Nacional de Cadastro e Registro de Estrangeiros (SINCRE) e o OBMigra, de acordo com essas fontes, o n\u00famero de entradas anual de imigrantes de origem \u00e1rabe, n\u00e3o passava de 500 e sempre registrando um maior n\u00famero de libaneses do que de s\u00edrios, o que logo mudou a partir de 2011, que analisando o contexto hist\u00f3rico, \u00e9 poss\u00edvel dizer que houve um aumento da di\u00e1spora s\u00edria devido \u00e0 guerra civil [3] que a S\u00edria vive.<\/div>\n<div style=\"clear: both; text-align: justify;\"><\/div>\n<div style=\"clear: both; text-align: justify;\"><\/div>\n<div style=\"clear: both; text-align: justify;\"><b>4 &#8211; Segundo G\u00eanero<\/b><\/div>\n<div style=\"clear: both; text-align: justify;\"><\/div>\n<div style=\"clear: both; text-align: justify;\">De acordo com Knowlton (1961, p. 50), compreender as rela\u00e7\u00f5es de g\u00eanero \u00e9 importante pois, al\u00e9m de influenciar em diversos \u00edndices demogr\u00e1ficos como casamento, nascimento e \u00f3bito, as rela\u00e7\u00f5es sociais e econ\u00f4micas dependem do equil\u00edbrio entre os sexos. Com isso em mente e contando com as irregularidades estat\u00edsticas dos anu\u00e1rios que, apesar de serem mais espec\u00edficos ap\u00f3s 1935, em algumas edi\u00e7\u00f5es escolheram poucas nacionalidades para registro e detalhamento, pode-se perceber que tanto na imigra\u00e7\u00e3o s\u00edrio libanesa tradicional quanto na recente o fluxo foi majoritariamente masculino, como podemos ver nos gr\u00e1ficos abaixo:<\/div>\n<div style=\"clear: both; text-align: justify;\"><\/div>\n<div style=\"clear: both; text-align: center;\"><a href=\"https:\/\/dialogosinternacionais.com.br\/wp-content\/uploads\/2020\/12\/Graf-2B3-2.png\" style=\"margin-left: 1em; margin-right: 1em;\"><img loading=\"lazy\" decoding=\"async\" border=\"0\" data-original-height=\"472\" data-original-width=\"696\" height=\"271\" src=\"https:\/\/dialogosinternacionais.com.br\/wp-content\/uploads\/2020\/12\/Graf-2B3-2-300x203.png\" width=\"400\" \/><\/a><\/div>\n<p><\/p>\n<div style=\"clear: both; text-align: center;\"><a href=\"https:\/\/dialogosinternacionais.com.br\/wp-content\/uploads\/2020\/12\/Graf-2B4-2.png\" style=\"margin-left: 1em; margin-right: 1em;\"><img loading=\"lazy\" decoding=\"async\" border=\"0\" data-original-height=\"437\" data-original-width=\"668\" height=\"261\" src=\"https:\/\/dialogosinternacionais.com.br\/wp-content\/uploads\/2020\/12\/Graf-2B4-2-300x196.png\" width=\"400\" \/><\/a><\/div>\n<p><\/p>\n<div style=\"clear: both; text-align: justify;\"><\/div>\n<div style=\"clear: both; text-align: justify;\"><\/div>\n<div style=\"clear: both; text-align: justify;\">A diferen\u00e7a entre g\u00eaneros \u00e9 t\u00e3o forte que, apenas nos anos de 2009 e 2010 registrou-se mais pessoas do g\u00eanero feminino do que masculino e esta informa\u00e7\u00e3o reflete diretamente na porcentagem, nos gr\u00e1ficos abaixo \u00e9 poss\u00edvel identificar que h\u00e1 um alto \u00edndice de masculinidade, que \u00e9 o n\u00famero de homens para cada 100 mulheres (KNOWLTON, 1961, p. 50). Portanto, popula\u00e7\u00e3o masculina representa mais do que a metade do total nas duas nacionalidades.<\/div>\n<div style=\"clear: both; text-align: justify;\"><\/div>\n<div style=\"clear: both; text-align: justify;\">Um outro ponto em destaque \u00e9 que a entrada de S\u00edrios no Brasil diminui bastante no per\u00edodo compreendido entre 1940 e 2000, crescendo exponencialmente a partir da\u00ed.<\/div>\n<div style=\"clear: both; text-align: justify;\"><\/div>\n<div style=\"clear: both; text-align: center;\"><a href=\"https:\/\/dialogosinternacionais.com.br\/wp-content\/uploads\/2020\/12\/Graf-2B5-2.png\" style=\"margin-left: 1em; margin-right: 1em;\"><img decoding=\"async\" border=\"0\" data-original-height=\"412\" data-original-width=\"564\" src=\"https:\/\/dialogosinternacionais.com.br\/wp-content\/uploads\/2020\/12\/Graf-2B5-2-300x219.png\" width=\"320\" \/><\/a><\/div>\n<p><\/p>\n<div style=\"clear: both; text-align: center;\"><a href=\"https:\/\/dialogosinternacionais.com.br\/wp-content\/uploads\/2020\/12\/Graf-2B6-2.png\" style=\"margin-left: 1em; margin-right: 1em;\"><img loading=\"lazy\" decoding=\"async\" border=\"0\" data-original-height=\"416\" data-original-width=\"640\" height=\"260\" src=\"https:\/\/dialogosinternacionais.com.br\/wp-content\/uploads\/2020\/12\/Graf-2B6-2-300x195.png\" width=\"400\" \/><\/a><\/div>\n<p><\/p>\n<div style=\"clear: both; text-align: justify;\"><\/div>\n<div style=\"clear: both; text-align: justify;\"><\/div>\n<div style=\"clear: both; text-align: justify;\">Os censos demogr\u00e1ficos, a partir da d\u00e9cada de 40, n\u00e3o revelam uma contraposi\u00e7\u00e3o mas sim a confirma\u00e7\u00e3o de que o fluxo de imigrantes s\u00edrio &#8211; liban\u00eas, do sexo masculino, para o Brasil foi e \u00e9 majorit\u00e1rio (ver gr\u00e1ficos abaixo).<\/div>\n<div style=\"clear: both; text-align: justify;\"><\/div>\n<div style=\"clear: both; text-align: center;\"><a href=\"https:\/\/dialogosinternacionais.com.br\/wp-content\/uploads\/2020\/12\/Graf-2B7-2.png\" style=\"margin-left: 1em; margin-right: 1em;\"><img loading=\"lazy\" decoding=\"async\" border=\"0\" data-original-height=\"425\" data-original-width=\"714\" height=\"239\" src=\"https:\/\/dialogosinternacionais.com.br\/wp-content\/uploads\/2020\/12\/Graf-2B7-2-300x179.png\" width=\"400\" \/><\/a><\/div>\n<p><\/p>\n<div style=\"clear: both; text-align: center;\"><a href=\"https:\/\/dialogosinternacionais.com.br\/wp-content\/uploads\/2020\/12\/Graf-2B8-2.png\" style=\"margin-left: 1em; margin-right: 1em;\"><img loading=\"lazy\" decoding=\"async\" border=\"0\" data-original-height=\"401\" data-original-width=\"769\" height=\"209\" src=\"https:\/\/dialogosinternacionais.com.br\/wp-content\/uploads\/2020\/12\/Graf-2B8-2-300x156.png\" width=\"400\" \/><\/a><\/div>\n<p><\/p>\n<div style=\"clear: both; text-align: center;\"><a href=\"https:\/\/dialogosinternacionais.com.br\/wp-content\/uploads\/2020\/12\/Graf-2B9-2.png\" style=\"margin-left: 1em; margin-right: 1em;\"><img loading=\"lazy\" decoding=\"async\" border=\"0\" data-original-height=\"412\" data-original-width=\"742\" height=\"223\" src=\"https:\/\/dialogosinternacionais.com.br\/wp-content\/uploads\/2020\/12\/Graf-2B9-2-300x167.png\" width=\"400\" \/><\/a><\/div>\n<p><\/p>\n<div style=\"clear: both; text-align: justify;\"><\/div>\n<div style=\"clear: both; text-align: justify;\"><\/div>\n<div style=\"clear: both; text-align: justify;\"><\/div>\n<div style=\"clear: both; text-align: justify;\"><b>5 &#8211; Segundo o estado civil<\/b><\/div>\n<div style=\"clear: both; text-align: justify;\"><\/div>\n<div style=\"clear: both; text-align: justify;\">A categoriza\u00e7\u00e3o do estado civil&nbsp; atualmente \u00e9 de solteiro, casado, vi\u00favo, divorciado e \u201cn\u00e3o declarado\u201d, entretanto, nem sempre foi assim e as categorias que merecem destaque s\u00e3o a solteiro e casado. A soma dessas duas categorias comp\u00f5e mais de 10 vezes a soma das outras categorias. Apesar dos libaneses terem a restri\u00e7\u00e3o de dados de 1935 &#8211; 1963 e os s\u00edrios apresentarem, tamb\u00e9m, uma falta de dados entre 1960 a 2010, h\u00e1 registro de 2011 a 2017, nos gr\u00e1ficos abaixo, podemos ver a porcentagem:<\/div>\n<div style=\"clear: both; text-align: justify;\"><\/div>\n<div style=\"clear: both; text-align: center;\"><a href=\"https:\/\/dialogosinternacionais.com.br\/wp-content\/uploads\/2020\/12\/graf-2B10-2.png\" style=\"margin-left: 1em; margin-right: 1em;\"><img loading=\"lazy\" decoding=\"async\" border=\"0\" data-original-height=\"384\" data-original-width=\"645\" height=\"239\" src=\"https:\/\/dialogosinternacionais.com.br\/wp-content\/uploads\/2020\/12\/graf-2B10-2-300x179.png\" width=\"400\" \/><\/a><\/div>\n<p><\/p>\n<div style=\"clear: both; text-align: center;\"><a href=\"https:\/\/dialogosinternacionais.com.br\/wp-content\/uploads\/2020\/12\/graf-2B11-2.png\" style=\"margin-left: 1em; margin-right: 1em;\"><img loading=\"lazy\" decoding=\"async\" border=\"0\" data-original-height=\"368\" data-original-width=\"648\" height=\"228\" src=\"https:\/\/dialogosinternacionais.com.br\/wp-content\/uploads\/2020\/12\/graf-2B11-2-300x170.png\" width=\"400\" \/><\/a><\/div>\n<p><\/p>\n<div style=\"clear: both; text-align: justify;\"><\/div>\n<div style=\"clear: both; text-align: justify;\"><\/div>\n<div style=\"clear: both; text-align: justify;\"><\/div>\n<div style=\"clear: both; text-align: justify;\">A an\u00e1lise desses fluxos apresenta que, o \u00edndice \u00e9 predominantemente solteiro, a n\u00e3o ser pelos s\u00edrios nos anos de 1945 , 2011 e 2013.&nbsp; Vale acrescentar que o fluxo de pessoas casadas entre os s\u00edrios tem gradualmente aumentado ao longo das d\u00e9cadas, enquanto os libaneses apresentam uma flutua\u00e7\u00e3o nos n\u00fameros, ora aumentando, ora diminuindo.<\/div>\n<div style=\"clear: both; text-align: justify;\"><\/div>\n<div style=\"clear: both; text-align: center;\"><a href=\"https:\/\/dialogosinternacionais.com.br\/wp-content\/uploads\/2020\/12\/graf-2B12-2.png\" style=\"margin-left: 1em; margin-right: 1em;\"><img loading=\"lazy\" decoding=\"async\" border=\"0\" data-original-height=\"455\" data-original-width=\"664\" height=\"274\" src=\"https:\/\/dialogosinternacionais.com.br\/wp-content\/uploads\/2020\/12\/graf-2B12-2-300x206.png\" width=\"400\" \/><\/a><\/div>\n<p><\/p>\n<div style=\"clear: both; text-align: center;\"><a href=\"https:\/\/dialogosinternacionais.com.br\/wp-content\/uploads\/2020\/12\/graf-2B13-2.png\" style=\"margin-left: 1em; margin-right: 1em;\"><img loading=\"lazy\" decoding=\"async\" border=\"0\" data-original-height=\"456\" data-original-width=\"727\" height=\"251\" src=\"https:\/\/dialogosinternacionais.com.br\/wp-content\/uploads\/2020\/12\/graf-2B13-2-300x188.png\" width=\"400\" \/><\/a><\/div>\n<p><\/p>\n<div style=\"clear: both; text-align: justify;\"><\/div>\n<div style=\"clear: both; text-align: justify;\"><\/div>\n<div style=\"clear: both; text-align: justify;\">Quando tratamos do estado civil, \u00e9 relevante destacar que o registro de divorciados passou a ser feito apenas a partir do ano de 1949, ou seja, 14 anos ap\u00f3s do in\u00edcio de registros mais espec\u00edficos que foi a partir do ano de 1935. Apesar disso, o n\u00famero de divorciados \u00e9 baixo, o \u00fanico ano que passou de 10 foi em 1949 com 34 registros.<\/div>\n<div style=\"clear: both; text-align: justify;\"><\/div>\n<div style=\"clear: both; text-align: justify;\"><b>6 &#8211; Segundo a idade&nbsp;<\/b><\/div>\n<div style=\"clear: both; text-align: justify;\"><\/div>\n<div style=\"clear: both; text-align: justify;\">Nos t\u00f3picos anteriores percebemos que as estat\u00edsticas apresentaram problemas devido a irregularidade dos dados, por\u00e9m, a representa\u00e7\u00e3o por idade apresenta, tamb\u00e9m, mudan\u00e7as na categoriza\u00e7\u00e3o. Essas mudan\u00e7as ocorreram diversas vezes em curtos per\u00edodos de tempo, o que torna mais complexa e dif\u00edcil a an\u00e1lise.<\/div>\n<div style=\"clear: both; text-align: justify;\"><\/div>\n<div style=\"clear: both; text-align: justify;\">Ressaltando que as nacionalidades s\u00edria e libanesa entravam na categoria de turcos, quando falamos de porcentagem derivadas do fluxo no Porto de Santos, entre os turcos-\u00e1rabes, 82,7% dos imigrantes estavam na categoria de 13 anos ou mais, 9,9% entre as idades de 0 a 6 anos e 7,4% na categoria de 7 a 12 anos\u201d (KNOWLTON, 1961, p. 56), como podemos ver no gr\u00e1fico abaixo:<\/div>\n<div style=\"clear: both; text-align: justify;\"><\/div>\n<div style=\"clear: both; text-align: center;\"><a href=\"https:\/\/dialogosinternacionais.com.br\/wp-content\/uploads\/2020\/12\/Graf-2B14-2.png\" style=\"margin-left: 1em; margin-right: 1em;\"><img loading=\"lazy\" decoding=\"async\" border=\"0\" data-original-height=\"450\" data-original-width=\"822\" height=\"219\" src=\"https:\/\/dialogosinternacionais.com.br\/wp-content\/uploads\/2020\/12\/Graf-2B14-2-300x164.png\" width=\"400\" \/><\/a><\/div>\n<p><\/p>\n<div style=\"clear: both; text-align: justify;\"><\/div>\n<div style=\"clear: both; text-align: justify;\"><\/div>\n<div style=\"clear: both; text-align: justify;\">No ano de 1936 temos o in\u00edcio da classifica\u00e7\u00e3o dos imigrantes por idade em n\u00edvel nacional, e o que percebi \u00e9 uma grande incid\u00eancia de pessoas maiores de 14 anos e no ano seguinte, devido a mudan\u00e7a de categorias, a partir de 12 anos, assim como em 1939. A partir de 1945 as categorias se mantiveram fixas at\u00e9 1963 (\u00faltimo ano dessa amostragem pelos anu\u00e1rios). A partir de 1964 at\u00e9 anos recentes n\u00e3o houve dados para analisar a n\u00e3o ser pelos s\u00edrios de 2011 a 2017. Pode-se identificar no gr\u00e1fico abaixo que a categoria de 20 a 35 anos corresponde a 51% dos imigrantes que entraram no Brasil durante esse per\u00edodo, ou seja, \u00e9 mais da metade do que todas as outras categorias juntas.&nbsp;<\/div>\n<div style=\"clear: both; text-align: justify;\"><\/div>\n<div style=\"clear: both; text-align: center;\"><a href=\"https:\/\/dialogosinternacionais.com.br\/wp-content\/uploads\/2020\/12\/graf-2B15-2.png\" style=\"margin-left: 1em; margin-right: 1em;\"><img loading=\"lazy\" decoding=\"async\" border=\"0\" data-original-height=\"444\" data-original-width=\"586\" height=\"303\" src=\"https:\/\/dialogosinternacionais.com.br\/wp-content\/uploads\/2020\/12\/graf-2B15-2-300x227.png\" width=\"400\" \/><\/a><\/div>\n<p><\/p>\n<div style=\"clear: both; text-align: justify;\"><\/div>\n<div style=\"clear: both; text-align: justify;\"><\/div>\n<div style=\"clear: both; text-align: justify;\"><\/div>\n<div style=\"clear: both; text-align: justify;\"><b>7 &#8211; Segundo a religi\u00e3o<\/b><\/div>\n<div style=\"clear: both; text-align: justify;\">&nbsp;<\/div>\n<div style=\"clear: both; text-align: justify;\">At\u00e9 agora, os dados existentes sobre a quest\u00e3o religiosa, s\u00e3o extremamente limitados ao ponto de s\u00f3 obter os referentes ao porto de Santos&nbsp; entre 1908 a junho de 1941 (KNOWLTON, 1961, p. 58). Esses dados nos mostram que a maioria dos imigrantes neste per\u00edodo era 54,6% cat\u00f3licos e 45,4% de n\u00e3o cat\u00f3licos. Contudo, sabe-se de antem\u00e3o que uma diferen\u00e7a entre a imigra\u00e7\u00e3o recente e a tradicional \u00e9 que a recente \u00e9 composta predominantemente por mu\u00e7ulmanos (SILVA, 2018)&nbsp; enquanto a tradicional, por cat\u00f3licos.<\/div>\n<div style=\"clear: both; text-align: justify;\"><\/div>\n<div style=\"clear: both; text-align: center;\"><a href=\"https:\/\/dialogosinternacionais.com.br\/wp-content\/uploads\/2020\/12\/Tab-2B2-2.png\" style=\"margin-left: 1em; margin-right: 1em;\"><img loading=\"lazy\" decoding=\"async\" border=\"0\" data-original-height=\"235\" data-original-width=\"745\" height=\"126\" src=\"https:\/\/dialogosinternacionais.com.br\/wp-content\/uploads\/2020\/12\/Tab-2B2-2-300x95.png\" width=\"400\" \/><\/a><\/div>\n<p><\/p>\n<div style=\"clear: both; text-align: justify;\"><\/div>\n<div style=\"clear: both; text-align: justify;\"><\/div>\n<div style=\"clear: both; text-align: justify;\"><\/div>\n<div style=\"clear: both; text-align: justify;\"><b>Considera\u00e7\u00f5es Finais<\/b><\/div>\n<div style=\"clear: both; text-align: justify;\"><\/div>\n<div style=\"clear: both; text-align: justify;\">Neste trabalho analisamos os dados estat\u00edsticos sobre a imigra\u00e7\u00e3o s\u00edrio-libanesa para o Brasil e vimos que apresenta um perfil masculino, jovens com idades entre 12-59 anos, com o estado civil, majoritariamente, de solteiros seguido de casados que na imigra\u00e7\u00e3o tradicional eram crist\u00e3os, mas na imigra\u00e7\u00e3o contempor\u00e2nea s\u00e3o n\u00e3o-crist\u00e3os. Este trabalho, portanto, ampliou a compreens\u00e3o sobre esse fluxo imigrat\u00f3rio a partir da constru\u00e7\u00e3o de uma s\u00e9rie hist\u00f3rica que \u00e9 deficiente devido \u00e0s lacunas nas fontes estat\u00edsticas&nbsp; brasileiras sobre imigra\u00e7\u00e3o.<\/div>\n<div style=\"clear: both; text-align: justify;\"><\/div>\n<div style=\"clear: both; text-align: justify;\">Pudemos observar que os m\u00e9todos quantitativos e especialmente o uso de estat\u00edsticas s\u00e3o extremamente vantajosos para o estudo das migra\u00e7\u00f5es, contudo \u00e9 preciso um controle permanente e uma an\u00e1lise cr\u00edtica das fontes para n\u00e3o somar dados que se referem a coisas diferentes.&nbsp; O artigo aponta, portanto, para as in\u00fameras possibilidades do uso dos dados quantitativos nos estudos migrat\u00f3rios e ressalta a possibilidade de novas descobertas e infer\u00eancias a partir da coleta e tratamento dos dados j\u00e1 existentes em arquivos, censos e outras fontes.<\/div>\n<div style=\"clear: both; text-align: justify;\"><\/div>\n<div style=\"clear: both; text-align: justify;\"><\/div>\n<div style=\"clear: both; text-align: justify;\"><b>Refer\u00eancias<\/b><\/div>\n<div style=\"clear: both; text-align: justify;\"><\/div>\n<div style=\"clear: both; text-align: justify;\">BRASIL,&nbsp; Emmanuel. N. <i>Migra\u00e7\u00e3o S\u00edria Contempor\u00e2nea:<\/i> Da partida a (Re)Inser\u00e7\u00e3o. Trabalho de conclus\u00e3o de curso (bacharel em sociologia) &#8211; Universidade de Bras\u00edlia, Bras\u00edlia. 2017. 84p.<\/p>\n<\/div>\n<div style=\"clear: both; text-align: justify;\">CANO, Ignacio. Nas trincheiras do m\u00e9todo: o ensino da metodologia das ci\u00eancias sociais no Brasil. <i>Sociologias [online].<\/i> 2012, vol.14, n.31, pp.94-119. ISSN 1517-4522.&nbsp; https:\/\/doi.org\/10.1590\/S1517-45222012000300005.<\/div>\n<div style=\"clear: both; text-align: justify;\">FALC\u00c3O, Jorge Tarc\u00edsio da Rocha; R\u00c9GNIER, Jean-Claude. Sobre os m\u00e9todos quantitativos na pesquisa em ci\u00eancias humanas: riscos e benef\u00edcios para o pesquisador. <i>Revista Brasileira de Estudos Pedag\u00f3gicos<\/i>. Bras\u00edlia : MEC\/INEP, v. 81, n. 198, p. 229-243, mai.\/ago. 2000.<\/div>\n<div style=\"clear: both; text-align: justify;\">INSTITUTO BRASILEIRO DE GEOGRAFIA E ESTAT\u00cdSTICA. Anu\u00e1rio estat\u00edstico do Brasil,1908\/12. Rio de Janeiro: IBGE, vl 1.<\/div>\n<div style=\"clear: both; text-align: justify;\">INSTITUTO BRASILEIRO DE GEOGRAFIA E ESTAT\u00cdSTICA. Anu\u00e1rio estat\u00edstico do Brasil,1937. Rio de Janeiro: IBGE, 1937.<\/div>\n<div style=\"clear: both; text-align: justify;\">INSTITUTO BRASILEIRO DE GEOGRAFIA E ESTAT\u00cdSTICA. Anu\u00e1rio estat\u00edstico do Brasil,1938. Rio de Janeiro: IBGE, 1938.<\/div>\n<div style=\"clear: both; text-align: justify;\">INSTITUTO BRASILEIRO DE GEOGRAFIA E ESTAT\u00cdSTICA. Anu\u00e1rio estat\u00edstico do Brasil,1939\/40. Rio de Janeiro: IBGE, 1940.<\/div>\n<div style=\"clear: both; text-align: justify;\">INSTITUTO BRASILEIRO DE GEOGRAFIA E ESTAT\u00cdSTICA. Anu\u00e1rio estat\u00edstico do Brasil,1941\/45. Rio de Janeiro: IBGE, 1945.<\/div>\n<div style=\"clear: both; text-align: justify;\">INSTITUTO BRASILEIRO DE GEOGRAFIA E ESTAT\u00cdSTICA. Anu\u00e1rio estat\u00edstico do Brasil,1946. Rio de Janeiro: IBGE, 1946.<\/div>\n<div style=\"clear: both; text-align: justify;\">INSTITUTO BRASILEIRO DE GEOGRAFIA E ESTAT\u00cdSTICA. Anu\u00e1rio estat\u00edstico do Brasil,1947. Rio de Janeiro: IBGE, 1947.<\/div>\n<div style=\"clear: both; text-align: justify;\">INSTITUTO BRASILEIRO DE GEOGRAFIA E ESTAT\u00cdSTICA.Anu\u00e1rio estat\u00edstico do Brasil,1948. Rio de Janeiro: IBGE, 1948.<\/div>\n<div style=\"clear: both; text-align: justify;\">INSTITUTO BRASILEIRO DE GEOGRAFIA E ESTAT\u00cdSTICA. Anu\u00e1rio estat\u00edstico do Brasil,1949. Rio de Janeiro: IBGE, 1949.<\/div>\n<div style=\"clear: both; text-align: justify;\">INSTITUTO BRASILEIRO DE GEOGRAFIA E ESTAT\u00cdSTICA. Anu\u00e1rio estat\u00edstico do Brasil,1950. Rio de Janeiro: IBGE, 1950.<\/div>\n<div style=\"clear: both; text-align: justify;\">INSTITUTO BRASILEIRO DE GEOGRAFIA E ESTAT\u00cdSTICA. Anu\u00e1rio estat\u00edstico do Brasil,1951. Rio de Janeiro: IBGE, 1951.<\/div>\n<div style=\"clear: both; text-align: justify;\">INSTITUTO BRASILEIRO DE GEOGRAFIA E ESTAT\u00cdSTICA. Anu\u00e1rio estat\u00edstico do Brasil,1952. Rio de Janeiro: IBGE, 1952.&nbsp;<\/div>\n<div style=\"clear: both; text-align: justify;\">INSTITUTO BRASILEIRO DE GEOGRAFIA E ESTAT\u00cdSTICA. Anu\u00e1rio estat\u00edstico do Brasil,1953. Rio de Janeiro: IBGE, 1953.&nbsp;<\/div>\n<div style=\"clear: both; text-align: justify;\">INSTITUTO BRASILEIRO DE GEOGRAFIA E ESTAT\u00cdSTICA. Anu\u00e1rio estat\u00edstico do Brasil,1955. Rio de Janeiro: IBGE, 1955.<\/div>\n<div style=\"clear: both; text-align: justify;\">INSTITUTO BRASILEIRO DE GEOGRAFIA E ESTAT\u00cdSTICA. Anu\u00e1rio estat\u00edstico do Brasil,1956. Rio de Janeiro: IBGE, 1956.&nbsp;&nbsp;<\/div>\n<div style=\"clear: both; text-align: justify;\">INSTITUTO BRASILEIRO DE GEOGRAFIA E ESTAT\u00cdSTICA. Anu\u00e1rio estat\u00edstico do Brasil,1957. Rio de Janeiro: IBGE, 1957.&nbsp;<\/div>\n<div style=\"clear: both; text-align: justify;\">INSTITUTO BRASILEIRO DE GEOGRAFIA E ESTAT\u00cdSTICA. Anu\u00e1rio estat\u00edstico do Brasil,1958. Rio de Janeiro: IBGE, 1958.&nbsp;<\/div>\n<div style=\"clear: both; text-align: justify;\">INSTITUTO BRASILEIRO DE GEOGRAFIA E ESTAT\u00cdSTICA. Anu\u00e1rio estat\u00edstico do Brasil,1959. Rio de Janeiro: IBGE, 1959.&nbsp;<\/div>\n<div style=\"clear: both; text-align: justify;\">INSTITUTO BRASILEIRO DE GEOGRAFIA E ESTAT\u00cdSTICA. Anu\u00e1rio estat\u00edstico do Brasil,1960. Rio de Janeiro: IBGE, 1960.&nbsp;<\/div>\n<div style=\"clear: both; text-align: justify;\">INSTITUTO BRASILEIRO DE GEOGRAFIA E ESTAT\u00cdSTICA. Anu\u00e1rio estat\u00edstico do Brasil,1961. Rio de Janeiro: IBGE, 1961.&nbsp;<\/div>\n<div style=\"clear: both; text-align: justify;\">INSTITUTO BRASILEIRO DE GEOGRAFIA E ESTAT\u00cdSTICA. Anu\u00e1rio estat\u00edstico do Brasil,1962. Rio de Janeiro: IBGE, 1962.<\/div>\n<div style=\"clear: both; text-align: justify;\">INSTITUTO BRASILEIRO DE GEOGRAFIA E ESTAT\u00cdSTICA. Anu\u00e1rio estat\u00edstico do Brasil,1963. Rio de Janeiro: IBGE, 1963.<\/div>\n<div style=\"clear: both; text-align: justify;\">INSTITUTO BRASILEIRO DE GEOGRAFIA E ESTAT\u00cdSTICA. Anu\u00e1rio estat\u00edstico do Brasil,1964. Rio de Janeiro: IBGE, 1964<\/div>\n<div style=\"clear: both; text-align: justify;\">INSTITUTO BRASILEIRO DE GEOGRAFIA E ESTAT\u00cdSTICA. Anu\u00e1rio estat\u00edstico do Brasil,1965. Rio de Janeiro: IBGE, 1965.<\/div>\n<div style=\"clear: both; text-align: justify;\">INSTITUTO BRASILEIRO DE GEOGRAFIA E ESTAT\u00cdSTICA. Anu\u00e1rio estat\u00edstico do Brasil,1966. Rio de Janeiro: IBGE, 1966.<\/div>\n<div style=\"clear: both; text-align: justify;\">INSTITUTO BRASILEIRO DE GEOGRAFIA E ESTAT\u00cdSTICA. Anu\u00e1rio estat\u00edstico do Brasil,1967. Rio de Janeiro: IBGE, 1967.<\/div>\n<div style=\"clear: both; text-align: justify;\">INSTITUTO BRASILEIRO DE GEOGRAFIA E ESTAT\u00cdSTICA. Anu\u00e1rio estat\u00edstico do Brasil,1968. Rio de Janeiro: IBGE, 1968.<\/div>\n<div style=\"clear: both; text-align: justify;\">INSTITUTO BRASILEIRO DE GEOGRAFIA E ESTAT\u00cdSTICA. Anu\u00e1rio estat\u00edstico do Brasil,1969. Rio de Janeiro: IBGE, 1969.<\/div>\n<div style=\"clear: both; text-align: justify;\">INSTITUTO BRASILEIRO DE GEOGRAFIA E ESTAT\u00cdSTICA. Anu\u00e1rio estat\u00edstico do Brasil,1971. Rio de Janeiro: IBGE, 1971.<\/div>\n<div style=\"clear: both; text-align: justify;\">INSTITUTO BRASILEIRO DE GEOGRAFIA E ESTAT\u00cdSTICA. Anu\u00e1rio estat\u00edstico do Brasil,1972. Rio de Janeiro: IBGE, 1972.&nbsp;<\/div>\n<div style=\"clear: both; text-align: justify;\">INSTITUTO BRASILEIRO DE GEOGRAFIA E ESTAT\u00cdSTICA. Anu\u00e1rio estat\u00edstico do Brasil,1973. Rio de Janeiro: IBGE, 1973.&nbsp;<\/div>\n<div style=\"clear: both; text-align: justify;\">INSTITUTO BRASILEIRO DE GEOGRAFIA E ESTAT\u00cdSTICA. Anu\u00e1rio estat\u00edstico do Brasil,1974. Rio de Janeiro: IBGE, 1974.&nbsp; &nbsp; &nbsp; &nbsp;.&nbsp;&nbsp;<\/div>\n<div style=\"clear: both; text-align: justify;\">INSTITUTO BRASILEIRO DE GEOGRAFIA E ESTAT\u00cdSTICA. Anu\u00e1rio estat\u00edstico do Brasil,1975. Rio de Janeiro: IBGE, 1975.&nbsp;<\/div>\n<div style=\"clear: both; text-align: justify;\">KNOWLTON, Clark S. S<i>\u00edrios e libaneses: mobilidade social e espacial.<\/i> S\u00e3o Paulo, Anhambi, 1960.<\/div>\n<div style=\"clear: both; text-align: justify;\">LIMA, Jo\u00e3o. B. B. et al. R<i>ef\u00fagio no Brasil: caracteriza\u00e7\u00e3o dos perfis sociodemogr\u00e1ficos dos refugiados (1998-2014).<\/i> Bras\u00edlia : Ipea, 2017.<\/div>\n<div style=\"clear: both; text-align: justify;\">MOTT, Maria. L. I<i>migra\u00e7\u00e3o \u00c1rabe: um certo oriente no Brasil. In: Brasil: 500 anos de povoamento.<\/i> Centro de Documenta\u00e7\u00e3o e Dissemina\u00e7\u00e3o de Informa\u00e7\u00f5es. &#8211; Rio de Janeiro : IBGE, 2007.<\/div>\n<div style=\"clear: both; text-align: justify;\">OLIVEIRA, A. T. et. al. O Sistema Nacional de Registro de Estrangeiros (SINCRE) e a Migra\u00e7\u00e3o Regular no Pa\u00eds. In: CAVALCANTI, Leonardo; OLIVEIRA, Ant\u00f4nio Tadeu; TONHATI, T\u00e2nia; DUTRA, Delia (Orgs.). <i>A inser\u00e7\u00e3o dos imigrantes no mercado de trabalho brasileiro. Relat\u00f3rio Anual<\/i> 2015. Observat\u00f3rio das Migra\u00e7\u00f5es Internacionais; Minist\u00e9rio do Trabalho e Emprego\/ Conselho Nacional de Imigra\u00e7\u00e3o e Coordena\u00e7\u00e3o Geral de Imigra\u00e7\u00e3o. Bras\u00edlia, DF: OBMigra, 2015.<\/div>\n<div style=\"clear: both; text-align: justify;\">SILVA, Alinne F. da. O acolhimento de migrantes s\u00edrios pela Igreja Cat\u00f3lica no Rio de Janeiro. <i>Espa\u00e7os revista de Teologia e cultura,<\/i> S\u00e3o Paulo, v. 26, n. 2, p. 325-332.<\/div>\n<div style=\"clear: both; text-align: justify;\">Fevereiro\/2018.<\/div>\n<div style=\"clear: both; text-align: justify;\">TRUZZI, Oswaldo. <i>S\u00edrios e libaneses: narrativas de hist\u00f3ria e cultura<\/i>. S\u00e3o Paulo: Companhia Editora Nacional, 2005<\/div>\n<div style=\"clear: both; text-align: justify;\"><\/div>\n<div style=\"clear: both; text-align: justify;\">***<\/p>\n<\/div>\n<div style=\"clear: both; text-align: justify;\">[1]&nbsp;&nbsp; Agradecemos ao CNPq pelas bolsas que nos permitiram realizar esse trabalho e ao N\u00facleo Interdisciplinar de Estudos Migrat\u00f3rios &#8211; NIEM pelo est\u00edmulo, troca de opini\u00f5es e informa\u00e7\u00f5es, cr\u00edticas qualificadas e sobretudo pelo acolhimento durante a realiza\u00e7\u00e3o da pesquisa.<\/div>\n<\/div>\n<p style=\"text-align: left;\"><span style=\"text-align: justify;\">[2]&nbsp;<\/span>Refere-se aos imigrantes da S\u00edria, L\u00edbano, Palestina, Iraque e Ar\u00e1bia.<\/p>\n<p style=\"text-align: left;\">[3] Resultado da repress\u00e3o do governo s\u00edrio aos protestos populares durante a Primavera \u00c1rabe.<\/p>\n<p style=\"text-align: left;\">***<\/p>\n<div style=\"clear: both;\">\n<div style=\"clear: both; text-align: justify;\"><i>Isabella Ferreira da Silva&nbsp;<\/i>\u00e9 graduanda de licenciatura em Geografia pela Universidade Federal Rural do Rio de Janeiro e bolsista de Inicia\u00e7\u00e3o Cient\u00edfica do CNPq.<\/div>\n<\/div>\n<p><span style=\"text-align: justify;\"><i>Miriam de Oliveira Santos<\/i>&nbsp;\u00e9 p<\/span><span style=\"text-align: justify;\">rofessora Associada da Universidade Federal Rural do Rio de Janeiro, Vice-coordenadora do N\u00facleo Interdisciplinar de Estudos Migrat\u00f3rios e&nbsp; investigadora colaboradora no CinTurs &#8211; Research Centre for Tourism, Sustainability and Well-being da Universidade do Algarve.<\/span><\/p>\n<p><span style=\"text-align: justify;\"><br \/><\/span><\/p>\n<p><span style=\"text-align: justify;\">Como citar: SILVA,&nbsp;<\/span><span style=\"text-align: right;\">Isabella Ferreira; SANTOS,&nbsp;<\/span><span style=\"text-align: justify;\">Miriam de Oliveira.<\/span>&nbsp;M\u00e9todos Quantitativos e estudos de imigra\u00e7\u00e3o: breve an\u00e1lise das estat\u00edsticas da imigra\u00e7\u00e3o s\u00edria e libanesa. <b>Di\u00e1logos Internacionais,<\/b> vol.7, n.78, dez. 2020. Dispon\u00edvel em: http:\/\/www.dialogosinternacionais.com.br\/2020\/12\/metodos-quantitativos-e-estudos-de.html<\/p>\n","protected":false},"excerpt":{"rendered":"<p>Volume 7 | N\u00famero 78 | Dez. 2020 Isabella Ferreira Silva Miriam de<\/p>\n","protected":false},"author":3,"featured_media":1887,"comment_status":"closed","ping_status":"open","sticky":false,"template":"","format":"standard","meta":{"footnotes":""},"categories":[646,658],"tags":[],"class_list":["post-1600","post","type-post","status-publish","format-standard","has-post-thumbnail","hentry","category-artigos","category-volume7"],"_links":{"self":[{"href":"https:\/\/dialogosinternacionais.com.br\/index.php?rest_route=\/wp\/v2\/posts\/1600","targetHints":{"allow":["GET"]}}],"collection":[{"href":"https:\/\/dialogosinternacionais.com.br\/index.php?rest_route=\/wp\/v2\/posts"}],"about":[{"href":"https:\/\/dialogosinternacionais.com.br\/index.php?rest_route=\/wp\/v2\/types\/post"}],"author":[{"embeddable":true,"href":"https:\/\/dialogosinternacionais.com.br\/index.php?rest_route=\/wp\/v2\/users\/3"}],"replies":[{"embeddable":true,"href":"https:\/\/dialogosinternacionais.com.br\/index.php?rest_route=%2Fwp%2Fv2%2Fcomments&post=1600"}],"version-history":[{"count":2,"href":"https:\/\/dialogosinternacionais.com.br\/index.php?rest_route=\/wp\/v2\/posts\/1600\/revisions"}],"predecessor-version":[{"id":2073,"href":"https:\/\/dialogosinternacionais.com.br\/index.php?rest_route=\/wp\/v2\/posts\/1600\/revisions\/2073"}],"wp:featuredmedia":[{"embeddable":true,"href":"https:\/\/dialogosinternacionais.com.br\/index.php?rest_route=\/wp\/v2\/media\/1887"}],"wp:attachment":[{"href":"https:\/\/dialogosinternacionais.com.br\/index.php?rest_route=%2Fwp%2Fv2%2Fmedia&parent=1600"}],"wp:term":[{"taxonomy":"category","embeddable":true,"href":"https:\/\/dialogosinternacionais.com.br\/index.php?rest_route=%2Fwp%2Fv2%2Fcategories&post=1600"},{"taxonomy":"post_tag","embeddable":true,"href":"https:\/\/dialogosinternacionais.com.br\/index.php?rest_route=%2Fwp%2Fv2%2Ftags&post=1600"}],"curies":[{"name":"wp","href":"https:\/\/api.w.org\/{rel}","templated":true}]}}