{"id":1605,"date":"2020-09-15T20:15:00","date_gmt":"2020-09-15T23:15:00","guid":{"rendered":"https:\/\/dialogosinternacionais.com.br\/?p=1605"},"modified":"2022-05-05T00:30:44","modified_gmt":"2022-05-05T03:30:44","slug":"o-brasil-as-forcas-armadas-e-a-riqueza-da-miscigenacao-do-pais","status":"publish","type":"post","link":"https:\/\/dialogosinternacionais.com.br\/?p=1605","title":{"rendered":"O Brasil, as For\u00e7as Armadas e a riqueza da miscigena\u00e7\u00e3o do pa\u00eds"},"content":{"rendered":"<p>Volume 7 | N\u00famero 75 | Set. 2020<\/p>\n<div style=\"text-align: right;\">Por Gustavo Daniel Coutinho Nascimento<\/div>\n<div style=\"text-align: right;\"><\/div>\n<div style=\"text-align: right;\"><\/div>\n<blockquote><p><i>\u201cSomos um pa\u00eds com mais de 200 milh\u00f5es de habitantes, cuja popula\u00e7\u00e3o cont\u00e9m em si pr\u00f3pria riquezas geradas desde 1500, decorrentes da miscigena\u00e7\u00e3o em que as tr\u00eas ra\u00e7as se mesclaram, cada uma delas aportando caracter\u00edsticas \u00edmpares. A criatividade, a alegria de viver, a toler\u00e2ncia, a adaptabilidade, a resili\u00eancia, a religiosidade, o sentido de fam\u00edlia, o patriotismo, enfim, esses e outros atributos s\u00e3o como uma vasta produ\u00e7\u00e3o de frutos, \u00e0 espera de serem colhidos e colocados na grande cesta da nacionalidade brasileira.\u201d (General Eduardo Dias da Costa Villas B\u00f4as, antigo Comandante do Ex\u00e9rcito) <a href=\"applewebdata:\/\/6fa26638-f106-4905-8d23-1caabb879186#_edn1\">[i]<\/a><\/i><\/p><\/blockquote>\n<div style=\"text-align: justify;\">A miscigena\u00e7\u00e3o \u00e9 uma das caracter\u00edsticas mais marcantes da sociedade brasileira e a ela intr\u00ednseca e indissociavelmente est\u00e1 ligada. Dos povos ind\u00edgenas pr\u00e9-cabralinos, passando pela coloniza\u00e7\u00e3o portuguesa, a escravid\u00e3o, as invas\u00f5es holandesas e francesas, chegando \u00e0s imigra\u00e7\u00f5es do in\u00edcio do s\u00e9culo XIX e XX, o povo brasileiro se tornou um am\u00e1lgama indissol\u00favel de etnias. As For\u00e7as Armadas (FFAA), compostas por um extrato da popula\u00e7\u00e3o, homens e mulheres, s\u00e3o, por sua dimens\u00e3o em efetivo (364.409 militares em julho de 2019, BRASIL, 2019) e por sua capilaridade em todo o territ\u00f3rio nacional, uma amostra significativa dessa miscigena\u00e7\u00e3o, um retrato muito verossimilhante.<\/div>\n<div style=\"text-align: justify;\"><\/div>\n<div style=\"text-align: justify;\"><\/div>\n<div style=\"text-align: justify;\"><a name=\"more\"><\/a><\/div>\n<div style=\"text-align: justify;\"><\/div>\n<div style=\"text-align: justify;\">Ao longo da Hist\u00f3ria do Brasil, as FFAA demonstraram alto n\u00edvel de comprometimento com a uni\u00e3o de etnias, como observado ao longo das Guerras Bras\u00edlicas, nas Batalhas de Guararapes (1648 a 1649), cujo morro de mesmo nome \u00e9 amplamente conhecido como o \u201cber\u00e7o da nacionalidade brasileira\u201d e do Ex\u00e9rcito Nacional que com ela nascia. Foi nessa regi\u00e3o que, em 1645, l\u00edderes pernambucanos assinaram o \u201cCompromisso Imortal do Ipojuca\u201d, selando a uni\u00e3o de \u00edndios, negros e brancos para a expuls\u00e3o dos holandeses do nordeste do pa\u00eds.<\/div>\n<div style=\"text-align: justify;\"><\/div>\n<div style=\"text-align: justify;\"><\/div>\n<blockquote>\n<div style=\"text-align: justify;\"><i>Fus\u00e3o de ra\u00e7as, forte semente,<\/i><\/div>\n<div style=\"text-align: justify;\"><i>Em Guararapes pujante surgiu,<\/i><\/div>\n<div style=\"text-align: justify;\"><i>Presen\u00e7a nacional no continente,<\/i><\/div>\n<div style=\"text-align: justify;\"><i>\u00c9 a For\u00e7a Terrestre do Brasil,<\/i><\/div>\n<div style=\"text-align: justify;\"><i>\u00c9 a For\u00e7a Terrestre do Brasil.<\/i><\/div>\n<div style=\"text-align: justify;\"><i><br \/>\n<\/i><\/div>\n<div style=\"text-align: justify;\"><i>(Refr\u00e3o do Hino \u00e0 Guararapes)<\/i><\/div>\n<\/blockquote>\n<div style=\"text-align: justify;\"><\/div>\n<div style=\"clear: both; text-align: center;\"><a href=\"https:\/\/1.bp.blogspot.com\/-tfvcQC7h410\/X2FGslQrncI\/AAAAAAAABrc\/YSW5oCtiws0TgjqL5WKPntCHVYGnysJBgCLcBGAsYHQ\/s565\/O%2BBRASIL%252C%2BAS%2BFORC%25CC%25A7AS%2BARMADAS%2Be%2Bmiscigenac%25CC%25A7a%25CC%2583o%2B-%2BFigura%2B1.jpg\" style=\"margin-left: 1em; margin-right: 1em;\"><img fetchpriority=\"high\" decoding=\"async\" border=\"0\" data-original-height=\"296\" data-original-width=\"565\" height=\"220\" src=\"https:\/\/1.bp.blogspot.com\/-tfvcQC7h410\/X2FGslQrncI\/AAAAAAAABrc\/YSW5oCtiws0TgjqL5WKPntCHVYGnysJBgCLcBGAsYHQ\/w419-h220\/O%2BBRASIL%252C%2BAS%2BFORC%25CC%25A7AS%2BARMADAS%2Be%2Bmiscigenac%25CC%25A7a%25CC%2583o%2B-%2BFigura%2B1.jpg\" width=\"419\"><\/a><\/div>\n<div style=\"text-align: justify;\"><\/div>\n<div style=\"text-align: justify;\"><\/div>\n<div style=\"text-align: center;\">FIGURA 1 \u2013 Uni\u00e3o de Ra\u00e7as nas Guerras Bras\u00edlicas.<\/div>\n<div style=\"text-align: center;\"><\/div>\n<div style=\"text-align: center;\">Fonte: Victor Meirelles. \u201cBatalha dos Guararapes\u201d, 1879, \u00f3leo sobre tela, 494,5 x 923 cm. Museu Nacional de Belas Artes, Rio de Janeiro.<\/div>\n<div style=\"text-align: justify;\"><\/div>\n<div style=\"text-align: justify;\"><\/div>\n<div style=\"text-align: justify;\">Pouco mais de dois s\u00e9culos depois, na Guerra da Tr\u00edplice Alian\u00e7a (GTA \u2013 de 1864 a 1870), mais uma vez a uni\u00e3o de etnias, pelo estamento militar, garantiu a integridade territorial e fez precipitar o fim da escravid\u00e3o no Imp\u00e9rio do Brasil. Um exemplo emblem\u00e1tico dessa uni\u00e3o, foi o Batalh\u00e3o de Zuavos da Bahia que, al\u00e9m das armas, jogavam a capoeira, se tornando o embri\u00e3o do Combate Corpo a Corpo<a href=\"applewebdata:\/\/6fa26638-f106-4905-8d23-1caabb879186#_edn2\">[ii]<\/a>, atualmente ensinado nas escolas e nos quart\u00e9is das FFAA.<\/div>\n<div style=\"text-align: justify;\"><\/div>\n<div style=\"clear: both; text-align: center;\"><a href=\"https:\/\/1.bp.blogspot.com\/-ivLsXjkWayM\/X2FG6XQV2bI\/AAAAAAAABrg\/K-FsOG_7MEICr3zoUBgE1jxM7aqMKEsuQCLcBGAsYHQ\/s541\/O%2BBRASIL%252C%2BAS%2BFORC%25CC%25A7AS%2BARMADAS%2Be%2Bmiscigenac%25CC%25A7a%25CC%2583o%2B-%2BFigura%2B2.jpg\" style=\"margin-left: 1em; margin-right: 1em;\"><img decoding=\"async\" border=\"0\" data-original-height=\"297\" data-original-width=\"541\" height=\"224\" src=\"https:\/\/1.bp.blogspot.com\/-ivLsXjkWayM\/X2FG6XQV2bI\/AAAAAAAABrg\/K-FsOG_7MEICr3zoUBgE1jxM7aqMKEsuQCLcBGAsYHQ\/w408-h224\/O%2BBRASIL%252C%2BAS%2BFORC%25CC%25A7AS%2BARMADAS%2Be%2Bmiscigenac%25CC%25A7a%25CC%2583o%2B-%2BFigura%2B2.jpg\" width=\"408\"><\/a><\/div>\n<div style=\"text-align: justify;\"><\/div>\n<div style=\"text-align: justify;\"><\/div>\n<div style=\"text-align: center;\">FIGURA 2 \u2013 Zuavo da Bahia.<\/div>\n<div style=\"text-align: center;\">Fonte: Estampas Eucalol (sabonete \/ pasta dental) \u2013 S\u00e9rie Uniformes do Brasil \u2013Imp\u00e9rio, circulou nas d\u00e9cadas de 1930 e 1940.<\/div>\n<div style=\"text-align: justify;\"><\/div>\n<div style=\"text-align: justify;\"><\/div>\n<div style=\"text-align: justify;\"><\/div>\n<div style=\"text-align: justify;\">A GTA uniu diferentes etnias nas hostes militares contra o inimigo externo comum, como, 216 anos antes, acontecera na Grande Recife.<\/div>\n<div style=\"text-align: justify;\"><\/div>\n<div style=\"text-align: justify;\">Em 1865, durante a GTA, nascia C\u00e2ndido Mariano Rondon, descendente dos \u00edndios Boror\u00f3, Terena e Guar\u00e1, que mais tarde se tornaria o Marechal e, depois, Patrono da Arma de Comunica\u00e7\u00f5es do Ex\u00e9rcito, deixando um legado na integra\u00e7\u00e3o nacional, na fronteira oeste brasileira e na Amaz\u00f4nia (DEFESA, 2017).<\/div>\n<div style=\"text-align: justify;\"><\/div>\n<div style=\"clear: both; text-align: center;\"><a href=\"https:\/\/1.bp.blogspot.com\/-jKv0U2Q1sy4\/X2FHIitwq8I\/AAAAAAAABro\/V_oNbsA7UOI9lFJ-9vTvYF5dTnHXkAZtACLcBGAsYHQ\/s436\/O%2BBRASIL%252C%2BAS%2BFORC%25CC%25A7AS%2BARMADAS%2Be%2Bmiscigenac%25CC%25A7a%25CC%2583o%2B-%2BFigura%2B3.jpg\" style=\"margin-left: 1em; margin-right: 1em;\"><img decoding=\"async\" border=\"0\" data-original-height=\"436\" data-original-width=\"423\" height=\"320\" src=\"https:\/\/1.bp.blogspot.com\/-jKv0U2Q1sy4\/X2FHIitwq8I\/AAAAAAAABro\/V_oNbsA7UOI9lFJ-9vTvYF5dTnHXkAZtACLcBGAsYHQ\/s320\/O%2BBRASIL%252C%2BAS%2BFORC%25CC%25A7AS%2BARMADAS%2Be%2Bmiscigenac%25CC%25A7a%25CC%2583o%2B-%2BFigura%2B3.jpg\"><\/a><\/div>\n<div style=\"text-align: justify;\"><\/div>\n<div style=\"text-align: center;\">FIGURA 3 \u2013 Homenagem ao Marechal Rondon.<\/div>\n<div style=\"text-align: center;\">Fonte: Casa da Moeda do Brasil. Nota de 1.000 cruzeiros, circulou entre os anos 1990 e 1993.<\/div>\n<div style=\"text-align: justify;\"><\/div>\n<div style=\"text-align: justify;\"><\/div>\n<div style=\"text-align: justify;\"><\/div>\n<div style=\"text-align: justify;\">Outro exemplo de miscigena\u00e7\u00e3o de etnias nas FFAA foi Jo\u00e3o Baptista de Mattos<a href=\"applewebdata:\/\/6fa26638-f106-4905-8d23-1caabb879186#_edn3\">[iii]<\/a>, nascido no ano de 1900, neto e bisneto de escravos, cadete da Academia Militar do Realengo, em 1918, 30 anos ap\u00f3s a Aboli\u00e7\u00e3o da Escravatura no Brasil. Foi Oficial de Infantaria, colega de turma de Humberto de Alencar Castello Branco, Artur da Costa e Silva, Amaury Kruel, Em\u00edlio Maurell e Waldemar Levy Cardoso. Jo\u00e3o Baptista foi um afrodescendente que atingiu o \u00faltimo posto da Institui\u00e7\u00e3o \u2013 Marechal.<\/div>\n<div style=\"text-align: justify;\"><\/div>\n<div style=\"clear: both; text-align: center;\"><a href=\"https:\/\/1.bp.blogspot.com\/-C2kEgG9lnno\/X2FHUEIn__I\/AAAAAAAABrw\/oy6NLvNqtPYWP0OCvBmYf6fMhaz6ipU5ACLcBGAsYHQ\/s338\/O%2BBRASIL%252C%2BAS%2BFORC%25CC%25A7AS%2BARMADAS%2Be%2Bmiscigenac%25CC%25A7a%25CC%2583o%2B-%2BFigura%2B4.jpg\" style=\"margin-left: 1em; margin-right: 1em;\"><img decoding=\"async\" border=\"0\" data-original-height=\"338\" data-original-width=\"257\" height=\"320\" src=\"https:\/\/1.bp.blogspot.com\/-C2kEgG9lnno\/X2FHUEIn__I\/AAAAAAAABrw\/oy6NLvNqtPYWP0OCvBmYf6fMhaz6ipU5ACLcBGAsYHQ\/s320\/O%2BBRASIL%252C%2BAS%2BFORC%25CC%25A7AS%2BARMADAS%2Be%2Bmiscigenac%25CC%25A7a%25CC%2583o%2B-%2BFigura%2B4.jpg\"><\/a><\/div>\n<div style=\"text-align: justify;\"><\/div>\n<div style=\"text-align: center;\">FIGURA 4 \u2013 Marechal Jo\u00e3o Baptista de Mattos.<\/div>\n<div style=\"text-align: center;\">Fonte: Foto dispon\u00edvel no N\u00facleo de Documenta\u00e7\u00e3o e Mem\u00f3ria (NUDOM) do Col\u00e9gio Pedro II. Iconografia. Ex-aluno. Foto sem data (S.D.). Inscri\u00e7\u00e3o no verso da foto: \u201cMarechal Jo\u00e3o Baptista de Mattos. Primeiro negro a ganhar o t\u00edtulo de Marechal no Brasil. Neto e bisnetos de escravos\u201d.<\/div>\n<div style=\"text-align: justify;\"><\/div>\n<div style=\"text-align: justify;\"><\/div>\n<div style=\"text-align: justify;\"><\/div>\n<div style=\"text-align: justify;\">No ano de 1944, o Governo de Get\u00falio Vargas decidiu enviar 25.334 militares para apoiar os esfor\u00e7os aliados no combate ao nazi-fascismo. A For\u00e7a Expedicion\u00e1ria Brasileira (FEB) \u00e9 mais um exemplo da riqueza multi\u00e9tnica do pa\u00eds. A guisa de exemplo, pela representatividade das origens, pode-se citar a naturalidade (n\u00e3o etnias) dos 68 sargentos mortos em campanha, de um universo total de 443 perdas humanas brasileiras:<\/div>\n<div style=\"text-align: justify;\"><\/div>\n<div style=\"text-align: justify;\"><i><\/p>\n<blockquote><p>Dentre os 68 sargentos tombados 18 eram mineiros, 16 fluminenses e cariocas e 13 paulistas respectivamente, em maioria, integrantes dos ent\u00e3o 1\u00ba RI do Rio de Janeiro, 11\u00b0 RI de S\u00e3o Jo\u00e3o Del Rei, e 6\u00ba RI de Ca\u00e7apava-SP. Pereceram 4 cearenses e 2 ga\u00fachos e igualmente 2 pernambucanos, 2 norte rio-grandenses, 2 alagoanos e 2 esp\u00edrito-santenses. Os amazonenses, acreanos, paraibanos, sergipanos, baianos, paranaenses e mato-grossenses contribu\u00edram cada com um sargento tombado. (BENTO, 2011).<\/p><\/blockquote>\n<p><\/i><i><\/i><\/p>\n<\/div>\n<div style=\"text-align: justify;\"><\/div>\n<div style=\"text-align: justify;\">Nesse contexto, conv\u00e9m registrar, uma diferen\u00e7a fundamental entre a FEB e as tropas norte-americanas, com as quais a Divis\u00e3o Brasileira teve contato no Teatro de Opera\u00e7\u00f5es Italiano. Havia a 92\u00aa Divis\u00e3o de Infantaria, Buffalo Soldier<a href=\"applewebdata:\/\/6fa26638-f106-4905-8d23-1caabb879186#_edn4\">[iv]<\/a>, um grande comando operativo composto somente por negros, \u00e0 exce\u00e7\u00e3o de seus oficiais. Em 1983, essa Divis\u00e3o foi eternizada na m\u00fasica de Bob Marley, ficando mais conhecida pela melodia jamaicana, que pela historiografia oficial.<\/div>\n<div style=\"text-align: justify;\"><\/div>\n<div style=\"text-align: justify;\"><\/div>\n<div style=\"clear: both; text-align: center;\"><a href=\"https:\/\/1.bp.blogspot.com\/-hqAjSmTdznU\/X2FHexu2uAI\/AAAAAAAABr4\/Y0C5OW8lhl4h8hHcTHz5MAn4AmQF2OjWACLcBGAsYHQ\/s419\/O%2BBRASIL%252C%2BAS%2BFORC%25CC%25A7AS%2BARMADAS%2Be%2Bmiscigenac%25CC%25A7a%25CC%2583o%2B-%2BFigura%2B5.jpg\" style=\"margin-left: 1em; margin-right: 1em;\"><img decoding=\"async\" border=\"0\" data-original-height=\"322\" data-original-width=\"419\" src=\"https:\/\/1.bp.blogspot.com\/-hqAjSmTdznU\/X2FHexu2uAI\/AAAAAAAABr4\/Y0C5OW8lhl4h8hHcTHz5MAn4AmQF2OjWACLcBGAsYHQ\/s320\/O%2BBRASIL%252C%2BAS%2BFORC%25CC%25A7AS%2BARMADAS%2Be%2Bmiscigenac%25CC%25A7a%25CC%2583o%2B-%2BFigura%2B5.jpg\" width=\"320\"><\/a><\/div>\n<div style=\"text-align: justify;\"><\/div>\n<div style=\"text-align: center;\">FIGURA 5 &#8211; 92\u00aa Divis\u00e3o de Infantaria Norte-americana, Buffalo Soldier.<\/div>\n<div style=\"text-align: center;\">Fonte: https:\/\/brooklynwargaming.files.wordpress.com\/2014\/02\/buffalsoldierscmnd.jpg, acesso em 08 JUN 20.<\/div>\n<div style=\"text-align: justify;\"><\/div>\n<div style=\"text-align: justify;\"><\/div>\n<div style=\"text-align: justify;\">A segrega\u00e7\u00e3o era evidente n\u00e3o s\u00f3 na Divis\u00e3o B\u00fafalo, como tamb\u00e9m: no Esquadr\u00e3o de Ca\u00e7as Tuskegee, composto de militares afro-americanos oriundos do Haiti, Trinidad e Tobago e Rep\u00fablica Dominicana; e no 442\u00ba Regimento de Infantaria, integrado pela 2\u00aa gera\u00e7\u00e3o de japoneses nascidos nos EUA (nisseis).&nbsp;<\/div>\n<div style=\"text-align: justify;\"><\/div>\n<div style=\"text-align: justify;\">Essas tr\u00eas unidades tiveram participa\u00e7\u00e3o no Teatro de Opera\u00e7\u00f5es Italiano, no qual o Brasil tamb\u00e9m combateu.<\/div>\n<div style=\"text-align: justify;\"><\/div>\n<div style=\"text-align: justify;\">Essa caracter\u00edstica multirracial da FEB fica mais evidente quando se comparada, al\u00e9m das fra\u00e7\u00f5es norte-americanas acima, \u00e0s Unidades Inglesas, que tamb\u00e9m segregavam seus integrantes (indianos, gurkhas, \u00e1rabes e judeus palestinos); e \u00e0s Divis\u00f5es Francesas (antigos colonizados: marroquinos, algerianos e\/ou argelinos).<\/div>\n<div style=\"text-align: justify;\"><\/div>\n<div style=\"text-align: justify;\">A \u00fanica tropa multirracial e n\u00e3o segregada entre os Pa\u00edses Aliados, no Teatro de Opera\u00e7\u00f5es Italiano, era a brasileira &#8211; a FEB, combatendo o nazi-fascismo. Na FEB, a foto do Soldado Francisco de Paula, militar negro, sorridente, prestes a carregar o obuseiro 105 mm com uma granada onde est\u00e1 escrito: \u201cA Cobra est\u00e1 Fumando\u201d <a href=\"applewebdata:\/\/6fa26638-f106-4905-8d23-1caabb879186#_edn5\">[v]<\/a> \u00e9 a s\u00edntese da integra\u00e7\u00e3o saud\u00e1vel entre diferentes etnias na 1\u00aa Divis\u00e3o de Infantaria Expedicion\u00e1ria.<\/div>\n<div style=\"text-align: justify;\"><\/div>\n<div style=\"text-align: justify;\"><\/div>\n<div style=\"clear: both; text-align: center;\"><a href=\"https:\/\/1.bp.blogspot.com\/-mf0quU0EcX0\/X2FHoGN1IyI\/AAAAAAAABsA\/qvo8xfU5ZdwFrv6qJkXgojVMLXFaKRiCACLcBGAsYHQ\/s345\/O%2BBRASIL%252C%2BAS%2BFORC%25CC%25A7AS%2BARMADAS%2Be%2Bmiscigenac%25CC%25A7a%25CC%2583o%2B-%2BFigura%2B6.jpg\" style=\"margin-left: 1em; margin-right: 1em;\"><img decoding=\"async\" border=\"0\" data-original-height=\"345\" data-original-width=\"267\" height=\"320\" src=\"https:\/\/1.bp.blogspot.com\/-mf0quU0EcX0\/X2FHoGN1IyI\/AAAAAAAABsA\/qvo8xfU5ZdwFrv6qJkXgojVMLXFaKRiCACLcBGAsYHQ\/s320\/O%2BBRASIL%252C%2BAS%2BFORC%25CC%25A7AS%2BARMADAS%2Be%2Bmiscigenac%25CC%25A7a%25CC%2583o%2B-%2BFigura%2B6.jpg\"><\/a><\/div>\n<div style=\"text-align: justify;\"><\/div>\n<div style=\"text-align: center;\">FIGURA 6 &#8211; Soldado Francisco de Paula.<\/div>\n<div style=\"text-align: center;\">Fonte: https:\/\/olapaazul.com\/tag\/francisco-de-paula\/, acesso em 08 JUN 20.<\/div>\n<div style=\"text-align: justify;\"><\/div>\n<div style=\"text-align: justify;\"><\/div>\n<div style=\"text-align: justify;\"><\/div>\n<div style=\"text-align: justify;\">H\u00e1 diversos exemplos de variadas etnias no seio das FFAA; s\u00e3o brasileiros ocupando postos e gradua\u00e7\u00f5es, de soldado a marechal, almirante, general ou brigadeiro. Seguem alguns poucos exemplos dessa grandeza:<\/div>\n<div style=\"text-align: justify;\"><\/div>\n<div style=\"text-align: justify;\">Entre setembro de 2004 e outubro de 2017, na Miss\u00e3o das Na\u00e7\u00f5es Unidas para a Estabiliza\u00e7\u00e3o no Haiti (MINUSTAH) \u201co Brasil enviou cerca de 37 mil militares para a MINUSTAH, organizados em 26 contingentes em sistema de rod\u00edzio\u201d (HAMANN e TEIXEIRA, org. 2017). Havia, al\u00e9m dos militares das tr\u00eas FFAA, policiais militares e civis brasileiros em diversos cargos da estrutura da miss\u00e3o.<\/div>\n<div style=\"text-align: justify;\"><\/div>\n<div style=\"text-align: justify;\">Dentre as raz\u00f5es do sucesso da miss\u00e3o no Haiti, verificou-se:&nbsp;<\/div>\n<div style=\"text-align: justify;\"><\/div>\n<div style=\"text-align: justify;\">\n<blockquote><p><i>A forte identifica\u00e7\u00e3o \u00e9tnico-social &#8211; a descend\u00eancia africana do Haiti, com a consequente origem comum escravocrata do povo haitiano e do soldado brasileiro, al\u00e9m da extrema pobreza daquele povo, possuem semelhan\u00e7as em algumas regi\u00f5es do nosso pa\u00eds, e o nosso soldado percebe isso. (HAMANN e TEIXEIRA, org. 2017, p. 61).<\/i><\/p><\/blockquote>\n<\/div>\n<div style=\"text-align: justify;\"><\/div>\n<div style=\"text-align: justify;\">Entre 2007 e 2015, o Comandante da Aeron\u00e1utica era um descendente de japon\u00eas nascidos fora do Jap\u00e3o \u2013 Nikkei (DEFESA, 2008).<\/div>\n<div style=\"text-align: justify;\"><\/div>\n<div style=\"clear: both; text-align: center;\"><a href=\"https:\/\/1.bp.blogspot.com\/-YnNlm8VecAM\/X2FHvtaR_1I\/AAAAAAAABsI\/4tgss0h-gkwto1dtXK_oSz6o-Zr83yJjQCLcBGAsYHQ\/s462\/O%2BBRASIL%252C%2BAS%2BFORC%25CC%25A7AS%2BARMADAS%2Be%2Bmiscigenac%25CC%25A7a%25CC%2583o%2B-%2BFigura%2B7.jpg\" style=\"margin-left: 1em; margin-right: 1em;\"><img decoding=\"async\" border=\"0\" data-original-height=\"462\" data-original-width=\"308\" height=\"320\" src=\"https:\/\/1.bp.blogspot.com\/-YnNlm8VecAM\/X2FHvtaR_1I\/AAAAAAAABsI\/4tgss0h-gkwto1dtXK_oSz6o-Zr83yJjQCLcBGAsYHQ\/s320\/O%2BBRASIL%252C%2BAS%2BFORC%25CC%25A7AS%2BARMADAS%2Be%2Bmiscigenac%25CC%25A7a%25CC%2583o%2B-%2BFigura%2B7.jpg\"><\/a><\/div>\n<div style=\"text-align: justify;\"><\/div>\n<div style=\"text-align: center;\">FIGURA 7 \u2013 Brigadeiro Juniti Saito.<\/div>\n<div style=\"text-align: center;\">Fonte: Aerovis\u00e3o \u2013 A Revista da For\u00e7a A\u00e9rea Brasileira, Nr 222, o Voo dos Nikkeis, JUN\/JUL\/AGO 2008.<\/div>\n<div style=\"text-align: justify;\"><\/div>\n<div style=\"text-align: justify;\"><\/div>\n<div style=\"text-align: justify;\"><\/div>\n<div style=\"text-align: justify;\">Em 2011, a Funda\u00e7\u00e3o Cultural Palmares, homenageou o ent\u00e3o Secret\u00e1rio-geral da Marinha, um militar negro (PALMARES, 2011).<\/div>\n<div style=\"text-align: justify;\"><\/div>\n<div style=\"text-align: justify;\">A partir de fevereiro de 2018, para enfatizar ainda mais toda essa naturalidade com que o Brasil e suas FFAA assimilaram (e assimilam) em seu seio as mais variadas origens \u00e9tnicas e culturais, verifica-se o caso da Opera\u00e7\u00e3o Acolhida. Mais de 264 mil venezuelanos receberam aten\u00e7\u00e3o inicial b\u00e1sica na fronteira e foram internalizados no territ\u00f3rio brasileiro, incorporando-se social e economicamente \u00e0 sociedade nacional<a href=\"applewebdata:\/\/6fa26638-f106-4905-8d23-1caabb879186#_edn6\">[vi]<\/a>.<\/div>\n<div style=\"text-align: justify;\"><\/div>\n<div style=\"text-align: justify;\">Desde janeiro de 2019, na atual estrutura do Minist\u00e9rio da Defesa, a Chefia do Estado-Maior Conjunto das For\u00e7as Armadas (CEMCFA) \u00e9 ocupada por um oficial-general, o primeiro da For\u00e7a A\u00e9rea Brasileira (FAB) a ocupar tal cargo, possuindo ancestrais africanos, como o Marechal Jo\u00e3o Baptista de Mattos e o Soldado Francisco de Paula.<\/div>\n<div style=\"text-align: justify;\"><\/div>\n<div style=\"clear: both; text-align: center;\"><a href=\"https:\/\/1.bp.blogspot.com\/-g4xKBWe8UR4\/X2FH4YzO8wI\/AAAAAAAABsQ\/NZlLbQcOmGIlr6eRMsExWMoQd5qjSOhWgCLcBGAsYHQ\/s506\/O%2BBRASIL%252C%2BAS%2BFORC%25CC%25A7AS%2BARMADAS%2Be%2Bmiscigenac%25CC%25A7a%25CC%2583o%2B-%2BFigura%2B8.jpg\" style=\"margin-left: 1em; margin-right: 1em;\"><img decoding=\"async\" border=\"0\" data-original-height=\"303\" data-original-width=\"506\" src=\"https:\/\/1.bp.blogspot.com\/-g4xKBWe8UR4\/X2FH4YzO8wI\/AAAAAAAABsQ\/NZlLbQcOmGIlr6eRMsExWMoQd5qjSOhWgCLcBGAsYHQ\/s320\/O%2BBRASIL%252C%2BAS%2BFORC%25CC%25A7AS%2BARMADAS%2Be%2Bmiscigenac%25CC%25A7a%25CC%2583o%2B-%2BFigura%2B8.jpg\" width=\"320\"><\/a><\/div>\n<div style=\"text-align: justify;\"><\/div>\n<div style=\"text-align: center;\">FIGURA 8 \u2013 Campanha do Minist\u00e9rio da Defesa pelo Alistamento Militar 2020<\/div>\n<div style=\"text-align: center;\">Fonte: https:\/\/www.defesanet.com.br\/defesa\/noticia\/35454\/Jovens-que-vao-completar-18-anos-em-2020-devem-fazer-o-alistamento-militar-ate-30-de-junho\/, acesso em 08 JUN 20.<\/div>\n<div style=\"text-align: justify;\"><\/div>\n<div style=\"text-align: justify;\"><\/div>\n<div style=\"text-align: justify;\">H\u00e1, ainda, exemplos de descendentes de alem\u00e3es, italianos, judeus, \u00e1rabes, s\u00edrios, e tantos outros que comp\u00f5em a miscigena\u00e7\u00e3o da Na\u00e7\u00e3o Brasileira.<\/div>\n<div style=\"text-align: justify;\"><\/div>\n<div style=\"text-align: justify;\">O General Carlos Meira Mattos, um dos maiores geopol\u00edticos brasileiros e que empresta seu nome ao Instituto que conduz o Programa de P\u00f3s-gradua\u00e7\u00e3o da ECEME, registrou em sua obra \u201cGeopol\u00edtica e Tr\u00f3picos\u201d (1984):<\/div>\n<div style=\"text-align: justify;\"><\/div>\n<div style=\"text-align: justify;\">\n<blockquote><p><i>\u201cO homem bras\u00edlico moderno vem sendo observado atentamente por estudiosos de todo o mundo porque est\u00e1 construindo uma obra de civiliza\u00e7\u00e3o, embora ostente duas caracter\u00edsticas que foram estigmatizadas pelos cientistas europeus e anglo-sax\u00f5es &#8211; ser produto da miscigena\u00e7\u00e3o do branco, \u00edndio e negro e habitar um territ\u00f3rio maioritariamente tropical (&#8230;) este homem bras\u00edlico vem revelando um desempenho eficaz, na luta pelo desenvolvimento de seu enorme pa\u00eds (no passado foi capaz de uma obra espantosa de autocoloniza\u00e7\u00e3o); quando experimentado numa guerra de grandes, na II Guerra Mundial, teve igualmente um comportamento como combatente que em nada ficou devendo aos seus aliados europeus, norte-americanos, ingleses ou franceses, ou ao seu inimigo alem\u00e3o<a href=\"applewebdata:\/\/6fa26638-f106-4905-8d23-1caabb879186#_edn7\">[vii]<\/a>\u201d.<\/i><\/p><\/blockquote>\n<\/div>\n<div style=\"text-align: justify;\"><\/div>\n<div style=\"text-align: justify;\">Um ano depois, o Coronel Tiago Castro de Castro, autor do Livro M\u00e9todo<a href=\"applewebdata:\/\/6fa26638-f106-4905-8d23-1caabb879186#_edn8\">[viii]<\/a> &#8211; largamente utilizado pelos Oficiais brasileiros, ao estudar os Campos do Poder Nacional, reflete, com quest\u00f5es, acerca da Express\u00e3o Psicossocial das Na\u00e7\u00f5es (no item das nacionalidades, ra\u00e7as e etnias componentes):<\/div>\n<div style=\"text-align: justify;\"><\/div>\n<div style=\"text-align: justify;\">\n<blockquote><p><i>\u201cAs minorias raciais foram absorvidas ou discriminadas? A\u00e7\u00f5es de limpeza \u00e9tnica? H\u00e1 ra\u00e7a dominante? O preconceito e a discrimina\u00e7\u00e3o raciais geram ressentimentos internos, obstam a integra\u00e7\u00e3o das ra\u00e7as e dificultam a miscigena\u00e7\u00e3o e a acultura\u00e7\u00e3o, impedindo a homogeneiza\u00e7\u00e3o da popula\u00e7\u00e3o e a coes\u00e3o interna? A exist\u00eancia de agrupamentos raciais na \u00e1rea cria problemas internos? Tend\u00eancias pol\u00edticas dos n\u00facleos estrangeiros e dos quistos raciais? Problemas decorrentes da discrimina\u00e7\u00e3o? Legisla\u00e7\u00e3o a respeito?\u201d&nbsp;<\/i><\/p><\/blockquote>\n<\/div>\n<div style=\"text-align: justify;\"><\/div>\n<div style=\"text-align: justify;\"><\/div>\n<div style=\"text-align: justify;\"><\/div>\n<div style=\"text-align: justify;\">A resposta conclusiva a essas perguntas, segundo o m\u00e9todo do coronel professor, poderia ser: favorece ou desfavorece a Unidade Nacional, revelando o peso da quest\u00e3o \u00e9tnica \/ para fortalecer o pa\u00eds como um todo.<\/div>\n<div style=\"text-align: justify;\"><\/div>\n<div style=\"text-align: justify;\">A partir das observa\u00e7\u00f5es acima e dos exemplos de variadas etnias ocupando posi\u00e7\u00e3o de destaque das FFAA, ratifica-se a riqueza brasileira e faz-se coro ao pensamento do General Villas B\u00f4as:<\/div>\n<div style=\"text-align: justify;\"><\/div>\n<div style=\"text-align: justify;\">\u201cSomos, talvez, o \u00fanico pa\u00eds com capacidade de inaugurar um novo caminho de desenvolvimento, a partir das qualidades de nossa gente, assinaladas no in\u00edcio dessas palavras.\u201d<\/div>\n<div style=\"text-align: justify;\"><\/div>\n<div style=\"text-align: justify;\">A valoriza\u00e7\u00e3o dessa miscigena\u00e7\u00e3o, dessa mistura de ra\u00e7as, \u00e9 uma das potencialidades do povo brasileiro. Essa for\u00e7a deve servir para pavimentar esse \u201cnovo caminho de desenvolvimento\u201d.<\/div>\n<div style=\"text-align: justify;\"><\/div>\n<div style=\"text-align: justify;\"><\/div>\n<div style=\"text-align: justify;\"><b>Refer\u00eancias<\/b><\/div>\n<div style=\"text-align: justify;\"><\/div>\n<div style=\"text-align: justify;\">BRASIL. Minist\u00e9rio da Defesa. <i>Memento<\/i> Edi\u00e7\u00e3o Nr 85. Bras\u00edlia: Departamento de Organiza\u00e7\u00e3o e Legisla\u00e7\u00e3o, Dez 2019, p\u00e1g. 25 \u2013 \u201c2.6.1 \u2013 S\u00e9rie Hist\u00f3rica da Folha de Pagamento dos Militares\u201d.<\/div>\n<div style=\"text-align: justify;\"><\/div>\n<div style=\"text-align: justify;\">BENTO, Cl\u00e1udio Moreira. <i>Os 68 Sargentos da FEB mortos em Opera\u00e7\u00f5es de Guerra.<\/i> Edi\u00e7\u00e3o da Federa\u00e7\u00e3o de Academias de Hist\u00f3ria Militar Terrestre do Brasil (FAHIMTB). Resende-RJ. 2011.<\/div>\n<div style=\"text-align: justify;\"><\/div>\n<div style=\"text-align: justify;\">DEFESA. Minist\u00e9rio da. Ex\u00e9rcito Brasileiro. Ex\u00e9rcito e seus brasileiros de etnia ind\u00edgena. Dispon\u00edvel em &lt;<a href=\"https:\/\/www.eb.mil.br\/web\/noticias\/noticiario-do-exercito\/-\/asset_publisher\/MjaG93KcunQI\/content\/exercito-e-seus-brasileiros-de-etnia-indigena\">https:\/\/www.eb.mil.br\/web\/noticias\/noticiario-do-exercito\/-\/asset_publisher\/MjaG93KcunQI\/content\/exercito-e-seus-brasileiros-de-etnia-indigena<\/a>&gt;, Publicado em: 09 AGO 17, acesso em 15 JUL 20, \u00e0s 0200 h.<\/div>\n<div style=\"text-align: justify;\"><\/div>\n<div style=\"text-align: justify;\">DEFESA. Minist\u00e9rio da. For\u00e7a A\u00e9rea Brasileira. Comandante da Aeron\u00e1utica ministra palestra para empres\u00e1rios japoneses em SP. Dispon\u00edvel em &lt; <a href=\"https:\/\/www.fab.mil.br\/noticias\/imprime\/1147\/\">https:\/\/www.fab.mil.br\/noticias\/imprime\/1147\/<\/a> &gt; Publicado: 19 AGO 08, acesso em 15 JUL 20, \u00e0s 0200 h.<\/div>\n<div style=\"text-align: justify;\"><\/div>\n<div style=\"text-align: justify;\">___________________________________________ Tenente-Brigadeiro Botelho \u00e9 o primeiro integrante da FAB a assumir o EMCFA. Dispon\u00edvel em &lt;<a href=\"https:\/\/www.fab.mil.br\/noticias\/mostra\/33427\/TRANSMISS%C3%83O%20DE%20CARGO%20-%20Tenente-Brigadeiro%20Botelho%20%C3%A9%20o%20primeiro%20integrante%20da%20FAB%20a%20assumir%20o%20EMCFA\">https:\/\/www.fab.mil.br\/noticias\/mostra\/33427\/TRANSMISS%C3%83O%20DE%20CARGO%20-%20Tenente-Brigadeiro%20Botelho%20%C3%A9%20o%20primeiro%20integrante%20da%20FAB%20a%20assumir%20o%20EMCFA<\/a>&gt; Publicado: 15 JAN 19, acesso em 17 JUL 20, \u00e0s 1000 h.<\/div>\n<div style=\"text-align: justify;\"><\/div>\n<div style=\"text-align: justify;\">HAMANN, Eduarda Passarelli. TEIXEIRA, Carlos Augusto Ramires. (Org) <i>A participa\u00e7\u00e3o do Brasil na MINUSTAH (2004-2017): <\/i>percep\u00e7\u00f5es, li\u00e7\u00f5es e pr\u00e1ticas relevantes para futuras miss\u00f5es. Edi\u00e7\u00e3o especial &#8211; Colet\u00e2nea de artigos. Rio de Janeiro. Instituto Igarap\u00e9 (a think and do tank). CCOPAB &#8211; Centro Conjunto de Opera\u00e7\u00f5es de Paz do Brasil. OUT 17.<\/div>\n<div style=\"text-align: justify;\"><\/div>\n<div style=\"text-align: justify;\">PALMARES. Funda\u00e7\u00e3o Cultural. Entrega do Trof\u00e9u Ra\u00e7a Negra em noite de gala. Dispon\u00edvel em &lt; <a href=\"http:\/\/www.palmares.gov.br\/?p=15844\">http:\/\/www.palmares.gov.br\/?p=15844<\/a> &gt; Publicado: 16 NOV 2011, acesso em 15 JUL 20, \u00e0s 0200 h.&nbsp;<\/div>\n<div style=\"text-align: justify;\"><\/div>\n<div style=\"text-align: justify;\">ROCHA, William. ROCHA, William Sim\u00e3o. Hino \u00e0 Guararapes. Portaria N\u00ba 004-SGEx, de 06 de fevereiro de 2001, publicada no Boletim do Ex\u00e9rcito N\u00ba 06\/2001, de 09 de fevereiro de 2001.<\/div>\n<div style=\"text-align: justify;\"><\/div>\n<div style=\"text-align: justify;\"><\/div>\n<div style=\"text-align: justify;\"><a href=\"applewebdata:\/\/6fa26638-f106-4905-8d23-1caabb879186#_ednref1\">[i]<\/a> Carecemos de um projeto nacional. O Estado de S\u00e3o Paulo, 10 JUL 20, dispon\u00edvel em &lt;<a href=\"https:\/\/politica.estadao.com.br\/noticias\/geral,carecemos-de-um-projeto-nacional,70003359516\">https:\/\/politica.estadao.com.br\/noticias\/geral,carecemos-de-um-projeto-nacional,70003359516<\/a>&gt; acesso em 14 JUL 2020.<\/div>\n<div style=\"text-align: justify;\"><\/div>\n<div style=\"text-align: justify;\"><a href=\"applewebdata:\/\/6fa26638-f106-4905-8d23-1caabb879186#_ednref2\">[ii]<\/a> &lt;<a href=\"http:\/\/bdex.eb.mil.br\/jspui\/bitstream\/1\/945\/1\/EB70-%20CI-11-414%20-%20Combate%20Corpo%20a%20Corpo.pdf\">http:\/\/bdex.eb.mil.br\/jspui\/bitstream\/1\/945\/1\/EB70-%20CI-11-414%20-%20Combate%20Corpo%20a%20Corpo.pdf<\/a> &gt; acesso em 08 JUN 20.<\/div>\n<div style=\"text-align: justify;\"><\/div>\n<div style=\"text-align: justify;\"><a href=\"applewebdata:\/\/6fa26638-f106-4905-8d23-1caabb879186#_ednref3\">[iii]<\/a> &lt;<a href=\"http:\/\/www.ahimtb.org.br\/guarara_esp_nov09.htm\">http:\/\/www.ahimtb.org.br\/guarara_esp_nov09.htm<\/a>&gt; acesso em 08 JUN 20.<\/div>\n<div style=\"text-align: justify;\"><\/div>\n<div style=\"text-align: justify;\"><a href=\"applewebdata:\/\/6fa26638-f106-4905-8d23-1caabb879186#_ednref4\">[iv]<\/a> Essa denomina\u00e7\u00e3o remonta \u00e0s Unidades de Cavalaria, logo ap\u00f3s a Guerra de Secess\u00e3o, que foram empregadas na Marcha para o Oeste e no combate aos \u00edndios que resistiam \u00e0 ocupa\u00e7\u00e3o do homem branco.<\/div>\n<div style=\"text-align: justify;\"><\/div>\n<div style=\"text-align: justify;\"><a href=\"applewebdata:\/\/6fa26638-f106-4905-8d23-1caabb879186#_ednref5\">[v]<\/a> &lt;<a href=\"https:\/\/olapaazul.com\/2011\/06\/10\/o-1%C2%BA-tiro-de-artilharia-da-feb\/\">https:\/\/olapaazul.com\/2011\/06\/10\/o-1%C2%BA-tiro-de-artilharia-da-feb\/<\/a>&gt; acesso em 08 JUN 20.<\/div>\n<div style=\"text-align: justify;\"><\/div>\n<div style=\"text-align: justify;\"><a href=\"applewebdata:\/\/6fa26638-f106-4905-8d23-1caabb879186#_ednref6\">[vi]<\/a> Opera\u00e7\u00e3o Acolhida, Hist\u00f3rico, dispon\u00edvel em &lt;<a href=\"https:\/\/www.gov.br\/acolhida\/historico\/\">https:\/\/www.gov.br\/acolhida\/historico\/<\/a>&gt;, acesso em 14 JUL 2020.<\/div>\n<div style=\"text-align: justify;\"><\/div>\n<div style=\"text-align: justify;\"><a href=\"applewebdata:\/\/6fa26638-f106-4905-8d23-1caabb879186#_ednref7\">[vii]<\/a> Geopol\u00edtica e Tr\u00f3picos. 1\u00aa Edi\u00e7\u00e3o. Rio de Janeiro. BIBLIEx. 1984, p. 121.<\/div>\n<div style=\"text-align: justify;\"><\/div>\n<div><a href=\"applewebdata:\/\/6fa26638-f106-4905-8d23-1caabb879186#_ednref8\">[viii]<\/a> M\u00e9todo de prepara\u00e7\u00e3o e abordagem de temas e quest\u00f5es discursivas de Hist\u00f3ria, Geografia e Geoestrat\u00e9gia. 2\u00aa Edi\u00e7\u00e3o. Rio de Janeiro. BIBLIEx. 2010. p. 53. A 1\u00aa edi\u00e7\u00e3o \u00e9 de 1985.<\/p>\n<div style=\"text-align: justify;\"><i><span style=\"text-align: right;\"><b>Gustavo Daniel Coutinho Nascimento <\/b>\u00e9&nbsp;<\/span>Militar do Ex\u00e9rcito Brasileiro, atualmente mestrando em Ci\u00eancias Militares (<a href=\"http:\/\/lattes.cnpq.br\/7558436102907731\">http:\/\/lattes.cnpq.br\/7558436102907731<\/a>). O autor agradece as orienta\u00e7\u00f5es seguras e oportunas do professor H\u00e9lio Caetano Farias e do Coronel Ariel Martim de Oliveira e Silva Junior.<\/i><\/div>\n<\/div>\n<div style=\"clear: both; text-align: center;\">\n<div style=\"clear: both; margin-left: 1em; margin-right: 1em; text-align: center;\"><a href=\"https:\/\/1.bp.blogspot.com\/-vv_x8ya7OsU\/V-0aGxpmu8I\/AAAAAAAAAxU\/froGjvIresE45c9lqOBEYuxngK3_VdO7wCPcBGAYYCw\/s640\/20880171605_59fa169ea5_z.jpg\" style=\"margin-left: 1em; margin-right: 1em;\"><br \/>\n<\/a><\/div>\n<\/div>\n<div style=\"clear: both; text-align: center;\"><\/div>\n<div style=\"clear: both; text-align: center;\"><\/div>\n","protected":false},"excerpt":{"rendered":"<p>Volume 7 | N\u00famero 75 | Set. 2020 Por Gustavo Daniel Coutinho Nascimento<\/p>\n","protected":false},"author":3,"featured_media":2006,"comment_status":"closed","ping_status":"open","sticky":false,"template":"","format":"standard","meta":{"footnotes":""},"categories":[646,658],"tags":[],"class_list":["post-1605","post","type-post","status-publish","format-standard","has-post-thumbnail","hentry","category-artigos","category-volume7"],"_links":{"self":[{"href":"https:\/\/dialogosinternacionais.com.br\/index.php?rest_route=\/wp\/v2\/posts\/1605","targetHints":{"allow":["GET"]}}],"collection":[{"href":"https:\/\/dialogosinternacionais.com.br\/index.php?rest_route=\/wp\/v2\/posts"}],"about":[{"href":"https:\/\/dialogosinternacionais.com.br\/index.php?rest_route=\/wp\/v2\/types\/post"}],"author":[{"embeddable":true,"href":"https:\/\/dialogosinternacionais.com.br\/index.php?rest_route=\/wp\/v2\/users\/3"}],"replies":[{"embeddable":true,"href":"https:\/\/dialogosinternacionais.com.br\/index.php?rest_route=%2Fwp%2Fv2%2Fcomments&post=1605"}],"version-history":[{"count":2,"href":"https:\/\/dialogosinternacionais.com.br\/index.php?rest_route=\/wp\/v2\/posts\/1605\/revisions"}],"predecessor-version":[{"id":2007,"href":"https:\/\/dialogosinternacionais.com.br\/index.php?rest_route=\/wp\/v2\/posts\/1605\/revisions\/2007"}],"wp:featuredmedia":[{"embeddable":true,"href":"https:\/\/dialogosinternacionais.com.br\/index.php?rest_route=\/wp\/v2\/media\/2006"}],"wp:attachment":[{"href":"https:\/\/dialogosinternacionais.com.br\/index.php?rest_route=%2Fwp%2Fv2%2Fmedia&parent=1605"}],"wp:term":[{"taxonomy":"category","embeddable":true,"href":"https:\/\/dialogosinternacionais.com.br\/index.php?rest_route=%2Fwp%2Fv2%2Fcategories&post=1605"},{"taxonomy":"post_tag","embeddable":true,"href":"https:\/\/dialogosinternacionais.com.br\/index.php?rest_route=%2Fwp%2Fv2%2Ftags&post=1605"}],"curies":[{"name":"wp","href":"https:\/\/api.w.org\/{rel}","templated":true}]}}