{"id":1620,"date":"2020-04-23T09:00:00","date_gmt":"2020-04-23T12:00:00","guid":{"rendered":"https:\/\/dialogosinternacionais.com.br\/?p=1620"},"modified":"2022-05-05T00:30:45","modified_gmt":"2022-05-05T03:30:45","slug":"em-tempos-de-solidariedade-aos-amigos-o-egoismo-aos-inimigos-a-guerra","status":"publish","type":"post","link":"https:\/\/dialogosinternacionais.com.br\/?p=1620","title":{"rendered":"Em tempos de solidariedade, aos amigos, o ego\u00edsmo; aos inimigos, a guerra."},"content":{"rendered":"<p>Volume 7 | N\u00famero 70 | Abr. 2020<\/p>\n<p><\/p>\n<div style=\"text-align: right;\">Por Luiz Felipe Brand\u00e3o Os\u00f3rio&nbsp;<\/div>\n<div style=\"text-align: right;\">Publicado originalmente no site da r\u00e1dio <a href=\"https:\/\/mundialnewsfm.com.br\/internas\/colunistas\">Mundial News FM<\/a><\/div>\n<p><\/p>\n<div style=\"text-align: center;\"><\/div>\n<div style=\"clear: both; text-align: center;\"><\/div>\n<div style=\"clear: both; text-align: center;\"><a href=\"https:\/\/1.bp.blogspot.com\/-yk6u4Zhuphg\/WHAEJpQg0YI\/AAAAAAAAA1E\/RS1-0ZntGK4Gl7cOl27aFPIwxW3i2wIcgCPcBGAYYCw\/s1600\/Hist%25C3%25B3rica%2Bestrat%25C3%25A9gia%2Bhemisf%25C3%25A9rica.jpg\" style=\"margin-left: 1em; margin-right: 1em;\"><img fetchpriority=\"high\" decoding=\"async\" border=\"0\" data-original-height=\"1072\" data-original-width=\"884\" height=\"320\" src=\"https:\/\/1.bp.blogspot.com\/-yk6u4Zhuphg\/WHAEJpQg0YI\/AAAAAAAAA1E\/RS1-0ZntGK4Gl7cOl27aFPIwxW3i2wIcgCPcBGAYYCw\/s320\/Hist%25C3%25B3rica%2Bestrat%25C3%25A9gia%2Bhemisf%25C3%25A9rica.jpg\" width=\"263\" \/><\/a><\/div>\n<p><\/p>\n<div style=\"text-align: justify;\"><\/div>\n<div style=\"text-align: justify;\"><\/div>\n<div style=\"text-align: justify;\">N\u00e3o h\u00e1 nada de t\u00e3o ruim que n\u00e3o possa piorar. Em meio ao avan\u00e7o do COVID-19 no mundo (e, principalmente, no Brasil) e das medidas de isolamento social que afetaram a rotina de milh\u00f5es, o telespectador, ainda at\u00f4nito com as dr\u00e1sticas mudan\u00e7as e com a estranha sensa\u00e7\u00e3o de estar sendo tragado vivo pelo redemoinho da hist\u00f3ria, testemunhou, envolta na enxurrada de not\u00edcias sobre a pandemia, no dia 26 de mar\u00e7o, a transmiss\u00e3o<a href=\"https:\/\/www.blogger.com\/u\/1\/blogger.g?blogID=2974965557809810859#_ftn1\">[1]<\/a> do indiciamento do Presidente da Venezuela, Nicol\u00e1s Maduro, e de funcion\u00e1rios da alta c\u00fapula do governo e das for\u00e7as armadas, pela justi\u00e7a estadunidense por narcoterrorismo, e o governo Trump fixou uma recompensa de 15 milh\u00f5es de d\u00f3lares pela captura do presidente.<\/div>\n<div style=\"text-align: justify;\"><\/div>\n<div style=\"text-align: justify;\">A cena, que remetia a espet\u00e1culos midi\u00e1ticos anteriores e fracassados, despertando um sentimento <i>d\u00e8j\u00e1 vu<\/i> (j\u00e1 vi isso em algum lugar antes), com a utiliza\u00e7\u00e3o de proje\u00e7\u00f5es b\u00e1sicas do programa PowerPoint, mais uma vez repetia a hist\u00f3ria como farsa. A todos aqueles governantes da hist\u00f3ria da Am\u00e9rica Latina que em algum momento ousaram desafiar o poderio estadunidense, defendendo a autonomia local, passaram por essas acusa\u00e7\u00f5es (que se alternam entre narcotr\u00e1fico, terrorismo ou corrup\u00e7\u00e3o ou as tr\u00eas em conjunto). A seriedade dos rostos dos acusadores contrastava com a fragilidade das provas apresentadas. Se as provas cabais de tais acusa\u00e7\u00f5es aparecer\u00e3o ou n\u00e3o, isso pouco importa. Historicamente, em nome da defesa da liberdade, interven\u00e7\u00f5es e atrocidades foram perpetradas pelos Estados Unidos em todo continente. A coa\u00e7\u00e3o e a amea\u00e7a extrapolam o processo judicial.<\/div>\n<div style=\"text-align: justify;\"><\/div>\n<div style=\"text-align: justify;\">Em uma manifesta\u00e7\u00e3o da sutileza assustadora da geopol\u00edtica, o governo Trump enviou, no dia 1\u00ba de abril, navios e aeronaves de guerra da Marinha para o Caribe, dobrando seu efetivo militar na regi\u00e3o, com o objetivo expl\u00edcito de conter uma poss\u00edvel expans\u00e3o do narcotr\u00e1fico durante a pandemia<a href=\"https:\/\/www.blogger.com\/u\/1\/blogger.g?blogID=2974965557809810859#_ftn2\">[2]<\/a>. O movimento acompanhou acenos diplom\u00e1ticos dados pelos Estados Unidos, no dia 31 de mar\u00e7o, e por seus aliados ao Sul, como expressam as notas da chancelaria brasileira<a href=\"https:\/\/www.blogger.com\/u\/1\/blogger.g?blogID=2974965557809810859#_ftn3\">[3]<\/a> e do Grupo de Lima<a href=\"https:\/\/www.blogger.com\/u\/1\/blogger.g?blogID=2974965557809810859#_ftn4\">[4]<\/a>. Todas as posi\u00e7\u00f5es convergem na defesa de uma proposta de transi\u00e7\u00e3o democr\u00e1tica no pa\u00eds caribenho, cujo principal pressuposto seria a sa\u00edda do poder de Maduro.<\/div>\n<div style=\"text-align: justify;\"><a name='more'><\/a><\/div>\n<div style=\"text-align: justify;\">N\u00e3o \u00e9 a primeira ofensiva dos Estados Unidos e seus aliados \u00e0 Venezuela. H\u00e1 aproximadamente um ano atr\u00e1s os tambores da guerra soaram forte na regi\u00e3o amaz\u00f4nica, com o fechamento de fronteiras e a tentativa de invas\u00e3o pelos limites lindeiros colombianos. Al\u00e9m de atentados internos contra o governo e san\u00e7\u00f5es econ\u00f4micas permanentes que sufocam a economia local, que se somam ao boicote pelas organiza\u00e7\u00f5es internacionais para empr\u00e9stimos e ao acirramento das restri\u00e7\u00f5es externas em meio \u00e0 pandemia deliberadamente para cacifar os efeitos da crise. Ainda assim, sob press\u00e3o constante, Maduro manteve-se no poder em uma articula\u00e7\u00e3o com R\u00fassia e China que lhe garantiam capacidade material e militar de resistir e afastou o perigo mais imediato de derrubada. Mesmo ap\u00f3s o fracasso retumbante da estrat\u00e9gia golpista, que chegou at\u00e9 a autoproclamar um presidente alternativo, os Estados Unidos recuaram, mas n\u00e3o desistiram.<\/div>\n<div style=\"text-align: justify;\"><\/div>\n<div style=\"text-align: justify;\">A ambi\u00e7\u00e3o de tirar do poder os representantes da revolu\u00e7\u00e3o bolivariana n\u00e3o \u00e9 novidade. Desde a posse de Ch\u00e1vez, variadas tentativas foram empreendidas, sendo a mais conhecida o golpe de 2002, o qual conseguiu ser revertido gra\u00e7as ao maci\u00e7o apoio popular. A organiza\u00e7\u00e3o popular e o papel das For\u00e7as Armadas locais na defesa da soberania nacional tem sido o grande esteio do socialismo do s\u00e9culo XXI em nossas fronteiras. Mesmo com \u00eaxitos e fracassos, avan\u00e7os e retrocessos, inerentes de um processo revolucion\u00e1rio, a Venezuela est\u00e1 prestes a completar 22 anos, ou seja, sua longevidade demonstra que foi reconstru\u00edda sob bases s\u00f3lidas, tendo resistido a variadas ofensivas de governos estadunidenses diferentes. O que chama aten\u00e7\u00e3o, particularmente, nas manobras dos \u00faltimos dias \u00e9 o tempo hist\u00f3rico em que elas est\u00e3o sendo executadas.<\/div>\n<div style=\"text-align: justify;\"><\/div>\n<div style=\"text-align: justify;\">A linha do tempo do capitalismo j\u00e1 atravessou outras pandemias, algumas, inclusive, bem recentes, como a influenza (conhecida como gripe espanhola), SARS, gripe avi\u00e1ria, gripe su\u00edna (H1N1). A peculiaridade do coronav\u00edrus \u00e9 que ela n\u00e3o foi o fator externo e imprevis\u00edvel que levou de rold\u00e3o a est\u00e1vel economia internacional, mas, sim, que foi a gota d\u2019\u00e1gua em um copo j\u00e1 em transbordamento. Ou seja, a crise econ\u00f4mica j\u00e1 em curso conheceu apenas um fator de acelera\u00e7\u00e3o, intensificando os efeitos delet\u00e9rios. O horizonte tr\u00e1gico que se avizinha de um elevado n\u00famero de mortes em todo mundo ocidental, principalmente, se deve n\u00e3o apenas \u00e0 letalidade do v\u00edrus, mas ao desmonte dos sistemas de sa\u00fade, da ampla privatiza\u00e7\u00e3o de setores estrat\u00e9gico, da diminui\u00e7\u00e3o dos investimentos em pesquisas cient\u00edficas, da retirada da prote\u00e7\u00e3o social via seguridade e previd\u00eancia, do decl\u00ednio das condi\u00e7\u00f5es de trabalho, em suma, da implementa\u00e7\u00e3o das pol\u00edticas neoliberais sobre o modelo de bem-estar social. N\u00e3o apenas os pa\u00edses europeus, mas os americanos, sobretudo os Estados Unidos, que carecem de uma ampla rede estatal de prote\u00e7\u00e3o da sociedade, se aproximam de uma convuls\u00e3o social sanit\u00e1ria.<\/div>\n<div style=\"text-align: justify;\"><\/div>\n<div style=\"text-align: justify;\">Nesse cen\u00e1rio de exce\u00e7\u00e3o, os pa\u00edses socialistas, como China, Cuba, Coreia, Vietn\u00e3 e mesmo a Venezuela (com baixo registro de casos), al\u00e9m de demonstrarem efici\u00eancia no combate interno, ainda, com mais intensidade chineses e cubanos, somados pelos russos, exportam solidariedade por meio do envio de m\u00e9dicos, materiais e estrutura para o controle da pandemia nos pa\u00edses ocidentais. Basta lembrar aqui que a Uni\u00e3o Europeia deixou a It\u00e1lia \u00e0 deriva em meio ao auge do surto viral, somente vindo a manifestar alguma ajuda ap\u00f3s Fran\u00e7a e Espanha serem contaminadas por completo<a href=\"https:\/\/www.blogger.com\/u\/1\/blogger.g?blogID=2974965557809810859#_ftn5\">[5]<\/a>. Al\u00e9m dos Estados Unidos que, junto com a chinesa<a href=\"https:\/\/www.blogger.com\/u\/1\/blogger.g?blogID=2974965557809810859#_ftn6\">[6]<\/a>, recentemente aceitaram a ajuda russa<a href=\"https:\/\/www.blogger.com\/u\/1\/blogger.g?blogID=2974965557809810859#_ftn7\">[7]<\/a>. Enquanto isso, os pa\u00edses ocidentais brigam entre si por migalhas<a href=\"https:\/\/www.blogger.com\/u\/1\/blogger.g?blogID=2974965557809810859#_ftn8\">[8]<\/a> (como as m\u00e1scaras e pequenos carregamentos que fazem a diferen\u00e7a em horas cruciais), segundo as duas a\u00e7\u00f5es estadunidenses mais recentes ante os aliados Fran\u00e7a<a href=\"https:\/\/www.blogger.com\/u\/1\/blogger.g?blogID=2974965557809810859#_ftn9\">[9]<\/a> e Brasil<a href=\"https:\/\/www.blogger.com\/u\/1\/blogger.g?blogID=2974965557809810859#_ftn10\">[10]<\/a>. N\u00e3o h\u00e1 qualquer melindre na imposi\u00e7\u00e3o da for\u00e7a material pelos fortes na din\u00e2mica do capitalismo, independentemente da gravidade da situa\u00e7\u00e3o no plano global<a href=\"https:\/\/www.blogger.com\/u\/1\/blogger.g?blogID=2974965557809810859#_ftn11\">[11]<\/a>.<\/div>\n<div style=\"text-align: justify;\"><\/div>\n<div style=\"text-align: justify;\">Dado esse panorama \u00e9 poss\u00edvel apontar, ao menos, duas raz\u00f5es para as recentes movimenta\u00e7\u00f5es rumo \u00e0 interven\u00e7\u00e3o na Venezuela. A primeira \u00e9 a mais conhecida de deslocamento das aten\u00e7\u00f5es do plano interno para o externo. O desejo de derrubada dos governos bolivarianos \u00e9 antigo e, com o elemento aleat\u00f3rio da pandemia, foi aberta uma janela para o acirramento da crise interna, apostando no caos social para uma insurrei\u00e7\u00e3o popular. Um poss\u00edvel conflito (com uma eventual vit\u00f3ria) seria uma tentativa de aplacar a insatisfa\u00e7\u00e3o no contexto nacional de um prov\u00e1vel caos sanit\u00e1rio. O apelo para a guerra com vistas \u00e0 reelei\u00e7\u00e3o n\u00e3o \u00e9 novidade na estrat\u00e9gia dos presidentes estadunidenses. E com o apoio dos vizinhos, notadamente Brasil e Col\u00f4mbia, as a\u00e7\u00f5es militares ficam facilitadas, levando em conta que R\u00fassia e China (e todo o mundo) se ocupam, por ora, de concentrar os esfor\u00e7os no combate ao v\u00edrus. A segunda envolve a crise do petr\u00f3leo j\u00e1 em curso, antes da pandemia, que retroalimentava a derrocada econ\u00f4mica. A Venezuela det\u00e9m grandes e importantes reservas de petr\u00f3leo que desde a assun\u00e7\u00e3o de Ch\u00e1vez sa\u00edram do controle dos Estados Unidos, ainda que empresas do pa\u00eds ainda operem e comercializem por l\u00e1, em condi\u00e7\u00f5es menos favor\u00e1veis que outrora. O principal motivo do inc\u00f4modo com os venezuelanos \u00e9 a aloca\u00e7\u00e3o dos dividendos do recurso natural.<\/div>\n<div style=\"text-align: justify;\"><\/div>\n<div style=\"text-align: justify;\">A quest\u00e3o do petr\u00f3leo \u00e9 muito mais permanente e estruturante do que a da pandemia que, em princ\u00edpio, \u00e9 um elemento epis\u00f3dico. O mercado de petr\u00f3leo, ap\u00f3s a Segunda Guerra Mundial, tornou-se o principal palco de conflitos. H\u00e1 grandes pot\u00eancias, como Estados Unidos e R\u00fassia, e pa\u00edses perif\u00e9ricos, com grandes reservas e sendo os principais produtores mundiais. At\u00e9 1960, as Sete Irm\u00e3s, empresas privadas de petr\u00f3leo do eixo anglo-sax\u00e3o, dominavam o mercado, dentro de seu pr\u00f3prio cartel. A partir dessa data, os pa\u00edses perif\u00e9ricos reuniram-se para diminuir a subalternidade e fundaram a Organiza\u00e7\u00e3o dos Pa\u00edses Exportadores de Petr\u00f3leo (OPEP), sendo composta por na\u00e7\u00f5es latino-americanas (Venezuela e Equador), africanas e asi\u00e1ticas, que criou seu pr\u00f3prio cartel. Fez-se, ent\u00e3o, crescer a queda de bra\u00e7o entre a OPEP, representante da periferia, e as Sete Irm\u00e3s, que representavam, n\u00e3o t\u00e3o imediatamente, as pot\u00eancias centrais. As crises do petr\u00f3leo da d\u00e9cada de 1970 serviram para acomodar as tens\u00f5es e lan\u00e7ar o patamar atual. A R\u00fassia e outros pa\u00edses vizinhos de sua esfera de influ\u00eancia n\u00e3o fazem parte da OPEP, mas iniciaram aproxima\u00e7\u00f5es em 2016 com a organiza\u00e7\u00e3o internacional, formando o foro de di\u00e1logo OPEP + (R\u00fassia, Cazaquist\u00e3o e Azerbaij\u00e3o). A disputa geopol\u00edtica entre R\u00fassia e Estados Unidos tamb\u00e9m se acirra, notadamente com as san\u00e7\u00f5es recebidas pelos russos que acabou impactando a economia local. Com a recente amea\u00e7a da Ar\u00e1bia Saudita (aliada dos Estados Unidos) de aumentar a produ\u00e7\u00e3o, os russos bancaram a queda do pre\u00e7o ante os sauditas, dizendo que conseguem se segurar por volta de uma d\u00e9cada com esse pre\u00e7o (o que ajuda em muito a recupera\u00e7\u00e3o econ\u00f4mica da China). O baixo pre\u00e7o do petr\u00f3leo atingiria produtores estadunidenses do Texas, altamente endividados em fun\u00e7\u00e3o da custosa extra\u00e7\u00e3o do xisto no local. Nessa din\u00e2mica, o controle das reservas venezuelanas seria uma garantia de f\u00f4lego e blindagem aos Estados Unidos em meio \u00e0 disputa com os russos.<\/div>\n<div style=\"text-align: justify;\"><\/div>\n<div style=\"text-align: justify;\">A pol\u00edtica dos Estados est\u00e1 em pleno vapor. A permanente e estrutural disputa pela hegemonia, a concorr\u00eancia para assumir a dianteira internacional dentro do sistema de Estados e seu modo de produ\u00e7\u00e3o predominante, acirra-se com a ascens\u00e3o chinesa e o decl\u00ednio relativo dos Estados Unidos. A pandemia, mais uma vez, n\u00e3o causou nada, mas acelerou os processos em curso. A tradicional polaridade da geopol\u00edtica entre a pot\u00eancia hegem\u00f4nica (outrora os brit\u00e2nicos), agora, os Estados Unidos, e o eixo anti-imperialista (China, R\u00fassia e at\u00e9 o Ir\u00e3) pela integra\u00e7\u00e3o euroasi\u00e1tica volta aos holofotes. E a Venezuela, sem o apoio regional de outros tempos (CELAC<a href=\"https:\/\/www.blogger.com\/u\/1\/blogger.g?blogID=2974965557809810859#_ftn12\">[12]<\/a> e UNASUL<a href=\"https:\/\/www.blogger.com\/u\/1\/blogger.g?blogID=2974965557809810859#_ftn13\">[13]<\/a>, esvaziadas com a chegada da direita e extrema direita ao poder na Am\u00e9rica Latina), resiste bravamente, vislumbrando a mira do canh\u00e3o da geopol\u00edtica atual voltada para seu territ\u00f3rio.<\/div>\n<div style=\"text-align: justify;\"><\/div>\n<div style=\"text-align: justify;\"><\/div>\n<div style=\"text-align: justify;\"><\/div>\n<div style=\"text-align: justify;\"><b>Refer\u00eancias<\/b><\/div>\n<div style=\"text-align: justify;\"><\/div>\n<div style=\"text-align: justify;\">BARTLEY, Kim e O\u2019BRIAIN, Donnacha. \u201cA Revolu\u00e7\u00e3o n\u00e3o ser\u00e1 televisionada\u201d. Document\u00e1rio produzido e filmado em 2003. Dispon\u00edvel em: https:\/\/www.youtube.com\/watch?v=R-7c34tYH1c. Acesso em 3 de abril de 2020.<\/div>\n<div style=\"text-align: justify;\"><\/div>\n<div style=\"text-align: justify;\">MADURO, Nicol\u00e1s. Carta de Maduro a l\u00edderes mundiais: os criminosos passos da administra\u00e7\u00e3o de Donald Trump. <i>Opera Mundi,&nbsp;<\/i> Escrita em 30 de mar\u00e7o de 2020. Dispon\u00edvel em: https:\/\/operamundi.uol.com.br\/diplomacia\/63855\/carta-de-maduro-a-lideres-mundiais-os-criminosos-passos-da-administracao-de-donald-trump. Acesso em 3 de abril de 2020.<\/div>\n<div style=\"text-align: justify;\"><\/div>\n<div style=\"text-align: justify;\">MELLO, Leonel Itaussu Almeida. <i>Quem tem medo da geopol\u00edtica? <\/i>S\u00e3o Paulo: Hucitec\/Editora USP, 1999.<\/div>\n<div style=\"text-align: justify;\"><\/div>\n<div style=\"text-align: justify;\">M\u00c9SZ\u00c1ROS, Istv\u00e1n. \u201cBol\u00edvar e Chav\u00e9z: o esp\u00edrito da determina\u00e7\u00e3o radical\u201d. <i>Blog Boitempo<\/i>, Dispon\u00edvel em: https:\/\/blogdaboitempo.com.br\/2014\/03\/05\/bolivar-e-chavez-o-espirito-dadeterminacaoradical\/?fbclid=IwAR117G0BYq5HJcra2bCSFC0nyf7buPKrEgB9Ucb4Q902Fo2cO0OBb3s_R0. Acesso em 3 de abril de 2020.<\/div>\n<div style=\"text-align: justify;\"><\/div>\n<div style=\"text-align: justify;\">STONE, Oliver. \u201cAo Sul da Fronteira: Hugo Ch\u00e1vez e a nova Am\u00e9rica Latina\u201d. Document\u00e1rio produzido e filmado em 2009. Dispon\u00edvel em: https:\/\/www.youtube.com\/watch?v=dlidWZoy9ag. Acesso em 3 de abril de 2020.<\/div>\n<div style=\"text-align: justify;\"><\/div>\n<div style=\"text-align: justify;\">STONE, Oliver. \u201cMeu amigo Hugo\u201d. Document\u00e1rio produzido e filmado em 2014. Dispon\u00edvel em: https:\/\/www.youtube.com\/watch?v=mJumwvO2DrA. Acesso em 3 de abril de 2020.<\/div>\n<div style=\"text-align: justify;\"><\/div>\n<div style=\"text-align: justify;\">YERGIN, Daniel. <i>A Busca. <\/i>Energia, seguran\u00e7a e a reconstru\u00e7\u00e3o do mundo moderno. Rio de Janeiro: Editora Intr\u00ednseca, 2014.<\/div>\n<div style=\"text-align: justify;\"><\/div>\n<div style=\"text-align: justify;\"><a href=\"https:\/\/www.blogger.com\/u\/1\/blogger.g?blogID=2974965557809810859#_ftnref1\">[1]<\/a><a href=\"https:\/\/www.cnnbrasil.com.br\/internacional\/2020\/03\/26\/eua-acusam-maduro-e-lideres-chavistas-de-narcoterrorismo\">https:\/\/www.cnnbrasil.com.br\/internacional\/2020\/03\/26\/eua-acusam-maduro-e-lideres-chavistas-de-narcoterrorismo<\/a><\/div>\n<div style=\"text-align: justify;\"><\/div>\n<div style=\"text-align: justify;\"><a href=\"https:\/\/www.blogger.com\/u\/1\/blogger.g?blogID=2974965557809810859#_ftnref2\">[2]<\/a> <a href=\"https:\/\/www1.folha.uol.com.br\/mundo\/2020\/04\/eua-dobram-forcas-navais-estacionadas-proximas-a-venezuela.shtml\">https:\/\/www1.folha.uol.com.br\/mundo\/2020\/04\/eua-dobram-forcas-navais-estacionadas-proximas-a-venezuela.shtml<\/a><\/div>\n<div style=\"text-align: justify;\"><\/div>\n<div style=\"text-align: justify;\"><a href=\"https:\/\/www.blogger.com\/u\/1\/blogger.g?blogID=2974965557809810859#_ftnref3\">[3]<\/a> <a href=\"http:\/\/www.itamaraty.gov.br\/pt-BR\/notas-a-imprensa\/21484-proposta-de-moldura-institucional-para-a-transicao-democratica-na-venezuela\">http:\/\/www.itamaraty.gov.br\/pt-BR\/notas-a-imprensa\/21484-proposta-de-moldura-institucional-para-a-transicao-democratica-na-venezuela<\/a><\/div>\n<div style=\"text-align: justify;\"><\/div>\n<div style=\"text-align: justify;\"><a href=\"https:\/\/www.blogger.com\/u\/1\/blogger.g?blogID=2974965557809810859#_ftnref4\">[4]<\/a> <a href=\"http:\/\/www.itamaraty.gov.br\/pt-BR\/notas-a-imprensa\/21487-comunicado-do-grupo-de-lima-8\">http:\/\/www.itamaraty.gov.br\/pt-BR\/notas-a-imprensa\/21487-comunicado-do-grupo-de-lima-8<\/a><\/div>\n<div style=\"text-align: justify;\"><\/div>\n<div style=\"text-align: justify;\"><a href=\"https:\/\/www.blogger.com\/u\/1\/blogger.g?blogID=2974965557809810859#_ftnref5\">[5]<\/a>  <a href=\"http:\/\/www.rfi.fr\/br\/economia\/20200401-uni%C3%A3o-europeia-anuncia-fundo-de-%E2%82%AC100-bilh%C3%B5es-para-salvar-empregos-o-bloco\">http:\/\/www.rfi.fr\/br\/economia\/20200401-uni%C3%A3o-europeia-anuncia-fundo-de-%E2%82%AC100-bilh%C3%B5es-para-salvar-empregos-o-bloco<\/a><\/div>\n<div style=\"text-align: justify;\"><\/div>\n<div style=\"text-align: justify;\"><a href=\"https:\/\/www.blogger.com\/u\/1\/blogger.g?blogID=2974965557809810859#_ftnref6\">[6]<\/a><a href=\"https:\/\/oglobo.globo.com\/mundo\/xi-oferece-ajuda-trump-no-combate-covid-19-em-meio-tensoes-diplomaticas-24333308\">https:\/\/oglobo.globo.com\/mundo\/xi-oferece-ajuda-trump-no-combate-covid-19-em-meio-tensoes-diplomaticas-24333308<\/a><\/div>\n<div style=\"text-align: justify;\"><\/div>\n<div style=\"text-align: justify;\"><a href=\"https:\/\/www.blogger.com\/u\/1\/blogger.g?blogID=2974965557809810859#_ftnref7\">[7]<\/a> <a href=\"https:\/\/g1.globo.com\/mundo\/noticia\/2020\/04\/01\/covid-19-russia-envia-aviao-com-ajuda-humanitaria-aos-estados-unidos.ghtml\">https:\/\/g1.globo.com\/mundo\/noticia\/2020\/04\/01\/covid-19-russia-envia-aviao-com-ajuda-humanitaria-aos-estados-unidos.ghtml<\/a><\/div>\n<div style=\"text-align: justify;\"><\/div>\n<div style=\"text-align: justify;\"><a href=\"https:\/\/www.blogger.com\/u\/1\/blogger.g?blogID=2974965557809810859#_ftnref8\">[8]<\/a> <a href=\"https:\/\/g1.globo.com\/mundo\/noticia\/2020\/04\/03\/covid-19-apos-denuncia-da-franca-contra-eua-surgem-revelacoes-sobre-confiscos-de-mascaras-entre-paises-europeus.ghtml\">https:\/\/g1.globo.com\/mundo\/noticia\/2020\/04\/03\/covid-19-apos-denuncia-da-franca-contra-eua-surgem-revelacoes-sobre-confiscos-de-mascaras-entre-paises-europeus.ghtml<\/a><\/div>\n<div style=\"text-align: justify;\"><\/div>\n<div style=\"text-align: justify;\"><a href=\"https:\/\/www.blogger.com\/u\/1\/blogger.g?blogID=2974965557809810859#_ftnref9\">[9]<\/a> <a href=\"https:\/\/brasil.elpais.com\/internacional\/2020-04-02\/na-guerra-das-mascaras-global-franceses-acusam-norte-americanos-de-pagar-mais-para-ficar-com-seus-pedidos.html\">https:\/\/brasil.elpais.com\/internacional\/2020-04-02\/na-guerra-das-mascaras-global-franceses-acusam-norte-americanos-de-pagar-mais-para-ficar-com-seus-pedidos.html<\/a><\/div>\n<div style=\"text-align: justify;\"><\/div>\n<div style=\"text-align: justify;\"><a href=\"https:\/\/www.blogger.com\/u\/1\/blogger.g?blogID=2974965557809810859#_ftnref10\">[10]<\/a> <a href=\"https:\/\/oglobo.globo.com\/sociedade\/coronavirus-servico\/compra-em-massa-dos-eua-china-cancela-contratos-de-importacao-de-equipamentos-medicos-no-brasil-diz-mandetta-24344790\">https:\/\/oglobo.globo.com\/sociedade\/coronavirus-servico\/compra-em-massa-dos-eua-china-cancela-contratos-de-importacao-de-equipamentos-medicos-no-brasil-diz-mandetta-24344790<\/a>; <a href=\"https:\/\/g1.globo.com\/ba\/bahia\/noticia\/2020\/04\/03\/empresa-cancela-compra-de-400-respiradores-para-bahia-e-200-para-ceara.ghtml\">https:\/\/g1.globo.com\/ba\/bahia\/noticia\/2020\/04\/03\/empresa-cancela-compra-de-400-respiradores-para-bahia-e-200-para-ceara.ghtml<\/a><\/div>\n<div style=\"text-align: justify;\"><\/div>\n<div style=\"text-align: justify;\"><a href=\"https:\/\/www.blogger.com\/u\/1\/blogger.g?blogID=2974965557809810859#_ftnref11\">[11]<\/a> <a href=\"https:\/\/oglobo.globo.com\/mundo\/trump-quer-impedir-que-empresa-exporte-mascaras-para-america-latina-canada-24349632\">https:\/\/oglobo.globo.com\/mundo\/trump-quer-impedir-que-empresa-exporte-mascaras-para-america-latina-canada-24349632<\/a><\/div>\n<div style=\"text-align: justify;\"><\/div>\n<div style=\"text-align: justify;\"><a href=\"https:\/\/www.blogger.com\/u\/1\/blogger.g?blogID=2974965557809810859#_ftnref12\">[12]<\/a> Comunidade de Estados Latino-Americanos e Caribenhos criada em 2010 para a defesa da autonomia da regi\u00e3o na discuss\u00e3o dos assuntos internos.<\/div>\n<div style=\"text-align: justify;\"><\/div>\n<div style=\"text-align: justify;\"><a href=\"https:\/\/www.blogger.com\/u\/1\/blogger.g?blogID=2974965557809810859#_ftnref13\">[13]<\/a> Uni\u00e3o das Na\u00e7\u00f5es Sul-Americanas criada em 2008 , idealizada e executada pelo governo Ch\u00e1vez, para prote\u00e7\u00e3o e promo\u00e7\u00e3o da consenso pol\u00edtico e de iniciativas conjuntas em v\u00e1rias \u00e1reas estrat\u00e9gicas, como a sa\u00fade, por exemplo.<\/div>\n<div style=\"text-align: justify;\"><\/div>\n<div style=\"text-align: justify;\"><i><br \/><\/i><\/div>\n<div style=\"text-align: justify;\"><i><b>Luiz Felipe Brand\u00e3o Os\u00f3rio <\/b>\u00e9 membro do Conselho Editorial da Revista Di\u00e1logos Internacionais. Professor Adjunto de Direito e Rela\u00e7\u00f5es Internacionais na Universidade Federal Rural do Rio de Janeiro e atual Coordenador da Gradua\u00e7\u00e3o em Rela\u00e7\u00f5es Internacionais. Autor do livro Imperialismo, Estado e Rela\u00e7\u00f5es Internacionais, pela Editora Ideias &amp; Letras.<\/i><\/div>\n<div style=\"text-align: justify;\">\n<div style=\"text-align: start;\">\n<div>\n<div style=\"background-color: white; margin: 0cm 0cm 0.0001pt; text-align: justify;\"><\/div>\n<div style=\"text-align: justify;\"><span style=\"color: #333333; font-family: &quot;trebuchet ms&quot; , &quot;trebuchet&quot; , &quot;verdana&quot; , sans-serif; font-size: 13.2px;\"><br \/><\/span><\/div>\n<div style=\"text-align: justify;\"><span style=\"color: #333333; font-family: &quot;trebuchet ms&quot; , &quot;trebuchet&quot; , &quot;verdana&quot; , sans-serif; font-size: 13.2px;\"><br \/><\/span><\/div>\n<div style=\"text-align: justify;\"><span style=\"color: #333333; font-family: &quot;trebuchet ms&quot; , &quot;trebuchet&quot; , &quot;verdana&quot; , sans-serif; font-size: 13.2px;\"><br \/><\/span><\/div>\n<div style=\"text-align: justify;\"><span style=\"color: #333333; font-family: &quot;trebuchet ms&quot; , &quot;trebuchet&quot; , &quot;verdana&quot; , sans-serif; font-size: 13.2px;\"><br \/><\/span><\/div>\n<p><\/p>\n<blockquote>\n<div style=\"text-align: justify;\"><\/div>\n<p><b><\/b><\/p>\n<div style=\"text-align: justify;\"><b><b>Como citar<\/b><\/b><\/div>\n<p><b><\/b><\/p>\n<div style=\"text-align: justify;\"><\/div>\n<div style=\"text-align: justify;\"><\/div>\n<div style=\"text-align: justify;\">OS\u00d3RIO, Luiz Felipe Brand\u00e3o. Em tempos de solidariedade, aos amigos, o ego\u00edsmo; aos inimigos, a guerra. <i>Di\u00e1logos Internacionais<\/i>, vol. 7, n. 70, Abr. 2020. Acessado em: 20 Abr. 2020. Dispon\u00edvel em: http:\/\/www.dialogosinternacionais.com.br\/2020\/04\/em-tempos-de-solidariedade-aos-amigos-o.html<\/div>\n<\/blockquote>\n<\/div>\n<\/div>\n<\/div>\n","protected":false},"excerpt":{"rendered":"<p>Volume 7 | N\u00famero 70 | Abr. 2020 Por Luiz Felipe Brand\u00e3o Os\u00f3rio&nbsp;<\/p>\n","protected":false},"author":3,"featured_media":0,"comment_status":"closed","ping_status":"open","sticky":false,"template":"","format":"standard","meta":{"footnotes":""},"categories":[658],"tags":[],"class_list":["post-1620","post","type-post","status-publish","format-standard","hentry","category-volume7"],"_links":{"self":[{"href":"https:\/\/dialogosinternacionais.com.br\/index.php?rest_route=\/wp\/v2\/posts\/1620","targetHints":{"allow":["GET"]}}],"collection":[{"href":"https:\/\/dialogosinternacionais.com.br\/index.php?rest_route=\/wp\/v2\/posts"}],"about":[{"href":"https:\/\/dialogosinternacionais.com.br\/index.php?rest_route=\/wp\/v2\/types\/post"}],"author":[{"embeddable":true,"href":"https:\/\/dialogosinternacionais.com.br\/index.php?rest_route=\/wp\/v2\/users\/3"}],"replies":[{"embeddable":true,"href":"https:\/\/dialogosinternacionais.com.br\/index.php?rest_route=%2Fwp%2Fv2%2Fcomments&post=1620"}],"version-history":[{"count":1,"href":"https:\/\/dialogosinternacionais.com.br\/index.php?rest_route=\/wp\/v2\/posts\/1620\/revisions"}],"predecessor-version":[{"id":2288,"href":"https:\/\/dialogosinternacionais.com.br\/index.php?rest_route=\/wp\/v2\/posts\/1620\/revisions\/2288"}],"wp:attachment":[{"href":"https:\/\/dialogosinternacionais.com.br\/index.php?rest_route=%2Fwp%2Fv2%2Fmedia&parent=1620"}],"wp:term":[{"taxonomy":"category","embeddable":true,"href":"https:\/\/dialogosinternacionais.com.br\/index.php?rest_route=%2Fwp%2Fv2%2Fcategories&post=1620"},{"taxonomy":"post_tag","embeddable":true,"href":"https:\/\/dialogosinternacionais.com.br\/index.php?rest_route=%2Fwp%2Fv2%2Ftags&post=1620"}],"curies":[{"name":"wp","href":"https:\/\/api.w.org\/{rel}","templated":true}]}}