{"id":1621,"date":"2020-04-18T15:56:00","date_gmt":"2020-04-18T18:56:00","guid":{"rendered":"https:\/\/dialogosinternacionais.com.br\/?p=1621"},"modified":"2022-05-05T00:30:45","modified_gmt":"2022-05-05T03:30:45","slug":"o-virus-os-idosos-e-o-abraco-de-afogados","status":"publish","type":"post","link":"https:\/\/dialogosinternacionais.com.br\/?p=1621","title":{"rendered":"O v\u00edrus, os idosos e o \u201cabra\u00e7o de afogados\u201d"},"content":{"rendered":"<div><span style=\"background-color: white; color: #333333; font-family: &quot;trebuchet ms&quot; , &quot;trebuchet&quot; , &quot;verdana&quot; , sans-serif; font-size: 13.2px;\">Volume 7 | N\u00famero 70 | Abr. 2020<\/span><\/div>\n<p><span style=\"background-color: white; color: #333333; font-family: &quot;trebuchet ms&quot; , &quot;trebuchet&quot; , &quot;verdana&quot; , sans-serif; font-size: 13.2px;\"><br \/><\/span><\/p>\n<div style=\"text-align: right;\">Por Liana Carleial<\/div>\n<div style=\"text-align: right;\"><span style=\"font-family: &quot;cambria&quot; , serif; font-size: 12pt;\"><br \/><\/span><\/div>\n<div style=\"clear: both; text-align: center;\"><a href=\"https:\/\/1.bp.blogspot.com\/-Gp9u37OXP5E\/XptLHMEK_eI\/AAAAAAABAoA\/tWOAeAVzAqURSwK_vdY8UNtNAA3_fKu3wCEwYBhgLKs0DAL1OcqymDdVWua6FHqgsAi7jzAmhw0TMSsjLpPttKAn5W3VN_nh2pCdsThXqVrEPOyOI7QDXeHOds1Oy72XUlzKTuDxdaGMqyj5nTn03PSuseR2m7CnkKPZC4-iszJoS3AsVwkiMpjM_sakFrvYWrweMnOJy80SlSmwmCCPs86ti4ycIa7FvcIO0Tukij8v471l0OIu5MpI2h_6pANRVban66NAebmzZO0fACYgs38FVURGIIjAILh-XBwEfeZrwxgAuf2rfnle0Cj2j7h1YV5nubK0oY_yqD6i6g21vvJyv3D-4UbzJan9AeaZhZ1_cwYENVVvvgyBXPv3eRfDO6zF2mZUdTBcahnzHNqf9LmG-AQsaZW-bigFAgDdfmppY4YBtC3nsu2uKbOsxPITPLfvDpTNhMvr-7XpEJ3LueOdn5UjNFFo_MvafKIf0AVOYL62fzYqWZleDeIc4Tr2W_foOghNi3tgFICZXc8TfMEc_ig4IWQxTCBymBp68DgE3GCkbuxShN5OF1GIzyqO49rQAGB0WAVFiq8h7JTlWHBeqGtnmGWkvW8904iNEn0qUHv3JZlMOlQSN3B_VZbPHhRvQmupVCoc1ZNkj-GUwsp_t9AU\/s1600\/500_F_327922973_qp2ztKdclfpTLzXEPIuHWDqgVsSUOUx5.jpg\" style=\"margin-left: 1em; margin-right: 1em;\"><img fetchpriority=\"high\" decoding=\"async\" border=\"0\" data-original-height=\"333\" data-original-width=\"499\" height=\"266\" src=\"https:\/\/1.bp.blogspot.com\/-Gp9u37OXP5E\/XptLHMEK_eI\/AAAAAAABAoA\/tWOAeAVzAqURSwK_vdY8UNtNAA3_fKu3wCEwYBhgLKs0DAL1OcqymDdVWua6FHqgsAi7jzAmhw0TMSsjLpPttKAn5W3VN_nh2pCdsThXqVrEPOyOI7QDXeHOds1Oy72XUlzKTuDxdaGMqyj5nTn03PSuseR2m7CnkKPZC4-iszJoS3AsVwkiMpjM_sakFrvYWrweMnOJy80SlSmwmCCPs86ti4ycIa7FvcIO0Tukij8v471l0OIu5MpI2h_6pANRVban66NAebmzZO0fACYgs38FVURGIIjAILh-XBwEfeZrwxgAuf2rfnle0Cj2j7h1YV5nubK0oY_yqD6i6g21vvJyv3D-4UbzJan9AeaZhZ1_cwYENVVvvgyBXPv3eRfDO6zF2mZUdTBcahnzHNqf9LmG-AQsaZW-bigFAgDdfmppY4YBtC3nsu2uKbOsxPITPLfvDpTNhMvr-7XpEJ3LueOdn5UjNFFo_MvafKIf0AVOYL62fzYqWZleDeIc4Tr2W_foOghNi3tgFICZXc8TfMEc_ig4IWQxTCBymBp68DgE3GCkbuxShN5OF1GIzyqO49rQAGB0WAVFiq8h7JTlWHBeqGtnmGWkvW8904iNEn0qUHv3JZlMOlQSN3B_VZbPHhRvQmupVCoc1ZNkj-GUwsp_t9AU\/s400\/500_F_327922973_qp2ztKdclfpTLzXEPIuHWDqgVsSUOUx5.jpg\" width=\"400\" \/><\/a><br \/>Fonte: <a href=\"http:\/\/freepik.com\/\">Freepik.com<\/a><\/div>\n<div style=\"clear: both; text-align: right;\"><\/div>\n<div style=\"text-align: right;\"><\/div>\n<div style=\"text-align: justify;\">Nunca antes na hist\u00f3ria recente da humanidade, vivemos um per\u00edodo t\u00e3o dif\u00edcil, numa semana t\u00e3o especial para os crist\u00e3os. A dissemina\u00e7\u00e3o do Covid-19 no mundo, a sua letalidade e as dificuldades que os diferentes governos t\u00eam tido na condu\u00e7\u00e3o da preven\u00e7\u00e3o e tratamento da doen\u00e7a revelam um fato indiscut\u00edvel: s\u00f3 os Estados que possuem, neste per\u00edodo, governos que se negam a propor um trade-off entre vida e economia e, portanto, implementam o isolamento social com vigor e rapidez, conseguem reduzir o ritmo dessa dissemina\u00e7\u00e3o.<\/div>\n<div style=\"text-align: justify;\"><\/div>\n<div style=\"text-align: justify;\">Esse fato \u00e9 apenas parte do problema. H\u00e1 muitos outros. O v\u00edrus \u00e9 resultado de muta\u00e7\u00e3o recente que lhe permitiu atacar humanos, logo, n\u00e3o h\u00e1 vacinas, nem um protocolo preciso, pois at\u00e9 os sintomas da doen\u00e7a s\u00e3o mutantes. N\u00e3o havia preparo para o enfrentamento desse quadro, n\u00e3o h\u00e1 testes em quantidades necess\u00e1rias, os dados s\u00e3o pouco confi\u00e1veis e sup\u00f5e-se uma subnotifica\u00e7\u00e3o de casos no mundo.<\/div>\n<div style=\"text-align: justify;\"><\/div>\n<div style=\"text-align: justify;\">Neste contexto, escancara-se uma situa\u00e7\u00e3o que estava subentendida, cifrada, guardada: quarenta anos de neoliberalismo, de redu\u00e7\u00e3o dos gastos sociais, de imposi\u00e7\u00e3o de uma efici\u00eancia privada versus a suposta inefici\u00eancia p\u00fablica, de flexibiliza\u00e7\u00e3o e precariza\u00e7\u00e3o das rela\u00e7\u00f5es de trabalho, de perda de participa\u00e7\u00e3o do sal\u00e1rio na renda, de amplia\u00e7\u00e3o das desigualdades sociais e de renda, dependendo de como cada pa\u00eds construiu o seu pr\u00f3prio caminho explodiu: os sistemas de sa\u00fade n\u00e3o d\u00e3o conta. No Brasil, de 2016 para c\u00e1, 22 bilh\u00f5es de reais foram retirados da rubrica de sa\u00fade.&nbsp;<\/div>\n<div style=\"text-align: justify;\"><\/div>\n<div style=\"text-align: justify;\">Uma constata\u00e7\u00e3o irrefut\u00e1vel \u00e9 de que o Estado \u00e9 o \u00fanico agente capaz de conferir alguma racionalidade \u00e0 crise. Este fato est\u00e1 sendo reconhecido, pelos pa\u00edses ricos (o tio Sam est\u00e1 propondo o maior programa de salva\u00e7\u00e3o do pais de sua hist\u00f3ria e pode emitir, sim, emitir at\u00e9 1 trilh\u00e3o de d\u00f3lares), pelos remediados e pobres, pela direita, pela esquerda, pelos liberais, pelos neoliberais, pelos democratas, pelos n\u00e3o democratas, pelos fascistas, enfim , por quem tem alguma voz neste momento. Mas, cada um querendo tirar uma \u201clasquinha\u201d maior do \u201cseu\u201d Estado. Pois \u00e9, descobrimos isso tamb\u00e9m: cada um tem o seu Estado particular. Estado m\u00ednimo, nem pensar. Os empres\u00e1rios usam o Estado para promover mudan\u00e7as emergenciais que os libere das responsabilidades como empregadores, em tempos de pandemia, mas quem sabe, depois tamb\u00e9m&#8230; Usam o Estado para fazer os trabalhadores voltarem mais r\u00e1pido para o batente, pois enfim, a economia n\u00e3o pode parar, n\u00e3o \u00e9 mesmo? Usam o Estado para postergar d\u00edvidas, j\u00e1 que n\u00e3o h\u00e1 vendas nem compradores e ainda fazer os bancos desempo\u00e7arem a grana que o Banco Central liberou para eles. Essa parte, \u00e9 a mais dif\u00edcil, pois os juros at\u00e9 subiram ap\u00f3s a pandemia, pasmem! O que nos faz lembrar a Dilma, em 2012, que conseguiu, em tempos saud\u00e1veis, baixar Selic e spreads, pois \u00e9, j\u00e1 vivemos isso, e \u00e9 bom n\u00e3o esquecer! Enfim, todos est\u00e3o compreendendo melhor como a economia funciona: sem trabalhadores, consumidores e Estado, decididamente, N\u00e3o!! E n\u00e3o adianta fazer contabilidade mentirosa e propor, PIB p\u00fablico e PIB privado, o que s\u00f3 evidencia a precariedade da equipe econ\u00f4mica. Enfim, o posto Ipiranga fechou. Ou nunca existiu?<\/div>\n<div style=\"text-align: justify;\"><\/div>\n<div style=\"text-align: justify;\">No Brasil de 2020, \u00e9 bem verdade que \u00e9 imprescind\u00edvel, o relaxamento da criminosa PEC 95, e n\u00e3o s\u00f3 durante a pandemia. O aux\u00edlio emergencial de 600 reais, que subverteu o desejo presidencial de 200 reais, certamente ter\u00e1 de ultrapassar os tr\u00eas meses previstos. No entanto, entre n\u00f3s, a dificuldade maior \u00e9 al\u00e9m de enfrentar o v\u00edrus, temos de enfrentar, ou pelo menos, sobreviver ao verme.<\/div>\n<div style=\"text-align: justify;\"><\/div>\n<div style=\"text-align: justify;\">Desde o in\u00edcio da chegada do v\u00edrus entre n\u00f3s, a a\u00e7\u00e3o do senhor eleito presidente da Rep\u00fablica, em 2018, tem sido de grande frieza e irresponsabilidade institucional e pessoal. Na realidade, at\u00e9 muito coerente com o seu desempenho desde sempre. No entanto, somos seres humanos amedrontados, inseguros diante de um desconhecido letal e \u00e9 natural, que esperemos uma atitude firme, propositiva e tranquilizadora do chefe de Estado.<\/div>\n<div style=\"text-align: justify;\"><\/div>\n<div style=\"text-align: justify;\">Ao contr\u00e1rio, as atitudes desde a atabalhoada viagem ao tio Sam, que trouxe 22 infectados, respons\u00e1veis por parte da dissemina\u00e7\u00e3o por aqui, sem contar dois casos de testes realizados, sem divulga\u00e7\u00e3o do diagn\u00f3stico, s\u00f3 tem sido de amplia\u00e7\u00e3o da inseguran\u00e7a e do medo entre n\u00f3s.<\/div>\n<div style=\"text-align: justify;\"><\/div>\n<div style=\"text-align: justify;\">O senhor presidente da Rep\u00fablica tentou escamotear o risco que se aproximava dos brasileiros, desqualificando a doen\u00e7a e reduzindo a sua for\u00e7a, ao chama-la de \u201cgripezinha\u201d, em lives, em TVs e ao encontrar o seu tresloucado p\u00fablico. De in\u00edcio, parecia querer acompanhar o seu c\u00famplice do Norte, na recorrente irresponsabilidade ao lidar com problemas t\u00e3o graves, como a sa\u00fade humana. Mesmo sem acreditar na doen\u00e7a, oferecia dia e noite, uma medica\u00e7\u00e3o milagrosa, a cloroquina, produzida por um laborat\u00f3rio, que tem entre os seus s\u00f3cios, o seu amigo do Norte. Caminhos insond\u00e1veis, pois n\u00e3o h\u00e1 qualquer confirma\u00e7\u00e3o cient\u00edfica da sua efic\u00e1cia para esse fim, mas h\u00e1 riscos graves reconhecidos de seu uso, como a surdez e o desequil\u00edbrio mental. A sorte dos brasileiros, foi que os governadores e prefeitos n\u00e3o seguiram o presidente, e decretaram o isolamento social, mesmo correndo o risco de serem responsabilizados por ele, pelo aprofundamento da crise econ\u00f4mica. A crise \u00e9 humanit\u00e1ria, nada mais relevante.<\/div>\n<div style=\"text-align: justify;\"><\/div>\n<div style=\"text-align: justify;\">Mesmo diante dos exemplos mundiais de \u00eaxito do isolamento social, em reduzir a dissemina\u00e7\u00e3o do v\u00edrus, esse senhor desrespeita as orienta\u00e7\u00f5es da OMS e do pr\u00f3prio Minist\u00e9rio da Sa\u00fade do Brasil e instiga o seu p\u00fablico a cobrar a reabertura do com\u00e9rcio, a tal volta \u00e0 normalidade. N\u00e3o satisfeito, convoca carreatas, frequenta padarias, feiras, promove aglomera\u00e7\u00f5es. Como disse muito bem o ator Pedro Cardoso, ele age como um torturador, quando amea\u00e7a demitir Mandetta e nos amea\u00e7a com Osmar Terra, sabidamente mais compromissado com ele e bem menos com todos n\u00f3s. N\u00e3o reclamem, se reclamarem, virei com o Terra (plana!). Mais chocada fiquei, quando soube que a primeira esposa do Terra foi torturada por Ustra, segundo ela mesma<a href=\"https:\/\/www.blogger.com\/blogger.g?blogID=2974965557809810859#_ftn1\">[1]<\/a>. N\u00e3o seria para o Terra querer dist\u00e2ncia de quem tem tal figura como her\u00f3i? Para rebater tamanha loucura, nada mais humano do que o Santo Padre Francisco, no domingo na Ressurei\u00e7\u00e3o de Jesus: Este n\u00e3o \u00e9 tempo para a indiferen\u00e7a, porque o mundo inteiro est\u00e1 sofrendo e deve sentir-se unido ao enfrentar a pandemia . Am\u00e9m, eu digo.<\/div>\n<div style=\"text-align: justify;\"><\/div>\n<div style=\"text-align: justify;\">Chegamos, enfim, na parte mais delicada, n\u00f3s, os idosos. Desde a estranha campanha eleitoral de 2018, era evidente que havia grupos sociais discriminados: mulheres, pobres, LGBTs, quilombolas, \u00edndios e nordestinos, esses predestinados a comer capim.<\/div>\n<div style=\"text-align: justify;\"><\/div>\n<div style=\"text-align: justify;\">Agora chegou a vez dos idosos. A longevidade, com qualidade de vida, \u00e9 um grande ganho da humanidade. N\u00e3o h\u00e1 o que discutir. No entanto, nesta pandemia, os idosos formam um dos grupos de risco, por sofrerem mais as consequ\u00eancias dos desdobramentos da doen\u00e7a. Eles, ou melhor, n\u00f3s, n\u00e3o a contra\u00edmos mais facilmente, mas sofremos mais com ela. No in\u00edcio, achava-se que a letalidade seria maior para esse grupo, o que n\u00e3o se confirmou. Esta constata\u00e7\u00e3o, ensejou o isolamento dos idosos, sem os seus amados netos e parentes. As crian\u00e7as s\u00e3o tidas como transmissores assintom\u00e1ticos. Logo, o senhor presidente incorporou uma chamada para a morte. Calma, todos n\u00f3s morremos um dia, mas de morte morrida, mas n\u00e3o morte matada, n\u00e3o acham?<\/div>\n<div style=\"text-align: justify;\"><\/div>\n<div style=\"text-align: justify;\">N\u00e3o, esse senhor acha que os velhos j\u00e1 viveram muito e poderiam suspender essa pantomima de isolamento e permitir que tudo volte ao normal. Qual normal? O de 2014? Boa pedida, mas n\u00e3o, \u00e9 o de 2020 mesmo. Como muitos idosos, hoje, no Brasil, sustentam at\u00e9 os netos, considerando o nosso baixo padr\u00e3o salarial e o alto desemprego, e ainda, a menor cobertura do Programa Bolsa Fam\u00edlia (PBF) que foi reduzido desde 2016, sem contar com os efeitos da reforma da previd\u00eancia de 2019, liberar o trabalho para os jovens que circulam de \u00f4nibus, \u00e9 mesmo, matar os idosos.<\/div>\n<div style=\"text-align: justify;\"><\/div>\n<div style=\"text-align: justify;\">Em Fortaleza, houve um caso peculiar. Um empres\u00e1rio, convicto apoiador do presidente, organizador de claques e de comiss\u00f5es de recep\u00e7\u00e3o em aeroportos declarou que, aos 74 anos de vida, achava razo\u00e1vel deixar mesmo a vez para os outros. N\u00e3o posso afirmar quais s\u00e3o as condi\u00e7\u00f5es de vida desse senhor, mas posso supor que ele n\u00e3o \u00e9 usu\u00e1rio de transporte coletivo, n\u00e3o faz jornadas longas de trabalho, \u00e9 bem alimentado, ingere medicamentos que o ajudam a manter a necess\u00e1ria imunidade e toma sol com regularidade; e se for acometido de Covid-19, ter\u00e1 uma UTI e um respirador ao seu dispor. Serve de exemplo?<\/div>\n<div style=\"text-align: justify;\"><\/div>\n<div style=\"text-align: justify;\">Para um presidente que n\u00e3o conhece a Constitui\u00e7\u00e3o que jurou cumprir, n\u00e3o espanta o seu desconhecimento do Estatuto do Idoso, de 2003, da gloriosa era Lula. Recorro ao Estatuto, porque esse senhor tem reiterado, publicamente, que o idoso, \u00e9 um problema de suas fam\u00edlias e n\u00e3o do Estado ou governo. Quais tem sido as consequ\u00eancias dessas afirma\u00e7\u00f5es em fam\u00edlias sofridas, pobres nas quais, ao mesmo tempo, que o av\u00f4 representa a possibilidade de mais um empr\u00e9stimo consignado que o neto quer, dessa vez, para atualizar o celular, ou quem sabe, apressar o casamento, representa tamb\u00e9m uma cama ou rede ocupada no ex\u00edguo barraco onde vivem e, ainda, o olhar s\u00e1bio\/cr\u00edtico, mesmo solid\u00e1rio, que critica o neto \u201cfora da linha\u201d? Meu Deus, quanta insensatez!<\/div>\n<div style=\"text-align: justify;\"><\/div>\n<div style=\"text-align: justify;\">O Estatuto do Idoso, senhor presidente, invalida todas as suas propostas e afirma do come\u00e7o ao fim, a reponsabilidade do Estado para com as pessoas com idade igual ou superior a 60( sessenta anos), ou seja, o idoso brasileiro, que goza de todos os direitos fundamentais inerentes \u00e0 pessoa humana, sendo ainda o grupo priorit\u00e1rio na execu\u00e7\u00e3o das pol\u00edticas p\u00fablicas. S\u00f3 para exemplificar, no seu Artigo 3, \u00e9 afirmado: \u00e9 obriga\u00e7\u00e3o da fam\u00edlia, da sociedade e do poder p\u00fablico assegurar ao idoso, com absoluta prioridade, a efetiva\u00e7\u00e3o do direito \u00e0 vida, \u00e0 sa\u00fade, \u00e0 alimenta\u00e7\u00e3o, \u00e0 educa\u00e7\u00e3o, \u00e0 cultura , ao esporte, ao lazer, ao trabalho, \u00e0 cidadania, \u00e0 liberdade, \u00e0 dignidade, ao respeito e \u00e0 conviv\u00eancia familiar . Prosseguindo para o Artigo 4o. vai afirmar que o idoso n\u00e3o pode ser alvo de qualquer discrimina\u00e7\u00e3o. Pois \u00e9 , senhor presidente, o senhor neste caso, \u00e9 um fora da lei.<\/div>\n<div style=\"text-align: justify;\"><\/div>\n<div style=\"text-align: justify;\">Na semana passada foi Semana Santa, a l\u00f3gica de criar aglomera\u00e7\u00f5es continua. Ontem, algumas capitais brasileiras \u201csofreram\u201d carreatas e aglomera\u00e7\u00f5es nas quais o presidente promove um verdadeiro \u201cabra\u00e7o de afogados\u201d entre os seus aliados e sem qualquer pudor. Triste Brasil. Hoje, o prefeito de Manaus, capital do Amazonas, do PSDB, partido aliado, a princ\u00edpio da base do governo, uma das cidades com maior \u00edndice de contamina\u00e7\u00e3o, afirmou: \u201co presidente \u00e9 um aliado do v\u00edrus\u201d. Hoje, tamb\u00e9m,  o senhor presidente acusa o isolamento social de ser culpado pelo desemprego, quando em um ano e quatro meses de governo nada fez para promover o crescimento econ\u00f4mico e o emprego. Na realidade, ele busca, a esmo, terceirizar o seu fracasso. Contrariamente, ao seu modelo, Trump, que prolongou o isolamento social at\u00e9 30 de abril, o presidente brasileiro aposta no caos e aprofunda o desrespeito aos brasileiros.<\/div>\n<div style=\"text-align: justify;\"><\/div>\n<div style=\"text-align: justify;\">Mas, o domingo da Ressurei\u00e7\u00e3o \u00e9 sempre um dia m\u00e1gico, de retomada da f\u00e9, de esperan\u00e7a e de renova\u00e7\u00e3o. E n\u00e3o foi diferente. Tivemos o primeiro ministro da Inglaterra, Boris Johnson, no ber\u00e7o do capitalismo, da industrializa\u00e7\u00e3o e do neoliberalismo, afirmar que se curou do Covid-19 gra\u00e7as ao sistema p\u00fablico de sa\u00fade, a quem deve a sua vida: \u201cnunca agradecerei o suficiente\u201d. Tivemos tamb\u00e9m o Andrea Bocelli, no Duomo de Mil\u00e3o, vazio, vazio, vazio, mas pleno de emo\u00e7\u00e3o e esperan\u00e7a. Pois \u00e9, cabe a n\u00f3s interpretar os sinais.<\/div>\n<div style=\"text-align: justify;\"><\/div>\n<div style=\"text-align: justify;\"><\/div>\n<div style=\"text-align: justify;\"><a href=\"https:\/\/www.blogger.com\/blogger.g?blogID=2974965557809810859#_ftnref1\">[1]<\/a> NOGUEIRA, Kiko. Ex-mulher de Osmar Terra foi torturada por Ustra, \u00eddolo do sujeito que ele bajula por um cargo. <i>Di\u00e1rio do Centro do Mundo. <\/i>11 de abril de 2020 Acesso em: 12 de abril de 2020. Dispon\u00edvel em: <a href=\"https:\/\/www.diariodocentrodomundo.com.br\/ex-mulher-de-osmar-terra-foi-torturada-por-ustra-idolo-do-sujeito-que-ele-bajula-por-um-cargo-por-kiko-nogueira\/\">https:\/\/www.diariodocentrodomundo.com.br\/ex-mulher-de-osmar-terra-foi-torturada-por-ustra-idolo-do-sujeito-que-ele-bajula-por-um-cargo-por-kiko-nogueira\/<\/a><\/div>\n<div style=\"text-align: justify;\"><\/div>\n<div style=\"text-align: justify;\"><\/div>\n<div style=\"text-align: justify;\"><i><b>Liana Carleial <\/b>\u00e9 economista, professora titular em economia da UFPR e associada do Centro Celso Furtado. E-mail: liana.carleial@gmail.com<\/i><\/div>\n<div style=\"text-align: justify;\"><\/div>\n<div style=\"text-align: justify;\"><\/div>\n<div style=\"text-align: justify;\"><\/div>\n<blockquote style=\"text-align: justify;\"><p><b>Como citar:&nbsp;<\/b><\/p>\n<p>CARLEIAL, Liana. O v\u00edrus, os idosos e o \u201cabra\u00e7o de afogados\u201d. Di\u00e1logos Internacionais, vol. 7, n. 70, Abril, 2020. Acesso em: 18 de abril de 2020. Dispon\u00edvel em: <a href=\"http:\/\/www.dialogosinternacionais.com.br\/2020\/04\/o-virus-os-idosos-e-o-abraco-de-afogados.html\">http:\/\/www.dialogosinternacionais.com.br\/2020\/04\/o-virus-os-idosos-e-o-abraco-de-afogados.html<\/a><\/p><\/blockquote>\n","protected":false},"excerpt":{"rendered":"<p>Volume 7 | N\u00famero 70 | Abr. 2020 Por Liana Carleial Fonte: Freepik.com<\/p>\n","protected":false},"author":3,"featured_media":0,"comment_status":"closed","ping_status":"open","sticky":false,"template":"","format":"standard","meta":{"footnotes":""},"categories":[658],"tags":[],"class_list":["post-1621","post","type-post","status-publish","format-standard","hentry","category-volume7"],"_links":{"self":[{"href":"https:\/\/dialogosinternacionais.com.br\/index.php?rest_route=\/wp\/v2\/posts\/1621","targetHints":{"allow":["GET"]}}],"collection":[{"href":"https:\/\/dialogosinternacionais.com.br\/index.php?rest_route=\/wp\/v2\/posts"}],"about":[{"href":"https:\/\/dialogosinternacionais.com.br\/index.php?rest_route=\/wp\/v2\/types\/post"}],"author":[{"embeddable":true,"href":"https:\/\/dialogosinternacionais.com.br\/index.php?rest_route=\/wp\/v2\/users\/3"}],"replies":[{"embeddable":true,"href":"https:\/\/dialogosinternacionais.com.br\/index.php?rest_route=%2Fwp%2Fv2%2Fcomments&post=1621"}],"version-history":[{"count":1,"href":"https:\/\/dialogosinternacionais.com.br\/index.php?rest_route=\/wp\/v2\/posts\/1621\/revisions"}],"predecessor-version":[{"id":2289,"href":"https:\/\/dialogosinternacionais.com.br\/index.php?rest_route=\/wp\/v2\/posts\/1621\/revisions\/2289"}],"wp:attachment":[{"href":"https:\/\/dialogosinternacionais.com.br\/index.php?rest_route=%2Fwp%2Fv2%2Fmedia&parent=1621"}],"wp:term":[{"taxonomy":"category","embeddable":true,"href":"https:\/\/dialogosinternacionais.com.br\/index.php?rest_route=%2Fwp%2Fv2%2Fcategories&post=1621"},{"taxonomy":"post_tag","embeddable":true,"href":"https:\/\/dialogosinternacionais.com.br\/index.php?rest_route=%2Fwp%2Fv2%2Ftags&post=1621"}],"curies":[{"name":"wp","href":"https:\/\/api.w.org\/{rel}","templated":true}]}}