{"id":1628,"date":"2020-03-16T19:10:00","date_gmt":"2020-03-16T22:10:00","guid":{"rendered":"https:\/\/dialogosinternacionais.com.br\/?p=1628"},"modified":"2022-05-05T00:30:45","modified_gmt":"2022-05-05T03:30:45","slug":"o-coronavirus-sars-cov-2-covid-19-e-a-politica-internacional","status":"publish","type":"post","link":"https:\/\/dialogosinternacionais.com.br\/?p=1628","title":{"rendered":"O Coronav\u00edrus (SARS-Cov-2 \/ Covid-19) e a Pol\u00edtica Internacional"},"content":{"rendered":"<p><b style=\"background-color: white; color: #333333; font-family: &quot;Trebuchet MS&quot;, Trebuchet, Verdana, sans-serif; font-size: 13.2px; text-align: justify;\">Volume 7 | N\u00famero 69 | Mar. 2020<\/b><\/p>\n<div>\n<div style=\"text-align: justify;\"><span style=\"color: #333333; font-family: &quot;trebuchet ms&quot; , &quot;trebuchet&quot; , &quot;verdana&quot; , sans-serif;\"><span style=\"font-size: 13.2px;\"><b><br \/><\/b><\/span><\/span><\/div>\n<div style=\"clear: both; text-align: center;\"><a href=\"https:\/\/upload.wikimedia.org\/wikipedia\/commons\/thumb\/7\/7c\/2019-nCoV-CDC-23312.png\/800px-2019-nCoV-CDC-23312.png\" style=\"margin-left: 1em; margin-right: 1em;\"><img fetchpriority=\"high\" decoding=\"async\" border=\"0\" data-original-height=\"760\" data-original-width=\"800\" height=\"304\" src=\"https:\/\/upload.wikimedia.org\/wikipedia\/commons\/thumb\/7\/7c\/2019-nCoV-CDC-23312.png\/800px-2019-nCoV-CDC-23312.png\" width=\"320\" \/><\/a><\/div>\n<div style=\"text-align: justify;\"><span style=\"color: #333333; font-family: &quot;trebuchet ms&quot; , &quot;trebuchet&quot; , &quot;verdana&quot; , sans-serif;\"><span style=\"font-size: 13.2px;\"><b><br \/><\/b><\/span><\/span><\/div>\n<p><\/p>\n<div style=\"text-align: right;\">Por Eduardo Morrot<a href=\"https:\/\/www.blogger.com\/blogger.g?rinli=1&amp;pli=1&amp;blogID=2974965557809810859#_ftn1\">[1]<\/a><\/div>\n<div style=\"text-align: right;\">Artigo escrito no dia 03\/03 e atualizado no dia 11\/03. <a href=\"https:\/\/www.blogger.com\/blogger.g?rinli=1&amp;pli=1&amp;blogID=2974965557809810859#_ftn2\">[2]<\/a><\/div>\n<p><\/p>\n<div style=\"text-align: justify;\">Com in\u00edcio em dezembro de 2019 na cidade Chinesa de Wuhan, o surto de uma nova vers\u00e3o de Coronav\u00edrus (denominado SARS-Cov-2, sendo a doen\u00e7a causada por ele chamada de Covid-19) toma propor\u00e7\u00f5es mundiais. A Organiza\u00e7\u00e3o Mundial de Sa\u00fade (OMS) que j\u00e1 o colocava no mais alto patamar de risco epid\u00eamico mundial<a href=\"https:\/\/www.blogger.com\/blogger.g?rinli=1&amp;pli=1&amp;blogID=2974965557809810859#_edn1\">[i]<\/a>, ap\u00f3s muita hesita\u00e7\u00e3o devido aos impactos pol\u00edticos e sociais que isso acarreta, declarou o status de pandemia global<a href=\"https:\/\/www.blogger.com\/blogger.g?rinli=1&amp;pli=1&amp;blogID=2974965557809810859#_edn2\">[ii]<\/a> no dia 11\/03 ap\u00f3s mais de 118 mil casos serem confirmados em 114 pa\u00edses com 4292 mortes.<\/div>\n<div style=\"text-align: justify;\"><\/div>\n<div style=\"text-align: justify;\">O objetivo desse texto n\u00e3o \u00e9 tirar as muitas d\u00favidas a respeito da doen\u00e7a. Essa importante tarefa de combater a desinforma\u00e7\u00e3o e o p\u00e2nico j\u00e1 est\u00e1 sendo cumprida por v\u00e1rios portais aos quais indico leitura como esta e outras reportagens did\u00e1tica da BBC Brasil<a href=\"https:\/\/www.blogger.com\/blogger.g?rinli=1&amp;pli=1&amp;blogID=2974965557809810859#_ftn3\">[3]<\/a>, os sites espec\u00edficos para o Coronav\u00edrus do Minist\u00e9rio da Sa\u00fade<a href=\"https:\/\/www.blogger.com\/blogger.g?rinli=1&amp;pli=1&amp;blogID=2974965557809810859#_ftn4\">[4]<\/a> e da OMS<a href=\"https:\/\/www.blogger.com\/blogger.g?rinli=1&amp;pli=1&amp;blogID=2974965557809810859#_ftn5\">[5]<\/a> e em n\u00edvel mais profundo a reuni\u00e3o de estudos cient\u00edficos no portal Lancet<a href=\"https:\/\/www.blogger.com\/blogger.g?rinli=1&amp;pli=1&amp;blogID=2974965557809810859#_ftn6\">[6]<\/a>. De qualquer forma, \u00e9 importante refor\u00e7ar que \u00e9 necess\u00e1rio tomar apenas medidas recomendadas por especialistas e que o p\u00e2nico e a desinforma\u00e7\u00e3o tendem a atrapalhar os esfor\u00e7os.<\/div>\n<div style=\"text-align: justify;\"><\/div>\n<div style=\"text-align: justify;\">O que pouco se debateu at\u00e9 agora s\u00e3o os efeitos pol\u00edticos, econ\u00f4micos e sociais que o surto de Covid-19 pode trazer. Pandemias, ao infectar milhares de pessoas de uma s\u00f3 vez, testam at\u00e9 o limite a capacidade de resposta e conten\u00e7\u00e3o dos sistemas nacionais de sa\u00fade &#8211; e criam o caos nos pa\u00edses onde ele \u00e9 deficiente. O p\u00e2nico pode criar rupturas sociais que refor\u00e7am preconceitos racistas e jogam a culpa para bodes expiat\u00f3rios; pol\u00edticos podem usam a crise para dividir ainda mais a sociedade e se promover atacando o governo; a m\u00e1 resposta de governos ao conter a crise pode tanto diminuir sua legitimidade quanto gerar graves preju\u00edzos \u00e0 economia.<\/div>\n<div style=\"text-align: justify;\"><a name='more'><\/a><\/div>\n<div style=\"text-align: justify;\">Com uma taxa de letalidade calculada at\u00e9 agora entre 1,5% e 3,5%<a href=\"https:\/\/www.blogger.com\/blogger.g?rinli=1&amp;pli=1&amp;blogID=2974965557809810859#_edn3\">[iii]<\/a> (a OMS calculou 3,4% com base nas mortes e casos confirmados at\u00e9 3 de Mar\u00e7o, mas esse n\u00famero ainda \u00e9 incerto pois muitos casos s\u00e3o subnotificados e muitos pacientes ainda n\u00e3o se recuperaram)<a href=\"https:\/\/www.blogger.com\/blogger.g?rinli=1&amp;pli=1&amp;blogID=2974965557809810859#_edn4\">[iv]<\/a> e muito correlacionada com idosos e pessoas j\u00e1 com outras doen\u00e7as, o Covid-19 \u00e9 mais forte do que uma gripe (0,1%) ou resfriado comum, mas muito menos letal que outras epidemias recentes como o SARS (10%) e MERS (34%). A quest\u00e3o \u00e9 que, com a maior parte dos infectados apresentando sintomas leves e uma alta taxa de dispers\u00e3o, \u00e9 muito mais dif\u00edcil conter a doen\u00e7a uma vez estabelecida em um local.<\/div>\n<div style=\"text-align: justify;\"><\/div>\n<div style=\"text-align: justify;\">Um exemplo a ser lembrado para n\u00e3o repetirmos foi a epidemia de \u201cGripe Espanhola\u201d<a href=\"https:\/\/www.blogger.com\/blogger.g?rinli=1&amp;pli=1&amp;blogID=2974965557809810859#_ftn7\">[7]<\/a> em 1918 que, em alguns c\u00e1lculos, possuiu taxa similar de mortalidade ao Covid-19. No entanto, devido \u00e0s condi\u00e7\u00f5es da guerra, da m\u00e1 resposta dos pa\u00edses e da inexist\u00eancia de antibi\u00f3ticos (para tratar as infec\u00e7\u00f5es bacterianas secund\u00e1rias) e medicamentos modernos, a Gripe de 1918 chegou a infectar cerca de 27% da popula\u00e7\u00e3o mundial e matou milh\u00f5es de pessoas (calcula-se entre 40 e 50 milh\u00f5es).<a href=\"https:\/\/www.blogger.com\/blogger.g?rinli=1&amp;pli=1&amp;blogID=2974965557809810859#_ftn8\">[8]<\/a><\/div>\n<div style=\"text-align: justify;\"><\/div>\n<div style=\"text-align: justify;\">Cem anos depois, a resposta ao Coronav\u00edrus foi muito diferente. O governo da China, pa\u00eds de origem da doen\u00e7a, que havia sido criticado pelo manejo da SARS em 2003, foi elogiado pela sua resposta ao Covid-19. A China talvez seja o pa\u00eds mais preparado para lidar com a doen\u00e7a, por sua combina\u00e7\u00e3o \u00fanica de um sistema de sa\u00fade p\u00fablico desenvolvido e um sistema pol\u00edtico fechado que permite grande controle sobre os cidad\u00e3os. Com medidas dr\u00e1sticas como a constru\u00e7\u00e3o de hospitais em dez dias, a quarentena de cidades inteiras (com dezenas de milh\u00f5es de habitantes) e a interna\u00e7\u00e3o compuls\u00f3ria dos doentes, o governo chin\u00eas conseguiu conter a maior parte dos casos em Wuhan e reduzir o n\u00famero de novas infec\u00e7\u00f5es. Desde 25 de fevereiro surgem mais casos novos fora da China, do que dentro dela<a href=\"https:\/\/www.blogger.com\/blogger.g?rinli=1&amp;pli=1&amp;blogID=2974965557809810859#_edn5\">[v]<\/a> e no relat\u00f3rio da OMS de 11 de Mar\u00e7o apenas 31 novos casos foram confirmados nas \u00faltimas 24h (uma redu\u00e7\u00e3o extremamente acentuada em rela\u00e7\u00e3o ao pico de 3.887 no dia 04 de Fevereiro). Ainda assim, com mais de 80.000 casos confirmados at\u00e9 agora a China \u00e9 de longe o pa\u00eds mais afetado. Apesar dos resultados positivos da conten\u00e7\u00e3o, ainda sobram consequ\u00eancias negativas: os secret\u00e1rios do Partido Comunista de Wuhan e de Hubei foram destitu\u00eddos pela sua m\u00e1 gest\u00e3o<a href=\"https:\/\/www.blogger.com\/blogger.g?rinli=1&amp;pli=1&amp;blogID=2974965557809810859#_edn6\">[vi]<\/a>, a economia da China parece desacelerar e explodem relatos de racismo com cidad\u00e3os do pa\u00eds (e asi\u00e1ticos em geral) devido \u00e0 doen\u00e7a. Al\u00e9m disso, ativistas receiam que o surto de coronav\u00edrus tamb\u00e9m seja utilizado pelo governo para apertar seu controle sobre a popula\u00e7\u00e3o e restringir direitos humanos<a href=\"https:\/\/www.blogger.com\/blogger.g?rinli=1&amp;pli=1&amp;blogID=2974965557809810859#_edn7\">[vii]<\/a>.<\/div>\n<div style=\"text-align: justify;\"><\/div>\n<div style=\"text-align: justify;\">Vizinhos da China, a Coreia do Sul e o Jap\u00e3o foram os primeiros afetados pela doen\u00e7a. A Coreia \u00e9 o segundo pa\u00eds com mais casos registrados (7.755 casos at\u00e9 agora), com uma explos\u00e3o de casos relacionada a uma grande igreja em Daegu &#8211; a taxa de letalidade na Coreia \u00e9 mais baixa, com apenas 60 mortos at\u00e9 agora, o que pode ser um indicativo tanto de uma muta\u00e7\u00e3o menos letal quanto de uma maior capacidade de tratamento por parte do sistema de sa\u00fade do pa\u00eds. No Jap\u00e3o a quantidade de casos \u00e9 menor (568), mas a preocupa\u00e7\u00e3o \u00e9 grande devido ao grau de envelhecimento da sua popula\u00e7\u00e3o e ao fato de que as Olimp\u00edadas de T\u00f3quio est\u00e3o marcadas para Junho de 2020. A paralisa\u00e7\u00e3o da atividade econ\u00f4mica devido a epidemia deve aumentar a j\u00e1 forte tend\u00eancia \u00e0 recess\u00e3o pelo qual o pa\u00eds passa em 2020. Especial destaque vai para o Cruzeiro Diamond Princess que foi infectado por um passageiro de Hong Kong e durante sua quarentena no Porto de Yokohama viu os casos explodirem para 634 em duas semanas. N\u00e3o existem dados sobre a Coreia do Norte, apesar de negar a exist\u00eancia de casos, o governo vem tomando medidas dr\u00e1sticas como o fechamento da fronteira com a China (por onde passam 90% do seu com\u00e9rcio) e a quarentena de estrangeiros &#8211; a preocupa\u00e7\u00e3o \u00e9 tanto no cen\u00e1rio negativo por uma infec\u00e7\u00e3o generalizada no pa\u00eds que conta com poucos recursos, quanto no cen\u00e1rio \u201cpositivo\u201d por uma grave crise econ\u00f4mica.<\/div>\n<div style=\"text-align: justify;\"><\/div>\n<div style=\"text-align: justify;\">Ainda na \u00c1sia, o Ir\u00e3 \u00e9 o terceiro pa\u00eds com mais casos (8.042), com muitas cr\u00edticas<a href=\"https:\/\/www.blogger.com\/blogger.g?rinli=1&amp;pli=1&amp;blogID=2974965557809810859#_edn8\">[viii]<\/a> \u00e0 forma como o governo lidou ao negar o surto inicialmente e hesitar em ordenar a quarentena de mesquitas e locais religiosos, como a cidade de Qom (centro da epidemia no pa\u00eds). A baixa confian\u00e7a no governo e nas estimativas oficiais facilitam a expans\u00e3o de fake news e \u00e9 dif\u00edcil distinguir o que \u00e9 verdade ou mentira em in\u00fameros registros n\u00e3o-oficiais, existindo a possibilidade da quantidade de casos ser muito maior que o reportado. Chegou-se ao ponto do vice-ministro da sa\u00fade aparecer doente durante uma entrevista para \u201cdirimir preocupa\u00e7\u00f5es\u201d e ser diagnosticado com o Covid-19 logo ap\u00f3s. N\u00e3o foi o \u00fanico, outros membros do governo tamb\u00e9m foram diagnosticados e pelo menos 23 membros do Parlamento Iraniano<a href=\"https:\/\/www.blogger.com\/blogger.g?rinli=1&amp;pli=1&amp;blogID=2974965557809810859#_edn9\">[ix]<\/a>. Somada aos protestos internos, \u00e0 escalada do conflito com os EUA e a recente derrubada por acidente de um avi\u00e3o de passageiros com 176 pessoas a bordo, a m\u00e1 gest\u00e3o da crise por parte do governo iraniano diminui a sua legitimidade e enfraquece o regime como um todo. Ainda mais preocupante \u00e9 o fato do Ir\u00e3 ser muito pr\u00f3ximo de zonas de guerra como o Afeganist\u00e3o, a S\u00edria e o Iraque (al\u00e9m de possuir rela\u00e7\u00f5es pr\u00f3ximas com os Houthis no I\u00eamen) &#8211; a chegada do v\u00edrus nesses locais sem infraestrutura e em situa\u00e7\u00e3o de conflito pode ser catastr\u00f3fica.<\/div>\n<div style=\"text-align: justify;\"><\/div>\n<div style=\"text-align: justify;\">Na Europa o principal pa\u00eds atingido \u00e9 a It\u00e1lia (que j\u00e1 atinge 10149 casos e 631 mortes), o surto se iniciou na regi\u00e3o da Lombardia mas j\u00e1 atingiu o pa\u00eds inteiro gerando uma grave crise tanto m\u00e9dica, quanto pol\u00edtica \u2013 com uma briga entre o governo nacional e a extrema direita (que governa estados como a Lombardia) sobre a responsabilidade que s\u00f3 atrapalha os esfor\u00e7os. Os vizinhos Fran\u00e7a, Alemanha e Espanha tamb\u00e9m contam com mais de mil casos em cada, indicando a transmiss\u00e3o continuada local. A exemplo da It\u00e1lia, a explos\u00e3o dos casos nesses pa\u00edses de democracia liberal pode servir de pretexto para pol\u00edticos de extrema-direita inspirarem medo e pautarem o fechamento de fronteiras e o aperto \u00e0 imigra\u00e7\u00e3o (medidas que ao que tudo indica, s\u00e3o ineficazes e apenas espalham o medo), minando a Uni\u00e3o Europ\u00e9ia e atacando os estrangeiros.<a href=\"https:\/\/www.blogger.com\/blogger.g?rinli=1&amp;pli=1&amp;blogID=2974965557809810859#_edn10\">[x]<\/a><\/div>\n<div style=\"text-align: justify;\"><\/div>\n<div style=\"text-align: justify;\">No Brasil, contava-se 34 casos (em 11\/03) em sua maioria provenientes da It\u00e1lia, mas \u00e9 n\u00edtido o in\u00edcio do cont\u00e1gio local. Devido a exist\u00eancia de um sistema p\u00fablico de sa\u00fade p\u00fablico e universal como o SUS, possu\u00edmos uma boa capacidade para enfrentar epidemias. Apesar da p\u00e9ssima resposta do Presidente Jair Bolsonaro de n\u00e3o repatriar os brasileiros que estavam em Wuhan e mostrar desconhecimento sobre o escopo da epidemia, o Minist\u00e9rio da Sa\u00fade vem agindo conforme as recomenda\u00e7\u00f5es internacionais. O Ministro Mandetta, apesar de se posicionar \u00e0 direita no espectro pol\u00edtico em favor de planos de sa\u00fade e contr\u00e1rio aos m\u00e9dicos cubanos, \u00e9 m\u00e9dico de carreira e vem atuando de forma competente &#8211; enfrentando inclusive medidas alarmistas propostas por governadores e outros ministros ligados a \u201cala olavista\u201d. Ainda assim, \u00e9 prov\u00e1vel que os casos se ampliem a partir de agora e podemos passar por uma fase ainda pior com a chegada do inverno. Nosso sistema de sa\u00fade p\u00fablica, apesar de avan\u00e7ados em termos de concep\u00e7\u00e3o, ainda sofre com falta de verbas. Com poucos leitos dispon\u00edveis de UTI, outras doen\u00e7as end\u00eamicas em ascens\u00e3o (como Dengue, Pneumonia e Sarampo) e uma grande varia\u00e7\u00e3o na capacidade de atendimento em diferentes Estados (alguns, como o Rio de Janeiro, em completa crise de sa\u00fade) um surto explosivo de Coronav\u00edrus pode causar um caos na sa\u00fade p\u00fablica.<\/div>\n<div style=\"text-align: justify;\"><\/div>\n<div style=\"text-align: justify;\">Com 696 casos e 25 mortes, os EUA tamb\u00e9m come\u00e7am a ser atingidos pelo Coronav\u00edrus. Se Trump at\u00e9 ent\u00e3o diminu\u00eda o impacto da doen\u00e7a, no dia 11\/03 tomou a medida extremamente dr\u00e1stica de suspens\u00e3o de todos os v\u00f4os provenientes da Uni\u00e3o Europeia. \u00c9 importante salientar que, num pa\u00eds como os EUA sem um sistema p\u00fablico de sa\u00fade, os resultados da instala\u00e7\u00e3o de uma epidemia como essa podem ser muito graves e as possibilidades de conten\u00e7\u00e3o mais dif\u00edceis &#8211; com preju\u00edzos sobretudo para aqueles n\u00e3o cobertos por planos de sa\u00fade. Em ano eleitoral, isso pode refor\u00e7ar o debate sobre a necessidade de pol\u00edticas de sa\u00fade como o \u201cMedicare for All\u201d proposto por Bernie Sanders.<\/div>\n<div style=\"text-align: justify;\"><\/div>\n<div style=\"text-align: justify;\">Com a explos\u00e3o de casos na Europa e a percep\u00e7\u00e3o no final de semana de que o Coronav\u00edrus inevitavelmente teria impacto global, as bolsas de valores do mundo abriram na segunda feira (09\/03) em queda brusca<a href=\"https:\/\/www.blogger.com\/blogger.g?rinli=1&amp;pli=1&amp;blogID=2974965557809810859#_edn11\">[xi]<\/a>. A redu\u00e7\u00e3o da demanda por petr\u00f3leo gerou um conflito entre a Ar\u00e1bia Saudita e a R\u00fassia em que a \u00faltima se negou a reduzir junto dos pa\u00edses da OPEP a produ\u00e7\u00e3o de petr\u00f3leo para manter os pre\u00e7os altos. Em retalia\u00e7\u00e3o, a Ar\u00e1bia Saudita (que tem um pre\u00e7o de produ\u00e7\u00e3o de petr\u00f3leo mais barato do que a maior parte do mundo) ampliou a sua produ\u00e7\u00e3o e fez os pre\u00e7os ca\u00edrem em mais de 30%, quebrando empresas de petr\u00f3leo do mundo inteiro e amplificando a crise causada pelo Coronav\u00edrus. Com a declara\u00e7\u00e3o de pandemia pela OMS e a suspens\u00e3o de v\u00f4os da UE para os EUA decretada por Trump, as bolsas entraram em queda brusca novamente no dia 11\/03<a href=\"https:\/\/www.blogger.com\/blogger.g?rinli=1&amp;pli=1&amp;blogID=2974965557809810859#_edn12\">[xii]<\/a>.<\/div>\n<div style=\"text-align: justify;\"><\/div>\n<div style=\"text-align: justify;\">Pa\u00edses afora, setores ligados ao tr\u00e2nsito internacional de pessoas como a avia\u00e7\u00e3o comercial e o turismo foram gravemente afetados, grandes eventos est\u00e3o sendo cancelados e cadeias de produ\u00e7\u00e3o complexas est\u00e3o parando por falta de insumos provenientes de pa\u00edses afetados pelo Coronav\u00edrus. A l\u00f3gica da globaliza\u00e7\u00e3o \u00e9 posta em xeque por um v\u00edrus e a economia mundial que j\u00e1 vinha em marcha lenta vai ser afetada ainda mais &#8211; sempre bom lembrar que as estruturas capitalistas que permitem o atual n\u00edvel de com\u00e9rcio mundial s\u00e3o mais fr\u00e1geis do que se pensa e pertencem a um espec\u00edfico tempo hist\u00f3rico e pol\u00edtico.<\/div>\n<div style=\"text-align: justify;\"><\/div>\n<div style=\"text-align: justify;\">N\u00e3o se sabe at\u00e9 quando e onde essa nova epidemia ir\u00e1, mas as chances de cont\u00ea-la praticamente se esgotaram &#8211; pesquisas apontam que a pandemia pode atingir a maioria da popula\u00e7\u00e3o mundial<a href=\"https:\/\/www.blogger.com\/blogger.g?rinli=1&amp;pli=1&amp;blogID=2974965557809810859#_edn13\">[xiii]<\/a>. Agora s\u00e3o exigidas medidas en\u00e9rgicas e muita informa\u00e7\u00e3o por parte dos governos para garantir que ela pelo menos n\u00e3o se alastre t\u00e3o r\u00e1pido a ponto de fugir do controle dos sistemas de sa\u00fade. A chegada da primavera\/ver\u00e3o no hemisf\u00e9rio norte pode significar um al\u00edvio na dispers\u00e3o do v\u00edrus, mas o inverso \u00e9 v\u00e1lido no hemisf\u00e9rio sul com o frio do outono\/inverno. A Gripe Espanhola \u201cterminou\u201d quando o v\u00edrus sofreu muta\u00e7\u00f5es que reduziam sua letalidade (e boa parte da popula\u00e7\u00e3o mundial j\u00e1 havia sido infectada e adquirido imunidade). Ainda assim a sua estirpe de gripe H1N1 permanece corrente at\u00e9 hoje, causando surtos como a Gripe Su\u00edna de 2009. As chances de isolar e extinguir o Covid-19 parecem cada vez menores e tudo indica que ele se some a v\u00e1rios outros Coronav\u00edrus em circula\u00e7\u00e3o (que causam resfriados) &#8211; nos esforcemos em cont\u00ea-lo para que at\u00e9 l\u00e1 o tratamento para os casos mais graves sejam mais eficientes, uma maior parte da popula\u00e7\u00e3o adquira imunidade e o v\u00edrus evolua adquirindo caracter\u00edsticas menos letais.<\/div>\n<div style=\"text-align: justify;\"><\/div>\n<div style=\"text-align: justify;\">Por fim, os pa\u00edses mais atingidos at\u00e9 agora possuem moderado a alto grau de desenvolvimento, com um sistema de sa\u00fade funcional. O grande risco \u00e9 caso a epidemia se espalhe para pa\u00edses pobres, em conflito e sem um sistema de sa\u00fade capaz de dar conta &#8211;  sobretudo na \u00c1frica, Sul\/Sudeste Asi\u00e1tico e Am\u00e9rica Latina (um fator chave \u00e9 a influ\u00eancia do clima na transmiss\u00e3o). Se isso acontecer, a epidemia pode sair completamente de controle, colapsar os sistemas de sa\u00fade locais, explodir em n\u00famero de casos e ter uma taxa de letalidade ainda mais alta devido \u00e0 falta de tratamento eficiente. Ao que tudo indica, o Coronav\u00edrus afeta a todos, mas seus efeitos mais perversos podem se dar justamente nos pa\u00edses e nas pessoas mais pobres do mundo.<\/div>\n<div style=\"text-align: justify;\"><\/div>\n<div style=\"text-align: justify;\"><\/div>\n<div style=\"text-align: justify;\"><\/div>\n<div style=\"text-align: justify;\"><i><a href=\"https:\/\/www.blogger.com\/blogger.g?rinli=1&amp;pli=1&amp;blogID=2974965557809810859#_ftnref1\">[1]<\/a><b>&nbsp;Eduardo Morrot <\/b>\u00e9 Graduado em Direito pela Universidade Federal do Rio de Janeiro e atualmente cursa&nbsp;em Rela\u00e7\u00f5es Internacionais pela UFRJ.<\/i><\/div>\n<div style=\"text-align: justify;\"><i><br \/><\/i><\/div>\n<div style=\"text-align: justify;\"><\/div>\n<div style=\"text-align: justify;\"><\/div>\n<div style=\"text-align: justify;\"><\/div>\n<div style=\"text-align: justify;\"><\/div>\n<div style=\"text-align: justify;\"><b>Refer\u00eancias<\/b><\/div>\n<div style=\"text-align: justify;\"><\/div>\n<div style=\"text-align: justify;\"><a href=\"https:\/\/www.blogger.com\/blogger.g?rinli=1&amp;pli=1&amp;blogID=2974965557809810859#_ftnref2\">[2]<\/a>               Os dados relacionados a casos confirmados e mortes tem como base no \u00faltimo relat\u00f3rio (Situation Report &#8211; 51) da Organiza\u00e7\u00e3o Mundial da Sa\u00fade (OMS) que pode ser encontrado no link: https:\/\/www.who.int\/docs\/default-source\/coronaviruse\/situation-reports\/20200311-sitrep-51-covid-19.pdf<\/div>\n<div style=\"text-align: justify;\"><\/div>\n<div style=\"text-align: justify;\"><a href=\"https:\/\/www.blogger.com\/blogger.g?rinli=1&amp;pli=1&amp;blogID=2974965557809810859#_ftnref3\">[3]<\/a>&nbsp;MOTA, Camilla; BARIFOUSE, Rafael; MAGENTA, Matheus. Coronav\u00edrus: 29 perguntas e respostas para entender tudo que importa sobre a doen\u00e7a. <i>BBC Brasil,<\/i> 28 fev.2020. Dispon\u00edvel em: https:\/\/www.bbc.com\/portuguese\/brasil-51673933<\/div>\n<div style=\"text-align: justify;\"><\/div>\n<div style=\"text-align: justify;\"><\/div>\n<div style=\"text-align: justify;\"><a href=\"https:\/\/www.blogger.com\/blogger.g?rinli=1&amp;pli=1&amp;blogID=2974965557809810859#_ftnref4\">[4]<\/a>&nbsp;MINIST\u00c9RIO DA SA\u00daDE DO BRASIL. Coronavirus: o que voc\u00ea precisa saber. Dispon\u00edvel em: https:\/\/www.saude.gov.br\/saude-de-a-z\/coronavirus<\/div>\n<div style=\"text-align: justify;\"><\/div>\n<div><a href=\"https:\/\/www.blogger.com\/blogger.g?rinli=1&amp;pli=1&amp;blogID=2974965557809810859#_ftnref5\">[5]<\/a>&nbsp;WHO. Coronavirus disease (COVID-19) outbreak. Dispon\u00edvel em:&nbsp;<span style=\"text-align: justify;\">https:\/\/www.who.int\/emergencies\/diseases\/novel-coronavirus-2019<\/span><\/div>\n<div style=\"text-align: justify;\"><\/div>\n<div style=\"text-align: justify;\"><a href=\"https:\/\/www.blogger.com\/blogger.g?rinli=1&amp;pli=1&amp;blogID=2974965557809810859#_ftnref6\">[6]<\/a>&nbsp;THE LANCET. Covid-19 Resource Centre. Dispon\u00edvel em: https:\/\/www.thelancet.com\/coronavirus<\/div>\n<div style=\"text-align: justify;\"><\/div>\n<div style=\"text-align: justify;\"><a href=\"https:\/\/www.blogger.com\/blogger.g?rinli=1&amp;pli=1&amp;blogID=2974965557809810859#_ftnref7\">[7]<\/a>               A gripe de 1918 provavelmente n\u00e3o se iniciou na Espanha, mas ganhou esse nome pois esse foi o primeiro pa\u00eds a repercuti-la j\u00e1 que as outras na\u00e7\u00f5es estavam em guerra e censuravam sua imprensa.<\/div>\n<div style=\"text-align: justify;\"><\/div>\n<div style=\"text-align: justify;\"><a href=\"https:\/\/www.blogger.com\/blogger.g?rinli=1&amp;pli=1&amp;blogID=2974965557809810859#_ftnref8\">[8]<\/a>               (Importante salientar que a Gripe Espanhola foi causada por um v\u00edrus de tipo, influenza, diferente do coronav\u00edrus e que em sua segunda onda ela evoluiu de uma forma que aumentava a taxa de letalidade especialmente entre adultos &#8211; como os homens que estavam nas trincheiras).<\/div>\n<div style=\"text-align: justify;\"><\/div>\n<div style=\"text-align: justify;\"><a href=\"https:\/\/www.blogger.com\/blogger.g?rinli=1&amp;pli=1&amp;blogID=2974965557809810859#_ednref1\">[i]<\/a>&nbsp;AGENCIA BRASIL. OMS eleva grau de risco de dissemina\u00e7\u00e3o do Coronav\u00edrus para muito alto. <i>Ag\u00eancia Brasil,<\/i> 28 de fev. de 2020. Dispon\u00edvel em: &lt;<a href=\"http:\/\/agenciabrasil.ebc.com.br\/saude\/noticia\/2020-02\/oms-eleva-grau-de-risco-de-disseminacao-do-coronavirus-para-muito-alto\">http:\/\/agenciabrasil.ebc.com.br\/saude\/noticia\/2020-02\/oms-eleva-grau-de-risco-de-disseminacao-do-coronavirus-para-muito-alto<\/a>&gt;. Acesso em: 11\/03\/2020<\/div>\n<div style=\"text-align: justify;\"><\/div>\n<div style=\"text-align: justify;\"><a href=\"https:\/\/www.blogger.com\/blogger.g?rinli=1&amp;pli=1&amp;blogID=2974965557809810859#_ednref2\">[ii]<\/a>&nbsp;REVISTA VEJA. OMS Declara novo Coronav\u00edrus como Pandemia. Veja, 11 de Mar\u00e7o de 2020. Dispon\u00edvel em: &lt;<a href=\"https:\/\/veja.abril.com.br\/mundo\/oms-declara-novo-coronavirus-como-pandemia\/\">https:\/\/veja.abril.com.br\/mundo\/oms-declara-novo-coronavirus-como-pandemia\/<\/a>&gt;. Acesso em: 11 de Mar\u00e7o de 2020.<\/div>\n<div style=\"text-align: justify;\"><\/div>\n<div style=\"text-align: justify;\"><a href=\"https:\/\/www.blogger.com\/blogger.g?rinli=1&amp;pli=1&amp;blogID=2974965557809810859#_ednref3\">[iii]<\/a>&nbsp;PORTAL G1. Qual a taxa de letalidade do Coronav\u00edrus?. G1 Globo, 02 de Mar\u00e7o de 2020. Dispon\u00edvel em: &lt;<a href=\"https:\/\/g1.globo.com\/bemestar\/coronavirus\/noticia\/2020\/03\/02\/qual-a-taxa-de-letalidade-do-coronavirus.ghtml\">https:\/\/g1.globo.com\/bemestar\/coronavirus\/noticia\/2020\/03\/02\/qual-a-taxa-de-letalidade-do-coronavirus.ghtml<\/a>&gt;. Acesso em: 11 de Mar\u00e7o de 2020.<\/div>\n<div style=\"text-align: justify;\"><\/div>\n<div style=\"text-align: justify;\"><a href=\"https:\/\/www.blogger.com\/blogger.g?rinli=1&amp;pli=1&amp;blogID=2974965557809810859#_ednref4\">[iv]<\/a>&nbsp;TIMES. The WHO Estimated COVID-19 Mortality at 3.4%. That Doesn&#8217;t Tell the Whole Story. Time, 9 de Mar\u00e7o de 2020. Dispon\u00edvel em: &lt;<a href=\"https:\/\/time.com\/5798168\/coronavirus-mortality-rate\/\">https:\/\/time.com\/5798168\/coronavirus-mortality-rate\/<\/a>&gt; Acesso em: 11 de Mar\u00e7o de 2020.<\/div>\n<div style=\"text-align: justify;\"><\/div>\n<div style=\"text-align: justify;\"><a href=\"https:\/\/www.blogger.com\/blogger.g?rinli=1&amp;pli=1&amp;blogID=2974965557809810859#_ednref5\">[v]<\/a>&nbsp;THE GUARDIAN. More new Coronavirus cases outside China than inside, says WHO. <i>The Guardian,<\/i> 26 de Fevereiro de 2020. Dispon\u00edvel em: &lt;<a href=\"https:\/\/www.theguardian.com\/world\/2020\/feb\/26\/more-new-coronavirus-cases-outside-china-than-inside-says-who\">https:\/\/www.theguardian.com\/world\/2020\/feb\/26\/more-new-coronavirus-cases-outside-china-than-inside-says-who<\/a>&gt;. Acesso em: 11 de Mar\u00e7o de 2020.<\/div>\n<div style=\"text-align: justify;\"><\/div>\n<div style=\"text-align: justify;\"><a href=\"https:\/\/www.blogger.com\/blogger.g?rinli=1&amp;pli=1&amp;blogID=2974965557809810859#_ednref6\">[vi]<\/a>&nbsp;WOO, Stu. China ousts top oficcial in coronavirus outbreaks epicenter. The Wall Street Journal, 14 de Fevereiro de 2020. Dispon\u00edvel em: &lt;<a href=\"https:\/\/www.wsj.com\/articles\/china-ousts-top-official-in-coronavirus-outbreaks-epicenter-11581568911\">https:\/\/www.wsj.com\/articles\/china-ousts-top-official-in-coronavirus-outbreaks-epicenter-11581568911<\/a>&gt;. Acesso em: 11 de Mar\u00e7o de 2020.<\/div>\n<div style=\"text-align: justify;\"><\/div>\n<div style=\"text-align: justify;\"><a href=\"https:\/\/www.blogger.com\/blogger.g?rinli=1&amp;pli=1&amp;blogID=2974965557809810859#_ednref7\">[vii]<\/a>&nbsp;SWART, Mia. Coronavirus deepened human rights abuses in China. <i>Al Jazeera,<\/i> 11 de Mar\u00e7o de 2020. Dispon\u00edvel em: &lt;<a href=\"https:\/\/www.aljazeera.com\/news\/2020\/03\/cloneofcloneofcoronavirus-deepened-human-right-200312074518781.html\">https:\/\/www.aljazeera.com\/news\/2020\/03\/cloneofcloneofcoronavirus-deepened-human-right-200312074518781.html<\/a>&gt;. Acesso em 11 de Mar\u00e7o de 2020.<\/div>\n<div style=\"text-align: justify;\"><\/div>\n<div style=\"text-align: justify;\"><a href=\"https:\/\/www.blogger.com\/blogger.g?rinli=1&amp;pli=1&amp;blogID=2974965557809810859#_ednref8\">[viii]<\/a>&nbsp;WINTOUR, Patrick. \u201cAn absolute disaster\u201d: Iran struggles as Coronavirus spreads. <i>The Guardian,<\/i> 3 de Mar\u00e7o de 2020. Dispon\u00edvel em: &lt;<a href=\"https:\/\/www.theguardian.com\/world\/2020\/mar\/03\/an-absolute-disaster-iran-struggles-as-coronavirus-spreads\">https:\/\/www.theguardian.com\/world\/2020\/mar\/03\/an-absolute-disaster-iran-struggles-as-coronavirus-spreads<\/a>&gt;. Acesso em: 11 de Mar\u00e7o de 2020.<\/div>\n<div style=\"text-align: justify;\"><\/div>\n<div style=\"text-align: justify;\"><a href=\"https:\/\/www.blogger.com\/blogger.g?rinli=1&amp;pli=1&amp;blogID=2974965557809810859#_ednref9\">[ix]<\/a>&nbsp;HENLEY, Jon. Iran steps up coronavirus efforts as 23 mps said to be infected. <i>The Guardian,<\/i> 3 de Mar\u00e7o de 2020. Dispon\u00edvel em: &lt;<a href=\"https:\/\/www.theguardian.com\/world\/2020\/mar\/03\/iran-steps-up-coronavirus-efforts-as-23-mps-said-to-be-infected\">https:\/\/www.theguardian.com\/world\/2020\/mar\/03\/iran-steps-up-coronavirus-efforts-as-23-mps-said-to-be-infected<\/a>&gt; Acesso em: 11 de Mar\u00e7o de 2020.<\/div>\n<div style=\"text-align: justify;\"><\/div>\n<div style=\"text-align: justify;\"><a href=\"https:\/\/www.blogger.com\/blogger.g?rinli=1&amp;pli=1&amp;blogID=2974965557809810859#_ednref10\">[x]<\/a>               BRODER, David. When Coronavirus Made Italy Go Insane. <i>Jacobin<\/i>, 29 de Fevereiro de 2020. Dispon\u00edvel em: &lt;<a href=\"https:\/\/www.jacobinmag.com\/2020\/02\/coronavirus-outbreak-italy-face-masks-panic-milan-fashion-week-lega\">https:\/\/www.jacobinmag.com\/2020\/02\/coronavirus-outbreak-italy-face-masks-panic-milan-fashion-week-lega<\/a>&gt;. Acesso em 11 de Mar\u00e7o de 2020.<\/div>\n<div style=\"text-align: justify;\"><\/div>\n<div style=\"text-align: justify;\"><a href=\"https:\/\/www.blogger.com\/blogger.g?rinli=1&amp;pli=1&amp;blogID=2974965557809810859#_ednref11\">[xi]<\/a>&nbsp;PORTAL UOL. Bolsas asi\u00e1ticas recuam com fortes perdas do petr\u00f3leo. <i>UOL,<\/i> 09 de Mar\u00e7o de 2020. Dispon\u00edvel em:  &lt;<a href=\"https:\/\/economia.uol.com.br\/cotacoes\/noticias\/redacao\/2020\/03\/09\/bolsas-asiaticas-recuam-com-fortes-perdas-do-petroleo-japao-recua-5.htm\">https:\/\/economia.uol.com.br\/cotacoes\/noticias\/redacao\/2020\/03\/09\/bolsas-asiaticas-recuam-com-fortes-perdas-do-petroleo-japao-recua-5.htm<\/a>&gt;. Acesso em 11 de Mar\u00e7o de 2020.<\/div>\n<div style=\"text-align: justify;\"><\/div>\n<div style=\"text-align: justify;\"><a href=\"https:\/\/www.blogger.com\/blogger.g?rinli=1&amp;pli=1&amp;blogID=2974965557809810859#_ednref12\">[xii]<\/a>&nbsp;PORTAL UOL. Bolsas Europeias abrem com baixas expressivas ap\u00f3s medidas de Trump. <i>UOL<\/i>, 12 de Mar\u00e7o de 2020. Dispon\u00edvel em: &lt;<a href=\"https:\/\/economia.uol.com.br\/cotacoes\/noticias\/redacao\/2020\/03\/12\/bolsas-europeias-abrem-com-baixas-expressivas-apos-medidas-trump.htm\">https:\/\/economia.uol.com.br\/cotacoes\/noticias\/redacao\/2020\/03\/12\/bolsas-europeias-abrem-com-baixas-expressivas-apos-medidas-trump.htm<\/a>&gt; Acesso em 12 de Mar\u00e7o de 2020.<\/div>\n<div style=\"text-align: justify;\"><\/div>\n<div style=\"text-align: justify;\"><\/div>\n<div><a href=\"https:\/\/www.blogger.com\/blogger.g?rinli=1&amp;pli=1&amp;blogID=2974965557809810859#_ednref13\">[xiii]<\/a>       AZEVEDO, Ana L\u00facia. Para pesquisador de Harvard Coronav\u00edrus ter\u00e1 expans\u00e3o global mas maioria dos casos ser\u00e1 branda. <i>O Globo,<\/i> 26 de Fev. de 2020. Dispon\u00edvel em: &lt;<a href=\"https:\/\/oglobo.globo.com\/sociedade\/coronavirus\/analise-para-pesquisador-de-harvard-coronavirus-tera-expansao-global-mas-maioria-dos-casos-sera-branda-24272791\">https:\/\/oglobo.globo.com\/sociedade\/coronavirus\/analise-para-pesquisador-de-harvard-coronavirus-tera-expansao-global-mas-maioria-dos-casos-sera-branda-24272791<\/a>&gt;. Acesso em: 11 de Mar\u00e7o de 2020.<\/p>\n<blockquote style=\"text-align: start;\"><p><b>Como citar<\/b><\/p><\/blockquote>\n<div style=\"text-align: start;\"><\/div>\n<blockquote style=\"text-align: start;\"><p>MORROT, Eduardo. O Coronav\u00edrus (SARS-Cov-2 \/ Covid-19) e a Pol\u00edtica Internacional.&nbsp;<i>Di\u00e1logos Internacionais<\/i>, vol.7, n.69, mar.2020. Acessado em [13\/01\/2020]. Dispon\u00edvel em: http:\/\/www.dialogosinternacionais.com.br\/2020\/03\/o-coronavirus-sars-cov-2-covid-19-e.html<\/p><\/blockquote>\n<\/div>\n<\/div>\n","protected":false},"excerpt":{"rendered":"<p>Volume 7 | N\u00famero 69 | Mar. 2020 Por Eduardo Morrot[1] Artigo escrito<\/p>\n","protected":false},"author":3,"featured_media":0,"comment_status":"closed","ping_status":"open","sticky":false,"template":"","format":"standard","meta":{"footnotes":""},"categories":[646,658],"tags":[],"class_list":["post-1628","post","type-post","status-publish","format-standard","hentry","category-artigos","category-volume7"],"_links":{"self":[{"href":"https:\/\/dialogosinternacionais.com.br\/index.php?rest_route=\/wp\/v2\/posts\/1628","targetHints":{"allow":["GET"]}}],"collection":[{"href":"https:\/\/dialogosinternacionais.com.br\/index.php?rest_route=\/wp\/v2\/posts"}],"about":[{"href":"https:\/\/dialogosinternacionais.com.br\/index.php?rest_route=\/wp\/v2\/types\/post"}],"author":[{"embeddable":true,"href":"https:\/\/dialogosinternacionais.com.br\/index.php?rest_route=\/wp\/v2\/users\/3"}],"replies":[{"embeddable":true,"href":"https:\/\/dialogosinternacionais.com.br\/index.php?rest_route=%2Fwp%2Fv2%2Fcomments&post=1628"}],"version-history":[{"count":1,"href":"https:\/\/dialogosinternacionais.com.br\/index.php?rest_route=\/wp\/v2\/posts\/1628\/revisions"}],"predecessor-version":[{"id":1923,"href":"https:\/\/dialogosinternacionais.com.br\/index.php?rest_route=\/wp\/v2\/posts\/1628\/revisions\/1923"}],"wp:attachment":[{"href":"https:\/\/dialogosinternacionais.com.br\/index.php?rest_route=%2Fwp%2Fv2%2Fmedia&parent=1628"}],"wp:term":[{"taxonomy":"category","embeddable":true,"href":"https:\/\/dialogosinternacionais.com.br\/index.php?rest_route=%2Fwp%2Fv2%2Fcategories&post=1628"},{"taxonomy":"post_tag","embeddable":true,"href":"https:\/\/dialogosinternacionais.com.br\/index.php?rest_route=%2Fwp%2Fv2%2Ftags&post=1628"}],"curies":[{"name":"wp","href":"https:\/\/api.w.org\/{rel}","templated":true}]}}