{"id":1634,"date":"2019-10-28T09:00:00","date_gmt":"2019-10-28T12:00:00","guid":{"rendered":"https:\/\/dialogosinternacionais.com.br\/?p=1634"},"modified":"2022-05-05T00:30:45","modified_gmt":"2022-05-05T03:30:45","slug":"o-preco-da-diplomacia-da-solidariedade-religiosa-india-entra-em-crise-com-turquia-e-malasia-por-declaracoes-sobre-a-caxemira","status":"publish","type":"post","link":"https:\/\/dialogosinternacionais.com.br\/?p=1634","title":{"rendered":"O pre\u00e7o da diplomacia da \u201csolidariedade religiosa\u201d: \u00cdndia entra em crise com Turquia e Mal\u00e1sia por declara\u00e7\u00f5es sobre a Caxemira"},"content":{"rendered":"<p><b style=\"background-color: white; color: #333333; font-family: &quot;Trebuchet MS&quot;, Trebuchet, Verdana, sans-serif; font-size: 13.2px; text-align: justify;\"><span style=\"color: #333333; font-family: &quot;trebuchet ms&quot; , &quot;trebuchet&quot; , &quot;verdana&quot; , sans-serif;\"><span style=\"background-color: white; font-size: 13.2px; text-align: justify;\">Volume 6 | N\u00famero 65 | Out. 2019<\/span><\/span><\/b><\/p>\n<div style=\"text-align: right;\"><i style=\"text-align: justify;\">Jo\u00e3o Miguel Villas-B\u00f4as&nbsp;<\/i><\/div>\n<div style=\"text-align: right;\">\n<div style=\"clear: both; text-align: center;\"><a href=\"https:\/\/1.bp.blogspot.com\/-JqqtvqtKJOA\/Xao4aRU270I\/AAAAAAAABa8\/Od3hWVJbNQww0irZuPt5_68IVwZlzRTLACLcBGAsYHQ\/s1600\/syria-1034467_1920.jpg\" style=\"margin-left: 1em; margin-right: 1em;\"><img fetchpriority=\"high\" decoding=\"async\" border=\"0\" data-original-height=\"1064\" data-original-width=\"1600\" height=\"212\" src=\"https:\/\/1.bp.blogspot.com\/-JqqtvqtKJOA\/Xao4aRU270I\/AAAAAAAABa8\/Od3hWVJbNQww0irZuPt5_68IVwZlzRTLACLcBGAsYHQ\/s320\/syria-1034467_1920.jpg\" width=\"320\" \/><\/a><\/div>\n<p><\/div>\n<div style=\"text-align: justify;\">Ap\u00f3s declara\u00e7\u00f5es pr\u00f3-Paquist\u00e3o &#8211; na quest\u00e3o da Caxemira &#8211; feitas pelo presidente da Turquia, Tayyp Erdogan e pelo primeiro ministro da Mal\u00e1sia, Mahathir Mohamad, durante discurso na 74\u00aa Assembleia Geral das Na\u00e7\u00f5es Unidas abriu uma crise com a \u00cdndia. Esta deve cancelar um acordo bilion\u00e1rio (US$2.3 bi) com o estaleiro turco Anadolu e restringir a importa\u00e7\u00e3o de alguns produtos malaios, como \u00f3leo de palma.<\/div>\n<div style=\"text-align: justify;\"><\/div>\n<p><span style=\"text-align: justify;\">Eis as palavras do premier turco:<\/span><\/p>\n<blockquote><p><span style=\"text-align: justify;\"><i>Para que o povo da Caxemira busque um futuro seguro junto com seus vizinhos paquistaneses e indianos, \u00e9 imperativo resolver o problema atrav\u00e9s do di\u00e1logo e com base na justi\u00e7a e na equidade, mas n\u00e3o atrav\u00e9s de colis\u00f5es (ERDOGAN apud GUNERIGOK, 2019, online, tradu\u00e7\u00e3o nossa)<\/i><\/span><\/p><\/blockquote>\n<div style=\"text-align: justify;\">O primeiro ministro paquistan\u00eas, Imran Khan expressou em seu Twitter total apoio a Erdogan e declarou que \u201ca \u00cdndia vai provocar um banho de sangue na regi\u00e3o\u201d (KLUG; RIECHMANN, 2019). Todavia, a declara\u00e7\u00e3o mais \u00e1cida veio do primeiro ministro malaio, que acusou a \u00cdndia de ter \u201cinvadido\u201d e \u201cocupado\u201d a Caxemira. \u00c9 importante recordar que no dia 05 de agosto deste ano o governo indiano revogou o artigo 370 \u2013 que garante certa autonomia \u00e0 regi\u00e3o &#8211; da Constitui\u00e7\u00e3o do pa\u00eds elevando os \u00e2nimos e as cr\u00edticas por parte de uma s\u00e9rie de pa\u00edses.&nbsp;<\/div>\n<div style=\"text-align: justify;\"><\/div>\n<div style=\"text-align: justify;\">Com efeito, a \u00cdndia n\u00e3o tomou nenhuma medida concreta contra a Mal\u00e1sia, por\u00e9m, com a Turquia sim. O acordo cancelado faz parte do projeto FSS (Fleet Suport Ships) que selecionou a empresa turca para cooperar com o estaleiro indiano Hindustan Shipyard Limited (HSL) na constru\u00e7\u00e3o de cinco navios auxiliares. A contribui\u00e7\u00e3o da empresa turca seria no desenvolvimento do modelo da embarca\u00e7\u00e3o, bem como na assist\u00eancia t\u00e9cnica (RAGHUVANSHI, 2019). Por\u00e9m, o rompimento do acordo pode significar uma crise ampla que contamine qualquer tipo de coopera\u00e7\u00e3o ou neg\u00f3cio bilateral no campo da defesa.&nbsp;<\/div>\n<div style=\"text-align: justify;\"><a name='more'><\/a><\/div>\n<div style=\"text-align: justify;\">Outro fator que contribuiu para o cancelamento da parceria foi a participa\u00e7\u00e3o da empresa turca no fornecimento de quatro convertas antissubmarino ao Paquist\u00e3o. Para o governo indiano isto se configura como um problema de seguran\u00e7a nacional, haja vista a presen\u00e7a da mesma empresa que forneceu tecnologia e suporte ao pa\u00eds rival se estabelecer por tempo indeterminado em solo indiano.&nbsp;<\/div>\n<div style=\"text-align: justify;\"><\/div>\n<div style=\"text-align: justify;\">De todo modo, a rea\u00e7\u00e3o indiana foi al\u00e9m do cancelamento do contrato naval. O primeiro ministro Narendra Modi aproveitou o ocorrido para declarar apoio \u00e0 integridade e unidade territorial de Chipre em um claro aviso \u00e0 Turquia, que ocupa a regi\u00e3o norte do pa\u00eds mediterr\u00e2neo. H\u00e1, inclusive, a possibilidade de uma restri\u00e7\u00e3o \u00e0 importa\u00e7\u00e3o de bens turcos, segundo fontes do governo indiano. Por\u00e9m, \u00e9 necess\u00e1rio aguardar os desdobramentos dos fatos para saber se rea\u00e7\u00e3o do governo chegar\u00e1 a este ponto.&nbsp;<\/div>\n<div style=\"text-align: justify;\"><\/div>\n<div style=\"text-align: justify;\">No caso da retalia\u00e7\u00e3o indiana \u00e0 Mal\u00e1sia, o governo Modi pretende substituir as importa\u00e7\u00f5es de \u00f3leo de palma do pa\u00eds mu\u00e7ulmano pelo de outros pa\u00edses, tais como Argentina e Indon\u00e9sia. Vale lembrar que a \u00cdndia \u00e9 o maior importador de \u00f3leos comest\u00edveis e, at\u00e9 ent\u00e3o, o maior comprador de \u00f3leo de palma malaio em 2019 (AHMED; JADHAV, 2019).&nbsp;<\/div>\n<div style=\"text-align: justify;\"><\/div>\n<div style=\"text-align: justify;\">O imbr\u00f3glio diplom\u00e1tico e geopol\u00edtico ilustra bem a sensibilidade da quest\u00e3o. Os Estados devem ter, e no caso das pot\u00eancias m\u00e9dias como a Turquia, provavelmente t\u00eam, um corpo diplom\u00e1tico profissional e bem preparado para evitar que discursos e declara\u00e7\u00f5es presidenciais causem danos aos interesses nacionais. N\u00e3o obstante, a diplomacia presidencial ocupa um lugar de destaque na estrat\u00e9gia internacional de alguns pa\u00edses. Ao declarar apoio ao Paquist\u00e3o em plena Assembleia Geral das Na\u00e7\u00f5es Unidas (AGNU), Erdogan e Mahathir expuseram uma insensibilidade acerca do caso em fun\u00e7\u00e3o de uma solidariedade pol\u00edtico-religiosa pouco pragm\u00e1tica. Tal atitude pode custar caro e comprometer as rela\u00e7\u00f5es bilaterais entre a \u00cdndia e os pa\u00edses mu\u00e7ulmanos.&nbsp;<\/div>\n<div style=\"text-align: justify;\"><\/div>\n<div style=\"text-align: justify;\">Talvez, a atitude de Erdogan e Mahathir abra uma fissura no potencial de coopera\u00e7\u00e3o bilateral entre os pa\u00edses e comprometa inclusive a atua\u00e7\u00e3o em causas comuns em f\u00f3runs multilaterais como a ONU ou mesmo Organiza\u00e7\u00e3o Mundial do Com\u00e9rcio (OMC). N\u00e3o se pode esquecer que a Caxemira \u00e9 um tema fundamental para os interesses nacionais indianos e que o pa\u00eds trata a regi\u00e3o como zona ocupada por estrangeiros (no caso Paquist\u00e3o e China).&nbsp;<\/div>\n<div style=\"text-align: justify;\"><\/div>\n<div style=\"text-align: justify;\">Os desdobramentos diplom\u00e1ticos devem se sobrepor \u00e0s press\u00f5es pol\u00edtico-econ\u00f4micas, pois os riscos de um aprofundamento da crise s\u00e3o consider\u00e1veis. Caso Turquia e Mal\u00e1sia, pa\u00edses mu\u00e7ulmanos, resolvam adotar este tipo de ret\u00f3rica religiosa podem comprometer os ganhos em um mundo, cuja estrutura comercial \u00e9 cada vez mais globalizada e pragm\u00e1tica. A \u00cdndia adota uma postura bastante cr\u00edtica quanto ao Paquist\u00e3o, declarando-o Estado terrorista e agindo com firmeza contra a neglig\u00eancia da comunidade internacional em reconhecer tal status. A solidariedade pol\u00edtico-religiosa pode custar o acesso a um dos maiores mercados mundiais e a perda das rela\u00e7\u00f5es com a terceira maior economia do mundo, no caso, a \u00cdndia.&nbsp;<\/div>\n<div style=\"text-align: justify;\"><\/div>\n<div style=\"text-align: justify;\"><\/div>\n<div style=\"text-align: justify;\"><i><b>Refer\u00eancias&nbsp;<\/b><\/i><\/div>\n<div style=\"text-align: justify;\"><\/div>\n<div style=\"text-align: justify;\">AHMED, Aftab; JADHAV, Rajendra. Exclusive: India may restrict imports of palm oil, other goods from Malasya \u2013 sources. Reuters, 11, Out. 2019. Dispon\u00edvel em: &lt; <a href=\"https:\/\/www.reuters.com\/article\/us-india-malaysia-trade-exclusive\/exclusive-india-may-restrict-imports-of-palm-oil-other-goods-from-malaysia-sources-idUSKBN1WQ17Z\">https:\/\/www.reuters.com\/article\/us-india-malaysia-trade-exclusive\/exclusive-india-may-restrict-imports-of-palm-oil-other-goods-from-malaysia-sources-idUSKBN1WQ17Z<\/a> &gt;. Acesso em: 14\/10\/2019.&nbsp;<\/div>\n<div style=\"text-align: justify;\"><\/div>\n<div style=\"text-align: justify;\">GUNERIGOK, Servet. Erdogan calls for dialogue for solution on Kashmir. Anadolu Agency, 24, Set. 2019. Dispon\u00edvel em: &lt; <a href=\"https:\/\/www.aa.com.tr\/en\/74th-un-general-assembly-2019\/erdogan-calls-for-dialogue-for-solution-on-kashmir\/1593106\">https:\/\/www.aa.com.tr\/en\/74th-un-general-assembly-2019\/erdogan-calls-for-dialogue-for-solution-on-kashmir\/1593106<\/a> &gt;. Acesso em: 03\/10\/2019.&nbsp;<\/div>\n<div style=\"text-align: justify;\"><\/div>\n<div style=\"text-align: justify;\">KLUNG, Foster; RIECHMANN, Deb. Pakistani Prime Minister Imran Khan Warns of a Possible War With India Over Kashmir. TIME, 25, Set. 2019. Dispon\u00edvel em: &lt; <a href=\"https:\/\/time.com\/5685613\/pakistan-imran-khan-india-war-kashmir\/\">https:\/\/time.com\/5685613\/pakistan-imran-khan-india-war-kashmir\/<\/a> &gt;. Acesso em: 08\/10\/2019.&nbsp;<\/div>\n<div style=\"text-align: justify;\"><\/div>\n<div style=\"text-align: justify;\">PAUL, Sudeep. Narendra Modi: The Global Campaigner. 04\/10\/2019. Dispon\u00edvel em: &lt; <a href=\"https:\/\/openthemagazine.com\/cover-story\/narendra-modi-the-global-campaigner\/\">https:\/\/openthemagazine.com\/cover-story\/narendra-modi-the-global-campaigner\/<\/a> &gt;. Acesso em: 06\/10\/2019.&nbsp;<\/div>\n<div style=\"text-align: justify;\"><\/div>\n<div style=\"text-align: justify;\">RAGHUVANSHI, Vivek. India targets Turkish shipyard over ties with Pakistan. DefenseNews, 03\/10\/2019. Dispon\u00edvel em: &lt; <a href=\"https:\/\/www.defensenews.com\/industry\/2019\/10\/03\/india-targets-turkish-shipyard-over-ties-with-pakistan\/\">https:\/\/www.defensenews.com\/industry\/2019\/10\/03\/india-targets-turkish-shipyard-over-ties-with-pakistan\/<\/a> &gt; . Acesso em: 06\/10\/2019.&nbsp;<\/div>\n<p><span style=\"font-weight: 700;\"><\/span><b style=\"background-color: white; color: #333333; font-family: &quot;trebuchet ms&quot;, trebuchet, verdana, sans-serif; font-size: 13.2px; text-align: justify;\"> <!--EndFragment--><\/b><\/p>\n","protected":false},"excerpt":{"rendered":"<p>Volume 6 | N\u00famero 65 | Out. 2019 Jo\u00e3o Miguel Villas-B\u00f4as&nbsp; Ap\u00f3s declara\u00e7\u00f5es<\/p>\n","protected":false},"author":3,"featured_media":0,"comment_status":"closed","ping_status":"open","sticky":false,"template":"","format":"standard","meta":{"footnotes":""},"categories":[657],"tags":[],"class_list":["post-1634","post","type-post","status-publish","format-standard","hentry","category-volume6"],"_links":{"self":[{"href":"https:\/\/dialogosinternacionais.com.br\/index.php?rest_route=\/wp\/v2\/posts\/1634","targetHints":{"allow":["GET"]}}],"collection":[{"href":"https:\/\/dialogosinternacionais.com.br\/index.php?rest_route=\/wp\/v2\/posts"}],"about":[{"href":"https:\/\/dialogosinternacionais.com.br\/index.php?rest_route=\/wp\/v2\/types\/post"}],"author":[{"embeddable":true,"href":"https:\/\/dialogosinternacionais.com.br\/index.php?rest_route=\/wp\/v2\/users\/3"}],"replies":[{"embeddable":true,"href":"https:\/\/dialogosinternacionais.com.br\/index.php?rest_route=%2Fwp%2Fv2%2Fcomments&post=1634"}],"version-history":[{"count":1,"href":"https:\/\/dialogosinternacionais.com.br\/index.php?rest_route=\/wp\/v2\/posts\/1634\/revisions"}],"predecessor-version":[{"id":2257,"href":"https:\/\/dialogosinternacionais.com.br\/index.php?rest_route=\/wp\/v2\/posts\/1634\/revisions\/2257"}],"wp:attachment":[{"href":"https:\/\/dialogosinternacionais.com.br\/index.php?rest_route=%2Fwp%2Fv2%2Fmedia&parent=1634"}],"wp:term":[{"taxonomy":"category","embeddable":true,"href":"https:\/\/dialogosinternacionais.com.br\/index.php?rest_route=%2Fwp%2Fv2%2Fcategories&post=1634"},{"taxonomy":"post_tag","embeddable":true,"href":"https:\/\/dialogosinternacionais.com.br\/index.php?rest_route=%2Fwp%2Fv2%2Ftags&post=1634"}],"curies":[{"name":"wp","href":"https:\/\/api.w.org\/{rel}","templated":true}]}}