{"id":1643,"date":"2019-06-10T11:00:00","date_gmt":"2019-06-10T14:00:00","guid":{"rendered":"https:\/\/dialogosinternacionais.com.br\/?p=1643"},"modified":"2022-05-05T00:30:45","modified_gmt":"2022-05-05T03:30:45","slug":"resenha-vinte-anos-da-originalidade-de-estados-e-moedas","status":"publish","type":"post","link":"https:\/\/dialogosinternacionais.com.br\/?p=1643","title":{"rendered":"Resenha: Vinte anos da originalidade de &#8220;Estados e moedas&#8221;"},"content":{"rendered":"<p><b style=\"background-color: white; color: #333333; font-family: &quot;trebuchet ms&quot;, trebuchet, verdana, sans-serif; font-size: 13.2px; line-height: 18.48px;\">Volume 6 &nbsp;| &nbsp;N\u00famero 61 &nbsp;| &nbsp;Jun. 2019<\/b><br \/>\n<b style=\"background-color: white; color: #333333; font-family: &quot;trebuchet ms&quot;, trebuchet, verdana, sans-serif; font-size: 13.2px; line-height: 18.48px;\"><br \/>\n<\/b><\/p>\n<div style=\"text-align: right;\"><span style=\"background-color: white; color: #333333; font-family: &quot;trebuchet ms&quot; , &quot;trebuchet&quot; , &quot;verdana&quot; , sans-serif; font-size: 13.2px; line-height: 18.48px;\"><i>Por Bernardo Salgado Rodrigues *&nbsp;<\/i><\/span><\/div>\n<div style=\"text-align: right;\"><b style=\"background-color: white; color: #333333; font-family: &quot;trebuchet ms&quot;, trebuchet, verdana, sans-serif; font-size: 13.2px; line-height: 18.48px;\"><br \/>\n<\/b><\/div>\n<div style=\"text-align: justify;\"><\/div>\n<div style=\"text-align: center;\"><a href=\"https:\/\/d1pkzhm5uq4mnt.cloudfront.net\/imagens\/capas\/442e9de2021041c3c7815e7ce5c78b4546aae82b.jpg\"><img decoding=\"async\" border=\"0\" src=\"https:\/\/d1pkzhm5uq4mnt.cloudfront.net\/imagens\/capas\/442e9de2021041c3c7815e7ce5c78b4546aae82b.jpg\"><\/a><\/div>\n<div style=\"text-align: center;\"><a href=\"https:\/\/www.estantevirtual.com.br\/livros\/jose-luis-fiori\/estados-e-moedas-no-desenvolvimento-das-nacoes\/3482522338?q=estados+e+moedas\">Dispon\u00edvel no Estante Virtual<\/a><\/div>\n<div style=\"text-align: justify;\"><\/div>\n<div style=\"text-align: justify;\"><\/div>\n<div style=\"text-align: justify;\">O esquecimento \u00e9 um mal cr\u00f4nico do Brasil. H\u00e1 falta de mem\u00f3ria dos cl\u00e1ssicos da literatura, da cultura popular, dos fatos hist\u00f3ricos, da geografia inexplorada, do conhecimento inovador, do progresso nacional, da origem da riqueza das na\u00e7\u00f5es. Neste \u00faltimo quesito, o livro &#8220;Estados e moedas no desenvolvimento das na\u00e7\u00f5es&#8221; busca suprir essa lacuna ao retomar, sob uma perspectiva cr\u00edtica, a centralidade do poder pol\u00edtico dos Estados e do valor do dinheiro na organiza\u00e7\u00e3o do sistema mundial.<\/div>\n<div style=\"text-align: justify;\"><\/div>\n<div style=\"text-align: justify;\">Igualmente \u00e0 d\u00e9cada de 1990, quando o livro foi lan\u00e7ado, a originalidade de &#8220;Estados e moedas&#8221; (1999) \u00e9 a retomada de uma interditada discuss\u00e3o acerca das lutas de domina\u00e7\u00e3o do desenvolvimento econ\u00f4mico global e a distribui\u00e7\u00e3o desigual do poder e da riqueza entre as na\u00e7\u00f5es. Dividido em quatro partes, &#8220;Geopol\u00edtica e sistemas monet\u00e1rios&#8221;, &#8220;Os &#8216;capitalismo tardios&#8217; e sua proje\u00e7\u00e3o global&#8221;, &#8220;&#8216;Milagres&#8217; e &#8216;miragens&#8217; no s\u00e9culo XX&#8221; e &#8220;Para retomar o debate brasileiro&#8221;, o livro possui uma perspectiva hist\u00f3rica cuja perman\u00eancia transcende a conjuntura, haja vista que os grandes debates, que ocorreram h\u00e1 vinte anos, ainda s\u00e3o extremamente contempor\u00e2neos. De tal modo, \u00e9 considerado um ponto de inflex\u00e3o no estudo da Economia Pol\u00edtica Internacional no Brasil desde o ponto de vista metodol\u00f3gico e te\u00f3rico, ao aprofundar a discuss\u00e3o de um grupo de pesquisadores que ininterruptamente militaram contra \u00e0 ortodoxia liberal, com uma trajet\u00f3ria favor\u00e1vel \u00e0 heterodoxia das estrat\u00e9gias de desenvolvimento a partir da perspectiva do poder.<\/div>\n<div style=\"text-align: justify;\"><a name=\"more\"><\/a><\/div>\n<div style=\"text-align: justify;\">Atrav\u00e9s das diverg\u00eancias te\u00f3rico-anal\u00edticas e da converg\u00eancia cr\u00edtica ao ultra-liberalismo por parte dos autores, \u00e9 um livro que nasce, cresce, se reproduz e n\u00e3o morre. Seus idealizadores buscaram concentrar seus esfor\u00e7os intelectuais no futuro do desenvolvimento na periferia do capitalismo diante da polariza\u00e7\u00e3o da riqueza mundial, dirigindo &#8220;sua pergunta fundamental ao presente e futuro do desenvolvimento em pa\u00edses perif\u00e9ricos, em particular daqueles que submetem, neste momento, suas estrat\u00e9gias de crescimento econ\u00f4mico \u00e0 din\u00e2mica da finan\u00e7a privada, global e desregulada&#8221; (FIORI, 2012, p.42)<\/div>\n<div style=\"text-align: justify;\"><\/div>\n<div style=\"text-align: justify;\">A quest\u00e3o central do papel dos Estados perif\u00e9ricos no sistema internacional seria como gerar uma pol\u00edtica estatal aut\u00f4noma, visualizando-se potenciais aliados e rivais a fim de se pensar as possibilidades geopol\u00edticas de pa\u00edses como o Brasil. Tanto na d\u00e9cada de 1990 como na d\u00e9cada de 2010, o conceito do &#8220;fim da hist\u00f3ria&#8221; e do &#8220;Consenso de Washington&#8221;, da vit\u00f3ria incontest\u00e1vel do liberalismo pol\u00edtico e econ\u00f4mico como atividade estabilizadora apoiada pelo livre mercado e financeiriza\u00e7\u00e3o econ\u00f4mica, devem ser recha\u00e7ados e desmistificados. Em outros termos, os Estados que se disp\u00f5em a buscar a recupera\u00e7\u00e3o dos conceitos de desenvolvimento econ\u00f4mico nacional devem buscar alternativas alheias aos preceitos ultra-liberais.<\/div>\n<div style=\"text-align: justify;\"><\/div>\n<div style=\"text-align: justify;\">&#8220;Estados e moedas&#8221; \u00e9 um livro para n\u00e3o ser esquecido e, do campo internacional para o campo nacional, auxilia a pensar um novo projeto de pesquisa, avan\u00e7ando o paradigma na Economia Pol\u00edtica Internacional. Portanto, \u00e9 imprescind\u00edvel &#8220;retomar o fio da discuss\u00e3o interrompida, voltando ao problema origin\u00e1rio da economia pol\u00edtica cl\u00e1ssica \u2212 o da riqueza das na\u00e7\u00f5es \u2212 e retomando o debate hist\u00f3rico sobre a viabilidade e os caminhos do desenvolvimento econ\u00f4mico nacional&#8221; (FIORI, 2012, p.14). Ou seja, &#8220;nesse momento, essa \u00e9 uma reconstru\u00e7\u00e3o \u00fatil e talvez indispens\u00e1vel para todos os que se proponham avan\u00e7ar no campo te\u00f3rico, ou inovar no plano pr\u00e1tico das estrat\u00e9gias pol\u00edticas e econ\u00f4micas de desenvolvimento&#8221; (FIORI, 2012, p.14)&nbsp;<\/div>\n<div style=\"text-align: justify;\"><\/div>\n<div style=\"text-align: justify;\">Diante deste quadro, questionava-se (e questiona-se) qual a perspectiva das for\u00e7as progressistas no Brasil diante de um quadro totalmente desfavor\u00e1vel na correla\u00e7\u00e3o de for\u00e7as. Para os intelectuais brasileiros da Economia Pol\u00edtica Internacional, o maior desafio \u00e9 remodelar os instrumentos anal\u00edticos e conceituais, uma vez que a ininteligibilidade da realidade brasileira atual \u00e9 latente. Principalmente ap\u00f3s as elei\u00e7\u00f5es de 2018, \u00e9 essencial compreender a uni\u00e3o entre o ultra-conservadorismo moral, familiar, e religioso com o ultra-liberalismo de Chicago, ultrapassado e entreguista. Nas palavras de Jos\u00e9 Luis Fiori, em sua exposi\u00e7\u00e3o que finalizou os trabalhos do ENEPI: &#8220;porque o primeiro caminho pra quem quer enfrentar, pra quem discorda, \u00e9 entender o advers\u00e1rio. E o segundo caminho \u00e9 pensar o que fazer com o pa\u00eds depois que essa excresc\u00eancia for superada. \u00c9 nossa obriga\u00e7\u00e3o \u00e9tica, enquanto intelectuais, pensar o futuro do Brasil.&#8221;<\/div>\n<div style=\"text-align: justify;\"><i><br \/>\n<\/i><\/div>\n<div style=\"text-align: justify;\"><b>Refer\u00eancias&nbsp;<\/b><\/div>\n<div style=\"text-align: justify;\"><\/div>\n<div style=\"text-align: justify;\">FIORI, Jos\u00e9 Luis (org.). <i>Estados e moedas no desenvolvimento das na\u00e7\u00f5es. <\/i>Petr\u00f3polis, RJ: Vozes, 2012.<\/div>\n<div style=\"text-align: justify;\"><i><br \/>\n<\/i><\/div>\n<div style=\"text-align: justify;\"><i>* Este texto \u00e9 o resultado das discuss\u00f5es do III Encontro de Economia Pol\u00edtica Internacional (ENEPI) do Programa de P\u00f3s-Gradua\u00e7\u00e3o em Economia Pol\u00edtica Internacional\/PEPI-UFRJ, cuja mesa de encerramento foi uma comemora\u00e7\u00e3o aos 20 anos da publica\u00e7\u00e3o do livro &#8220;Estados e moedas no desenvolvimento das na\u00e7\u00f5es<\/i>&#8220;.<\/div>\n<div style=\"text-align: justify;\"><b style=\"background-color: white; color: #333333; font-family: &quot;trebuchet ms&quot;, trebuchet, verdana, sans-serif; font-size: 13.2px; line-height: 18.48px;\"><br \/>\n<\/b><\/div>\n","protected":false},"excerpt":{"rendered":"<p>Volume 6 &nbsp;| &nbsp;N\u00famero 61 &nbsp;| &nbsp;Jun. 2019 Por Bernardo Salgado Rodrigues *&nbsp;<\/p>\n","protected":false},"author":3,"featured_media":2344,"comment_status":"closed","ping_status":"open","sticky":false,"template":"","format":"standard","meta":{"footnotes":""},"categories":[647,657],"tags":[],"class_list":["post-1643","post","type-post","status-publish","format-standard","has-post-thumbnail","hentry","category-resenhas","category-volume6"],"_links":{"self":[{"href":"https:\/\/dialogosinternacionais.com.br\/index.php?rest_route=\/wp\/v2\/posts\/1643","targetHints":{"allow":["GET"]}}],"collection":[{"href":"https:\/\/dialogosinternacionais.com.br\/index.php?rest_route=\/wp\/v2\/posts"}],"about":[{"href":"https:\/\/dialogosinternacionais.com.br\/index.php?rest_route=\/wp\/v2\/types\/post"}],"author":[{"embeddable":true,"href":"https:\/\/dialogosinternacionais.com.br\/index.php?rest_route=\/wp\/v2\/users\/3"}],"replies":[{"embeddable":true,"href":"https:\/\/dialogosinternacionais.com.br\/index.php?rest_route=%2Fwp%2Fv2%2Fcomments&post=1643"}],"version-history":[{"count":2,"href":"https:\/\/dialogosinternacionais.com.br\/index.php?rest_route=\/wp\/v2\/posts\/1643\/revisions"}],"predecessor-version":[{"id":1969,"href":"https:\/\/dialogosinternacionais.com.br\/index.php?rest_route=\/wp\/v2\/posts\/1643\/revisions\/1969"}],"wp:featuredmedia":[{"embeddable":true,"href":"https:\/\/dialogosinternacionais.com.br\/index.php?rest_route=\/wp\/v2\/media\/2344"}],"wp:attachment":[{"href":"https:\/\/dialogosinternacionais.com.br\/index.php?rest_route=%2Fwp%2Fv2%2Fmedia&parent=1643"}],"wp:term":[{"taxonomy":"category","embeddable":true,"href":"https:\/\/dialogosinternacionais.com.br\/index.php?rest_route=%2Fwp%2Fv2%2Fcategories&post=1643"},{"taxonomy":"post_tag","embeddable":true,"href":"https:\/\/dialogosinternacionais.com.br\/index.php?rest_route=%2Fwp%2Fv2%2Ftags&post=1643"}],"curies":[{"name":"wp","href":"https:\/\/api.w.org\/{rel}","templated":true}]}}