{"id":1647,"date":"2019-04-10T09:00:00","date_gmt":"2019-04-10T12:00:00","guid":{"rendered":"https:\/\/dialogosinternacionais.com.br\/?p=1647"},"modified":"2022-05-05T00:30:45","modified_gmt":"2022-05-05T03:30:45","slug":"realismo-periferico-tupiniquim","status":"publish","type":"post","link":"https:\/\/dialogosinternacionais.com.br\/?p=1647","title":{"rendered":"Realismo perif\u00e9rico tupiniquim"},"content":{"rendered":"<h3><span style=\"line-height: 24px;\">Volume 6 | N\u00famero 59 | Abr. 2019<\/span><\/h3>\n<div style=\"text-align: right;\"><i><br \/><\/i><\/div>\n<div style=\"text-align: right;\"><i>Por Bernardo Salgado Rodrigues<\/i><\/div>\n<div style=\"clear: both; text-align: center;\"><a href=\"https:\/\/3.bp.blogspot.com\/-oRJ03lAYfVQ\/WDSDccwr4yI\/AAAAAAAAAzY\/XfzCUs-wOSAvcn1hwtEVH9fWKNAjblUKgCPcBGAYYCw\/s1600\/board-game-529586_1280.jpg\" style=\"margin-left: 1em; margin-right: 1em;\"><img fetchpriority=\"high\" decoding=\"async\" border=\"0\" data-original-height=\"928\" data-original-width=\"1280\" height=\"290\" src=\"https:\/\/3.bp.blogspot.com\/-oRJ03lAYfVQ\/WDSDccwr4yI\/AAAAAAAAAzY\/XfzCUs-wOSAvcn1hwtEVH9fWKNAjblUKgCPcBGAYYCw\/s400\/board-game-529586_1280.jpg\" width=\"400\" \/><\/a><\/div>\n<div style=\"clear: both; text-align: center;\"><\/div>\n<div style=\"text-align: justify;\"><\/div>\n<div style=\"text-align: justify;\"><\/div>\n<div style=\"text-align: justify;\">Hoje, dia 10 de abril, \u00e9 a marca dos 100 primeiros dias de Jair Bolsonaro na presid\u00eancia do Brasil. Ainda que esse per\u00edodo inicial n\u00e3o seja t\u00e3o representativo, se considerado um mandato de 4 anos, ele \u00e9 simb\u00f3lico em termos pol\u00edticos, uma vez que demonstra a orienta\u00e7\u00e3o desejada pelo governo rec\u00e9m-eleito.&nbsp;<\/div>\n<div style=\"text-align: justify;\"><\/div>\n<div style=\"text-align: justify;\">Nestes termos, a pol\u00edtica externa \u00e9 considerada uma das \u00e1reas que possui maior relev\u00e2ncia no novo governo, buscando desvencilhar-se de seus predecessores e visando a uma nova geometria de poder nas rela\u00e7\u00f5es internacionais, dizendo distanciar-se de qualquer vi\u00e9s ideol\u00f3gico em seu discurso. Sob a tutela de Ernesto Henrique Fraga Ara\u00fajo, diplomata brasileiro e atual ministro das Rela\u00e7\u00f5es Exteriores, o p\u00eandulo da pol\u00edtica internacional brasileira realizou uma rota\u00e7\u00e3o de quase 180\u00ba, findando em um movimento para a extrema-direita.<\/p>\n<p><a name='more'><\/a><\/div>\n<div style=\"text-align: justify;\">Este texto n\u00e3o busca debater a nega\u00e7\u00e3o do atual chanceler acerca do aquecimento global<a href=\"applewebdata:\/\/4ecc2a59-0cfd-45ce-a4d8-c4eff9297954#_ftn1\">[1]<\/a>, nem uma trama internacional para transferir poder econ\u00f4mico do Ocidente para a China<a href=\"applewebdata:\/\/4ecc2a59-0cfd-45ce-a4d8-c4eff9297954#_ftn2\">[2],&nbsp;<\/a>ou ainda uma conspira\u00e7\u00e3o pol\u00edtica da esquerda<a href=\"applewebdata:\/\/4ecc2a59-0cfd-45ce-a4d8-c4eff9297954#_ftn3\">[3]<\/a>, tampouco a suposta ideologia anticrist\u00e3 do globalismo<a href=\"applewebdata:\/\/4ecc2a59-0cfd-45ce-a4d8-c4eff9297954#_ftn4\">[4]<\/a>ou ainda a influ\u00eancia no Itamaraty do &#8220;marxismo cultural&#8221;<a href=\"applewebdata:\/\/4ecc2a59-0cfd-45ce-a4d8-c4eff9297954#_ftn5\">[5]<\/a>. Ele busca debater o entusiasmo expl\u00edcito do chanceler brasileiro com a pol\u00edtica externa de Donald Trump, comprovado em seu artigo &#8220;Trump e o Ocidente<a href=\"applewebdata:\/\/4ecc2a59-0cfd-45ce-a4d8-c4eff9297954#_ftn6\">[6]<\/a>&#8220;.&nbsp;<\/div>\n<div style=\"text-align: justify;\"><\/div>\n<div style=\"text-align: justify;\">Em seu artigo, Ernesto Ara\u00fajo (2017) analisa que a presid\u00eancia de Donald Trump prop\u00f5e uma recupera\u00e7\u00e3o da hist\u00f3ria e da cultura das na\u00e7\u00f5es ocidentais, demonstrando que o nacionalismo \u00e9 a ess\u00eancia do Ocidente. Assim, n\u00e3o seria uma doutrina econ\u00f4mica e pol\u00edtica, mas uma vontade divina que agiria na hist\u00f3ria, visando ainda inserir o Brasil nessa discuss\u00e3o, que mistura pol\u00edtica com religi\u00e3o. Saindo do texto e preceitos do ministro para a realidade concreta dos fatos, seus pensamentos e a\u00e7\u00f5es nada possuem de inovador, apenas replicando algo que ficou conhecido como &#8220;realismo perif\u00e9rico&#8221; no \u00e2mbito das rela\u00e7\u00f5es internacionais, numa vers\u00e3o tupiniquim.<\/div>\n<div style=\"text-align: justify;\"><\/div>\n<div style=\"text-align: justify;\">O termo &#8220;realismo perif\u00e9rico&#8221; surgiu com o cientista pol\u00edtico argentino Carlos Escud\u00e9 (1992), assessor especial do ministro das Rela\u00e7\u00f5es Exteriores da Argentina, Guido di Tella, em rela\u00e7\u00e3o \u00e0 estrat\u00e9gia de pol\u00edtica externa daquele pa\u00eds diante das pot\u00eancias ocidentais. Em termos gerais, \u00e9 o estabelecimento de um alinhamento autom\u00e1tico e incondicional com os Estados Unidos.&nbsp;<\/div>\n<div style=\"text-align: justify;\"><\/div>\n<div style=\"text-align: justify;\">Segundo esta doutrina, ao considerar a Argentina um pa\u00eds dependente, perif\u00e9rico, endividado e pouco relevante aos EUA e pa\u00edses centrais, ela deveria reduzir os enfrentamentos e discord\u00e2ncias em sua pol\u00edtica exterior com a finalidade de atrair investimentos e facilitar negocia\u00e7\u00f5es com os organismos financeiros internacionais. O exemplo pr\u00e1tico desta pol\u00edtica externa ocorreu no governo de Carlos Menem (1989-1999) quando este retirou a Argentina do Movimento dos Pa\u00edses N\u00e3o-Alinhados e a completa identifica\u00e7\u00e3o da Argentina com a Alian\u00e7a Ocidental, chegando-se a dizer, explicitamente, o desejo de estabelecer &#8220;rela\u00e7\u00f5es carnais<a href=\"applewebdata:\/\/4ecc2a59-0cfd-45ce-a4d8-c4eff9297954#_ftn7\">[7]<\/a>&#8221; com os americanos.&nbsp;<\/div>\n<div style=\"text-align: justify;\"><\/div>\n<div style=\"text-align: justify;\">Na Argentina, a teoria do realismo perif\u00e9rico n\u00e3o resultou em ganhos significativos, apesar de suas concess\u00f5es em termos de privatiza\u00e7\u00f5es, pol\u00edticas macroecon\u00f4micas, dentre outros. Esse &#8220;tipo ideal de pol\u00edtica exterior&#8221;, segundo Bandeira (2010, p.476), acabou negando &#8220;\u00e0 Argentina a capacidade de ter uma pol\u00edtica exterior pr\u00f3pria, um dos atributos da soberania, e subordinava-a \u00e0 dos EUA&#8221;. Em outros termos, diferentemente de uma pol\u00edtica externa ativa e altiva \u2212 ou de exemplos hist\u00f3ricos no caso brasileiro, como a &#8220;Pol\u00edtica Externa Independente&#8221; (1961-1964) de Quadros\/Goulart, ou a &#8220;Diplomacia da Prosperidade&#8221; (1967-1969) e o &#8220;Pragmatismo Respons\u00e1vel e Ecum\u00eanico&#8221; (1974-1979), nos governos militares \u2212  o realismo perif\u00e9rico visa o entrela\u00e7amento ideol\u00f3gico irrestrito com os Estados Unidos, desconsiderando o tabuleiro de xadrez geopol\u00edtico global e as contrapartidas negativas que tal pol\u00edtica pode acarretar em termos geoecon\u00f4micos.&nbsp;<\/div>\n<div style=\"text-align: justify;\"><\/div>\n<div style=\"text-align: justify;\">As pr\u00f3prias visitas de Estado aos Estados Unidos e Israel logo nos primeiros dias de Governo visaram reafirmar uma vers\u00e3o brasileira dessa an\u00e1lise te\u00f3rica presente num passado recente de nosso pa\u00eds vizinho, cuja presen\u00e7a da &#8220;ess\u00eancia do Ocidente&#8221; proposta por Ernesto Ara\u00fajo \u00e9 intensa. O estabelecimento de &#8220;rela\u00e7\u00f5es carnais&#8221; com os americanos \u00e9 expl\u00edcito, em que n\u00e3o se visualiza nenhum questionamento cr\u00edtico de quaisquer pol\u00edticas estadunidenses, tanto internas quanto externas, apoiando incondicionalmente todas as a\u00e7\u00f5es de Donald Trump, desde a constru\u00e7\u00e3o do muro no M\u00e9xico at\u00e9 a deporta\u00e7\u00e3o de imigrantes brasileiros.&nbsp;<\/div>\n<div style=\"text-align: justify;\"><\/div>\n<div style=\"text-align: justify;\">A vers\u00e3o brasileira do realismo perif\u00e9rico se encontra presente na formula\u00e7\u00e3o da pol\u00edtica exterior do atual governo brasileiro, na qual os acordos incluem cess\u00e3o de territ\u00f3rio nacional para lan\u00e7amento de foguetes sem transfer\u00eancia tecnol\u00f3gica; venda de ativos nacionais estrat\u00e9gicos sem contrapartida social; libera\u00e7\u00e3o de vistos para estrangeiros sem o princ\u00edpio da reciprocidade; incorpora\u00e7\u00e3o na geoestrat\u00e9gia estadunidense sem ganhos pol\u00edticos nem econ\u00f4micos para o Brasil. Realizando mais um paralelo com a Argentina da d\u00e9cada de 1990,&nbsp;<\/div>\n<div style=\"text-align: justify;\"><\/div>\n<blockquote style=\"text-align: justify;\"><p><i>O que os te\u00f3ricos do realismo perif\u00e9rico pretenderam n\u00e3o foi que a Argentina estabelecesse com os EUA uma rela\u00e7\u00e3o madura e equilibrada, constru\u00edda sobre razo\u00e1vel balan\u00e7o de coincid\u00eancias e diverg\u00eancias. O que buscaram foi uma rela\u00e7\u00e3o especial [&#8230;] Desse modo, conforme o soci\u00f3logo Jos\u00e9 Paradiso observou, os te\u00f3ricos do realismo perif\u00e9rico imaginaram que, se o pa\u00eds fora t\u00e3o bem, acoplando-se \u00e0 Gr\u00e3-Bretanha, a pot\u00eancia hegem\u00f4nica no s\u00e9culo XIX at\u00e9 o in\u00edcio do s\u00e9culo XX, o aconselh\u00e1vel era repetir a f\u00f3rmula que consistia em torn\u00e1-la o key country dos EUA. (BANDEIRA, 2010, p.477)<\/i><\/p><\/blockquote>\n<div style=\"text-align: justify;\"><\/div>\n<div style=\"text-align: justify;\">Em 100 dias de governo Bolsonaro, visualiza-se uma pol\u00edtica interna baseada no liberalismo econ\u00f4mico e no autoritarismo pol\u00edtico, enquanto na pol\u00edtica externa retomam-se fronteiras ideol\u00f3gicas dos tempos de Guerra Fria somados ao alinhamento incondicional com o Ocidente, um &#8220;realismo perif\u00e9rico tupiniquim&#8221;.&nbsp;<\/div>\n<div style=\"text-align: justify;\"><\/div>\n<div style=\"text-align: justify;\"><\/div>\n<div style=\"text-align: justify;\"><\/div>\n<div style=\"text-align: justify;\"><b>Refer\u00eancias<\/b><\/div>\n<div style=\"text-align: justify;\"><\/div>\n<div style=\"text-align: justify;\">ARAUJO, Ernesto. Trump e o Ocidente. Cadernos de Pol\u00edtica Exterior. <i>Instituto de Pesquisa de Rela\u00e7\u00f5es Internacionais<\/i>, v. 3, n\u00ba 6, dezembro de 2017. Bras\u00edlia : FUNAG, 2015, p. 323-358<\/div>\n<div style=\"text-align: justify;\"><\/div>\n<div style=\"text-align: justify;\">BANDEIRA, Luiz Alberto Moniz. <i>Brasil, Argentina e Estados Unidos:<\/i> conflito e integra\u00e7\u00e3o na Am\u00e9rica do Sul (da Tr\u00edplice Alian\u00e7a ao Mercosul). Rio de Janeiro: Civiliza\u00e7\u00e3o Brasileira, 2010.&nbsp;<\/div>\n<div style=\"text-align: justify;\"><\/div>\n<div style=\"text-align: justify;\">ESCUD\u00c9, Carlos. <i>Realismo perif\u00e9rico: <\/i>fundamntos para la nueva pol\u00edtica argentina. Buenos Aires: Planeta; Pol\u00edtica y Sociedad, 1992.&nbsp;<\/div>\n<div style=\"text-align: justify;\"><\/div>\n<div style=\"text-align: justify;\"><\/div>\n<div style=\"text-align: justify;\"><\/div>\n<div style=\"text-align: justify;\"><\/div>\n<div style=\"text-align: justify;\"><a href=\"applewebdata:\/\/4ecc2a59-0cfd-45ce-a4d8-c4eff9297954#_ftnref1\">[1]<\/a>&#8220;Bolsonaro appoints climate change denier and conspiracy theorist as foreign minister&#8221;, Ben Cowles. 15 de Novembro de 2018. Dispon\u00edvel em: https:\/\/morningstaronline.co.uk\/article\/bolsonaro-appoints-climate-change-denier-and-conspiracy-theorist-as-foreign-minister<\/div>\n<div style=\"text-align: justify;\"><\/div>\n<div style=\"text-align: justify;\"><a href=\"applewebdata:\/\/4ecc2a59-0cfd-45ce-a4d8-c4eff9297954#_ftnref2\">[2]<\/a>&#8220;climate change is a &#8216;globalist&#8217; plot to help China, claims pro-trump brazilian foreign minister&#8221;,  <a href=\"https:\/\/www.newsweek.com\/authors\/david-brennan\">David Brennan<\/a>, 16 de Novembro de 2018<\/div>\n<div style=\"text-align: justify;\"><\/div>\n<div style=\"text-align: justify;\">Dispon\u00edvel em: https:\/\/www.newsweek.com\/climate-change-cultural-marxist-plot-claims-pro-trump-brazilian-foreign-1218722<\/div>\n<div style=\"text-align: justify;\"><\/div>\n<div style=\"text-align: justify;\"><a href=\"applewebdata:\/\/4ecc2a59-0cfd-45ce-a4d8-c4eff9297954#_ftnref3\">[3]<\/a>&#8220;Sequestrar e perverter&#8221;, Ernesto Ara\u00fajo. 12 de outubro de 2018.<\/div>\n<div style=\"text-align: justify;\"><\/div>\n<div style=\"text-align: justify;\">Dispon\u00edvel em: https:\/\/www.metapoliticabrasil.com\/blog\/sequestrar-e-perverter<\/div>\n<div style=\"text-align: justify;\"><\/div>\n<div style=\"text-align: justify;\"><a href=\"applewebdata:\/\/4ecc2a59-0cfd-45ce-a4d8-c4eff9297954#_ftnref4\">[4]<\/a>&#8220;Sou Ernesto Ara\u00fajo. Tenho 28 anos de servi\u00e7o p\u00fablico e sou tamb\u00e9m escritor. Quero ajudar o Brasil e o mundo a se libertarem da ideologia globalista. Globalismo \u00e9 a globaliza\u00e7\u00e3o econ\u00f4mica que passou a ser pilotada pelo marxismo cultural. Essencialmente \u00e9 um sistema anti-humano e anti-crist\u00e3o. A f\u00e9 em Cristo significa, hoje, lutar contra o globalismo, cujo objetivo \u00faltimo \u00e9 romper a conex\u00e3o entre Deus e o homem, tornado o homem escravo e Deus irrelevante. O projeto metapol\u00edtico significa, essencialmente, abrir-se para a presen\u00e7a de Deus na pol\u00edtica e na hist\u00f3ria. Obrigado pela sua aten\u00e7\u00e3o a este blog!&#8221; Dispon\u00edvel em: https:\/\/www.metapoliticabrasil.com\/about<\/div>\n<div style=\"text-align: justify;\"><\/div>\n<div style=\"text-align: justify;\"><a href=\"applewebdata:\/\/4ecc2a59-0cfd-45ce-a4d8-c4eff9297954#_ftnref5\">[5]<\/a>&#8220;Futuro chanceler diz que vai libertar o Itamaraty do \u201cmarxismo cultural\u201d &#8220;, Estad\u00e3o Conte\u00fado. 28 de Novembro de 2018. https:\/\/exame.abril.com.br\/brasil\/futuro-chanceler-diz-que-vai-libertar-o-itamaraty-do-marxismo-cultural\/<\/div>\n<div style=\"text-align: justify;\"><\/div>\n<div style=\"text-align: justify;\"><a href=\"applewebdata:\/\/4ecc2a59-0cfd-45ce-a4d8-c4eff9297954#_ftnref6\">[6]<\/a>Dispon\u00edvel em Cadernos de Pol\u00edtica Exterior. Instituto de Pesquisa de Rela\u00e7\u00f5es Internacionais, v. 3, n\u00ba 6, dezembro de 2017. Bras\u00edlia : FUNAG, 2015, p. 323-358<\/div>\n<div style=\"text-align: justify;\"><\/div>\n<div style=\"text-align: justify;\"><a href=\"applewebdata:\/\/4ecc2a59-0cfd-45ce-a4d8-c4eff9297954#_ftnref7\">[7]<\/a>&#8220;O pr\u00f3prio ministro das Rela\u00e7\u00f5es Exteriores da Argentina, Guido di Tella, declarou: &#8216;Nosotros queremos pertenecer al Club de Occidente. Yo quiero tener una relaci\u00f3n cordial con los Estados Unidos y no queremos un amor plat\u00f3nico. Nosotros queremos un amor carnal con Estados Unidos. Nos interesa, porque podemos sacar un beneficio.&#8221; (BANDEIRA, 2010, p.478)<\/p>\n<p><b>Como citar:<\/b><\/p>\n<p>RODRIGUES, Bernardo Salgado.&nbsp;Realismo perif\u00e9rico tupiniquim. <i>Di\u00e1logos Internacionais.<\/i> vol.6, n.59, abr. 2019. Acessado em [10\/04\/2019]. Dispon\u00edvel em:&nbsp;<a href=\"http:\/\/www.dialogosinternacionais.com.br\/2019\/04\/realismo-periferico-tupiniquim.html\">http:\/\/www.dialogosinternacionais.com.br\/2019\/04\/realismo-periferico-tupiniquim.html<\/a><\/div>\n","protected":false},"excerpt":{"rendered":"<p>Volume 6 | N\u00famero 59 | Abr. 2019 Por Bernardo Salgado Rodrigues Hoje,<\/p>\n","protected":false},"author":3,"featured_media":0,"comment_status":"closed","ping_status":"open","sticky":false,"template":"","format":"standard","meta":{"footnotes":""},"categories":[657],"tags":[],"class_list":["post-1647","post","type-post","status-publish","format-standard","hentry","category-volume6"],"_links":{"self":[{"href":"https:\/\/dialogosinternacionais.com.br\/index.php?rest_route=\/wp\/v2\/posts\/1647","targetHints":{"allow":["GET"]}}],"collection":[{"href":"https:\/\/dialogosinternacionais.com.br\/index.php?rest_route=\/wp\/v2\/posts"}],"about":[{"href":"https:\/\/dialogosinternacionais.com.br\/index.php?rest_route=\/wp\/v2\/types\/post"}],"author":[{"embeddable":true,"href":"https:\/\/dialogosinternacionais.com.br\/index.php?rest_route=\/wp\/v2\/users\/3"}],"replies":[{"embeddable":true,"href":"https:\/\/dialogosinternacionais.com.br\/index.php?rest_route=%2Fwp%2Fv2%2Fcomments&post=1647"}],"version-history":[{"count":1,"href":"https:\/\/dialogosinternacionais.com.br\/index.php?rest_route=\/wp\/v2\/posts\/1647\/revisions"}],"predecessor-version":[{"id":2266,"href":"https:\/\/dialogosinternacionais.com.br\/index.php?rest_route=\/wp\/v2\/posts\/1647\/revisions\/2266"}],"wp:attachment":[{"href":"https:\/\/dialogosinternacionais.com.br\/index.php?rest_route=%2Fwp%2Fv2%2Fmedia&parent=1647"}],"wp:term":[{"taxonomy":"category","embeddable":true,"href":"https:\/\/dialogosinternacionais.com.br\/index.php?rest_route=%2Fwp%2Fv2%2Fcategories&post=1647"},{"taxonomy":"post_tag","embeddable":true,"href":"https:\/\/dialogosinternacionais.com.br\/index.php?rest_route=%2Fwp%2Fv2%2Ftags&post=1647"}],"curies":[{"name":"wp","href":"https:\/\/api.w.org\/{rel}","templated":true}]}}