{"id":1649,"date":"2019-03-18T09:00:00","date_gmt":"2019-03-18T12:00:00","guid":{"rendered":"https:\/\/dialogosinternacionais.com.br\/?p=1649"},"modified":"2022-05-05T00:30:45","modified_gmt":"2022-05-05T03:30:45","slug":"general-mourao-e-sua-diplomacia-vice-presidencial","status":"publish","type":"post","link":"https:\/\/dialogosinternacionais.com.br\/?p=1649","title":{"rendered":"General Mour\u00e3o e sua Diplomacia vice-presidencial"},"content":{"rendered":"<div style=\"text-align: justify;\">\n<h3>Volume 6 | N\u00famero 58 | Mar. 2019<\/h3>\n<div style=\"text-align: right;\"><i>Por Larissa Rosevics<\/i><\/div>\n<\/div>\n<div style=\"text-align: justify;\"><\/div>\n<table align=\"center\" cellpadding=\"0\" cellspacing=\"0\" style=\"margin-left: auto; margin-right: auto; text-align: center;\">\n<tbody>\n<tr>\n<td><a href=\"https:\/\/2.bp.blogspot.com\/-YRYoUoWBp08\/XHK3wEjYXBI\/AAAAAAAABWk\/2gnYtCCVEFsDVuKOSU4NlUZpAx1xisM5gCLcBGAs\/s1600\/32000308827_9af536d5cf_z.jpg\"><img decoding=\"async\" border=\"0\" src=\"https:\/\/2.bp.blogspot.com\/-YRYoUoWBp08\/XHK3wEjYXBI\/AAAAAAAABWk\/2gnYtCCVEFsDVuKOSU4NlUZpAx1xisM5gCLcBGAs\/s320\/32000308827_9af536d5cf_z.jpg\"><\/a><br \/>\n<span style=\"font-size: x-small;\"><br \/>\n31\/01\/2019 Vice-Presidente, Hamilton Mour\u00e3o durante audi\u00eancia com Embaixador do Canad\u00e1 &#8211; Sr. Riccardo SavoneMinistro-Conselheiro &#8211; Sr. Juan-Pablo ValdesConselheira Comercial &#8211; Sra. Bonny Berger. Foto: Rom\u00e9rio Cunha.<\/span>&nbsp;<\/td>\n<\/tr>\n<\/tbody>\n<\/table>\n<div style=\"text-align: justify;\"><\/div>\n<div style=\"text-align: justify;\"><\/div>\n<div style=\"text-align: justify;\">Na Constitui\u00e7\u00e3o brasileira de 1988, as rela\u00e7\u00f5es exteriores do Brasil s\u00e3o de compet\u00eancia privativa do Presidente da Rep\u00fablica. O Ministro das Rela\u00e7\u00f5es Exteriores \u00e9 respons\u00e1vel por auxiliar o presidente na elabora\u00e7\u00e3o e execu\u00e7\u00e3o da pol\u00edtica externa, sendo seu substituto imediato.&nbsp;<\/div>\n<div style=\"text-align: justify;\"><\/div>\n<div style=\"text-align: justify;\">Apesar da previs\u00e3o constitucional, poucos foram os presidentes brasileiros que tiveram uma participa\u00e7\u00e3o ativa em assuntos de pol\u00edtica externa, como no caso dos governos de FHC e Lula da Silva. A tradi\u00e7\u00e3o da pol\u00edtica externa brasileira \u00e9 a de que a principal voz internacional do pa\u00eds seja a do Ministro das Rela\u00e7\u00f5es Exteriores.<\/div>\n<div style=\"text-align: justify;\"><\/div>\n<div style=\"text-align: justify;\">No governo de Jair Bolsonaro, ainda n\u00e3o est\u00e1 claro quem ser\u00e1 o protagonista da pol\u00edtica externa brasileira. Aparentemente, o presidente n\u00e3o demonstra grande interesse em exercer uma Diplomacia Presidencial, tal qual seus antecessores, conforme pode ser observado na sua atua\u00e7\u00e3o pouco expressiva em Davos, e a repercuss\u00e3o negativa que teve internacionalmente. Mesmo a aproxima\u00e7\u00e3o com l\u00edderes ideologicamente pr\u00f3ximos ao presidente, como Victor Orb\u00e1n, primeiro ministro da Hungria, Benjamin Netanyahu, primeiro ministro de Israel, e Donald Trump, presidente dos Estados Unidos, n\u00e3o apresentaram resultados expressivos. O Ministro das Rela\u00e7\u00f5es Exteriores, Ernesto Ara\u00fajo, tampouco parece agradar as diferentes alas do governo e da elite econ\u00f4mica nacional, com seu posicionamento ideol\u00f3gico anti globalista.<\/div>\n<div style=\"text-align: justify;\"><\/div>\n<div style=\"text-align: justify;\">O cen\u00e1rio que parece se desenhar \u00e9 de protagonismo do vice-presidente, Hamilton Mour\u00e3o, em mat\u00e9ria de pol\u00edtica externa, com uma improv\u00e1vel Diplomacia Vice- Presidencial.<\/div>\n<div style=\"text-align: justify;\"><a name=\"more\"><\/a><\/div>\n<div style=\"text-align: justify;\">Desde os primeiros dias de governo, o General Mour\u00e3o fez quest\u00e3o de expressar em suas declara\u00e7\u00f5es \u00e0 imprensa, e em sua conta oficial no Twitter, posi\u00e7\u00f5es contundentes (e por vezes distintas das do presidente e de seu chanceler) em rela\u00e7\u00e3o \u00e0 pol\u00edtica externa. Inclusive, o vice-presidente tem demonstrado habilidade com a imprensa nacional e internacional, tendo sido o primeiro membro do novo governo a conceder uma entrevista a um grande veiculo de comunica\u00e7\u00e3o internacional. A entrevista que concedeu \u00e0 CNN, em novembro de 2018, logo ap\u00f3s a elei\u00e7\u00e3o, surpreendeu a todos, inclusive pela sua desenvoltura com o ingl\u00eas. A expectativa, nesse caso, era de que a entrevista tivesse sido concedida pelo presidente eleito, Jair Bolsonaro.<\/div>\n<div style=\"text-align: justify;\"><\/div>\n<div>\n<div style=\"text-align: justify;\">O debate sobre a poss\u00edvel mudan\u00e7a da embaixada brasileira de Tel Aviv para Jerusal\u00e9m exemplifica as diverg\u00eancias entre o posicionamento do vice-presidente e demais membros do governo. Dada como certa pelo presidente Jair Bolsonaro, a quest\u00e3o \u00e9 tratada como pass\u00edvel de reavalia\u00e7\u00e3o pelo&nbsp;vice-presidente, conforme declara\u00e7\u00f5es dadas a imprensa, e reafirmadas ao embaixador da Palestina, Ibrahim Alzeben, em visita realizada no dia 28 de janeiro.<\/div>\n<div style=\"text-align: justify;\"><\/div>\n<div style=\"text-align: justify;\">Em seu gabinete, o vice presidente j\u00e1 recebeu representantes de c\u00e2maras de com\u00e9rcio da China (02\/01), dos pa\u00edses \u00c1rabes (29\/01), embaixadores da Holanda e B\u00e9lgica (03\/01), Argentina (10\/01), Espanha (14\/01), Alemanha (21\/01), Tail\u00e2ndia (21\/01), Luxemburgo (23\/01), Canad\u00e1 (31\/01), Austr\u00e1lia (11\/02), representantes da Florida\/EUA (29\/01) al\u00e9m de membros de setores importantes do com\u00e9rcio exterior do Brasil, como o presidente executivo do Instituto A\u00e7o Brasil, Marco Polo de Mello (18\/01). Todas as visitas n\u00e3o foram acompanhadas pelo chanceler brasileiro, como \u00e9 de costume. Em sua conta no twitter, Mour\u00e3o declarou no dia 22 de fevereiro, ter sido designado pelo presidente para coordenar tr\u00eas comiss\u00f5es bilaterais consideradas estrat\u00e9gicas para as rela\u00e7\u00f5es exteriores do Brasil: as comiss\u00f5es da China, R\u00fassia e Nig\u00e9ria.<\/div>\n<div style=\"text-align: justify;\"><\/div>\n<div style=\"text-align: justify;\">Outro fato que destaca o protagonismo do vice-presidente em mat\u00e9ria de pol\u00edtica externa \u00e9 em rela\u00e7\u00e3o a quest\u00e3o venezuelana. Enquanto militar, Mour\u00e3o exerceu a fun\u00e7\u00e3o de adido militar em Caracas durante o governo de Hugo Chaves, o que o torna um profundo conhecedor do pa\u00eds e da elite militar que l\u00e1 figura.  A suspen\u00e7\u00e3o da coopera\u00e7\u00e3o militar com o regime de Nicol\u00e1s Maduro, assinada pelo chanceler Ernesto Ara\u00fajo junto \u00e0 Declara\u00e7\u00e3o do Grupo de Lima, em janeiro, desagradou diversos setores das For\u00e7as Armadas brasileira, que viam no instrumento internacional um meio de comunica\u00e7\u00e3o entre os militares dos dois pa\u00edses. Ap\u00f3s esse desconforto, e com o aumento das tens\u00f5es nas rela\u00e7\u00f5es entre os pa\u00edses, como o fechamento das fronteiras, Mour\u00e3o foi acionado pelo presidente como representante do Brasil para a pr\u00f3xima reuni\u00e3o do Grupo de Lima, que acontece nesta segunda feira, 25 de fevereiro.<\/div>\n<\/div>\n<div style=\"text-align: justify;\"><\/div>\n<div style=\"text-align: justify;\">A figura de Mour\u00e3o desperta a aten\u00e7\u00e3o de pol\u00edticos e investidores internacionais, que o vem como mais moderado e articulado do que o presidente eleito. Contudo, engana-se quem acredita que a pol\u00edtica externa articulada pelo vice-presidente dar\u00e1 continuidade as estrat\u00e9gias estabelecidas pelos governos anteriores de Dilma, Lula da Silva, e mesmo de FHC. Os contextos pol\u00edticos e econ\u00f4micos, nacionais e internacionais entre os governos s\u00e3o distintos, e os verdadeiros interesses de Mour\u00e3o, e o grupo pol\u00edtico que representa, ainda n\u00e3o est\u00e3o evidentes. Mesmo sua postura cordial e conciliadora \u00e9 bastante distinta das declara\u00e7\u00f5es que emitiu no passado sobre as rela\u00e7\u00f5es do Brasil com os pa\u00edses da \u00c1frica e da Am\u00e9rica do Sul.<\/div>\n<div style=\"text-align: justify;\"><\/div>\n<div style=\"text-align: justify;\">O protagonismo do vice-presidente poder\u00e1 ser justificado no futuro como resposta a debilidade da sa\u00fade do presidente no in\u00edcio de seu mandato, reflexo do atentado que sofreu durante a campanha. Por hora, a Diplomacia Vice Presidencial parece ir de vento em poupa, e a quest\u00e3o venezuelana poder\u00e1 consolidar Mour\u00e3o como o principal personagem da pol\u00edtica externa do governo Bolsonaro.<\/div>\n<div style=\"text-align: justify;\"><\/div>\n<div style=\"text-align: justify;\"><\/div>\n<p><i>Refer\u00eancias<\/i><\/p>\n<p>BLOOMBERG. Mour\u00e3o diz que Brasil e China precisam demais um do outro. <i>InfoMoney<\/i>, 15\/02\/2019. Dispon\u00edvel em: <a href=\"https:\/\/www.infomoney.com.br\/mercados\/politica\/noticia\/7930317\/mourao-diz-que-brasil-e-china-precisam-demais-um-do-outro\">https:\/\/www.infomoney.com.br\/mercados\/politica\/noticia\/7930317\/mourao-diz-que-brasil-e-china-precisam-demais-um-do-outro<\/a><\/p>\n<p>EVELIN, Juliana Dal Piva. Mour\u00e3o coloca em d\u00favida capacidade do chanceler de conduzir a pol\u00edtica externa. <i>O Globo<\/i>, 18\/01\/2019. Dispon\u00edvel em: <a href=\"https:\/\/oglobo.globo.com\/mundo\/mourao-coloca-em-duvida-capacidade-do-chanceler-de-conduzir-politica-externa-23382788\">https:\/\/oglobo.globo.com\/mundo\/mourao-coloca-em-duvida-capacidade-do-chanceler-de-conduzir-politica-externa-23382788<\/a><\/p>\n<p>FIGUEIRA, Ariane Roder. <i>Introdu\u00e7\u00e3o \u00e0 an\u00e1lise de pol\u00edtica externa<\/i>. S\u00e3o Paulo: Saraiva, 2011.<\/p>\n<p>GIELOW, Igor. Casa s\u00f3 com &#8220;m\u00e3e&#8221;e &#8220;av\u00f3&#8221; \u00e9 &#8220;f\u00e1brica de desajustados&#8221;para tr\u00e1fico, diz Mour\u00e3o. <i>Folha de S\u00e3o Paulo,<\/i> 17\/09\/2018. Dispon\u00edvel em:<a href=\"https:\/\/www1.folha.uol.com.br\/poder\/2018\/09\/casa-so-com-mae-e-avo-e-fabrica-de-desajustados-para-trafico-diz-mourao.shtml\" target=\"_blank\" rel=\"noopener\">&nbsp;https:\/\/www1.folha.uol.com.br\/poder\/2018\/09\/casa-so-com-mae-e-avo-e-fabrica-de-desajustados-para-trafico-diz-mourao.shtml&nbsp;<\/a><\/p>\n<p>STUENKEL, Oliver. Mour\u00e3o entra em campo contra os globalistas. <i>El Pa\u00eds<\/i>, 12\/02\/2019. Dispon\u00edvel em: <a href=\"https:\/\/brasil.elpais.com\/brasil\/2019\/02\/11\/opinion\/1549903120_135007.html\">https:\/\/brasil.elpais.com\/brasil\/2019\/02\/11\/opinion\/1549903120_135007.html<\/a><\/p>\n<p>TWITTER. <a href=\"https:\/\/twitter.com\/GeneralMourao?ref_src=twsrc%5Egoogle%7Ctwcamp%5Eserp%7Ctwgr%5Eauthor\" target=\"_blank\" rel=\"noopener\">@generalmourao<\/a><\/p>\n<p><b>Como citar:<\/b><\/p>\n<p>ROSEVICS, Larissa. General Mour\u00e3o e sua Diplomacia vice-presidencial. <i>Di\u00e1logos Internacionais.<\/i> vol.6, n.58, mar.2019. Acessado em [18\/03\/2019].&nbsp;Dispon\u00edvel em: <a href=\"http:\/\/www.dialogosinternacionais.com.br\/2019\/02\/general-mourao-e-sua-diplomacia-vice.html\">http:\/\/www.dialogosinternacionais.com.br\/2019\/02\/general-mourao-e-sua-diplomacia-vice.html<\/a><br \/>\n<span style=\"background-color: #edf4ff; caret-color: rgb(136, 136, 136); color: #888888; font-family: Arial, Helvetica, sans-serif; font-size: 13px;\"><br \/>\n<\/span><\/p>\n","protected":false},"excerpt":{"rendered":"<p>Volume 6 | N\u00famero 58 | Mar. 2019 Por Larissa Rosevics 31\/01\/2019 Vice-Presidente,<\/p>\n","protected":false},"author":3,"featured_media":2024,"comment_status":"closed","ping_status":"open","sticky":false,"template":"","format":"standard","meta":{"footnotes":""},"categories":[649,657],"tags":[],"class_list":["post-1649","post","type-post","status-publish","format-standard","has-post-thumbnail","hentry","category-noticias","category-volume6"],"_links":{"self":[{"href":"https:\/\/dialogosinternacionais.com.br\/index.php?rest_route=\/wp\/v2\/posts\/1649","targetHints":{"allow":["GET"]}}],"collection":[{"href":"https:\/\/dialogosinternacionais.com.br\/index.php?rest_route=\/wp\/v2\/posts"}],"about":[{"href":"https:\/\/dialogosinternacionais.com.br\/index.php?rest_route=\/wp\/v2\/types\/post"}],"author":[{"embeddable":true,"href":"https:\/\/dialogosinternacionais.com.br\/index.php?rest_route=\/wp\/v2\/users\/3"}],"replies":[{"embeddable":true,"href":"https:\/\/dialogosinternacionais.com.br\/index.php?rest_route=%2Fwp%2Fv2%2Fcomments&post=1649"}],"version-history":[{"count":2,"href":"https:\/\/dialogosinternacionais.com.br\/index.php?rest_route=\/wp\/v2\/posts\/1649\/revisions"}],"predecessor-version":[{"id":2025,"href":"https:\/\/dialogosinternacionais.com.br\/index.php?rest_route=\/wp\/v2\/posts\/1649\/revisions\/2025"}],"wp:featuredmedia":[{"embeddable":true,"href":"https:\/\/dialogosinternacionais.com.br\/index.php?rest_route=\/wp\/v2\/media\/2024"}],"wp:attachment":[{"href":"https:\/\/dialogosinternacionais.com.br\/index.php?rest_route=%2Fwp%2Fv2%2Fmedia&parent=1649"}],"wp:term":[{"taxonomy":"category","embeddable":true,"href":"https:\/\/dialogosinternacionais.com.br\/index.php?rest_route=%2Fwp%2Fv2%2Fcategories&post=1649"},{"taxonomy":"post_tag","embeddable":true,"href":"https:\/\/dialogosinternacionais.com.br\/index.php?rest_route=%2Fwp%2Fv2%2Ftags&post=1649"}],"curies":[{"name":"wp","href":"https:\/\/api.w.org\/{rel}","templated":true}]}}