{"id":1660,"date":"2018-10-17T13:17:00","date_gmt":"2018-10-17T16:17:00","guid":{"rendered":"https:\/\/dialogosinternacionais.com.br\/?p=1660"},"modified":"2022-05-05T00:30:48","modified_gmt":"2022-05-05T03:30:48","slug":"bolsonaro-e-o-colapso-da-democracia-brasileira","status":"publish","type":"post","link":"https:\/\/dialogosinternacionais.com.br\/?p=1660","title":{"rendered":"Bolsonaro e o colapso da democracia brasileira"},"content":{"rendered":"<p><b>Volume 5 | N\u00famero 53 | Out. 2018<\/b><\/p>\n<div style=\"text-align: right;\"><\/div>\n<div style=\"text-align: right;\">Renato Martins,&nbsp;<\/div>\n<div style=\"text-align: right;\">presidente do F\u00f3rum Universit\u00e1rio Mercosul \u2013 FoMerco<\/div>\n<p><\/p>\n<table align=\"center\" cellpadding=\"0\" cellspacing=\"0\" style=\"margin-left: auto; margin-right: auto; text-align: center;\">\n<tbody>\n<tr>\n<td style=\"text-align: center;\"><a href=\"https:\/\/2.bp.blogspot.com\/-t0hX2b1JnI8\/W8dgEUUIgII\/AAAAAAAA288\/hrcVZknIBHkQ1xqwXsbbDCG2wsOq8gLegCLcBGAs\/s1600\/cartamaior.jpg\" style=\"margin-left: auto; margin-right: auto;\"><img fetchpriority=\"high\" decoding=\"async\" border=\"0\" data-original-height=\"553\" data-original-width=\"938\" height=\"235\" src=\"https:\/\/2.bp.blogspot.com\/-t0hX2b1JnI8\/W8dgEUUIgII\/AAAAAAAA288\/hrcVZknIBHkQ1xqwXsbbDCG2wsOq8gLegCLcBGAs\/s400\/cartamaior.jpg\" width=\"400\" \/><\/a><\/td>\n<\/tr>\n<tr>\n<td style=\"text-align: center;\">Fonte: <a href=\"https:\/\/www.cartamaior.com.br\/?\/Editoria\/Cartas-do-Editor\/Ainda-e-possivel\/50\/42066\" target=\"_blank\" rel=\"noopener\">Carta Maior<\/a><\/td>\n<\/tr>\n<\/tbody>\n<\/table>\n<div style=\"text-align: justify;\">O mundo acompanha com preocupa\u00e7\u00e3o a ascens\u00e3o da extrema direita no Brasil. O capit\u00e3o Jair Messias Bolsonaro, um militar defensor da ditadura, teve 46% dos votos no primeiro turno das elei\u00e7\u00f5es de 2018 e est\u00e1 a um passo de se tornar o oitavo presidente da Nova Rep\u00fablica. Nos anos p\u00f3s-autorit\u00e1rios, somente quatro presidentes foram eleitos pelo voto popular; dois n\u00e3o conclu\u00edram o mandado e o atual \u00e9 considerado o mais impopular da hist\u00f3ria do pa\u00eds. Apesar disso, os \u00faltimos trinta anos foram o per\u00edodo de maior estabilidade pol\u00edtica nacional. A vit\u00f3ria de Bolsonaro representaria certamente o fim desse ciclo, com a consequente abertura de uma nova etapa de autoritarismo, baseado numa mescla de militarismo, fundamentalismo religioso e ultraliberalismo.<\/div>\n<div style=\"text-align: justify;\"><\/div>\n<div style=\"text-align: justify;\">Com efeito, o pacto iniciado com a Constitui\u00e7\u00e3o de 1988 se esgotou com o golpe contra Dilma, em 2016. Desde ent\u00e3o o Brasil convive com situa\u00e7\u00f5es de exce\u00e7\u00e3o. O consenso estabelecido pela Carta de 88 em torno da democracia, do desenvolvimento econ\u00f4mico e da justi\u00e7a social se rompeu com o golpe parlamentar. A partir de ent\u00e3o estes valores deixaram de ser os princ\u00edpios norteadores da Rep\u00fablica. Em parte, isto explica a ascens\u00e3o do obscuro capit\u00e3o \u00e0 condi\u00e7\u00e3o de l\u00edder nas pesquisas eleitorais. Os principais institutos lhe d\u00e3o ampla vantagem em rela\u00e7\u00e3o a Fernando Haddad, o candidato do PT que contou com o apoio de Lula para chegar ao segundo turno.&nbsp;<\/div>\n<div style=\"text-align: justify;\"><\/div>\n<div style=\"text-align: justify;\">Bolsonaro se declara abertamente defensor da ditadura e da tortura. Sua campanha est\u00e1 baseada na mentira, na viol\u00eancia e no \u00f3dio. Se eleito promete \u201carmar a popula\u00e7\u00e3o\u201d, \u201cextirpar da rede publica de ensino a ideologia de Paulo Freire\u201d e \u201ccriminalizar os movimentos sociais\u201d. Estas s\u00e3o apenas algumas de suas bandeiras, todas recheadas de \u00f3dio contra negros, favelados, homossexuais, ind\u00edgenas e quilombolas. N\u00e3o surpreende que uma onda de viol\u00eancia tenha tomado conta do pa\u00eds nas duas \u00faltimas semanas. Em Porto Alegre, tr\u00eas homens imobilizaram e tatuaram no corpo de uma mulher o s\u00edmbolo do nazismo. Em Salvador da Bahia, um mestre de capoeira foi morto a facadas por apoiadores de Bolsonaro depois de declarar o voto em Fernando Haddad.&nbsp;<\/div>\n<div style=\"text-align: justify;\"><a name='more'><\/a><\/div>\n<div style=\"text-align: justify;\">Tudo indica que est\u00e1 em gesta\u00e7\u00e3o no Brasil uma nova modalidade de autoritarismo, o que n\u00e3o deixa de ser uma m\u00e1 noticia para toda Am\u00e9rica Latina. Como se chegou a isso? Nos \u00faltimos trinta anos a polariza\u00e7\u00e3o pol\u00edtica no Brasil se deu entre os defensores do estado social e os defensores do mercado. Ambos respeitavam o jogo democr\u00e1tico das incertezas. A partir de 2014, quando o PSDB n\u00e3o aceitou a derrota para a Dilma, a democracia come\u00e7ou a colapsar. Depois veio o golpe, a pris\u00e3o de Lula e chegamos ao ponto que nos encontramos agora. Tudo isso com o inestim\u00e1vel apoio da Lava Jato, que n\u00e3o foi criada somente para combater a corrup\u00e7\u00e3o, mas principalmente para conter o avan\u00e7o das esquerdas, nem que para isso fosse preciso atropelar a Constitui\u00e7\u00e3o e a pr\u00f3pria democracia. Daqui para frente, a polariza\u00e7\u00e3o pol\u00edtica ser\u00e1 entre democracia e autoritarismo novamente.&nbsp;<\/div>\n<div style=\"text-align: justify;\"><\/div>\n<div style=\"text-align: justify;\">As pessoas est\u00e3o como medo de sair \u00e0 rua por serem negras, ou pobres, ou gays. Neste ambiente crispado pela intoler\u00e2ncia, se fortalecem os ind\u00edcios de que setores das For\u00e7as Armadas trabalham na formula\u00e7\u00e3o de uma nova utopia autorit\u00e1ria, e o que \u00e9 pior: realimentam um projeto de poder. Muitos militares e policiais se apresentaram e foram eleitos para o Congresso Nacional e as Assembleias Legislativas Estaduais. Desde a transi\u00e7\u00e3o, o horizonte liberalizante dos militares brasileiros foi o de uma democracia restringida, protegida das incertezas democr\u00e1ticas. Eles nunca imaginaram sair definitivamente de cena, conforme a Constitui\u00e7\u00e3o de 1988 acabou determinando. Os avan\u00e7os dos governos de esquerda, apesar de moderad\u00edssimos, passaram do limite aos olhos dos conservadores civis ou militares. Enquanto garantiam a paz social, as agendas da inclus\u00e3o social e da participa\u00e7\u00e3o pol\u00edtica foram aceitas a contragosto. Com a crise econ\u00f4mica e a instabilidade pol\u00edtica agravadas pelo golpe de 2016, elas se tornaram intoler\u00e1veis.&nbsp;<\/div>\n<div style=\"text-align: justify;\"><\/div>\n<div style=\"text-align: justify;\">Bolsonaro veio para extirp\u00e1-las. Para quem \u00e9 de fora do pa\u00eds e ouviu falar de seu nome pela primeira vez, Jair Messias Bolsonaro \u00e9 oficial da reserva do ex\u00e9rcito e iniciou a carreira militar em 1971, no auge da \u201cguerra contra o terrorismo\u201d. Ele considera a tortura uma coisa normal. Arrepende-se de que a ditadura, em vez de apenas torturar os opositores do regime, n\u00e3o tenha eliminado \u201cuns trinta mil\u201d deles, para livrar definitivamente o pa\u00eds do comunismo. Sua eventual vit\u00f3ria significaria a repeti\u00e7\u00e3o da hist\u00f3ria. Em tom de amea\u00e7a, ele j\u00e1 declarou que se for eleito vai \u201cacabar com os  ativismos\u201d, ou seja, trinta mil brasileiros que n\u00e3o foram eliminados pelo golpe de 64, correm agora o risco de desaparecer numa eventual elei\u00e7\u00e3o do capit\u00e3o.&nbsp;<\/div>\n<div style=\"text-align: justify;\"><\/div>\n<div style=\"text-align: justify;\">\u00c9 pouco prov\u00e1vel que este obscuro capit\u00e3o venha a ser ele pr\u00f3prio o condottiere da contrarrevolu\u00e7\u00e3o brasileira. Por tr\u00e1s dele se encontram os verdadeiros estrategistas da rea\u00e7\u00e3o: s\u00e3o os novos intelectuais de direita, os fundamentalistas religiosos e os militares golpistas, sem falar dos colaboradores estrangeiros e suas ag\u00eancias de intelig\u00eancia, que no devido tempo mostrar\u00e3o a cara. Com seu discurso belicista, Bolsonaro angariou o apoio de amplos setores sociais, desde as elites econ\u00f4micas e empresarias, \u00e0s classes m\u00e9dias e populares, desesperadas com a crise econ\u00f4mica, a viol\u00eancia e o desemprego. Seu programa de governo tende a ser uma miscel\u00e2nea de pol\u00edticas conservadoras, economicamente liberais (privatiza\u00e7\u00f5es etc), politicamente autorit\u00e1rias (persegui\u00e7\u00e3o aos movimentos sociais e partidos de esquerda) e socialmente regressivas (fim do que restou dos programas sociais).&nbsp;<\/div>\n<div style=\"text-align: justify;\"><\/div>\n<div style=\"text-align: justify;\">Al\u00e9m dos partidos de esquerda e dos movimentos sociais, as universidades est\u00e3o fortemente amea\u00e7adas. Professores e pesquisadores das institui\u00e7\u00f5es de ensino superior, grande parte delas criadas nos governos progressistas, tamb\u00e9m correm o risco de serem perseguidos, assim como j\u00e1 acontece com militantes dos movimentos sociais. No caso de eventual vit\u00f3ria de Bolsonaro, esses movimentos ser\u00e3o criminalizados e enquadrados como terroristas. Universidades ser\u00e3o fechadas e recursos para a educa\u00e7\u00e3o, a cultura, a ci\u00eancia e a tecnologia ser\u00e3o drasticamente cortados. Na pr\u00e1tica isto significa que o ajuste fiscal do governo Temer, projetado para durar 20 anos, poder\u00e1 se aprofundar ainda mais.&nbsp;<\/div>\n<div style=\"text-align: justify;\"><\/div>\n<div style=\"text-align: justify;\">Por tudo isso (e muito mais), o momento \u00e9 t\u00e3o grave. N\u00e3o \u00e9 somente o futuro do Brasil que est\u00e1 em jogo. Os democratas precisam se unir e at\u00e9 o dia 28 de outubro, quando acontecer\u00e1 o segundo turno, manifestar o seu rep\u00fadio \u00e0 volta do autoritarismo. A disputa agora n\u00e3o \u00e9 mais partid\u00e1ria. Agora \u00e9 entre civiliza\u00e7\u00e3o e barb\u00e1rie. Que todos sejam solid\u00e1rios com a democracia. O povo brasileiro agradece.&nbsp;<\/div>\n<div style=\"text-align: justify;\"><\/div>\n<div style=\"text-align: justify;\"><span style=\"text-align: start;\">Publicado originalmente no site do FoMerco &#8211; <\/span><a href=\"http:\/\/www.fomerco.com.br\/\" style=\"text-align: start;\">www.fomerco.com.br<\/a><\/div>\n","protected":false},"excerpt":{"rendered":"<p>Volume 5 | N\u00famero 53 | Out. 2018 Renato Martins,&nbsp; presidente do F\u00f3rum<\/p>\n","protected":false},"author":3,"featured_media":0,"comment_status":"closed","ping_status":"open","sticky":false,"template":"","format":"standard","meta":{"footnotes":""},"categories":[656],"tags":[],"class_list":["post-1660","post","type-post","status-publish","format-standard","hentry","category-volume5"],"_links":{"self":[{"href":"https:\/\/dialogosinternacionais.com.br\/index.php?rest_route=\/wp\/v2\/posts\/1660","targetHints":{"allow":["GET"]}}],"collection":[{"href":"https:\/\/dialogosinternacionais.com.br\/index.php?rest_route=\/wp\/v2\/posts"}],"about":[{"href":"https:\/\/dialogosinternacionais.com.br\/index.php?rest_route=\/wp\/v2\/types\/post"}],"author":[{"embeddable":true,"href":"https:\/\/dialogosinternacionais.com.br\/index.php?rest_route=\/wp\/v2\/users\/3"}],"replies":[{"embeddable":true,"href":"https:\/\/dialogosinternacionais.com.br\/index.php?rest_route=%2Fwp%2Fv2%2Fcomments&post=1660"}],"version-history":[{"count":1,"href":"https:\/\/dialogosinternacionais.com.br\/index.php?rest_route=\/wp\/v2\/posts\/1660\/revisions"}],"predecessor-version":[{"id":2242,"href":"https:\/\/dialogosinternacionais.com.br\/index.php?rest_route=\/wp\/v2\/posts\/1660\/revisions\/2242"}],"wp:attachment":[{"href":"https:\/\/dialogosinternacionais.com.br\/index.php?rest_route=%2Fwp%2Fv2%2Fmedia&parent=1660"}],"wp:term":[{"taxonomy":"category","embeddable":true,"href":"https:\/\/dialogosinternacionais.com.br\/index.php?rest_route=%2Fwp%2Fv2%2Fcategories&post=1660"},{"taxonomy":"post_tag","embeddable":true,"href":"https:\/\/dialogosinternacionais.com.br\/index.php?rest_route=%2Fwp%2Fv2%2Ftags&post=1660"}],"curies":[{"name":"wp","href":"https:\/\/api.w.org\/{rel}","templated":true}]}}