{"id":1662,"date":"2018-09-24T16:42:00","date_gmt":"2018-09-24T19:42:00","guid":{"rendered":"https:\/\/dialogosinternacionais.com.br\/?p=1662"},"modified":"2022-05-05T00:30:48","modified_gmt":"2022-05-05T03:30:48","slug":"observatorio-de-regionalismo-dossie-politica-externa-e-regionalismo-nas-eleicoes-2018","status":"publish","type":"post","link":"https:\/\/dialogosinternacionais.com.br\/?p=1662","title":{"rendered":"Observat\u00f3rio de Regionalismo | Dossi\u00ea Pol\u00edtica Externa e Regionalismo nas Elei\u00e7\u00f5es 2018"},"content":{"rendered":"<p><b>Volume 5 | N\u00famero 52 | Set. 2018<\/b><br \/>Divulga\u00e7\u00e3o<\/p>\n<div style=\"clear: both; text-align: center;\"><a href=\"http:\/\/observatorio.repri.org\/artigos\/especial-dossie-politica-externa-e-regionalismo-nas-eleicoes-2018\/\" target=\"_blank\" rel=\"noopener\"><img fetchpriority=\"high\" decoding=\"async\" border=\"0\" data-original-height=\"789\" data-original-width=\"940\" height=\"536\" src=\"https:\/\/3.bp.blogspot.com\/-q6YUykOHScY\/W6k9IkDiUxI\/AAAAAAAA2X8\/42PquQigKNw4ngMLSp8om4DXYiUNgdFygCLcBGAs\/s640\/WhatsApp-Image-2018-09-24-at-09.22.13.jpeg\" width=\"640\" \/><\/a><\/div>\n<div style=\"text-align: justify;\">Por ocasi\u00e3o das atuais elei\u00e7\u00f5es presidenciais no Brasil, o Observat\u00f3rio de Regionalismo apresenta em sua edi\u00e7\u00e3o especial o Dossi\u00ea Pol\u00edtica Externa e Regionalismo: os programas dos presidenci\u00e1veis nas elei\u00e7\u00f5es 2018, uma publica\u00e7\u00e3o exclusiva que tem o objetivo de analisar o modo como a pol\u00edtica externa e o regionalismo est\u00e3o inseridos nos programas das principais candidaturas.<\/div>\n<div style=\"text-align: justify;\"><\/div>\n<div style=\"text-align: justify;\">Por meio dessa iniciativa coletiva, o Observat\u00f3rio de Regionalismo acredita instigar a reflex\u00e3o sobre temas de pol\u00edtica externa e regionalismo e, assim, contribuir para o debate de ideias ainda mais necess\u00e1rio em per\u00edodos eleitorais. O dossi\u00ea resulta, portanto, na gera\u00e7\u00e3o de um conte\u00fado informativo de interesse a docentes, discentes, e profissionais de rela\u00e7\u00f5es internacionais, bem como os que buscam se informar sobre o t\u00f3pico em geral.<\/div>\n<div style=\"text-align: justify;\"><\/div>\n<div style=\"text-align: justify;\">A produ\u00e7\u00e3o \u00e9 fruto da colabora\u00e7\u00e3o de diversos pesquisadores membros do Observat\u00f3rio de Regionalismo, dentre organizadores, autores, revisores e editor gr\u00e1fico, e contou com apoio inestim\u00e1vel do Programa de P\u00f3s-Gradua\u00e7\u00e3o em Rela\u00e7\u00f5es Internacionais San Tiago Dantas (UNESP \u2013 UNICAMP \u2013 PUC-SP) e da Rede de Pesquisa em Pol\u00edtica Externa e Regionalismo (REPRI).<\/div>\n<div style=\"text-align: justify;\"><\/div>\n<div style=\"text-align: justify;\">Para acessar a vers\u00e3o em portugu\u00eas, basta clicar <a href=\"http:\/\/observatorio.repri.org\/wp-content\/uploads\/2018\/09\/ODR-Eleicoes__PEB_2018.pdf\">aqui<\/a>.<\/div>\n<div style=\"text-align: justify;\"><\/div>\n<div style=\"text-align: justify;\"><\/div>\n<blockquote style=\"text-align: justify;\"><p><b>O que \u00e9 o Observat\u00f3rio de Regionalismo?<\/b><\/p>\n<p>O Observat\u00f3rio de Regionalismo foi criado por alunos do Programa de P\u00f3s Gradua\u00e7\u00e3o em Rela\u00e7\u00f5es Internacionais \u201cSan Tiago Dantas\u201d (Unesp\/ Unicamp\/ PUC-SP), sob a coordena\u00e7\u00e3o da Profa. Dra. Karina L. P. Mariano como um espa\u00e7o de investiga\u00e7\u00e3o e di\u00e1logo entre pesquisadores e o objetivo de fomentar o debate sobre iniciativas regionais de integra\u00e7\u00e3o e coopera\u00e7\u00e3o. Nossos trabalhos se encontram vinculados \u00e0 Rede de Pesquisa em Pol\u00edtica Externa e Regionalismo (REPRI), grupo formado por pesquisadores, professores e alunos de p\u00f3s-gradua\u00e7\u00e3o e gradua\u00e7\u00e3o de diferentes Institui\u00e7\u00f5es de Ensino Superior e de Pesquisa, como a UFU, UNIFESP, UNESP, UNB, UFGD, IPE; e cujos estudos e pesquisas buscam, a partir de objetos e perspectivas te\u00f3ricas e metodol\u00f3gicas diversas, compreender as motiva\u00e7\u00f5es e os determinantes da pol\u00edtica externa dos Estados e dos processos de regionalismo e multilateralismo.<\/p><\/blockquote>\n<blockquote style=\"text-align: justify;\"><p>Inicialmente funcionando como grupo de estudos e pesquisa com maior foco nos processos vigentes nas Am\u00e9ricas, o Observat\u00f3rio pretende trabalhar tamb\u00e9m as demais regi\u00f5es do mundo, como Europa, \u00c1frica e \u00c1sia, e fazer uso da metodologia do regionalismo comparado. Em nosso site, compartilhamos semanalmente artigos breves acerca dos temas de estudo, considerando sua relev\u00e2ncia e atualidade. Al\u00e9m disso, nossos projetos futuros contemplam a cria\u00e7\u00e3o de uma cronologia de tratados e marcos temporais de regionalismo e integra\u00e7\u00e3o (em constru\u00e7\u00e3o), bem como a realiza\u00e7\u00e3o de confer\u00eancias e palestras, clippings de not\u00edcias, dentre outros.<\/p><\/blockquote>\n<div style=\"text-align: justify;\"><\/div>\n<div style=\"text-align: justify;\">Fonte: <a href=\"http:\/\/observatorio.repri.org\/sobre-o-odr\/\" target=\"_blank\" rel=\"noopener\">Site do Observat\u00f3rio de Regionalismo<\/a><\/div>\n","protected":false},"excerpt":{"rendered":"<p>Volume 5 | N\u00famero 52 | Set. 2018Divulga\u00e7\u00e3o Por ocasi\u00e3o das atuais elei\u00e7\u00f5es<\/p>\n","protected":false},"author":3,"featured_media":0,"comment_status":"closed","ping_status":"open","sticky":false,"template":"","format":"standard","meta":{"footnotes":""},"categories":[656],"tags":[],"class_list":["post-1662","post","type-post","status-publish","format-standard","hentry","category-volume5"],"_links":{"self":[{"href":"https:\/\/dialogosinternacionais.com.br\/index.php?rest_route=\/wp\/v2\/posts\/1662","targetHints":{"allow":["GET"]}}],"collection":[{"href":"https:\/\/dialogosinternacionais.com.br\/index.php?rest_route=\/wp\/v2\/posts"}],"about":[{"href":"https:\/\/dialogosinternacionais.com.br\/index.php?rest_route=\/wp\/v2\/types\/post"}],"author":[{"embeddable":true,"href":"https:\/\/dialogosinternacionais.com.br\/index.php?rest_route=\/wp\/v2\/users\/3"}],"replies":[{"embeddable":true,"href":"https:\/\/dialogosinternacionais.com.br\/index.php?rest_route=%2Fwp%2Fv2%2Fcomments&post=1662"}],"version-history":[{"count":1,"href":"https:\/\/dialogosinternacionais.com.br\/index.php?rest_route=\/wp\/v2\/posts\/1662\/revisions"}],"predecessor-version":[{"id":2244,"href":"https:\/\/dialogosinternacionais.com.br\/index.php?rest_route=\/wp\/v2\/posts\/1662\/revisions\/2244"}],"wp:attachment":[{"href":"https:\/\/dialogosinternacionais.com.br\/index.php?rest_route=%2Fwp%2Fv2%2Fmedia&parent=1662"}],"wp:term":[{"taxonomy":"category","embeddable":true,"href":"https:\/\/dialogosinternacionais.com.br\/index.php?rest_route=%2Fwp%2Fv2%2Fcategories&post=1662"},{"taxonomy":"post_tag","embeddable":true,"href":"https:\/\/dialogosinternacionais.com.br\/index.php?rest_route=%2Fwp%2Fv2%2Ftags&post=1662"}],"curies":[{"name":"wp","href":"https:\/\/api.w.org\/{rel}","templated":true}]}}