{"id":1668,"date":"2018-05-30T10:00:00","date_gmt":"2018-05-30T13:00:00","guid":{"rendered":"https:\/\/dialogosinternacionais.com.br\/?p=1668"},"modified":"2022-05-05T00:30:49","modified_gmt":"2022-05-05T03:30:49","slug":"luiz-felipe-osorio-publica-reflexao-radical-sobre-o-imperialismo","status":"publish","type":"post","link":"https:\/\/dialogosinternacionais.com.br\/?p=1668","title":{"rendered":"Luiz Felipe Os\u00f3rio publica reflex\u00e3o radical sobre o Imperialismo"},"content":{"rendered":"<div style=\"clear: both; text-align: center;\"><\/div>\n<p><b>Volume 5 | N\u00famero 48 | Mai. 2018<\/b><\/p>\n<div><b><br \/><\/b><\/p>\n<div style=\"text-align: right;\"><\/div>\n<div style=\"text-align: right;\">Publicado originalmente no site&nbsp;<a href=\"https:\/\/oestadorj.com.br\/luiz-felipe-osorio-publica-reflexao-radical-sobre-o-imperialismo\/\" target=\"_blank\" rel=\"noopener\">OEstadoRJ<\/a>&nbsp;de 30\/04\/2018<\/div>\n<p><\/p>\n<table align=\"center\" cellpadding=\"0\" cellspacing=\"0\" style=\"margin-left: auto; margin-right: auto; text-align: center;\">\n<tbody>\n<tr>\n<td style=\"text-align: center;\"><a href=\"https:\/\/oestadorj.com.br\/wp-content\/uploads\/2018\/04\/PSX_20180427_064721-300x284.jpg\" style=\"margin-left: auto; margin-right: auto;\"><span style=\"font-size: x-small;\"><img decoding=\"async\" border=\"0\" data-original-height=\"284\" data-original-width=\"300\" src=\"https:\/\/oestadorj.com.br\/wp-content\/uploads\/2018\/04\/PSX_20180427_064721-300x284.jpg\" \/><\/span><\/a><\/td>\n<\/tr>\n<tr>\n<td style=\"text-align: center;\"><span style=\"font-size: x-small;\"><span style=\"text-align: start;\">Livro pode ser encontrado na<\/span><a href=\"https:\/\/www.saraiva.com.br\/imperialismo-estado-e-relacoes-internacionais-10126612.html\" style=\"text-align: start;\" target=\"_blank\" rel=\"noopener\">&nbsp;Saraiva,<\/a><span style=\"text-align: start;\">&nbsp;<\/span><a href=\"https:\/\/www.livrariacultura.com.br\/p\/livros\/direito\/publico\/imperialismo-estado-e-relacoes-internacionais-2000082589\" style=\"text-align: start;\" target=\"_blank\" rel=\"noopener\">Cultura<\/a><span style=\"text-align: start;\">&nbsp;<\/span><span style=\"text-align: start;\">e<\/span><span style=\"text-align: start;\">&nbsp;<\/span><a href=\"https:\/\/www.travessa.com.br\/imperialismo-estado-e-relacoes-internacionais\/artigo\/4c3b32bc-b630-40a0-9640-d6498e2f830e\" style=\"text-align: start;\" target=\"_blank\" rel=\"noopener\">Travess<\/a><span style=\"text-align: start;\">a<\/span><\/span><\/td>\n<\/tr>\n<\/tbody>\n<\/table>\n<p><\/p>\n<div style=\"text-align: justify;\"><\/div>\n<div style=\"text-align: justify;\">Luiz Felipe Brand\u00e3o Os\u00f3rio, professor e coordenador da gradua\u00e7\u00e3o em rela\u00e7\u00f5es internacionais da Universidade Federal Rural do Rio de Janeiro (UFRRJ), lan\u00e7a Imperialismo, Estado e Rela\u00e7\u00f5es Internacionais pela S\u00e9rie Direito e Cr\u00edticada Editora Ideias &amp; Letras.<\/div>\n<div style=\"text-align: justify;\"><\/div>\n<div style=\"text-align: justify;\">A obra exp\u00f5e uma leitura cr\u00edtica e radical sobre o imperialismo e sua implica\u00e7\u00e3o no \u00e2mbito das rela\u00e7\u00f5es internacionais: atrelando estruturalmente imperialismo a capitalismo.<\/div>\n<div style=\"text-align: justify;\"><\/div>\n<div style=\"text-align: justify;\">Segundo Os\u00f3rio, a domina\u00e7\u00e3o capitalista necessariamente se faz mediante a forma pol\u00edtica estatal, mas esta se desenvolveu no plural, em Estados, erigindo, nesse espa\u00e7o concorrencial da valoriza\u00e7\u00e3o do valor, o imperialismo. Este livro enfatiza a import\u00e2ncia de pensar a multiplicidade de Estados como tra\u00e7o estruturante do capitalismo, em similitude \u00e0s ideias de Claudia von Braunm\u00fchl.<\/div>\n<div style=\"text-align: justify;\"><\/div>\n<div style=\"text-align: justify;\"><b>A mais alta investiga\u00e7\u00e3o a respeito do tema<\/b><\/div>\n<div style=\"text-align: justify;\"><\/div>\n<div style=\"text-align: justify;\">Os\u00f3rio prop\u00f5e aqui que as leituras marxistas sobre o imperialismo sejam compreendidas a partir de grandes momentos hist\u00f3ricos que lhe forneceram bases. Denomina por debate pioneiro o pensamento do final do s\u00e9culo XIX e do in\u00edcio do s\u00e9culo XX, perpassando as ideias de Hilferding, Rosa Luxemburgo, Kautsky, Bukharin e L\u00eanin. Em sequ\u00eancia, sistematiza o pensamento a respeito do imperialismo produzido ao tempo do fordismo, nos meados do s\u00e9culo XX. Aqui est\u00e3o enfeixadas as leituras do capital monopolista, as teorias marxistas da depend\u00eancia e, ainda, as vis\u00f5es de Wallerstein, Arrighi e Amin. Por fim, abre-se a reflex\u00e3o sobre o imperialismo nos tempos do p\u00f3s-fordismo, produzindo, desde as \u00faltimas d\u00e9cadas do s\u00e9culo XX at\u00e9 hoje, a mais alta investiga\u00e7\u00e3o te\u00f3rica a respeito do tema.<\/div>\n<div style=\"text-align: justify;\"><\/div>\n<div style=\"text-align: justify;\"><b>Politicismo, parcial politicismo e plena cr\u00edtica<\/b><\/div>\n<div style=\"text-align: justify;\"><\/div>\n<div style=\"text-align: justify;\">Muito do debate cr\u00edtico das d\u00e9cadas atuais esteve centrado na dicotomia imperialismo versus Imp\u00e9rio, envolvido pelos termos de Negri. Avan\u00e7ando para al\u00e9m disso, Os\u00f3rio prop\u00f5e que a reflex\u00e3o marxista sobre o imperialismo na atualidade p\u00f3s-fordista seja pensada a partir dos diapas\u00f5es de politicismo, parcial politicismo e plena cr\u00edtica.<\/div>\n<div style=\"text-align: justify;\"><\/div>\n<div style=\"text-align: justify;\"><b>O autor<\/b><\/div>\n<div style=\"text-align: justify;\"><\/div>\n<div style=\"text-align: justify;\">Luiz Felipe Brand\u00e3o Os\u00f3rio tem gradua\u00e7\u00e3o em direito pela UFJF, mestrado e doutorado em economia pol\u00edtica internacional pela UFRJ e p\u00f3s-doutorado em ci\u00eancias sociais aplicadas pela Universidade Presbiteriana Mackenzie. Atualmente \u00e9 professor e Coordenador do Curso de Rela\u00e7\u00f5es Internacionais da UFRRJ.<\/div>\n<\/div>\n","protected":false},"excerpt":{"rendered":"<p>Volume 5 | N\u00famero 48 | Mai. 2018 Publicado originalmente no site&nbsp;OEstadoRJ&nbsp;de 30\/04\/2018<\/p>\n","protected":false},"author":3,"featured_media":0,"comment_status":"closed","ping_status":"open","sticky":false,"template":"","format":"standard","meta":{"footnotes":""},"categories":[656],"tags":[],"class_list":["post-1668","post","type-post","status-publish","format-standard","hentry","category-volume5"],"_links":{"self":[{"href":"https:\/\/dialogosinternacionais.com.br\/index.php?rest_route=\/wp\/v2\/posts\/1668","targetHints":{"allow":["GET"]}}],"collection":[{"href":"https:\/\/dialogosinternacionais.com.br\/index.php?rest_route=\/wp\/v2\/posts"}],"about":[{"href":"https:\/\/dialogosinternacionais.com.br\/index.php?rest_route=\/wp\/v2\/types\/post"}],"author":[{"embeddable":true,"href":"https:\/\/dialogosinternacionais.com.br\/index.php?rest_route=\/wp\/v2\/users\/3"}],"replies":[{"embeddable":true,"href":"https:\/\/dialogosinternacionais.com.br\/index.php?rest_route=%2Fwp%2Fv2%2Fcomments&post=1668"}],"version-history":[{"count":1,"href":"https:\/\/dialogosinternacionais.com.br\/index.php?rest_route=\/wp\/v2\/posts\/1668\/revisions"}],"predecessor-version":[{"id":2086,"href":"https:\/\/dialogosinternacionais.com.br\/index.php?rest_route=\/wp\/v2\/posts\/1668\/revisions\/2086"}],"wp:attachment":[{"href":"https:\/\/dialogosinternacionais.com.br\/index.php?rest_route=%2Fwp%2Fv2%2Fmedia&parent=1668"}],"wp:term":[{"taxonomy":"category","embeddable":true,"href":"https:\/\/dialogosinternacionais.com.br\/index.php?rest_route=%2Fwp%2Fv2%2Fcategories&post=1668"},{"taxonomy":"post_tag","embeddable":true,"href":"https:\/\/dialogosinternacionais.com.br\/index.php?rest_route=%2Fwp%2Fv2%2Ftags&post=1668"}],"curies":[{"name":"wp","href":"https:\/\/api.w.org\/{rel}","templated":true}]}}