{"id":1671,"date":"2018-04-16T16:36:00","date_gmt":"2018-04-16T19:36:00","guid":{"rendered":"https:\/\/dialogosinternacionais.com.br\/?p=1671"},"modified":"2022-05-05T00:30:49","modified_gmt":"2022-05-05T03:30:49","slug":"desemprego-na-franca","status":"publish","type":"post","link":"https:\/\/dialogosinternacionais.com.br\/?p=1671","title":{"rendered":"Desemprego na Fran\u00e7a"},"content":{"rendered":"<p><b>Volume 5 | N\u00famero 47 | Abr. 2018<\/b><\/p>\n<div style=\"clear: both; text-align: center;\"><\/div>\n<div style=\"clear: both; text-align: center;\"><\/div>\n<div style=\"clear: both; text-align: right;\"><a href=\"https:\/\/www.oestadorj.com.br\/images\/oestadorjcom_2016.jpg\" style=\"margin-left: 1em; margin-right: 1em;\"><img decoding=\"async\" border=\"0\" data-original-height=\"59\" data-original-width=\"336\" height=\"56\" src=\"https:\/\/www.oestadorj.com.br\/images\/oestadorjcom_2016.jpg\" width=\"320\" \/><\/a><\/div>\n<div style=\"text-align: right;\"><\/div>\n<div style=\"text-align: right;\">Reportagem sobre desemprego na Fran\u00e7a,<\/div>\n<div style=\"text-align: right;\">&nbsp;publicada no peri\u00f3dico<a href=\"https:\/\/oestadorj.com.br\/franca-o-desemprego-deixa-de-ser-conjuntural-para-ser-estrutural-diz-especialista\/\" target=\"_blank\" rel=\"noopener\"> &#8220;O Estado RJ&#8221;<\/a>,&nbsp;<\/div>\n<div style=\"text-align: right;\">com a participa\u00e7\u00e3o do professor Luiz Felipe Brand\u00e3o Os\u00f3rio.<\/div>\n<p>Por Fabio Terre do <a href=\"https:\/\/oestadorj.com.br\/franca-o-desemprego-deixa-de-ser-conjuntural-para-ser-estrutural-diz-especialista\/\" target=\"_blank\" rel=\"noopener\">&#8220;O Estado RJ&#8221;<\/a>, de 15 de abril de 2018<\/p>\n<blockquote><p><i>Fran\u00e7a: \u201cO desemprego deixa de ser conjuntural, para ser estrutural\u201d, diz especialista<br \/>Greve no setor ferrovi\u00e1rio da Fran\u00e7a deve durar 36 dias. O projeto reformista do governo deve eliminar 120 mil dos quase 5 milh\u00f5es e meio de postos de trabalho em todo o setor p\u00fablico<\/i><\/p><\/blockquote>\n<p><\/p>\n<div style=\"text-align: justify;\">O setor ferrovi\u00e1rio franc\u00eas entrou em greve&nbsp; no come\u00e7o deste m\u00eas contra as reformas trabalhistas do governo do presidente Emmanuel Macron. O protesto est\u00e1 programado para durar 36 dias, com altern\u00e2ncia de 2 dias de paralisa\u00e7\u00e3o para cada 5 de funcionamento. Os trabalhadores n\u00e3o querem a transforma\u00e7\u00e3o da empresa SNCF (Sociedade Nacional de Ferrovias Francesa) em sociedade an\u00f4nima e nem o fim do estatuto cherminot, que proporciona uma s\u00e9rie de benef\u00edcios para os funcion\u00e1rios.<\/div>\n<div style=\"text-align: justify;\"><\/div>\n<div style=\"text-align: justify;\">A SNCF \u00e9 uma das principais empresas p\u00fablicas da Fran\u00e7a e tem um preju\u00edzo anual de 3 bilh\u00f5es e j\u00e1 acumula uma d\u00edvida total de quase 47 bilh\u00f5es. Macron quer dar mais efici\u00eancia \u00e0 ela e eliminar \u201cprivil\u00e9gios\u201d de novos funcion\u00e1rios, como o emprego vital\u00edcio, a aposentadoria a partir dos 52 anos e viagens de trem gr\u00e1tis ou mais baratas. Em 2020, as regras de liberaliza\u00e7\u00e3o da Uni\u00e3o Europeia encerrar\u00e3o o monop\u00f3lio da empresa e a abrir\u00e3o \u00e0 concorr\u00eancia, o que j\u00e1 cria a necessidade imediata de adapta\u00e7\u00e3o. O presidente franc\u00eas&nbsp; tem maioria pol\u00edtica e tamb\u00e9m o apoio de maior parte da popula\u00e7\u00e3o.<\/div>\n<div style=\"text-align: justify;\"><\/div>\n<div style=\"text-align: justify;\">Mas, por outro lado, o projeto reformista do governo quer eliminar 120 mil dos quase 5 milh\u00f5es e meio de postos de trabalho em todo o setor p\u00fablico e tamb\u00e9m estabelecer um plano de demiss\u00f5es volunt\u00e1rias, por meio da flexibiliza\u00e7\u00e3o do estatuto dos funcion\u00e1rios p\u00fablicos, a fim de reduzir o d\u00e9ficit or\u00e7ament\u00e1rio do pa\u00eds.<\/div>\n<div style=\"text-align: justify;\"><a name='more'><\/a><\/div>\n<div style=\"text-align: justify;\"><b>Crise leva para o enquadramento da classe trabalhadora<\/b><\/div>\n<div style=\"text-align: justify;\"><\/div>\n<div style=\"text-align: justify;\">Os trabalhadores ferrovi\u00e1rios tomam os \u201cprivil\u00e9gios\u201d, como direitos adquiridos ap\u00f3s anos de luta sindical e Guillaume Pepy, diretor geral da SNCF, afirmou que \u00e0 r\u00e1dio RMC, que \u201co custo da greve \u00e9 de quase 20 milh\u00f5es de euros por dia\u201d. A paralisa\u00e7\u00e3o est\u00e1 prevista para durar at\u00e9 maio e n\u00e3o h\u00e1 sinais de quem vencer\u00e1 esta queda de bra\u00e7o.<\/div>\n<div style=\"text-align: justify;\"><\/div>\n<div style=\"text-align: justify;\">O Brasil tamb\u00e9m passou pela sua reforma trabalhista e pelos protestos opositores que a acompanham. Ambas as reformas s\u00e3o de car\u00e1ter neoliberal, conforme afirma Luiz Felipe Os\u00f3rio, professor e coordenador da gradua\u00e7\u00e3o de rela\u00e7\u00f5es internacionais da Universidade Federal Rural do Rio de janeiro (UFRRJ). Segundo o professor, a principal semelhan\u00e7a entre elas \u00e9 que \u201cse inserirem no contexto mais amplo de crise de acumula\u00e7\u00e3o no capitalismo mundial\u201d. \u201cO capitalismo \u00e9 essencialmente crise\u201d, prossegue ele, \u201ce os momentos de estabilidade s\u00e3o suas exce\u00e7\u00f5es pontuais\u201d.<\/div>\n<div style=\"text-align: justify;\"><\/div>\n<div style=\"text-align: justify;\">\u201cAssim, em alguns per\u00edodos a crise se acentua e a sa\u00edda buscada caminha sempre no enquadramento da classe trabalhadora via desconstitui\u00e7\u00e3o de direitos e garantias, o que \u00e9 essencialmente uma maneira de diminuir o pre\u00e7o da for\u00e7a de trabalho e os custos dos capitalistas\u201d, afirma Os\u00f3rio. O professor cita ainda como consequ\u00eancia dessa pol\u00edtica, a privatiza\u00e7\u00e3o de empresas estatais, esvaziamento da luta sindical, a abertura das economias aos capitais estrangeiros, as modifica\u00e7\u00f5es rumo a privatiza\u00e7\u00e3o na previd\u00eancia, nas rela\u00e7\u00f5es de trabalho e nos direitos sociais como um todo, e o redirecionamento da interven\u00e7\u00e3o estatal para outras \u00e1reas que n\u00e3o as sociais.<\/div>\n<div style=\"text-align: justify;\"><\/div>\n<div style=\"text-align: justify;\">Charles Pennaforte, professor de rela\u00e7\u00f5es internacionais da Universidade Federal de Pelotas (UFPel) e diretor-geral do CENEGRI (Centro de Estudos em Geopol\u00edtica e Rela\u00e7\u00f5es Internacionais) afirma que a ideia neoliberal de que o estado \u00e9 uma empresa n\u00e3o faz sentido e o que se v\u00ea \u00e9 a tentativa de privilegiar o setor financeiro. Exemplifica que no Brasil h\u00e1 teses e relat\u00f3rios do pr\u00f3prio senado, que concluem que a \u201cprevid\u00eancia brasileira n\u00e3o d\u00e1 preju\u00edzo\u201d. Mas, o professor alerta que a sua reforma beneficiaria o setor privado de previd\u00eancia.<\/div>\n<div style=\"text-align: justify;\"><\/div>\n<div style=\"text-align: justify;\">A taxa de desemprego na Fran\u00e7a \u00e9 alta, embora Macron tenha conseguido diminu\u00ed-la, mas Pennaforte afirma que as economias no velho mundo nunca v\u00e3o conseguir gerar emprego em larga escala e crescer 5%, 6% ou 7%, como a China cresce hoje, porque sua economia j\u00e1 est\u00e1 totalmente organizada, a popula\u00e7\u00e3o j\u00e1 se estabeleceu e tem taxa de crescimento negativo, al\u00e9m da crescente robotiza\u00e7\u00e3o do trabalho. \u201cO desemprego deixa de ser conjuntural, para ser estrutural\u201d, afirma ele.<\/div>\n<div style=\"text-align: justify;\"><\/div>\n<div style=\"text-align: justify;\">Tanto o professor Luiz Felipe Os\u00f3rio, quanto o professor Charles, concordam que os movimentos sociais na Fran\u00e7a s\u00e3o mais fortes do que no Brasil e podem atenuar as medidas do governo franc\u00eas com rela\u00e7\u00e3o \u00e0 SNCF. \u201cA Hist\u00f3ria francesa \u00e9 toda baseada encima dessa luta pelos direitos humanos\u201d, diz o especialista do Rio Grande do Sul. O coordenador da UFRRJ complementa dizendo que o modelo de bem-estar social conseguiu enraizar-se mais na Fran\u00e7a do que no Brasil, porque neste as garantias s\u00e3o fr\u00e1geis e poucas, mais f\u00e1ceis de serem solapadas, o que reflete tamb\u00e9m na organiza\u00e7\u00e3o do trabalho e das lutas. Mas conclui atribuindo a maior for\u00e7a dos movimento estrangeiro \u201c\u00e0 v\u00e1rios motivos hist\u00f3ricos e estruturais das rela\u00e7\u00f5es internacionais, como a posi\u00e7\u00e3o dentro da divis\u00e3o internacional, que tem o Brasil na periferia e a Fran\u00e7a no centro\u201d.<\/div>\n","protected":false},"excerpt":{"rendered":"<p>Volume 5 | N\u00famero 47 | Abr. 2018 Reportagem sobre desemprego na Fran\u00e7a,<\/p>\n","protected":false},"author":3,"featured_media":0,"comment_status":"closed","ping_status":"open","sticky":false,"template":"","format":"standard","meta":{"footnotes":""},"categories":[656],"tags":[],"class_list":["post-1671","post","type-post","status-publish","format-standard","hentry","category-volume5"],"_links":{"self":[{"href":"https:\/\/dialogosinternacionais.com.br\/index.php?rest_route=\/wp\/v2\/posts\/1671","targetHints":{"allow":["GET"]}}],"collection":[{"href":"https:\/\/dialogosinternacionais.com.br\/index.php?rest_route=\/wp\/v2\/posts"}],"about":[{"href":"https:\/\/dialogosinternacionais.com.br\/index.php?rest_route=\/wp\/v2\/types\/post"}],"author":[{"embeddable":true,"href":"https:\/\/dialogosinternacionais.com.br\/index.php?rest_route=\/wp\/v2\/users\/3"}],"replies":[{"embeddable":true,"href":"https:\/\/dialogosinternacionais.com.br\/index.php?rest_route=%2Fwp%2Fv2%2Fcomments&post=1671"}],"version-history":[{"count":1,"href":"https:\/\/dialogosinternacionais.com.br\/index.php?rest_route=\/wp\/v2\/posts\/1671\/revisions"}],"predecessor-version":[{"id":2249,"href":"https:\/\/dialogosinternacionais.com.br\/index.php?rest_route=\/wp\/v2\/posts\/1671\/revisions\/2249"}],"wp:attachment":[{"href":"https:\/\/dialogosinternacionais.com.br\/index.php?rest_route=%2Fwp%2Fv2%2Fmedia&parent=1671"}],"wp:term":[{"taxonomy":"category","embeddable":true,"href":"https:\/\/dialogosinternacionais.com.br\/index.php?rest_route=%2Fwp%2Fv2%2Fcategories&post=1671"},{"taxonomy":"post_tag","embeddable":true,"href":"https:\/\/dialogosinternacionais.com.br\/index.php?rest_route=%2Fwp%2Fv2%2Ftags&post=1671"}],"curies":[{"name":"wp","href":"https:\/\/api.w.org\/{rel}","templated":true}]}}