{"id":1673,"date":"2018-04-02T17:45:00","date_gmt":"2018-04-02T20:45:00","guid":{"rendered":"https:\/\/dialogosinternacionais.com.br\/?p=1673"},"modified":"2022-05-05T00:30:49","modified_gmt":"2022-05-05T03:30:49","slug":"a-crimeia-e-o-mapa-meteorologico-da-tv-ucraniana-o-poder-simbolico-dos-mapas","status":"publish","type":"post","link":"https:\/\/dialogosinternacionais.com.br\/?p=1673","title":{"rendered":"A Crimeia e o mapa meteorol\u00f3gico da TV ucraniana: o poder simb\u00f3lico dos mapas"},"content":{"rendered":"<p><b>Volume 5 | N\u00famero 47 | Abr. 2018<\/b><\/p>\n<div style=\"text-align: right;\"><\/div>\n<div style=\"text-align: right;\">Por Larissa Rosevics<\/div>\n<table align=\"center\" cellpadding=\"0\" cellspacing=\"0\" style=\"margin-left: auto; margin-right: auto; text-align: center;\">\n<tbody>\n<tr>\n<td style=\"text-align: center;\"><a href=\"https:\/\/ichef-1.bbci.co.uk\/news\/660\/cpsprodpb\/F093\/production\/_100478516_ua-first.jpg\" style=\"margin-left: auto; margin-right: auto;\"><img fetchpriority=\"high\" decoding=\"async\" border=\"0\" data-original-height=\"371\" data-original-width=\"660\" height=\"179\" src=\"https:\/\/ichef-1.bbci.co.uk\/news\/660\/cpsprodpb\/F093\/production\/_100478516_ua-first.jpg\" width=\"320\" \/><\/a><\/td>\n<\/tr>\n<tr>\n<td style=\"text-align: center;\">Do site da <a href=\"http:\/\/www.bbc.com\/news\/blogs-trending-43457754\" target=\"_blank\" rel=\"noopener\">BBC, <\/a>reproduzido da UA TV<\/td>\n<\/tr>\n<\/tbody>\n<\/table>\n<div style=\"text-align: justify;\">No in\u00edcio do m\u00eas de mar\u00e7o de 2018, uma simples previs\u00e3o do tempo no telejornal da UA (<i>National Public Broadcasting Company of Ukraine<\/i>), o canal de televis\u00e3o p\u00fablico da Ucr\u00e2nia, causou debate nas redes sociais. Durante a transmiss\u00e3o ao vivo do telejornal nacional, a imagem do mapa da Ucr\u00e2nia que se via atr\u00e1s da rep\u00f3rter do tempo exclu\u00eda a regi\u00e3o da Crimeia da divis\u00e3o pol\u00edtica do pa\u00eds. No mesmo dia, o canal de televis\u00e3o privado ucraniano STB tamb\u00e9m utilizou a imagem do mapa da Ucr\u00e2nia sem a Crimeia em seu telejornal. E tudo isso aconteceu \u00e0s v\u00e9speras das elei\u00e7\u00f5es presidenciais na R\u00fassia, na qual Vladmir Putin concorreu como franco favorito. <\/div>\n<div style=\"text-align: justify;\"><\/div>\n<div style=\"text-align: justify;\"><\/div>\n<div style=\"text-align: justify;\"><\/div>\n<div style=\"text-align: justify;\">A Crimeia \u00e9 uma pen\u00ednsula que fica ao sul da Ucr\u00e2nia, em uma regi\u00e3o estrat\u00e9gica no mar Negro. Por conta da posi\u00e7\u00e3o que ocupa, ela j\u00e1 foi povoada por diferentes grupos ao longo da hist\u00f3ria, como gregos, romanos e otomanos. Com a expans\u00e3o do imp\u00e9rio russo no s\u00e9culo XVIII, a regi\u00e3o tornou-se parte do imp\u00e9rio e importante base naval, despertando a aten\u00e7\u00e3o das demais pot\u00eancias europeias. A Guerra da Crimeia (1853-1856) entre a R\u00fassia e a coaliz\u00e3o da Fran\u00e7a, Inglaterra, Sardenha e o Imp\u00e9rio Otomano teve como objetivo frear o \u00edmpeto expansionista russo e garantir, assim, o equil\u00edbrio de poder europeu no s\u00e9culo XIX.<\/p>\n<p><a name='more'><\/a><\/div>\n<div style=\"text-align: justify;\"><\/div>\n<table align=\"center\" cellpadding=\"0\" cellspacing=\"0\" style=\"margin-left: auto; margin-right: auto; text-align: center;\">\n<tbody>\n<tr>\n<td style=\"text-align: center;\"><a href=\"https:\/\/upload.wikimedia.org\/wikipedia\/commons\/thumb\/4\/4d\/Karte_der_Krim.png\/1024px-Karte_der_Krim.png\" style=\"margin-left: auto; margin-right: auto;\"><img decoding=\"async\" border=\"0\" data-original-height=\"520\" data-original-width=\"800\" height=\"260\" src=\"https:\/\/upload.wikimedia.org\/wikipedia\/commons\/thumb\/4\/4d\/Karte_der_Krim.png\/1024px-Karte_der_Krim.png\" width=\"400\" \/><\/a><\/td>\n<\/tr>\n<tr>\n<td style=\"text-align: center;\">Por Maximilian D\u00f6rrbecker (Chumwa) &#8211; Obra do pr\u00f3prio, usingOpenStreetMap datathis file for the orientation map inset, CC BY-SA 2.0, https:\/\/commons.wikimedia.org\/w\/index.php?curid=31518890<\/td>\n<\/tr>\n<\/tbody>\n<\/table>\n<div style=\"text-align: justify;\"><\/div>\n<div style=\"text-align: justify;\"><\/div>\n<div style=\"text-align: justify;\"><\/div>\n<div style=\"text-align: justify;\"><\/div>\n<div style=\"text-align: justify;\">Com a Revolu\u00e7\u00e3o Bolchevique de 1917, a Crimeia foi declarada como regi\u00e3o aut\u00f4noma da Uni\u00e3o Sovi\u00e9tica e, ap\u00f3s a Segunda Guerra Mundial foi rebaixada a Prov\u00edncia da URSS. Durante o governo de Nikita Krhushchov (1953-1964), a Crimeia foi doada \u00e0 Ucr\u00e2nia. Com a fragmenta\u00e7\u00e3o da URSS, a Crimeia tornou-se um dos contenciosos mais complexos das rela\u00e7\u00f5es entre R\u00fassia e Ucr\u00e2nia. <\/div>\n<div style=\"text-align: justify;\"><\/div>\n<div style=\"text-align: justify;\"><\/div>\n<div style=\"text-align: justify;\">Com uma popula\u00e7\u00e3o de cerca de 60% russos e 25% ucranianos, em que o russo \u00e9 o idioma mais falado entre os seus habitantes, a Crimeia proclamou a sua independ\u00eancia da Ucr\u00e2nia em 1992, estabelecendo uma constitui\u00e7\u00e3o pr\u00f3pria. No mesmo ano, o Supremo Soviet da R\u00fassia revisou a decis\u00e3o de cess\u00e3o do territ\u00f3rio \u00e0 Ucr\u00e2nia e decidiu pela sua anula\u00e7\u00e3o, reafirmando o status de cidade federal da R\u00fassia a Sevastopol, onde est\u00e1 localizada a base naval russa e a sua Frota do Mar Negro. A solu\u00e7\u00e3o parcial para a regi\u00e3o veio em 1997 com o Tratado Russo-Ucraniano de Amizade, no qual a Crimeia ficaria com a Ucr\u00e2nia e a R\u00fassia com a maior parte da Frota do Mar Negro e o direito de arrendar Sevastopol da Ucr\u00e2nia por 20 anos, com possibilidade de prorroga\u00e7\u00e3o. <\/div>\n<div style=\"text-align: justify;\"><\/div>\n<div style=\"text-align: justify;\"><\/div>\n<div style=\"text-align: justify;\">A indefini\u00e7\u00e3o em rela\u00e7\u00e3o ao destino da Crimeia ganhou contornos dram\u00e1ticos no in\u00edcio do s\u00e9culo XXI, devido as negocia\u00e7\u00f5es para a entrada da Ucr\u00e2nia na OTAN e na Uni\u00e3o Europeia. Durante o governo do presidente Bill Clinton, os Estados Unidos buscaram inserir na OTAN diversos pa\u00edses do entorno estrat\u00e9gico da R\u00fassia, que faziam parte da sua zona de influ\u00eancia. A ades\u00e3o \u00e0 OTAN tamb\u00e9m passou a ser considerada como obrigat\u00f3ria a todos os pa\u00edses que tivessem interessem em fazer parte da Uni\u00e3o Europeia. Apesar das cr\u00edticas internas nos Estados Unidos, que viam a expans\u00e3o da OTAN como belicosa (BANDEIRA, 2017), aos poucos pa\u00edses importantes para a seguran\u00e7a russa, como Pol\u00f4nia, Let\u00f4nia, Litu\u00e2nia, Est\u00f4nia, foram inseridos na organiza\u00e7\u00e3o. O \u00faltimo espa\u00e7o estrat\u00e9gico almejado pelos Estados Unidos \u00e9 a Ucr\u00e2nia. <\/div>\n<div style=\"text-align: justify;\"><\/div>\n<div style=\"text-align: justify;\"><\/div>\n<div style=\"text-align: justify;\">Contudo, como aponta Bruno Hendler (2014), a Ucr\u00e2nia tem uma import\u00e2ncia geopol\u00edtica diferente dos demais pa\u00edses. Al\u00e9m da quest\u00e3o da Crimeia, conforme apontado anteriormente, a regi\u00e3o de Kiev \u00e9 considerada o ber\u00e7o da cultura eslava e do antigo imp\u00e9rio Rus de Kiev, que deu origem a R\u00fassia, al\u00e9m de ser um centro econ\u00f4mico e industrial importante para a economia russa e territ\u00f3rio de passagem de gasodutos russos. As d\u00edvidas que a Ucr\u00e2nia tem com a R\u00fassia tamb\u00e9m s\u00e3o significativas, especialmente no setor energ\u00e9tico. <\/div>\n<div style=\"text-align: justify;\"><\/div>\n<div style=\"text-align: justify;\"><\/div>\n<div style=\"text-align: justify;\">O auge do contencioso aconteceu em 2014, com o aumento da press\u00e3o para a entrada da Ucr\u00e2nia na Uni\u00e3o Europeia e o ressurgimento da possibilidade da entrada do pa\u00eds na OTAN. A Revolu\u00e7\u00e3o Ucraniana pr\u00f3 Uni\u00e3o Europeia, que dep\u00f4s o presidente V\u00edktor Yanuk\u00f3vytch, pr\u00f3 R\u00fassia, foi o estopim para que os russos ocupassem a Crimeia e a considerassem como parte de seu territ\u00f3rio, definitivamente. <\/div>\n<div style=\"text-align: justify;\"><\/div>\n<div style=\"text-align: justify;\"><\/div>\n<div style=\"text-align: justify;\">Moniz Bandeira (2017) destaca que a entrada da Ucr\u00e2nia na Uni\u00e3o Europeia e na OTAN \u00e9 mais relevante para a estrat\u00e9gia geopol\u00edtica norte-americana do que para o desenvolvimento do pa\u00eds. Para fazer parte das duas organiza\u00e7\u00f5es, a Ucr\u00e2nia teria que abrir m\u00e3o de importantes subs\u00eddios recebidos da R\u00fassia na importa\u00e7\u00e3o de g\u00e1s, recurso energ\u00e9tico essencial ao pa\u00eds, al\u00e9m de fazer ajustes fiscais que prejudicariam ainda mais a sua economia, debilitada pelas crises econ\u00f4micas internacionais. Os empr\u00e9stimos realizados pela Uni\u00e3o Europeia e pelo FMI seriam insuficientes para liquidar as d\u00edvidas do pa\u00eds e n\u00e3o proporcionariam o desenvolvimento econ\u00f4mico e social esperado. <\/div>\n<div style=\"text-align: justify;\"><\/div>\n<div style=\"text-align: justify;\"><\/div>\n<div style=\"text-align: justify;\">Ap\u00f3s serem bombardeadas com cr\u00edticas em suas redes sociais, a UA e a STB vieram a p\u00fablico pedir desculpas pelo ocorrido. Informaram aos seus telespectadores de que o mapa fora confeccionado as pressas e que se tratava de um erro t\u00e9cnico. Enquanto isso, mesmo sem a participa\u00e7\u00e3o dos eleitores russos que vivem na Ucr\u00e2nia, Vladmir Putin foi reeleito para o quarto mandato, com 76,67% dos votos (DW, 2018). <\/div>\n<p><i>Refer\u00eancias <\/i><\/p>\n<p>BANDEIRA, Luiz Alberto Moniz.<i> A desordem mundial: <\/i>o espectro da total domina\u00e7\u00e3o. 4.ed. Rio de Janeiro: Civiliza\u00e7\u00e3o brasileira, 2017. <\/p>\n<p>BELL, Chris; ZOTSENKO, Dmytro. Anger as tv broadcast exclude Crimea from Ukraine map. <i>BBC,<\/i> 19 mar.2018. Dispon\u00edvel em: <a href=\"http:\/\/www.bbc.com\/news\/blogs-trending-43457754\">http:\/\/www.bbc.com\/news\/blogs-trending-43457754<\/a> <\/p>\n<p>PINTO, Maria Jo\u00e3o. Putin reeleito: &#8220;A R\u00fassia est\u00e1 condenada ao \u00eaxito&#8221;. <i>Deutsche Welle  &#8211; Internacional.<\/i> 19 de mar.2018. Dispon\u00edvel em: <a href=\"http:\/\/www.dw.com\/pt-002\/putin-reeleito-a-r%C3%BAssia-est%C3%A1-condenada-ao-%C3%AAxito\/a-43034573\">http:\/\/www.dw.com\/pt-002\/putin-reeleito-a-r%C3%BAssia-est%C3%A1-condenada-ao-%C3%AAxito\/a-43034573<\/a> <\/p>\n<p>HENDLER, Bruno. A crise na Ucr\u00e2nia: causalidades globais, regionais e inter-regionais de uma crise (quase nada) dom\u00e9stica. <i>Mundorama,<\/i> 26 fev.2014. Dispon\u00edvel em: <a href=\"https:\/\/www.mundorama.net\/?p=13784\">https:\/\/www.mundorama.net\/?p=13784<\/a><\/p>\n","protected":false},"excerpt":{"rendered":"<p>Volume 5 | N\u00famero 47 | Abr. 2018 Por Larissa Rosevics Do site<\/p>\n","protected":false},"author":3,"featured_media":0,"comment_status":"closed","ping_status":"open","sticky":false,"template":"","format":"standard","meta":{"footnotes":""},"categories":[656],"tags":[],"class_list":["post-1673","post","type-post","status-publish","format-standard","hentry","category-volume5"],"_links":{"self":[{"href":"https:\/\/dialogosinternacionais.com.br\/index.php?rest_route=\/wp\/v2\/posts\/1673","targetHints":{"allow":["GET"]}}],"collection":[{"href":"https:\/\/dialogosinternacionais.com.br\/index.php?rest_route=\/wp\/v2\/posts"}],"about":[{"href":"https:\/\/dialogosinternacionais.com.br\/index.php?rest_route=\/wp\/v2\/types\/post"}],"author":[{"embeddable":true,"href":"https:\/\/dialogosinternacionais.com.br\/index.php?rest_route=\/wp\/v2\/users\/3"}],"replies":[{"embeddable":true,"href":"https:\/\/dialogosinternacionais.com.br\/index.php?rest_route=%2Fwp%2Fv2%2Fcomments&post=1673"}],"version-history":[{"count":1,"href":"https:\/\/dialogosinternacionais.com.br\/index.php?rest_route=\/wp\/v2\/posts\/1673\/revisions"}],"predecessor-version":[{"id":2251,"href":"https:\/\/dialogosinternacionais.com.br\/index.php?rest_route=\/wp\/v2\/posts\/1673\/revisions\/2251"}],"wp:attachment":[{"href":"https:\/\/dialogosinternacionais.com.br\/index.php?rest_route=%2Fwp%2Fv2%2Fmedia&parent=1673"}],"wp:term":[{"taxonomy":"category","embeddable":true,"href":"https:\/\/dialogosinternacionais.com.br\/index.php?rest_route=%2Fwp%2Fv2%2Fcategories&post=1673"},{"taxonomy":"post_tag","embeddable":true,"href":"https:\/\/dialogosinternacionais.com.br\/index.php?rest_route=%2Fwp%2Fv2%2Ftags&post=1673"}],"curies":[{"name":"wp","href":"https:\/\/api.w.org\/{rel}","templated":true}]}}