{"id":1684,"date":"2017-11-01T08:00:00","date_gmt":"2017-11-01T10:00:00","guid":{"rendered":"https:\/\/dialogosinternacionais.com.br\/?p=1684"},"modified":"2022-12-30T16:38:06","modified_gmt":"2022-12-30T19:38:06","slug":"dossie-malvinas-passado-presente-e-futuro","status":"publish","type":"post","link":"https:\/\/dialogosinternacionais.com.br\/?p=1684","title":{"rendered":"Dossi\u00ea: Malvinas: passado, presente e futuro"},"content":{"rendered":"<p><b>Volume 4 | N\u00famero 42 | Nov. 2017<\/b><\/p>\n<p><img fetchpriority=\"high\" decoding=\"async\" class=\" wp-image-2783 aligncenter\" src=\"https:\/\/dialogosinternacionais.com.br\/wp-content\/uploads\/2022\/12\/ED-ESP-Malvinas-300x272.png\" alt=\"\" width=\"395\" height=\"358\" srcset=\"https:\/\/dialogosinternacionais.com.br\/wp-content\/uploads\/2022\/12\/ED-ESP-Malvinas-300x272.png 300w, https:\/\/dialogosinternacionais.com.br\/wp-content\/uploads\/2022\/12\/ED-ESP-Malvinas-1024x929.png 1024w, https:\/\/dialogosinternacionais.com.br\/wp-content\/uploads\/2022\/12\/ED-ESP-Malvinas-768x697.png 768w, https:\/\/dialogosinternacionais.com.br\/wp-content\/uploads\/2022\/12\/ED-ESP-Malvinas.png 1080w\" sizes=\"(max-width: 395px) 100vw, 395px\" \/><\/p>\n<p>Caros leitores,<\/p>\n<div style=\"clear: both; text-align: center;\"><\/div>\n<div style=\"text-align: justify;\"><\/div>\n<div style=\"text-align: justify;\">Neste m\u00eas de novembro, o tema em destaque no blog \u00e9 a quest\u00e3o das Malvinas, ilhas ao sul da Am\u00e9rica do Sul, reivindicadas pela Argentina e ocupadas pelos ingleses. A contenda, que remonta ao s\u00e9culo XIX, j\u00e1 chegou aos n\u00edveis cr\u00edticos de um conflito, na d\u00e9cada de 1980 e ainda segue sem conclus\u00e3o.<\/div>\n<div style=\"text-align: justify;\"><\/div>\n<div style=\"text-align: justify;\">Os textos do &#8220;Dossi\u00ea Malvinas: passado, presente e futuro&#8221; ser\u00e3o publicados \u00e1s quartas-feiras e abordar\u00e3o os seguintes temas: <i>a hist\u00f3ria da quest\u00e3o das ilhas Malvinas<\/i>, escrito por Laura Brizuela, do blog <a href=\"https:\/\/pautaglobal.wordpress.com\/\" target=\"_blank\" rel=\"noopener\"><b>Pauta Global<\/b><\/a>; <i>a guerra das Malvinas<\/i>, por Mario Afonso Lima; <i>as Malvinas p\u00f3s-guerra,<\/i> por Bernardo Salgado Rodrigues; e <i>as Malvinas e as demandas contempor\u00e2neas da Argentina,<\/i> por Camila Bonetti.<\/p>\n<p>Aguardem a pr\u00f3xima semana.<\/p>\n<\/div>\n<div style=\"text-align: justify;\"><\/div>\n<div style=\"text-align: justify;\">Boa leitura.<\/div>\n","protected":false},"excerpt":{"rendered":"<p>Volume 4 | N\u00famero 42 | Nov. 2017 Caros leitores, Neste m\u00eas de<\/p>\n","protected":false},"author":3,"featured_media":2783,"comment_status":"closed","ping_status":"open","sticky":false,"template":"","format":"standard","meta":{"footnotes":""},"categories":[685,655],"tags":[],"class_list":["post-1684","post","type-post","status-publish","format-standard","has-post-thumbnail","hentry","category-edicao-especial","category-volume4"],"_links":{"self":[{"href":"https:\/\/dialogosinternacionais.com.br\/index.php?rest_route=\/wp\/v2\/posts\/1684","targetHints":{"allow":["GET"]}}],"collection":[{"href":"https:\/\/dialogosinternacionais.com.br\/index.php?rest_route=\/wp\/v2\/posts"}],"about":[{"href":"https:\/\/dialogosinternacionais.com.br\/index.php?rest_route=\/wp\/v2\/types\/post"}],"author":[{"embeddable":true,"href":"https:\/\/dialogosinternacionais.com.br\/index.php?rest_route=\/wp\/v2\/users\/3"}],"replies":[{"embeddable":true,"href":"https:\/\/dialogosinternacionais.com.br\/index.php?rest_route=%2Fwp%2Fv2%2Fcomments&post=1684"}],"version-history":[{"count":3,"href":"https:\/\/dialogosinternacionais.com.br\/index.php?rest_route=\/wp\/v2\/posts\/1684\/revisions"}],"predecessor-version":[{"id":2785,"href":"https:\/\/dialogosinternacionais.com.br\/index.php?rest_route=\/wp\/v2\/posts\/1684\/revisions\/2785"}],"wp:featuredmedia":[{"embeddable":true,"href":"https:\/\/dialogosinternacionais.com.br\/index.php?rest_route=\/wp\/v2\/media\/2783"}],"wp:attachment":[{"href":"https:\/\/dialogosinternacionais.com.br\/index.php?rest_route=%2Fwp%2Fv2%2Fmedia&parent=1684"}],"wp:term":[{"taxonomy":"category","embeddable":true,"href":"https:\/\/dialogosinternacionais.com.br\/index.php?rest_route=%2Fwp%2Fv2%2Fcategories&post=1684"},{"taxonomy":"post_tag","embeddable":true,"href":"https:\/\/dialogosinternacionais.com.br\/index.php?rest_route=%2Fwp%2Fv2%2Ftags&post=1684"}],"curies":[{"name":"wp","href":"https:\/\/api.w.org\/{rel}","templated":true}]}}