{"id":1686,"date":"2017-10-16T08:00:00","date_gmt":"2017-10-16T10:00:00","guid":{"rendered":"https:\/\/dialogosinternacionais.com.br\/?p=1686"},"modified":"2022-05-05T00:30:49","modified_gmt":"2022-05-05T03:30:49","slug":"avancos-e-retrocessos-o-desenrolar-da-crise-politica-e-economica-em-mocambique","status":"publish","type":"post","link":"https:\/\/dialogosinternacionais.com.br\/?p=1686","title":{"rendered":"Avan\u00e7os e retrocessos: O desenrolar da crise pol\u00edtica e econ\u00f4mica em Mo\u00e7ambique"},"content":{"rendered":"<p><b>Volume 4 | N\u00famero 41 | Out. 2017<\/b><\/p>\n<div style=\"text-align: right;\"><\/div>\n<div style=\"text-align: right;\">Por Bernardo Oliveira<\/div>\n<p><\/p>\n<div style=\"clear: both; text-align: center;\"><\/div>\n<table align=\"center\" cellpadding=\"0\" cellspacing=\"0\" style=\"margin-left: auto; margin-right: auto; text-align: center;\">\n<tbody>\n<tr>\n<td style=\"text-align: center;\"><a href=\"https:\/\/1.bp.blogspot.com\/-sSchQ-raI-k\/WeT7f_HsByI\/AAAAAAAABHA\/Z47Dp7pRbhAMTDdgdeHVFHf3Lq7ivFMbQCLcBGAs\/s1600\/mozambique-2131315_1920.jpg\" style=\"margin-left: auto; margin-right: auto;\"><img fetchpriority=\"high\" decoding=\"async\" border=\"0\" data-original-height=\"1200\" data-original-width=\"1600\" height=\"240\" src=\"https:\/\/1.bp.blogspot.com\/-sSchQ-raI-k\/WeT7f_HsByI\/AAAAAAAABHA\/Z47Dp7pRbhAMTDdgdeHVFHf3Lq7ivFMbQCLcBGAs\/s320\/mozambique-2131315_1920.jpg\" width=\"320\" \/><\/a><\/td>\n<\/tr>\n<tr>\n<td style=\"text-align: center;\"><a href=\"http:\/\/www.pixabay.com\/\" target=\"_blank\" rel=\"noopener\">Pixabay<\/a><\/td>\n<\/tr>\n<\/tbody>\n<\/table>\n<div style=\"text-align: justify;\">A partir de 2011, ocorreram muitos confrontos entre o bra\u00e7o armado da Resist\u00eancia Nacional Mo\u00e7ambicana (RENAMO), o principal partido de oposi\u00e7\u00e3o mo\u00e7ambicano, e as for\u00e7as armadas de defesa e seguran\u00e7a (FDS) de Mo\u00e7ambique no Centro e Norte do pa\u00eds. O partido de oposi\u00e7\u00e3o exige o governo de seis prov\u00edncias do pa\u00eds, onde afirma ter havido fraude eleitoral em favor do partido no poder, a Frente de Liberta\u00e7\u00e3o de Mo\u00e7ambique (FRELIMO). Em maio desse ano, foi assinada uma tr\u00e9gua por tempo indeterminado pelas duas partes beligerantes. Como consequ\u00eancia disso, cerca de seis mil refugiados mo\u00e7ambicanos que se encontravam no Malawi retornaram ao seu pa\u00eds de origem\u00b9. <\/div>\n<div style=\"text-align: justify;\"><\/div>\n<div style=\"text-align: justify;\">Em 1992, foi assinado o Acordo Geral de Paz de Roma, que trouxe tr\u00e9gua a um conflito entre a FRELIMO e a RENAMO que data desde a \u00e9poca da independ\u00eancia do pa\u00eds, que ocorreu em 1975. O mesmo acordo estabeleceu as bases de um regime multipartid\u00e1rio em Mo\u00e7ambique, por\u00e9m o primeiro partido est\u00e1 no poder h\u00e1 40 anos. Os \u201cdividendos da paz\u201d (OYA, 2012, p. 402) do acordo de Roma n\u00e3o s\u00f3 trouxeram crescimento econ\u00f4mico, mas tamb\u00e9m desenvolvimento nas \u00e1reas de sa\u00fade e educa\u00e7\u00e3o no pa\u00eds, que contou \u201ccom uma generosa ajuda internacional\u201d (Ibidem).<\/div>\n<div style=\"text-align: justify;\"><\/div>\n<p><a name='more'><\/a><\/p>\n<div style=\"text-align: justify;\">O pa\u00eds manteve uma estabilidade relativa at\u00e9 entrar uma crise militar e pol\u00edtica em 2011, quando Afonso Dhlakama, o atual l\u00edder do partido de oposi\u00e7\u00e3o, questionou o resultado das elei\u00e7\u00f5es gerais mo\u00e7ambicanas e pediu maior presen\u00e7a da RENAMO nas principais institui\u00e7\u00f5es do pa\u00eds, como a Comiss\u00e3o Nacional de Elei\u00e7\u00e3o (CNE), por exemplo. Como as negocia\u00e7\u00f5es com o governo n\u00e3o foram satisfat\u00f3rias para Dhlakama, o mesmo estabeleceu uma base, nas montanhas de Gorongosa, com treinamento militar para os integrantes da RENAMO, o que acentuou a tens\u00e3o pol\u00edtico-militar. Depois de muitos conflitos, a mesma base foi ocupada pelas for\u00e7as do governo em 2013 \u00b2. Em meados do mesmo ano, aconteceram diversas a\u00e7\u00f5es militares de ambos os lados do conflito e, concomitantemente, percebeu-se um esfor\u00e7o do governo de minimizar tais confrontos nos \u00f3rg\u00e3os de informa\u00e7\u00e3o p\u00fablicos e privados, pois os altos dirigentes do governo se recusavam a assumir a situa\u00e7\u00e3o de guerra do pa\u00eds, o que entrava em contraste com as evid\u00eancias e opini\u00e3o p\u00fablica (BRITO, 2014, p. 23). Essas repetidas disputas armadas tamb\u00e9m foram motivos para condena\u00e7\u00e3o da ONU, que afirmava ser desnecess\u00e1ria medidas dr\u00e1sticas e uso de armas para resolver a crise pol\u00edtica do pa\u00eds\u00b3. <\/div>\n<div style=\"text-align: justify;\"><\/div>\n<div style=\"text-align: justify;\">Uma pesquisa afirma que a crise pol\u00edtico-militar em Mo\u00e7ambique \u00e9 resultado de uma m\u00e1 implementa\u00e7\u00e3o de alguns pontos do Acordo Geral de paz, de 1992. Em outras palavras, a falha crucial da ONU foi n\u00e3o criar procedimentos de continua\u00e7\u00e3o do processo de desarmamento e desmobiliza\u00e7\u00e3o ap\u00f3s o t\u00e9rmino da ONUMOZ, a miss\u00e3o de paz de implementa\u00e7\u00e3o do acordo em Mo\u00e7ambique4 .Outra tese afirma que a dificuldade de se alcan\u00e7ar a paz \u00e9 consequ\u00eancia de uma cultura pol\u00edtica problem\u00e1tica mo\u00e7ambicana, onde n\u00e3o se debate a cidadania, no sentido de at\u00e9 onde o Estado deveria interferir nas liberdades individuais (MACAMO,2014, p. 55). <\/div>\n<div style=\"text-align: justify;\"><\/div>\n<div style=\"text-align: justify;\">Tendo em vista esse contexto cr\u00edtico, foram estabelecidas rodadas de negocia\u00e7\u00e3o de paz entre representantes da RENAMO e FRELIMO, com media\u00e7\u00e3o internacional reconhecida e selecionada pelos dois lados, para que n\u00e3o houvesse parcialidade. Os mesmos encontros se mostraram muito inst\u00e1veis e tiveram diversas pausas at\u00e9 a declara\u00e7\u00e3o que finalizou a media\u00e7\u00e3o internacional, feita em fevereiro desse ano pelo presidente de Mo\u00e7ambique, Felipe Nyusi. O pr\u00f3prio chefe de Estado do pa\u00eds afirmou que esses encontros auxiliaram na aproxima\u00e7\u00e3o do governo com a RENAMO e que a partir do seu fim se iniciaria uma nova fase com a cria\u00e7\u00e3o de grupos de trabalho compostos pelos dois partidos, que t\u00eam como fun\u00e7\u00e3o deliberar sobre assuntos considerados importantes para a resolu\u00e7\u00e3o da crise5. <\/div>\n<div style=\"text-align: justify;\"><\/div>\n<div style=\"text-align: justify;\">Os assuntos mais importantes debatidos nos grupos de trabalho s\u00e3o a necessidade de uma descentraliza\u00e7\u00e3o no Estado mo\u00e7ambicano, cessa\u00e7\u00e3o dos confrontos militares, despartidariza\u00e7\u00e3o das FDS, desarmamento do bra\u00e7o armado do partido de oposi\u00e7\u00e3o e a respectiva reintegra\u00e7\u00e3o de seus guerrilheiros na sociedade. Sobre a descentraliza\u00e7\u00e3o, Afonso Dhlakama, presidente da RENAMO, j\u00e1 reivindica que seja feita uma lei que permita elei\u00e7\u00f5es para governadores provinciais a partir de 2019 e outra lei que torne as finan\u00e7as provinciais mais aut\u00f4nomas, o l\u00edder do partido de oposi\u00e7\u00e3o deseja que tais leis j\u00e1 sejam aprovadas pela Assembleia da Rep\u00fablica no fim deste ano6. Outrossim, tamb\u00e9m j\u00e1 se tornou prioridade para Dhlakama, que os homens da RENAMO sejam desarmados e integrados na pol\u00edcia e for\u00e7as de defesa e seguran\u00e7a. <\/div>\n<div style=\"text-align: justify;\"><\/div>\n<div style=\"text-align: justify;\">Uma poss\u00edvel consequ\u00eancia dos grupos de trabalho foi o anuncio de Afonso Dhlakama, em maio desse ano, declarando tr\u00e9gua por tempo indeterminado. O pr\u00f3prio presidente da RENAMO afirma que essa tr\u00e9gua \u201cn\u00e3o significa o fim da guerra, mas o in\u00edcio do fim\u201d 7, ou seja, s\u00f3 ocorreu o cessar-fogo, pois a poss\u00edvel assinatura de um acordo de paz depende da resposta do governo \u00e0s demandas da RENAMO, destas, a mais imediata \u00e9 a retirada das posi\u00e7\u00f5es das FDS na regi\u00e3o de Gorongosa. <\/div>\n<div style=\"text-align: justify;\"><\/div>\n<div style=\"text-align: justify;\">Uma cr\u00edtica pertinente \u00e0s negocia\u00e7\u00f5es para o fim da crise pol\u00edtica e militar de Mo\u00e7ambique \u00e9 que as mesmas ocorrem de forma fechada e secreta. Como afirma o ativista social mo\u00e7ambicano, Roberto Tibana, \u00e9 de interesse da FRELIMO e RENAMO, que se mantenham as negocia\u00e7\u00f5es excluindo outros segmentos da sociedade para que se mantenha a hegemonia pol\u00edtica dos mesmos partidos. O historiador mo\u00e7ambicano Elc\u00eddio Macuacua tamb\u00e9m afirma que esse fato \u00e9 grave porque \u201ca hist\u00f3ria mostra que todo o processo que foi conduzido num modelo secreto n\u00e3o teve uma solu\u00e7\u00e3o definitiva\u201d (MACUACA,2017) 8. <\/div>\n<div style=\"text-align: justify;\"><\/div>\n<div style=\"text-align: justify;\">Pode-se afirmar que a instabilidade pol\u00edtica-militar \u00e9 um dos fatores que agravam a crise econ\u00f4mica. Isso acontece porque a ocorr\u00eancia de repetidos conflitos armados entre o governo e o bra\u00e7o armado da RENAMO deteriorou a reputa\u00e7\u00e3o internacional de Mo\u00e7ambique, que \u00e9 um pa\u00eds que necessita de investimento externo para executar diversas atividades. Ademais, o turismo tamb\u00e9m foi afetado, pois o acesso \u00e0 diversos pontos tur\u00edsticos remotos s\u00e3o feitos por meio de estradas, que foram evitadas por causa da viol\u00eancia9. <\/div>\n<div style=\"text-align: justify;\"><\/div>\n<div style=\"text-align: justify;\">Outrossim, em 2016, causas externas tamb\u00e9m pioraram a crise econ\u00f4mica como a grande valoriza\u00e7\u00e3o do d\u00f3lar e a queda dos pre\u00e7os das commodities importantes para a economia mo\u00e7ambicana tal qual g\u00e1s natural, carv\u00e3o, alum\u00ednio, a\u00e7\u00facar e algod\u00e3o. Esse contexto escasseou as divisas e desequilibrou a balan\u00e7a comercial do pa\u00eds10. No contexto interno, pode-se afirmar que a ocorr\u00eancia de desastres naturais como a seca que atingiu a regi\u00e3o Sul de Mo\u00e7ambique a partir de 201511, a desvaloriza\u00e7\u00e3o do metical, que \u00e9 a moeda nacional, e o crescimento alarmante da infla\u00e7\u00e3o contribu\u00edram fortemente para o colapso econ\u00f4mico. <\/div>\n<div style=\"text-align: justify;\"><\/div>\n<div style=\"text-align: justify;\">Outro fator importante para a crise econ\u00f4mica mo\u00e7ambicana \u00e9 a crise da d\u00edvida p\u00fablica em que, desde 2013, o Governo de Mo\u00e7ambique contraiu, sem o conhecimento do parlamento e dos \u00f3rg\u00e3os internacionais, cerca de 2 bilh\u00f5es de d\u00f3lares em empr\u00e9stimos para 3 empresas estatais: A Proindicus, Mozambique Management Asset (MAM) e Empresa Mo\u00e7ambicana de Atum (EMATUM). Quando isso foi revelado, o FMI parou de cooperar financeiramente com o pa\u00eds e, posteriormente, mais 14 grupos investidores tamb\u00e9m o fizeram. O surgimento desse esc\u00e2ndalo fez os juros mo\u00e7ambicanos se tornarem um dos maiores do mundo e diminuiu a nota do pa\u00eds nas ag\u00eancias de classifica\u00e7\u00e3o de risco12. Na \u00e9poca, o FMI e outros credores afirmaram que s\u00f3 iriam renegociar a d\u00edvida ou cooperar com Mo\u00e7ambique depois da realiza\u00e7\u00e3o de uma auditoria internacional independente sobre os empr\u00e9stimos13. <\/div>\n<div style=\"text-align: justify;\"><\/div>\n<div style=\"text-align: justify;\">Tal auditoria foi realizada pela entidade internacional Kroll em parceria com a Procuradoria Geral da Rep\u00fablica e terminou no in\u00edcio de julho desse ano. De acordo com o economista Luis Maga\u00e7o, a auditoria concluiu que os projetos que receberam empr\u00e9stimos tinham o prop\u00f3sito de sustentar outras opera\u00e7\u00f5es e n\u00e3o de gerar receitas para pagar a verba emprestada. Isso ocorre porque tais empresas n\u00e3o tinham capacidade de opera\u00e7\u00e3o, os pr\u00f3prios barcos da EMATUM est\u00e3o parados porque s\u00e3o inadequados para a pesca, por exemplo. De acordo com Maga\u00e7o, tais d\u00edvidas deveriam ser pagas com as rendas previstas da extra\u00e7\u00e3o do g\u00e1s natural, que n\u00e3o obteve os lucros previstos. Al\u00e9m disso, o relat\u00f3rio tamb\u00e9m afirma que houve desvios de dinheiro massivos, como 500 milh\u00f5es de d\u00f3lares que deveriam ter sido enviados ao Minist\u00e9rio da Defesa, mas n\u00e3o se sabe a localiza\u00e7\u00e3o desse dinheiro14.<\/div>\n<div style=\"text-align: justify;\"><\/div>\n<div style=\"text-align: justify;\">A partir disso, o FMI fez uma visita \u00e0 Mo\u00e7ambique e pediu para o governo corrigir essas lacunas de informa\u00e7\u00e3o resultantes da auditoria e exigiu que o governo reduzisse o d\u00e9ficit fiscal para o or\u00e7amento de 2018 por meios de diversas medidas de austeridade como redu\u00e7\u00e3o de investimentos p\u00fablicos, conten\u00e7\u00e3o da renda, elimina\u00e7\u00e3o de insen\u00e7\u00f5es fiscais, etc15. Entretanto existem opini\u00f5es que divergem sobre o que deve ser feito, como a dos pr\u00f3prios credores da d\u00edvida oculta, que em uma nota afirmaram que o governo n\u00e3o deveria assumir estas d\u00edvidas ocultas e deveria liquidar todas as empresas estatais envolvidas neste esc\u00e2ndalo. Tamb\u00e9m apoiam a ideia de n\u00e3o pagamento da d\u00edvida os partid\u00e1rios da RENAMO, que afirmam que a Justi\u00e7a mo\u00e7ambicana deve responsabilizar e penalizar os culpados por esses empr\u00e9stimos16. <\/div>\n<div style=\"text-align: justify;\"><\/div>\n<div style=\"text-align: justify;\">Portanto, percebe-se que 2016 foi um ano conturbado para Mo\u00e7ambique e que a apari\u00e7\u00e3o de problemas simult\u00e2neos como o colapso econ\u00f4mico, a dificuldade de se estabelecer a paz no conflito pol\u00edtico-militar e as calamidades naturais abalaram as estruturas do status quo e mudan\u00e7as na economia e pol\u00edtica se tornaram necess\u00e1rias. Entretanto, em 2017, surgiram acontecimentos animadores como a vis\u00edvel aproxima\u00e7\u00e3o do governo com a RENAMO \u2013 ao ponto de se declarar uma tr\u00e9gua permanente no conflito \u2013 e tamb\u00e9m alguns indicadores macroecon\u00f4micos t\u00eam mostrado expressiva melhora, mesmo que isso n\u00e3o signifique uma melhora imediata nos indicadores sociais. Pode-se afirmar que a infla\u00e7\u00e3o tem desacelerado consideravelmente nos \u00faltimos meses, o metical se recuperou perante o d\u00f3lar e o rand, a moeda sul-africana, e houve um aumento das reservas internacionais l\u00edquidas mo\u00e7ambicanas17. Dessa forma, pode-se afirmar que ainda existem muitos fatores e problemas a serem resolvidos e debatidos em Mo\u00e7ambique, por\u00e9m a perspectiva de melhora de vida do povo no pa\u00eds tem crescido recentemente e isso traz esperan\u00e7as para uma conjuntura mais agrad\u00e1vel nos pr\u00f3ximos anos. <\/div>\n<div style=\"text-align: justify;\"><\/div>\n<div style=\"text-align: justify;\"><\/div>\n<div style=\"text-align: justify;\">&nbsp;1 FOLHA DE MAPUTO. Seis mil refugiados regressaram ao pa\u00eds. Dispon\u00edvel em: https:\/\/www.youtube.com\/watch?v=o3Z47u1tbOk. Acesso em 23\/07\/2017.&nbsp; <\/div>\n<div style=\"text-align: justify;\"><\/div>\n<div style=\"text-align: justify;\">2 FRIZO, Pedro. Crise pol\u00edtica em Mo\u00e7ambique p\u00f5e em risco ganhos econ\u00f4micos recentes. CEIRI Newspaper. Dispon\u00edvel em: http:\/\/www.jornal.ceiri.com.br\/crise-politica-em-mocambique-poe-em-risco-ganhos-economicos-recentes\/. Acesso em 15\/09\/2016. <\/div>\n<div style=\"text-align: justify;\"><\/div>\n<div style=\"text-align: justify;\">3 OBSERVADOR. ONU condena \u201cmedidas dr\u00e1sticas\u201d para resolver crise pol\u00edtica em Mo\u00e7ambique. Dispon\u00edvel em: http:\/\/observador.pt\/2016\/10\/24\/onucondenamedidasdrasticaspararesolvercrisepoliticaemmocambique\/. Acesso em 27\/10\/2016. <\/div>\n<div style=\"text-align: justify;\"><\/div>\n<div style=\"text-align: justify;\">4 VOA PORTUGU\u00caS. Crise em Mo\u00e7ambique: Falha na consolida\u00e7\u00e3o da paz ou dificuldade moment\u00e2nea?. Dispon\u00edvel em: http:\/\/www.voaportugues.com\/a\/crisemocambiquefalhaconsolidacaopazdificuldademomentanea\/3397507.html. Acesso em 23\/09\/2016.&nbsp; <\/div>\n<div style=\"text-align: justify;\"><\/div>\n<div style=\"text-align: justify;\">5 VERDADE. Negocia\u00e7\u00f5es para paz em Mo\u00e7ambique v\u00e3o retomar em breve mas sem mediadores internacionais. Dispon\u00edvel em: http:\/\/www.verdade.co.mz\/destaques\/democracia\/61052-negociacoes-para-paz-em-mocambique-vao-continuar-sem-mediadores-internacionais. Acesso em 25\/07\/2017. <\/div>\n<div style=\"text-align: justify;\"><\/div>\n<div style=\"text-align: justify;\">6 ISSUFO, Nadia. Mo\u00e7ambique: Governo &#8220;marca passo&#8221; nas negocia\u00e7\u00f5es de paz, acusa Afonso Dhlakama. DW \u00c1frica. Dispon\u00edvel em: http:\/\/www.dw.com\/pt-002\/mo%C3%A7ambique-governo-marca-passo-nas-negocia%C3%A7%C3%B5es-de-paz-acusa-afonso-dhlakama\/a-39480575. Acesso em 31\/07\/2017. <\/div>\n<div style=\"text-align: justify;\"><\/div>\n<div style=\"text-align: justify;\">7 LUSA. Afonso Dhlakama anuncia tr\u00e9gua por tempo indeterminado. D\u00edspon\u00edvel em: http:\/\/www.dn.pt\/mundo\/interior\/afonso-dhlakama-anuncia-mais-60-dias-de-tregua-com-o-governo-mocambicano-5701967.html. Acesso em 25\/07\/2017.&nbsp; <\/div>\n<div style=\"text-align: justify;\"><\/div>\n<div style=\"text-align: justify;\">8 LUSA. \u201cSecretismo\u201d nas negocia\u00e7\u00f5es de paz em Mo\u00e7ambique pode condicionar solu\u00e7\u00e3o definitiva. Dispon\u00edvel em http:\/\/www.dn.pt\/lusa\/interior\/secretismo-nas-negociacoes-de-paz-em-mocambique-pode-condicionar-solucao-definitiva-6244747.html. Acesso em 25\/07\/2017.&nbsp;<\/div>\n<div style=\"text-align: justify;\"><\/div>\n<div style=\"text-align: justify;\">9 VOA PORTUGU\u00caS. Crise pol\u00edtica e militar afecta reputa\u00e7\u00e3o de Mo\u00e7ambique, diz CTA. Dispon\u00edvel em: http:\/\/www.voaportugues.com\/a\/tensaopoliticomilitarpoderaafectaraeconomiamocambicana\/3238746.html. Acesso em 15\/09\/2016. <\/div>\n<div style=\"text-align: justify;\"><\/div>\n<div style=\"text-align: justify;\">10 DI\u00c1RIO DE NOT\u00cdCIAS. O ano de todas as crises em Mo\u00e7ambique. Dispon\u00edvel em: http:\/\/www.dn.pt\/mundo\/interior\/oanodetodasascrisesemmocambique5152896.html. Acesso em 12\/09\/2016. <\/div>\n<div style=\"text-align: justify;\"><\/div>\n<div style=\"text-align: justify;\">11 CALDEIRA, Ad\u00e9rito. Umbeluzi est\u00e1 seco. VERDADE. Dispon\u00edvel em: http:\/\/www.verdade.co.mz\/nacional\/60555-umbeluzi-esta-seco. Acesso em 22\/12\/2016.&nbsp; <\/div>\n<div style=\"text-align: justify;\"><\/div>\n<div style=\"text-align: justify;\">12 A BOLA. 2016: O ano em que os mo\u00e7ambicanos descobriram as suas d\u00edvidas escondidas. Dispon\u00edvel em: http:\/\/www.abola.pt\/africa\/ver.aspx?id=645789. Acesso em 20\/12\/2016. <\/div>\n<div style=\"text-align: justify;\"><\/div>\n<div style=\"text-align: justify;\">13 O PA\u00cdS. FMI apoiar\u00e1 Mo\u00e7ambique depois da auditoria forense. Dispon\u00edvel em: http:\/\/noticias.mmo.co.mz\/2016\/12\/fmiapoiaramocambiquedepoisdaauditoriaforense.html. Acesso em 22\/12\/2016. <\/div>\n<div style=\"text-align: justify;\"><\/div>\n<div style=\"text-align: justify;\">14 GOMES, Karina. Mo\u00e7ambique: Auditoria \u00e0s d\u00edvidas ocultas prova que projetos serviram para &#8220;financiar outras opera\u00e7\u00f5es&#8221;, diz economista. DW \u00c1FRICA. Dispon\u00edvel em: http:\/\/www.dw.com\/pt-002\/mo%C3%A7ambique-auditoria-%C3%A0s-d%C3%ADvidas-ocultas-prova-que-projetos-serviram-para-financiar-outras-opera%C3%A7%C3%B5es-diz-economista\/a-39743647. Acesso em 24\/07\/2017. <\/div>\n<div style=\"text-align: justify;\"><\/div>\n<div style=\"text-align: justify;\">15 MATIAS, Leonel. Mo\u00e7ambique: &#8220;Governo deve colmatar lacunas de informa\u00e7\u00e3o&#8221; no caso das d\u00edvidas. DW \u00c1FRICA. Dispon\u00edvel em: http:\/\/www.dw.com\/pt-002\/mo%C3%A7ambique-governo-deve-colmatar-lacunas-de-informa%C3%A7%C3%A3o-no-caso-das-d%C3%ADvidas\/a-39776956. Acesso em 24\/07\/2017.&nbsp; <\/div>\n<div style=\"text-align: justify;\"><\/div>\n<div style=\"text-align: justify;\">16 MATIAS, Leonel. Detentores da d\u00edvida dizem que Maputo n\u00e3o tem de pagar empr\u00e9stimos. DW \u00c1FRICA. Dispon\u00edvel em: http:\/\/www.dw.com\/pt-002\/detentores-da-d%C3%ADvida-dizem-que-maputo-n%C3%A3o-tem-de-pagar-empr%C3%A9stimos\/a-39496377. Acesso em 24\/07\/2017 <\/div>\n<div style=\"text-align: justify;\"><\/div>\n<div style=\"text-align: justify;\">17 PORTAL MOZ NEWS. \u201cMo\u00e7ambique J\u00e1 Est\u00e1 Livre Da Crise\u201d Disse Rog\u00e9rio Zandamela. Dispon\u00edvel em: http:\/\/portalmoznews.com\/2017\/06\/mocambique-ja-esta-livre-da-crise-disse-rogerio-zandamela.html. Acesso em 04\/08\/2017&nbsp; <\/div>\n<div style=\"text-align: justify;\"><\/div>\n<div style=\"text-align: justify;\"><b>Refer\u00eancias<\/b> <\/div>\n<div style=\"text-align: justify;\"><\/div>\n<div style=\"text-align: justify;\">BRITO, Lu\u00eds de. Uma Reflex\u00e3o Sobre o Desafio da Paz em Mo\u00e7ambique. In: BRITO, Lu\u00eds de, et al. (Org.). <i>Desafios para Mo\u00e7ambique 2014.<\/i> Maputo. Iese. 2014. P. 23- 40&nbsp;<\/div>\n<div style=\"text-align: justify;\"><\/div>\n<div style=\"text-align: justify;\">DEUTSCHE WELLE. Di\u00e1logo pol\u00edtico retomado em Mo\u00e7ambique. Dispon\u00edvel em: http:\/\/www.dw.com\/pt\/di%C3%A1logopol%C3%ADticoretomadoemmo%C3%A7ambique\/a19546332. Acesso em 12\/09\/2016.&nbsp;<\/div>\n<div style=\"text-align: justify;\"><\/div>\n<div style=\"text-align: justify;\">DEUTSCHE WELLE. Afonso Dhlakama condiciona desarmamento a disponibilidade do Governo. Dispon\u00edvel em: http:\/\/www.dw.com\/pt-002\/afonso-dhlakama-condiciona-desarmamento-a-disponibilidade-do-governo\/a-38805707. Acesso em 31\/07\/2017.<\/div>\n<div style=\"text-align: justify;\"><\/div>\n<div style=\"text-align: justify;\">MACAMO, El\u00edsio. Cultura pol\u00edtica e cidadania em Mo\u00e7ambique. In: BRITO, Lu\u00eds de, et al. (Org.). <i>Desafios para Mo\u00e7ambique 2014<\/i>. Maputo. Iese. 2014. P. 41-60. <\/div>\n<div style=\"text-align: justify;\"><\/div>\n<div style=\"text-align: justify;\">OYA, Carlos. Crise global, crescimento e desafios para Mo\u00e7ambique e sua estrat\u00e9gia de desenvolvimento. In: BRITO, Lu\u00eds de. et al. (Org.)<i>. Desafios para Mo\u00e7ambique 2012.<\/i> Maputo. Iese. 2012. P. 387-409.&nbsp;<\/div>\n<div style=\"text-align: justify;\"><\/div>\n<div style=\"text-align: justify;\">VERDADE. Para quando o t\u00e3o almejado encontro? [Editorial]. Dispon\u00edvel em: http:\/\/www.dw.com\/pt\/analistaprev%C3%AArondasnegociaisdepazdif%C3%ADceisparamo%C3%A7ambique\/a19563807. Acesso em 23\/09\/2016.&nbsp;<\/div>\n<div style=\"text-align: justify;\"><\/div>\n<div style=\"text-align: justify;\">VOA PORTUGU\u00caS. Desastres naturais em debate em Mo\u00e7ambique. Dispon\u00edvel em: http:\/\/www.voaportugues.com\/a\/desastres-naturais-em-debate-em-mocambique\/2921304.html. Acesso em 20\/12\/2016.<\/p>\n<p><i><b>Bernardo Oliveira<\/b> \u00e9 graduando em Rela\u00e7\u00f5es Internacionais na Universidade Federal Rural do Rio de Janeiro.<\/i> <\/div>\n","protected":false},"excerpt":{"rendered":"<p>Volume 4 | N\u00famero 41 | Out. 2017 Por Bernardo Oliveira Pixabay A<\/p>\n","protected":false},"author":3,"featured_media":0,"comment_status":"closed","ping_status":"open","sticky":false,"template":"","format":"standard","meta":{"footnotes":""},"categories":[655],"tags":[],"class_list":["post-1686","post","type-post","status-publish","format-standard","hentry","category-volume4"],"_links":{"self":[{"href":"https:\/\/dialogosinternacionais.com.br\/index.php?rest_route=\/wp\/v2\/posts\/1686","targetHints":{"allow":["GET"]}}],"collection":[{"href":"https:\/\/dialogosinternacionais.com.br\/index.php?rest_route=\/wp\/v2\/posts"}],"about":[{"href":"https:\/\/dialogosinternacionais.com.br\/index.php?rest_route=\/wp\/v2\/types\/post"}],"author":[{"embeddable":true,"href":"https:\/\/dialogosinternacionais.com.br\/index.php?rest_route=\/wp\/v2\/users\/3"}],"replies":[{"embeddable":true,"href":"https:\/\/dialogosinternacionais.com.br\/index.php?rest_route=%2Fwp%2Fv2%2Fcomments&post=1686"}],"version-history":[{"count":1,"href":"https:\/\/dialogosinternacionais.com.br\/index.php?rest_route=\/wp\/v2\/posts\/1686\/revisions"}],"predecessor-version":[{"id":2085,"href":"https:\/\/dialogosinternacionais.com.br\/index.php?rest_route=\/wp\/v2\/posts\/1686\/revisions\/2085"}],"wp:attachment":[{"href":"https:\/\/dialogosinternacionais.com.br\/index.php?rest_route=%2Fwp%2Fv2%2Fmedia&parent=1686"}],"wp:term":[{"taxonomy":"category","embeddable":true,"href":"https:\/\/dialogosinternacionais.com.br\/index.php?rest_route=%2Fwp%2Fv2%2Fcategories&post=1686"},{"taxonomy":"post_tag","embeddable":true,"href":"https:\/\/dialogosinternacionais.com.br\/index.php?rest_route=%2Fwp%2Fv2%2Ftags&post=1686"}],"curies":[{"name":"wp","href":"https:\/\/api.w.org\/{rel}","templated":true}]}}