{"id":1692,"date":"2017-09-11T09:00:00","date_gmt":"2017-09-11T12:00:00","guid":{"rendered":"https:\/\/dialogosinternacionais.com.br\/?p=1692"},"modified":"2022-05-05T00:30:49","modified_gmt":"2022-05-05T03:30:49","slug":"o-sol-nascente-e-o-militarismo","status":"publish","type":"post","link":"https:\/\/dialogosinternacionais.com.br\/?p=1692","title":{"rendered":"O Sol Nascente e o Militarismo"},"content":{"rendered":"<div style=\"clear: both; text-align: center;\"><\/div>\n<div style=\"text-align: justify;\"><b>Volume 4 | N\u00famero 40 | Set. 2017<\/b><\/p>\n<div style=\"text-align: right;\">Por Alana Camo\u00e7a Gon\u00e7alves de Oliveira<\/div>\n<\/div>\n<div style=\"text-align: justify;\"><\/div>\n<div style=\"text-align: justify;\"><\/div>\n<div style=\"text-align: justify;\"><\/div>\n<div style=\"text-align: justify;\"><\/div>\n<div style=\"text-align: justify;\"><\/div>\n<table align=\"center\" cellpadding=\"0\" cellspacing=\"0\" style=\"margin-left: auto; margin-right: auto; text-align: center;\">\n<tbody>\n<tr>\n<td style=\"text-align: center;\"><a href=\"https:\/\/3.bp.blogspot.com\/-LLmGWnEXXZA\/WalKDRfeydI\/AAAAAAAABEw\/JAb739U9T8svop-CFwBhcfbudOxaVekogCLcBGAs\/s1600\/military-men-569899_1280.jpg\" style=\"margin-left: auto; margin-right: auto;\"><img fetchpriority=\"high\" decoding=\"async\" border=\"0\" data-original-height=\"851\" data-original-width=\"1280\" height=\"265\" src=\"https:\/\/3.bp.blogspot.com\/-LLmGWnEXXZA\/WalKDRfeydI\/AAAAAAAABEw\/JAb739U9T8svop-CFwBhcfbudOxaVekogCLcBGAs\/s400\/military-men-569899_1280.jpg\" width=\"400\" \/><\/a><\/td>\n<\/tr>\n<tr>\n<td style=\"text-align: center;\">Pixabay<\/td>\n<\/tr>\n<\/tbody>\n<\/table>\n<p><!--[if gte mso 9]><xml> <o:OfficeDocumentSettings>  <o:AllowPNG\/> <\/o:OfficeDocumentSettings><\/xml><![endif]--><\/p>\n<div style=\"clear: both; text-align: center;\"><\/div>\n<div style=\"text-align: justify;\">Nos \u00faltimos dias as amea\u00e7as e o lan\u00e7amento de m\u00edsseis realizados pela Cor\u00e9ia do Norte tem impactado de forma significativa as manchetes internacionais. Not\u00edcias como \u201cA Cor\u00e9ia do Norte pode dar fim ao Pacifismo Japon\u00eas\u201d<a href=\"https:\/\/www.blogger.com\/blogger.g?blogID=2974965557809810859#_ftn1\">[1]<\/a> ou \u201cA amea\u00e7a coreana reitifica o discurso do Primeiro Ministro Shinzo Abe sobre a defesa no Jap\u00e3o<a href=\"https:\/\/www.blogger.com\/blogger.g?blogID=2974965557809810859#_ftn2\">[2]<\/a>\u201d tem se tornado cada vez mais frequentes. <\/p>\n<p>O lan\u00e7amento do missil na ter\u00e7a-feira (29) por volta das 5:58 da manh\u00e3 que sobrevoou a regi\u00e3o de Hokkaido no Norte do Jap\u00e3o, deixou n\u00e3o s\u00f3 moradores em estado de alerta com o acionamento de alarmes na cidade e nos meios de comunica\u00e7\u00e3o (J-Alert), mas tamb\u00e9m alarmou e mobilizou reuni\u00f5es de emerg\u00eancia tanto na ONU, como liga\u00e7\u00f5es entre os l\u00edderes da Cor\u00e9ia do Sul, Jap\u00e3o e EUA. <\/p>\n<p>O m\u00edssil ganhou destaque e import\u00e2ncia ap\u00f3s Kim Jong-Un afirmar que este teste seria o primeiro passo para conter Guam, sendo, portanto, diferente dos m\u00edsseis que tamb\u00e9m sobrevoaram o territ\u00f3rio japon\u00eas em 1998 e em 2009. Diferente dos outros anos, o \u00faltimo n\u00e3o era o lan\u00e7amento de um sat\u00e9lite, mas sim de um m\u00edssil que se acredita ser um Hwasong-12 de m\u00e9dio alcance, sendo o mesmo modelo com o que a Cor\u00e9ia do Norte amea\u00e7ou atingir a base norte-americana de Guam.  Portanto, postula-se que este teria sido o primeiro m\u00edssil norte coreano a sobrevoar o Jap\u00e3o com capacidade de armamento nuclear. Este \u00e9 um dos casos que a lei internacional tem sido aplicada, mas constantemente rejeitada e tem surtido pouco efeito nas a\u00e7\u00f5es dos l\u00edderes norte-coreanos, demonstrando a inefici\u00eancia da ONU na resolu\u00e7\u00e3o de um conflito latente no Nordeste Asi\u00e1tico. <br \/><a name='more'><\/a><br \/>O escalonamento de conflitos no Nordeste Asi\u00e1tico refor\u00e7a como a amea\u00e7a norte coreana tem se consolidado em um cen\u00e1rio que n\u00e3o possui uma lideran\u00e7a regional ou um hegemon regional, mas que est\u00e1 repleto de atores de poder e dimens\u00e3o internacional como o caso da China e do Jap\u00e3o. Tal dissuas\u00e3o escala \u00e0 dimens\u00f5es globais um conflito regional e mais do que nunca no s\u00e9culo XXI, estudar o equil\u00edbrio de poder no Nordeste Asi\u00e1tico se tornou uma agenda fundamental de pesquisa. <\/p>\n<p>Neste cen\u00e1rio de disputas, a China \u00e9 outro ator que tem feito pouco para tentar amenizar o conflito. Afinal, mais de dois ter\u00e7os do com\u00e9rcio da Cor\u00e9ia do Norte \u00e9 realizado com a China e neste ano, apesar da China ter suspendido a importa\u00e7\u00e3o de carv\u00e3o da Cor\u00e9ia do Norte e na sexta feira (25) o Ministro do Com\u00e9rcio ter banido indiv\u00edduos e empresas norte coreanas de fazerem neg\u00f3cios na China, estas a\u00e7\u00f5es ainda n\u00e3o foram suficientes. Tamb\u00e9m na ter\u00e7a feira (29) o Ministro de Rela\u00e7\u00f5es Exteriores da China, Wang Yi, afirmou que o governo chin\u00eas acataria as san\u00e7\u00f5es e trabalharia em conjunto para tentar amenizar a crise<a href=\"https:\/\/www.blogger.com\/blogger.g?blogID=2974965557809810859#_ftn3\">[3]<\/a>. <\/p>\n<p>\u00c9 poss\u00edvel que o governo chin\u00eas esteja se mantendo mais afastado do conflito, pois tem interesse em manter as tens\u00f5es n\u00e3o resolvidas, visto que a queda de Kim Jong-Un poderia causar um fluxo indesejado de refugiados no nordeste Chines, al\u00e9m de potencialmente trazer o EUA com a Cor\u00e9ia do Sul mais pr\u00f3ximo das fronteiras chinesas. Al\u00e9m disso, do ponto de vista interno manter a estabilidade da Cor\u00e9ia do Norte ajudaria a consolidar o poder do Presidente Xi Jinping no 19\u00ba Congresso Nacional do Partido Comunista<a href=\"https:\/\/www.blogger.com\/blogger.g?blogID=2974965557809810859#_ftn4\">[4]<\/a>. <\/p>\n<p>No que diz respeito ao perfil militar do Nordeste Asi\u00e1tico, desde a Segunda Guerra Mundial jornalistas e acad\u00eamicos entoam sobre o pacifismo japon\u00eas, mas \u00e9 preciso notar que apesar da cl\u00e1usula constitucional do Artigo 9\u00ba da Constitui\u00e7\u00e3o<a href=\"https:\/\/www.blogger.com\/blogger.g?blogID=2974965557809810859#_ftn5\">[5]<\/a> e do Jap\u00e3o ter ficado desprovido de For\u00e7as Armadas &#8211; ficando sob tutela do Tratado de Seguran\u00e7a M\u00fatua EUA \u2013Jap\u00e3o &#8211; desde a Guerra da Cor\u00e9ia<a href=\"https:\/\/www.blogger.com\/blogger.g?blogID=2974965557809810859#_ftn6\">[6]<\/a> (1950-1953) foram criadas as For\u00e7as de Auto Defesa (FAD). De acordo com Maeda , na obra de 1995 intitulada \u201cThe hidden Army: the untold history of Japan\u2019s Military Forces\u201c, as FAD, a partir da metade do s\u00e9culo XX, foram uma forma do Jap\u00e3o aos poucos promover o rearmamento, por isso ao longo dos anos os governos japoneses buscaram e conseguiram gradativamente aumentar as capacidades de atua\u00e7\u00e3o da FAD dentro do limite constitucional. <\/p>\n<p>Nos s\u00e9culo XXI a FAD<a href=\"https:\/\/www.blogger.com\/blogger.g?blogID=2974965557809810859#_ftn7\">[7]<\/a> continua a carregar o objetivo de servir exclusivamente para fins defensivos, mesmo que o conceito de defesa tenha sido ampliado e possa ser encarado ambiguamente. Analisando os gastos de defesa, o Jap\u00e3o \u00e9 um dos pa\u00edses que mais gasta com defesa no mundo. Somente no ano de 2015 o Jap\u00e3o gastou US$46 bilh\u00f5es em defesa, seja financiando suas For\u00e7as de Defesa, seja na aquisi\u00e7\u00e3o de equipamentos militares, ou no aux\u00edlio de custo \u00e0s for\u00e7as militares norte-americanas em seu territ\u00f3rio. \u00c9 de extrema import\u00e2ncia levar em considera\u00e7\u00e3o que tal quantia faz com que o Jap\u00e3o seja o 8\u00ba pa\u00eds que mais gasta com defesa no mundo<a href=\"https:\/\/www.blogger.com\/blogger.g?blogID=2974965557809810859#_ftn8\">[8]<\/a>. <\/p>\n<p>Ainda sim, muito se discute sobre o processo de remilitariza\u00e7\u00e3o do Jap\u00e3o, todavia j\u00e1 no governo de Junichiro Koizumi (2001-2006) houve um estreitamento de la\u00e7os entre o Jap\u00e3o e os EUA, onde ap\u00f3s o 11 de setembro o governo japon\u00eas modificou a interpreta\u00e7\u00e3o constitucional e autorizou o envio das FAD para assistir os EUA e seus aliados, atrav\u00e9s do envio de m\u00e9dicos, transporte, abastecimento e prote\u00e7\u00e3o<a href=\"https:\/\/www.blogger.com\/blogger.g?blogID=2974965557809810859#_ftn9\">[9]<\/a>. O militarismo nunca foi descartado das elites e dos grupos mais conservadores e, inclusive, no s\u00e9culo XXI ganhou for\u00e7a n\u00e3o s\u00f3 com as a\u00e7\u00f5es norte-coreanas, como tamb\u00e9m com a ascens\u00e3o chinesa e sua expans\u00e3o para os mares, o que intensificou o conflito territorial sino-japon\u00eas pelas ilhas Senkaku\/Diaoyu<a href=\"https:\/\/www.blogger.com\/blogger.g?blogID=2974965557809810859#_ftn10\">[10]<\/a>. <\/p>\n<p>Outro ponto importante s\u00e3o as rela\u00e7\u00f5es bilaterais nipo-americanas, posto que for\u00e7as militares norte-americanas salvaguardam o Jap\u00e3o com in\u00fameras tropas espalhadas dentro do territ\u00f3rio nip\u00f4nico ou no entorno regional pr\u00f3ximo. No caso do territ\u00f3rio japon\u00eas, as tropas norte-americanas tem acesso \u00e0s bases a\u00e9reas em Misawa, Yokota e Kadena, al\u00e9m de bases navais em Yokosuka, Atsugi e Sasebo. E talvez a mair importante a base em Okinawa que j\u00e1 levantou diversas manifesta\u00e7\u00f5es nos \u00faltimos anos. No caso da Cor\u00e9ia do Sul, o EUA mant\u00e9m facilidades em Daegu, Yongsan em Seoul, e Camps Red Cloud\/Casey e Humphreys. Al\u00e9m de bases a\u00e9reas de Osan e Kunsan e navais em Chinhae. <\/p><\/div>\n<div style=\"clear: both; text-align: center;\"><a href=\"https:\/\/2.bp.blogspot.com\/-iUP-DG-3fbQ\/WalE4p9vtBI\/AAAAAAAABEk\/xil_zcP04WEUTDJ36DarHShMH1ChsR6rACPcBGAYYCw\/s1600\/TABELAALANAo.jpg\" style=\"clear: left; float: left; margin-bottom: 1em; margin-right: 1em;\"><img decoding=\"async\" border=\"0\" data-original-height=\"128\" data-original-width=\"649\" src=\"https:\/\/2.bp.blogspot.com\/-iUP-DG-3fbQ\/WalE4p9vtBI\/AAAAAAAABEk\/xil_zcP04WEUTDJ36DarHShMH1ChsR6rACPcBGAYYCw\/s1600\/TABELAALANAo.jpg\" \/><\/a><\/div>\n<div style=\"text-align: justify;\">\n<p>N\u00e3o se pode considerar o Jap\u00e3o um ator desprotegido no entorno regional e muito menos pac\u00edfico, visto que apesar dos constrangimentos internos impossibilitando determinadas a\u00e7\u00f5es militares, o Jap\u00e3o ajudou a financiar e tem se consolidado com um aliado estrat\u00e9gico dos EUA em Guerras no Oriente M\u00e9dio, por exemplo. Assim como n\u00e3o pode-se desconsiderar do passado imperialista e das cicatrizes de guerra que ainda s\u00e3o temas fr\u00e1geis e presentes nas rela\u00e7\u00f5es do Jap\u00e3o com seus vizinhos. <\/p>\n<p>Nota-se que o Jap\u00e3o passou por grandes tranforma\u00e7\u00f5es ap\u00f3s a Segunda Guerra Mundial, sendo a quest\u00e3o militar um dos pontos centrais para se pensar na pol\u00edtica externa japonesa. Entretanto, a despeito das cl\u00e1usulas impossibilitando o poder militar japon\u00eas, o Jap\u00e3o \u00e9 um pa\u00eds extremamente militarizado, sendo um dos pa\u00edses que mais gasta com defesa no mundo. \u00c9 preciso repensar e desmistificar o discursos de um legado pacifista japon\u00eas, desconsiderando seu potencial militar. <\/p>\n<p>REFER\u00caNCIAS&nbsp;<\/p><\/div>\n<div style=\"text-align: justify;\">IISS. (2016)<i> The Military Balance:<\/i> the annual assessment of global military capabilities and defense economics. <\/p>\n<p>Index of Military Strength. (2017) Asia. Dispon\u00edvel em: <a href=\"http:\/\/index.heritage.org\/military\/2017\/assessments\/operating-environment\/asia\/\">http:\/\/index.heritage.org\/military\/2017\/assessments\/operating-environment\/asia\/<\/a> Acesso: 19 de junho de 2017. <\/p>\n<p>MAEDA, T. (1995)  <i>The hidden Army:<\/i> the untold history of Japan\u2019s Military Forces. Carol Stream: Edition q. <\/p>\n<p>MASTANDUNO, Michael. (2003) The U.S.\u2013Japan Alliance and Models of Regional Security Order 21. In: IKENBERRY, G. John; INOGUCHI, Takashi (Ed.). <i>Reinventing the Alliance:<\/i> U.S.-Japan Security Partnership in an Era of Change. New York: Palgrave Macmillan. <\/p>\n<p>MEARSHEIMER, J. (2001) <i>The Tragedy of Great Power Politics<\/i>. New York: WW Norton. <\/p>\n<p>MEARSHEIMER, John. (2004) Why China\u2019s Rise Will Not Be Peaceful.  Dispon\u00edvel em: http:\/\/mearsheimer.uchicago.edu\/pdfs\/A0034b.pdf Acesso em: 15\/04\/2015. <\/p>\n<p>OLIVEIRA, Alana C.G. (2015) A geopol\u00edtica da energia e do desenvolvimento no Leste Asi\u00e1tico: as Ilhas Senkaku\/Diaoyu e as tens\u00f5es sino-japonesas. <i>Revista Ponto de Vista. <\/i><\/p>\n<p>PYLE, Kenneth B. (2007) <i>Japan Rising:<\/i><b> t<\/b>he resurgence of Japanese power and purpose. New York: Public Affairs. <\/p>\n<p>SIPRI. (2016) Defense Database Expenditure. Dispon\u00edvel em: <a href=\"http:\/\/www.sipri.org\/research\/armaments\/milex\/milex_database\/milex_database\">http:\/\/www.sipri.org\/research\/armaments\/milex\/milex_database\/milex_database<\/a> Acesso em : 15\/05\/2016. <\/p>\n<p>THE CONSTITUITION OF JAPAN. The Constitution of Japan. 1947. Dispon\u00edvel em: http:\/\/afe.easia.columbia.edu\/ps\/japan\/constitution_1947.pdf Acesso em: 15\/06\/2014. <\/p>\n<p>WATANABE, Paulo Daniel. (2016) A pol\u00edtica de defesa do Jap\u00e3o na primeira d\u00e9cada do s\u00e9culo XXI. Universidade de Campinas, SP. Tese de Doutorado <\/p>\n<p><a href=\"https:\/\/www.blogger.com\/blogger.g?blogID=2974965557809810859#_ftnref1\">[1]<\/a> Vide http:\/\/www.independent.co.uk\/voices\/north-korea-missile-test-what-it-means-for-the-region-a7918776.html. <\/p>\n<p><a href=\"https:\/\/www.blogger.com\/blogger.g?blogID=2974965557809810859#_ftnref2\">[2]<\/a> Vide <a href=\"https:\/\/www.japantimes.co.jp\/news\/2017\/08\/29\/national\/politics-diplomacy\/norths-shot-across-japans-bow-gives-abe-boost-defense-puts-hopes-talks-ice\/\">https:\/\/www.japantimes.co.jp\/news\/2017\/08\/29\/national\/politics-diplomacy\/norths-shot-across-japans-bow-gives-abe-boost-defense-puts-hopes-talks-ice\/<\/a>. <\/p>\n<p><a href=\"https:\/\/www.blogger.com\/blogger.g?blogID=2974965557809810859#_ftnref3\">[3]<\/a> Mais informa\u00e7\u00f5es em: https:\/\/www.washingtonpost.com\/world\/asia_pacific\/the-latest-moon-abe-talk-over-north-korean-launch\/2017\/08\/29\/b2aa1714-8d29-11e7-9c53-6a169beb0953_story.html?utm_term=.9007fb4aff3a <\/p>\n<p><a href=\"https:\/\/www.blogger.com\/blogger.g?blogID=2974965557809810859#_ftnref4\">[4]<\/a> No 19\u00ba Congresso Nacional do Partido Comunista Chin\u00eas ocorrer\u00e1 no outono e ser\u00e1 escolhido e votado a nova lideran\u00e7a do Partido, incluindo o Comit\u00ea Central e membros de outros comit\u00eas. Ele \u00e9 realizado h\u00e1 cada 5 anos desde 1956. <\/p>\n<p><a href=\"https:\/\/www.blogger.com\/blogger.g?blogID=2974965557809810859#_ftnref5\">[5]<\/a> Article 9. Aspiring sincerely to an international peace based on justice and order, the Japanese people forever renounce war as a sovereign right of the nation and the threat or use of force as means of settling international disputes. In order to accomplish the aim of the preceding paragraph, land, sea, and air forces, as well as other war potential, will never be maintained. The right of belligerency of the state will not be recognized (CONSTITUTION OF JAPAN, 1947). <\/p>\n<p><a href=\"https:\/\/www.blogger.com\/blogger.g?blogID=2974965557809810859#_ftnref6\">[6]<\/a> Nota-se que a Guerra da Cor\u00e9ia impulsionou a recria\u00e7\u00e3o de uma Ind\u00fastria de Defesa no Jap\u00e3o, e ap\u00f3s a Guerra da Cor\u00e9ia, a press\u00e3o industrial do setor b\u00e9lico e de defesa do Jap\u00e3o impulsionaram a constitui\u00e7\u00e3o das For\u00e7as de Auto Defesa (FAD), criadas em 1954. <\/p>\n<p><a href=\"https:\/\/www.blogger.com\/blogger.g?blogID=2974965557809810859#_ftnref7\">[7]<\/a> Antes da Guerra do Golfo, os pol\u00edticos japoneses nunca pensaram na ideia de mandar For\u00e7as de Defesa para outros pa\u00edses. Todavia, como o Jap\u00e3o importava grandes quantidades de petr\u00f3leo do Oriente M\u00e9dio, as press\u00f5es dos EUA ao pa\u00eds participar mais da guerra fez com que o governo japon\u00eas aprovasse em 1990 o plano para mandar o \u201cUnited Nations Peace Cooperation Team\u201d para a Ar\u00e1bia Saudita, mas devido a protestos dentro do Jap\u00e3o a lei foi retirada e s\u00f3 \u00e9 aceita dois anos depois. <\/p>\n<p><a href=\"https:\/\/www.blogger.com\/blogger.g?blogID=2974965557809810859#_ftnref8\">[8]<\/a> O Jap\u00e3o fica atr\u00e1s somente: 1) EUA, 2) China, 3) Ar\u00e1bia Saudita, 4) R\u00fassia, 5) Reino Unido, 6) \u00cdndia e 7) Fran\u00e7a. <\/p>\n<p><a href=\"https:\/\/www.blogger.com\/blogger.g?blogID=2974965557809810859#_ftnref9\">[9]<\/a> Ainda em 2001 foi aprovada a Lei de Medidas Especiais Antiterroristas e previa que as FAD poderiam ser enviadas com o intuito de fornecer apoio aos EUA e seus aliados (WATANABE, 2016). <\/p>\n<p><a href=\"https:\/\/www.blogger.com\/blogger.g?blogID=2974965557809810859#_ftnref10\">[10]<\/a> As Ilhas Senkaku\/Diaoyu\/Diaoyutai s\u00e3o constitu\u00eddas por cinco pequenas ilhotas rochosas desabitadas e localizadas na parte leste do Mar da China, distanciando-se de cerca de 120 milhas n\u00e1uticas a nordeste de Taiwan, 200 milhas n\u00e1uticas a leste da China e 200 milhas n\u00e1uticas a sudeste de Okinawa (Jap\u00e3o).&nbsp;<\/div>\n<div style=\"text-align: justify;\"><\/div>\n<div style=\"text-align: justify;\"><a href=\"http:\/\/lattes.cnpq.br\/4642520681555494\"><\/a><\/div>\n<div style=\"text-align: justify;\"><i><a href=\"http:\/\/lattes.cnpq.br\/4642520681555494\" target=\"_blank\" rel=\"noopener\"><b>Alana Camo\u00e7a Gon\u00e7alves de Oliveira <\/b><\/a>\u00e9 Doutoranda em Economia Pol\u00edtica Internacional pela&nbsp; UFRJ. Mestra em Economia Pol\u00edtica Internacional pela UFRJ. Tutora\/Monitora da Escola de Comunica\u00e7\u00e3o da Universidade Federal do Rio de Janeiro (ECO-UFRJ). Bacharela em Ci\u00eancia Pol\u00edtica pela Universidade Federal do Estado do Rio de Janeiro &#8211; UNIRIO. Atuou como bolsista de Inicia\u00e7\u00e3o Cient\u00edfica pela FAPERJ no desenvolvimento do projeto: UPP e a forma\u00e7\u00e3o do policial durante o per\u00edodo 2012-2014. Bem como monitora bolsista da disciplina de Economia Pol\u00edtica II no curso de Ci\u00eancia Pol\u00edtica e Administra\u00e7\u00e3o P\u00fablica da UNIRIO durante o per\u00edodo 2011.1\/2011.2. Tamb\u00e9m trabalhou como estagi\u00e1ria de V\u00ednculos Solid\u00e1rios na ActionAid Brasil no per\u00edodo de 2013.2. Atualmente \u00e9 integrante do grupo de pesquisa Laborat\u00f3rio de An\u00e1lise Pol\u00edtica Mundial (LABMUNDO), do Instituto de Estudos Sociais e Pol\u00edticos (IESP\/UERJ) e do Grupo de Estudos de M\u00eddia e Rela\u00e7\u00f5es Internacionais (LEMRI\/UFRJ). Dessa forma, tem experi\u00eancia em Ci\u00eancia Pol\u00edtica e em Economia Pol\u00edtica Internacional, com \u00eanfase em Pol\u00edticas P\u00fablicas, Seguran\u00e7a P\u00fablica, Teoria das Rela\u00e7\u00f5es Internacionais, Geopol\u00edtica, Pol\u00edtica Externa Brasileira e Rela\u00e7\u00f5es \u00c1sia. <\/i><\/div>\n","protected":false},"excerpt":{"rendered":"<p>Volume 4 | N\u00famero 40 | Set. 2017 Por Alana Camo\u00e7a Gon\u00e7alves de<\/p>\n","protected":false},"author":3,"featured_media":0,"comment_status":"closed","ping_status":"open","sticky":false,"template":"","format":"standard","meta":{"footnotes":""},"categories":[655],"tags":[],"class_list":["post-1692","post","type-post","status-publish","format-standard","hentry","category-volume4"],"_links":{"self":[{"href":"https:\/\/dialogosinternacionais.com.br\/index.php?rest_route=\/wp\/v2\/posts\/1692","targetHints":{"allow":["GET"]}}],"collection":[{"href":"https:\/\/dialogosinternacionais.com.br\/index.php?rest_route=\/wp\/v2\/posts"}],"about":[{"href":"https:\/\/dialogosinternacionais.com.br\/index.php?rest_route=\/wp\/v2\/types\/post"}],"author":[{"embeddable":true,"href":"https:\/\/dialogosinternacionais.com.br\/index.php?rest_route=\/wp\/v2\/users\/3"}],"replies":[{"embeddable":true,"href":"https:\/\/dialogosinternacionais.com.br\/index.php?rest_route=%2Fwp%2Fv2%2Fcomments&post=1692"}],"version-history":[{"count":1,"href":"https:\/\/dialogosinternacionais.com.br\/index.php?rest_route=\/wp\/v2\/posts\/1692\/revisions"}],"predecessor-version":[{"id":2217,"href":"https:\/\/dialogosinternacionais.com.br\/index.php?rest_route=\/wp\/v2\/posts\/1692\/revisions\/2217"}],"wp:attachment":[{"href":"https:\/\/dialogosinternacionais.com.br\/index.php?rest_route=%2Fwp%2Fv2%2Fmedia&parent=1692"}],"wp:term":[{"taxonomy":"category","embeddable":true,"href":"https:\/\/dialogosinternacionais.com.br\/index.php?rest_route=%2Fwp%2Fv2%2Fcategories&post=1692"},{"taxonomy":"post_tag","embeddable":true,"href":"https:\/\/dialogosinternacionais.com.br\/index.php?rest_route=%2Fwp%2Fv2%2Ftags&post=1692"}],"curies":[{"name":"wp","href":"https:\/\/api.w.org\/{rel}","templated":true}]}}