{"id":1696,"date":"2017-08-21T09:00:00","date_gmt":"2017-08-21T12:00:00","guid":{"rendered":"https:\/\/dialogosinternacionais.com.br\/?p=1696"},"modified":"2022-05-05T00:30:49","modified_gmt":"2022-05-05T03:30:49","slug":"efeitos-de-uma-sancao","status":"publish","type":"post","link":"https:\/\/dialogosinternacionais.com.br\/?p=1696","title":{"rendered":"Efeitos de uma san\u00e7\u00e3o"},"content":{"rendered":"<p>Por Larissa <span> <\/span>Caroline <span> <\/span>Souza <span> <\/span>da <span> <\/span>Silva<\/p>\n<p><\/p>\n<div style=\"clear: both; text-align: center;\"><a href=\"https:\/\/3.bp.blogspot.com\/-12l7AZHlDKY\/WZIPPjb6lyI\/AAAAAAAABBU\/K3ynpkc8TuQFHiQ0Bc194zp_ZwNuYWAtACLcBGAs\/s1600\/PUTINTRUMP.jpg\" style=\"margin-left: 1em; margin-right: 1em;\"><img decoding=\"async\" border=\"0\" data-original-height=\"254\" data-original-width=\"916\" height=\"110\" src=\"https:\/\/3.bp.blogspot.com\/-12l7AZHlDKY\/WZIPPjb6lyI\/AAAAAAAABBU\/K3ynpkc8TuQFHiQ0Bc194zp_ZwNuYWAtACLcBGAs\/s400\/PUTINTRUMP.jpg\" width=\"400\" \/><\/a><\/div>\n<p><\/p>\n<div style=\"text-align: justify;\"><\/div>\n<div style=\"text-align: justify;\">Nos \u00faltimos dias de julho, o mundo assistiu a uma poss\u00edvel nova virada no que tange as rela\u00e7\u00f5es entre o governo Trump e a R\u00fassia com a vota\u00e7\u00e3o e aprova\u00e7\u00e3o no congresso americano de um novo pacote de san\u00e7\u00f5es contra o pa\u00eds do presidente Vladimir Putin.<\/p>\n<p>Qualquer breve passagem pela hist\u00f3ria do mundo constatar\u00e1 que as rela\u00e7\u00f5es entre Estados Unidos e R\u00fassia nunca foram das mais f\u00e1ceis. Se na Guerra Fria, URSS e EUA disputavam em meio \u00e0 bipolaridade do p\u00f3s-segunda guerra mundial, na atualidade, Estados Unidos e R\u00fassia n\u00e3o mant\u00eam la\u00e7os diplom\u00e1ticos estreitos.<\/p>\n<p>Uma prova desse relacionamento n\u00e3o muito pr\u00f3ximo foi o governo de Barack&nbsp; Obama, que terminou ano passado, no qual se chegou ao n\u00edvel mais baixo de rela\u00e7\u00e3o entre esses pa\u00edses desde a Guerra Fria, ap\u00f3s as san\u00e7\u00f5es tamb\u00e9m terem sido impostas pelos Estados Unidos aos russos por causa da interven\u00e7\u00e3o na Ucr\u00e2nia.<\/p>\n<p><a name='more'><\/a><\/p>\n<p>J\u00e1 o atual governo de Donald Trump chama aten\u00e7\u00e3o desde a elei\u00e7\u00e3o pela sua proximidade com a R\u00fassia, o que causa agita\u00e7\u00e3o e, consequentemente, respostas por parte dos seus opositores e aqueles que s\u00e3o contr\u00e1rios a tal postura assumida pelo novo presidente. S\u00e3o epis\u00f3dios como a suposta revela\u00e7\u00e3o sobre potenciais amea\u00e7as do Estados Isl\u00e2mico ao chanceler russo, Sergei Lavror, e not\u00edcias como a ren\u00fancia de Michael Flynn devido ao contato que esse manteve com autoridades russas \u2013 e sua mentira sobre esse assunto &#8211; que fazem com que essa rela\u00e7\u00e3o entre o governo Trump e a R\u00fassia seja um assunto t\u00e3o comentado na imprensa internacional e norte-americana. Al\u00e9m disso, vale relembrar o encontro de Trump com Putin na reuni\u00e3o do G-20 que at\u00e9 ent\u00e3o era mantido em segredo, mas foi descoberto pela imprensa e, mais uma vez, o governo se viu fragilizado [1].<\/p>\n<p>Todavia a resposta do Congresso e dos deputados norte-americanos veio na \u00faltima semana de julho, quando esses votaram pela amplia\u00e7\u00e3o do pacote de san\u00e7\u00f5es contra a R\u00fassia por interfer\u00eancias na elei\u00e7\u00e3o presidencial de 2016 e por causa da anexa\u00e7\u00e3o da Crimeia. Ademais, esse novo pacote limita qualquer poder ou interfer\u00eancia que Donald Trump possa ter no assunto san\u00e7\u00f5es contra Moscou.<\/p>\n<p>Essa a\u00e7\u00e3o do Congresso norte-americano gerou uma resposta do governo russo e um discurso de que a posi\u00e7\u00e3o de Washington seria equivalente a uma \u201crussofobia\u201d. O tom do presidente russo, Vladimir Putin, foi de que essa atitude fere as rela\u00e7\u00f5es internacionais e, principalmente, o direito internacional.<\/p>\n<p>A posi\u00e7\u00e3o assumida por Moscou foi de que respostas eram necess\u00e1rias j\u00e1 que a postura dos norte-americanos for\u00e7ava uma decis\u00e3o por parte dos russos. E \u00fanica resposta poss\u00edvel, no momento, que eles encontraram foi a de reduzir, a partir de 1\u00b0 de setembro, o contingente americano em territ\u00f3rio russo. Este contingente ser\u00e1 reduzido para um n\u00famero de 455 pessoas que estar\u00e3o autorizadas a despachar a partir da embaixada dos Estados Unidos e dos Consulados que est\u00e3o instalados dentro do territ\u00f3rio russo. Al\u00e9m disso, Moscou tamb\u00e9m impediu a utiliza\u00e7\u00e3o, do meio diplom\u00e1tico norte-americano, de resid\u00eancia e armaz\u00e9ns na capital russa. [2]<\/p>\n<p>Todas essas movimenta\u00e7\u00f5es s\u00e3o respostas as san\u00e7\u00f5es que devem ser aceitas pelo presidente Donald Trump para evitar maior press\u00e3o e repres\u00e1lias ao seu governo que j\u00e1 enfrenta grandes conflitos internos. <\/p>\n<p>Todavia, chama a aten\u00e7\u00e3o as poss\u00edveis consequ\u00eancias que essa amplia\u00e7\u00e3o do pacote pode trazer para as empresas europeias e os pa\u00edses da Uni\u00e3o Europeia como Alemanha que mant\u00e9m acordos e neg\u00f3cios envolvendo a quest\u00e3o energ\u00e9tica com empresas russas como a Gazprom. J\u00e1 que agora elas n\u00e3o se restringem mais apenas a pessoas pr\u00f3ximas ou ligadas ao governo, mas as empresas russas. Por isso, n\u00e3o \u00e9 de se estranhar que a ministra de economia da Alemanha, Brigitte Zypries, tenha pedido que os Estados Unidos discutam com a Uni\u00e3o Europeia os efeitos que essas novas san\u00e7\u00f5es podem ter sobre as empresas europeias que poderiam ser punidas junto com os russos.<\/p>\n<p>Esse novo conjunto de san\u00e7\u00f5es pode afetar diretamente projetos como a constru\u00e7\u00e3o do gasoduto North Stream 1 e 2, que visa ligar a R\u00fassia ao pa\u00eds da chanceler Angela Merkel para passagem de g\u00e1s. A constru\u00e7\u00e3o forneceria algo entorno de 55 bilh\u00f5es de metros c\u00fabicos de g\u00e1s russo por ano \u00e0 Uni\u00e3o Europeia, passando pelo Mar B\u00e1ltico para chegar a Alemanha [3]. Evitando, assim, a rota mais comum que seria a Ucr\u00e2nia.<\/p>\n<p>Dessa forma, as consequ\u00eancias dessas san\u00e7\u00f5es n\u00e3o seriam sentidas s\u00f3 pelos russos como tamb\u00e9m afetariam a Uni\u00e3o Europeia, principalmente a Alemanha, e seu setor de g\u00e1s que tem como principal fonte o g\u00e1s russo. Por isso, n\u00e3o \u00e9 dif\u00edcil entender o fato da Alemanha e da Uni\u00e3o Europeia tamb\u00e9m se pronunciarem sobre o assunto ao longo da semana que passou. <\/p>\n<p>Por mais que essa nova rodada de san\u00e7\u00f5es contra a R\u00fassia sejam respostas e puni\u00e7\u00f5es a acontecimentos recentes como a quest\u00e3o da anexa\u00e7\u00e3o da Crimeia e a interfer\u00eancia dos russos nas elei\u00e7\u00f5es norte-americanas, \u00e9 preciso compreender que efeitos colaterais podem ser sentidos tamb\u00e9m por parceiros e aliados dos Estados Unidos na Europa visto que essa deve atingir o setor energ\u00e9tico europeu que \u00e9 dependente do g\u00e1s russo, como j\u00e1 ficou claro durante os acontecimentos na Ucr\u00e2nia quando esse bloqueou a passagem de g\u00e1s russo para a Europa em seu territ\u00f3rio. <\/p>\n<p>Portanto, as consequ\u00eancias e impactos para a R\u00fassia podem ser grandes e uma resposta de Moscou teria que vir de qualquer forma, mas a Uni\u00e3o Europeia tamb\u00e9m pode ser bastante afetada em um setor que \u00e9 crucial para a regi\u00e3o: o energ\u00e9tico.<\/p><\/div>\n<div style=\"text-align: justify;\"><\/div>\n<div style=\"text-align: justify;\"><\/div>\n<div style=\"text-align: justify;\"><\/div>\n<div style=\"text-align: justify;\"><i><b>Larissa Caroline Souza da Silva<\/b> \u00e9 graduanda em Rela\u00e7\u00f5es Internacionais pela Universidade Federal Rural do Rio de Janeiro.<\/i><\/div>\n<div style=\"text-align: justify;\">[1] Baseado em http:\/\/www.gazetadopovo.com.br\/ideias\/tudo-o-que-voce-precisa-saber-sobrea-<br \/>confusao-entre-trump-e-russia-devso71m6rb7a2scdx6efwueo <\/div>\n<div style=\"text-align: justify;\">[2]Informa\u00e7\u00f5es baseadas em: https:\/\/www.nytimes.com\/2017\/07\/31\/world\/europe\/russiasanctions-<br \/>embassy.html<\/div>\n<div style=\"text-align: justify;\">[3] Dados baseados em:http:\/\/www1.folha.uol.com.br\/mundo\/2017\/07\/1904727-ampliacao-desancoes-<br \/>dos-eua-a-russia-ameaca-setor-energetico-na-ue.shtml<\/div>\n","protected":false},"excerpt":{"rendered":"<p>Por Larissa Caroline Souza da Silva Nos \u00faltimos dias de julho, o mundo<\/p>\n","protected":false},"author":3,"featured_media":0,"comment_status":"closed","ping_status":"open","sticky":false,"template":"","format":"standard","meta":{"footnotes":""},"categories":[655],"tags":[],"class_list":["post-1696","post","type-post","status-publish","format-standard","hentry","category-volume4"],"_links":{"self":[{"href":"https:\/\/dialogosinternacionais.com.br\/index.php?rest_route=\/wp\/v2\/posts\/1696","targetHints":{"allow":["GET"]}}],"collection":[{"href":"https:\/\/dialogosinternacionais.com.br\/index.php?rest_route=\/wp\/v2\/posts"}],"about":[{"href":"https:\/\/dialogosinternacionais.com.br\/index.php?rest_route=\/wp\/v2\/types\/post"}],"author":[{"embeddable":true,"href":"https:\/\/dialogosinternacionais.com.br\/index.php?rest_route=\/wp\/v2\/users\/3"}],"replies":[{"embeddable":true,"href":"https:\/\/dialogosinternacionais.com.br\/index.php?rest_route=%2Fwp%2Fv2%2Fcomments&post=1696"}],"version-history":[{"count":1,"href":"https:\/\/dialogosinternacionais.com.br\/index.php?rest_route=\/wp\/v2\/posts\/1696\/revisions"}],"predecessor-version":[{"id":2220,"href":"https:\/\/dialogosinternacionais.com.br\/index.php?rest_route=\/wp\/v2\/posts\/1696\/revisions\/2220"}],"wp:attachment":[{"href":"https:\/\/dialogosinternacionais.com.br\/index.php?rest_route=%2Fwp%2Fv2%2Fmedia&parent=1696"}],"wp:term":[{"taxonomy":"category","embeddable":true,"href":"https:\/\/dialogosinternacionais.com.br\/index.php?rest_route=%2Fwp%2Fv2%2Fcategories&post=1696"},{"taxonomy":"post_tag","embeddable":true,"href":"https:\/\/dialogosinternacionais.com.br\/index.php?rest_route=%2Fwp%2Fv2%2Ftags&post=1696"}],"curies":[{"name":"wp","href":"https:\/\/api.w.org\/{rel}","templated":true}]}}