{"id":1701,"date":"2017-07-10T14:59:00","date_gmt":"2017-07-10T17:59:00","guid":{"rendered":"https:\/\/dialogosinternacionais.com.br\/?p=1701"},"modified":"2022-05-05T00:30:49","modified_gmt":"2022-05-05T03:30:49","slug":"interesses-nacionais-a-frente-do-bem-global","status":"publish","type":"post","link":"https:\/\/dialogosinternacionais.com.br\/?p=1701","title":{"rendered":"Interesses nacionais \u00e0 frente do bem global"},"content":{"rendered":"<p>Por: Lav\u00ednia Cruzal<\/p>\n<table align=\"center\" cellpadding=\"0\" cellspacing=\"0\" style=\"margin-left: auto; margin-right: auto; text-align: center;\">\n<tbody>\n<tr>\n<td style=\"text-align: center;\"><a href=\"https:\/\/4.bp.blogspot.com\/-eS4ao-kZ8_c\/WWO_muUtTqI\/AAAAAAAAA_g\/Yb8yOFm-prwQl_PPAXrXih-YSJ6jnpcxwCLcBGAs\/s1600\/trump-2115838_1280.jpg\" style=\"margin-left: auto; margin-right: auto;\"><img fetchpriority=\"high\" decoding=\"async\" border=\"0\" data-original-height=\"915\" data-original-width=\"1280\" height=\"228\" src=\"https:\/\/4.bp.blogspot.com\/-eS4ao-kZ8_c\/WWO_muUtTqI\/AAAAAAAAA_g\/Yb8yOFm-prwQl_PPAXrXih-YSJ6jnpcxwCLcBGAs\/s320\/trump-2115838_1280.jpg\" width=\"320\" \/><\/a><\/td>\n<\/tr>\n<tr>\n<td style=\"text-align: center;\">Pixabay<\/td>\n<\/tr>\n<\/tbody>\n<\/table>\n<div style=\"text-align: justify;\">&nbsp;O Presidente norte-americano, Donald Trump, seguiu mais uma vez sua doutrina<i> America First, <\/i>ao retirar os Estados Unidos do Acordo de Paris, dia primeiro de junho. <\/p>\n<p>Com o discurso de proteger a Am\u00e9rica e seus cidad\u00e3os[1], Trump deixa de ser um aliado do planeta, abandona a luta de um dos mais s\u00e9rios e graves desafios atuais da humanidade, &#8220;vira as costas&#8221; para a ci\u00eancia e mostra que, como l\u00edder da na\u00e7\u00e3o mais importante do sistema internacional, est\u00e1 disposto a focar apenas nos interesses nacionais e seguir um modelo de governo isolacionista. <\/p>\n<p>Com esse discurso de cunho nacional econ\u00f4mico, patri\u00f3tico e xenof\u00f3bico que o levou \u00e0 Casa Branca, Donald Trump n\u00e3o nos surpreende com a sua a\u00e7\u00e3o. Apesar dos EUA ser o segundo maior emissor global de gases de efeito estufa, ele sempre mostrou seu descaso quanto as mudan\u00e7as clim\u00e1ticas, muitas vezes alegando que o \u00fanico problema que ela traz \u00e9 gastar bilh\u00f5es de d\u00f3lares no desenvolvimento de tecnologias desnecess\u00e1rias.<\/p>\n<p><a name='more'><\/a><\/p>\n<p>&nbsp;Sua resist\u00eancia quanto ao Acordo de Paris tamb\u00e9m nunca foi um segredo, classificando-o como &#8220;uma redistribui\u00e7\u00e3o maci\u00e7a da riqueza dos EUA por outros pa\u00edses&#8221;, para ele, o pacto nada mais \u00e9 do que um acordo comercial, que s\u00f3 oferece vantagens a \u00cdndia e a China e sendo assim &#8220;um castigo para os EUA&#8221;.<\/p>\n<p>&nbsp;Trump ao bater de frente contra a comunidade internacional e o multilateralismo, deixa claro que est\u00e1 mais do que disposto a prosseguir com a pol\u00edtica&nbsp; e visar em primeiro lugar, n\u00e3o o meio ambiente global, mas sim os futuros acordos para a amplia\u00e7\u00e3o da ind\u00fastria de carv\u00e3o e petr\u00f3leo, que gerariam novos postos de trabalho, sem as tais restri\u00e7\u00f5es ambientais.<\/p>\n<p>O presidente norte-americano disse ainda que pretende negociar a reentrada no Acordo clim\u00e1tico de Paris ou na cria\u00e7\u00e3o de um novo acordo sobre as mudan\u00e7as clim\u00e1ticas em que os interesses e as exig\u00eancias estadunidenses sejam respeitados. A sa\u00edda do Acordo (que ser\u00e1 feita em um prazo de quatro anos, seguindo os procedimentos definidos no quadro das Na\u00e7\u00f5es Unidas), deixa os Estados Unidos da Am\u00e9rica isolados de diversos aliados internacionais que durante anos negociaram o Acordo alcan\u00e7ado em dezembro de 2015 de combate ao aquecimento global.<\/p>\n<p>A ONU n\u00e3o demorou para se posicionar sobre o assunto, afirmou que n\u00e3o \u00e9 poss\u00edvel fazer qualquer renegocia\u00e7\u00e3o, tendo em vista o pedido de um \u00fanico pa\u00eds. Al\u00e9m da Organiza\u00e7\u00e3o das Na\u00e7\u00f5es Unidas, em um comunicado conjunto, o presidente franc\u00eas Emmanuel Macron, a chanceler alem\u00e3 Angela Merkel e o primeiro ministro italiano Paolo Gentioli tamb\u00e9m se pronunciaram[2], afirmando que consideram o momento gerado em Paris em 2015, irrevers\u00edvel, e que acreditam firmemente que o Acordo de Paris n\u00e3o pode ser renegociado, por ser tratar de um instrumento vital para o planeta, nossas sociedades e economias. <\/p>\n<p>O pacto que foi criado em 2015 com a lideran\u00e7a europeia e estadunidense agora est\u00e1 nas m\u00e3os de uma uni\u00e3o dos Estados europeus para preencher o vazio deixado pelo seu ent\u00e3o principal parceiro neste campo. <\/p>\n<p>Entretanto, a cr\u00edtica a sa\u00edda dos Estados Unidos em rela\u00e7\u00e3o ao Acordo, n\u00e3o foi algo unanime, ao contr\u00e1rio da Europa, China, \u00cdndia, ONU, al\u00e9m de muitos outros \u00f3rg\u00e3os e pa\u00edses, o presidente russo Vladimir Putin, n\u00e3o lamentou a decis\u00e3o de Trump de &#8220;virar as costas&#8221; para o pacto internacional[3] \u2013 tamb\u00e9m assinado pela Russia, por\u00e9m ainda n\u00e3o ratificado, alegando que a assinatura havia sido apoiada por Obama, seu antecessor na Casa Branca, mas que&nbsp; todavia ainda visualiza possibilidades de entendimento com o pa\u00eds norte-americano. Ap\u00f3s a sa\u00edda americana, os outros 194 pa\u00edses que assinaram o Acordo de Paris criaram um grupo para buscar uma estrat\u00e9gia para salv\u00e1-lo.<\/p>\n<p>Apesar do embasamento no discurso de Donald Trump ter sido sobre o negativo impacto econ\u00f4mico, ele tamb\u00e9m abordou em sua fala, as consequ\u00eancias diretas das medidas acordadas na temperatura global, onde afirmou &#8220;que apenas baixaria a temperatura em dois d\u00e9cimos de um grau celsius em 2100&#8221;. Muitos cientistas questionaram as afirma\u00e7\u00f5es do Presidente dos EUA e ainda completaram, &#8220;Ele [Trump] escolheu o estudo que tem o menor impacto do Acordo de Paris no aumento global da temperatura&#8221;, disse Niklas H\u00f6hne, professor que trabalha no <i>Climate Action Tracker<\/i>, que monitoriza os n\u00edveis de emiss\u00e3o. Para alguns cientistas, a sa\u00edda dos Estados Unidos do Acordo clim\u00e1tico, pode elevar a temperatura do planeta em at\u00e9 0,3 graus.<\/p>\n<p>A luta contra a mudan\u00e7a clim\u00e1tica n\u00e3o pode depender dos resultados de uma elei\u00e7\u00e3o, um pa\u00eds ao assinar um tratado internacional tem que arcar com suas obriga\u00e7\u00f5es, independentemente de que quem esteja no poder. Seja um representante republicano ou um democrata. <\/p>\n<p>Em apenas 100 dias, Trump desfez 23 regulamenta\u00e7\u00f5es ambientais da era do ex-presidente americano democrata Barack Obama, \u00e9 o que mostra um levantamento do jornal americano <i>The New York Times<\/i>[4]. <\/p>\n<p>O problema mais evidente da pol\u00edtica de Donald Trump \u00e9 que, apesar de seu nacionalismo, n\u00e3o existe um muro em sua fronteira que impossibilite que os efeitos na mudan\u00e7a de temperatura (que muito \u00e9 contribu\u00eddo pelo seu pa\u00eds, por se tratar do segundo maior emissor de gases do efeito estufa) se espalhe e gere efeitos por todo o planeta. Trump com o seu radicalismo em fazer a \u201cAm\u00e9rica grande novamente\u201d est\u00e1 deixando os EUA vulner\u00e1vel aos impactos clim\u00e1ticos, em nome de empregos. <\/p>\n<p>Ao sair do Acordo de Paris ele est\u00e1 mostrando que n\u00e3o se preocupa com essa responsabilidade e vai deixar seu pa\u00eds e sua popula\u00e7\u00e3o arcar com os impactos futuros que isso pode gerar. Os Estados Unidos abandonam a lideran\u00e7a nas negocia\u00e7\u00f5es clim\u00e1ticas que conceberam durante anos e deixa o clima internacional sem lideran\u00e7as por tempo indeterminado.<\/p>\n<p>[1]http:\/\/edition.cnn.com\/2017\/06\/01\/politics\/trump-paris-agreement-speech\/index.html<\/p>\n<p>[2]http:\/\/static.globalnoticias.pt\/storage\/DN\/2017\/medium\/ng8565082.jpg<\/p>\n<p>[3]http:\/\/abcnews.go.com\/International\/putin-trumps-withdrawal-paris-accord-dont-worry-happy\/story?id=47790010<\/p>\n<p>[4]https:\/\/www.nytimes.com\/interactive\/2017\/05\/02\/climate\/environmental-rules-reversed-trump-100-days.html<\/p><\/div>\n<div style=\"text-align: justify;\"><\/div>\n<div style=\"text-align: justify;\"><\/div>\n<div style=\"text-align: justify;\"><i><b>Lav\u00ednia Cruzal <\/b>\u00e9<b> <\/b>graduanda em RI pela UFRRJ e Presidente do Diret\u00f3rio Acad\u00eamico Souza Dantas (DASDAN). <\/i><\/div>\n","protected":false},"excerpt":{"rendered":"<p>Por: Lav\u00ednia Cruzal Pixabay &nbsp;O Presidente norte-americano, Donald Trump, seguiu mais uma vez<\/p>\n","protected":false},"author":3,"featured_media":0,"comment_status":"closed","ping_status":"open","sticky":false,"template":"","format":"standard","meta":{"footnotes":""},"categories":[655],"tags":[],"class_list":["post-1701","post","type-post","status-publish","format-standard","hentry","category-volume4"],"_links":{"self":[{"href":"https:\/\/dialogosinternacionais.com.br\/index.php?rest_route=\/wp\/v2\/posts\/1701","targetHints":{"allow":["GET"]}}],"collection":[{"href":"https:\/\/dialogosinternacionais.com.br\/index.php?rest_route=\/wp\/v2\/posts"}],"about":[{"href":"https:\/\/dialogosinternacionais.com.br\/index.php?rest_route=\/wp\/v2\/types\/post"}],"author":[{"embeddable":true,"href":"https:\/\/dialogosinternacionais.com.br\/index.php?rest_route=\/wp\/v2\/users\/3"}],"replies":[{"embeddable":true,"href":"https:\/\/dialogosinternacionais.com.br\/index.php?rest_route=%2Fwp%2Fv2%2Fcomments&post=1701"}],"version-history":[{"count":1,"href":"https:\/\/dialogosinternacionais.com.br\/index.php?rest_route=\/wp\/v2\/posts\/1701\/revisions"}],"predecessor-version":[{"id":2224,"href":"https:\/\/dialogosinternacionais.com.br\/index.php?rest_route=\/wp\/v2\/posts\/1701\/revisions\/2224"}],"wp:attachment":[{"href":"https:\/\/dialogosinternacionais.com.br\/index.php?rest_route=%2Fwp%2Fv2%2Fmedia&parent=1701"}],"wp:term":[{"taxonomy":"category","embeddable":true,"href":"https:\/\/dialogosinternacionais.com.br\/index.php?rest_route=%2Fwp%2Fv2%2Fcategories&post=1701"},{"taxonomy":"post_tag","embeddable":true,"href":"https:\/\/dialogosinternacionais.com.br\/index.php?rest_route=%2Fwp%2Fv2%2Ftags&post=1701"}],"curies":[{"name":"wp","href":"https:\/\/api.w.org\/{rel}","templated":true}]}}