{"id":1702,"date":"2017-06-13T21:04:00","date_gmt":"2017-06-14T00:04:00","guid":{"rendered":"https:\/\/dialogosinternacionais.com.br\/?p=1702"},"modified":"2022-05-05T00:30:49","modified_gmt":"2022-05-05T03:30:49","slug":"dialogos-internacionais-reflexoes-criticas-do-mundo-contemporaneo","status":"publish","type":"post","link":"https:\/\/dialogosinternacionais.com.br\/?p=1702","title":{"rendered":"Di\u00e1logos Internacionais: Reflex\u00f5es Cr\u00edticas do Mundo Contempor\u00e2neo"},"content":{"rendered":"<div style=\"clear: both; text-align: left;\">Por Glauber Cardoso Carvalho e Larissa Rosevics<\/div>\n<div style=\"clear: both; text-align: center;\"><\/div>\n<div style=\"clear: both; text-align: center;\"><\/div>\n<div style=\"clear: both; text-align: center;\"><a href=\"https:\/\/drive.google.com\/file\/d\/0B0ohqhWTSmmIdjh2LTZUQndoc2M\/view\" target=\"_blank\" rel=\"noopener\"><img fetchpriority=\"high\" decoding=\"async\" border=\"0\" data-original-height=\"507\" data-original-width=\"371\" height=\"400\" src=\"https:\/\/2.bp.blogspot.com\/--ULUcjoDAMc\/WUB4ir3RJnI\/AAAAAAAABcQ\/QoC02XSp928s0k4PEO7ittp0Wg4o2oRxgCLcBGAs\/s400\/Capa%2BDI_site.png\" width=\"292\" \/><\/a><\/div>\n<div style=\"clear: both; text-align: center;\"><\/div>\n<div style=\"clear: both; text-align: center;\">Baixe agora o livro:<\/div>\n<div style=\"clear: both; text-align: center;\"><\/div>\n<div style=\"clear: both; text-align: center;\"><a href=\"https:\/\/drive.google.com\/file\/d\/0B0ohqhWTSmmIdjh2LTZUQndoc2M\/view\" target=\"_blank\" rel=\"noopener\">CARVALHO, Glauber; ROSEVICS, Larissa (Orgs.). <b>Di\u00e1logos Internacionais: <\/b>reflex\u00f5es cr\u00edticas<br \/>do mundo contempor\u00e2neo. Rio de Janeiro: PerSe, 2017.<\/a><\/div>\n<div style=\"clear: both; text-align: center;\"><\/div>\n<p><\/p>\n<div style=\"text-align: justify;\"><i>Hoje, tr\u00eas anos exatos ap\u00f3s o in\u00edcio do blog Di\u00e1logos Internacionais, apresentamos o livro que \u00e9 resultado deste primeiro tempo. Baixe o arquivo gratuitamente no link acima.<\/i><\/div>\n<p><\/p>\n<div style=\"text-align: justify;\"><b>Di\u00e1logo Internacionais: Reflex\u00f5es Cr\u00edticas do Mundo Contempor\u00e2neo<\/b> \u00e9 a consolida\u00e7\u00e3o do projeto iniciado em junho de 2014 com a cria\u00e7\u00e3o de um blog, cuja motiva\u00e7\u00e3o inicial foi a promo\u00e7\u00e3o do debate, o exerc\u00edcio da escrita, da reflex\u00e3o e da cr\u00edtica de temas da atualidade e da hist\u00f3ria com foco, n\u00e3o exclusivo, na cena internacional.&nbsp;<\/div>\n<div style=\"text-align: justify;\"><\/div>\n<div style=\"text-align: justify;\">As nossas pretens\u00f5es eram, portanto, singelas. Dentro deste vasto universo em que consiste a internet, com milhares de websites e blogs, procuramos oferecer aos nossos leitores um conte\u00fado atualizado, com embasamento te\u00f3rico e reflex\u00e3o cr\u00edtica.&nbsp;<\/div>\n<div style=\"text-align: justify;\"><\/div>\n<div style=\"text-align: justify;\">Optamos desde o in\u00edcio pela n\u00e3o monetiza\u00e7\u00e3o de nosso espa\u00e7o, cientes de que seu crescimento dependeria do contato interpessoal. Escolhemos, tamb\u00e9m, n\u00e3o o vincular a nenhuma institui\u00e7\u00e3o de ensino e\/ou pesquisa, por entender que independ\u00eancia e certa rebeldia devem fazer parte da nossa identidade enquanto blogueiros.&nbsp;<\/div>\n<div style=\"text-align: justify;\"><\/div>\n<div style=\"text-align: justify;\">Apesar do aparente isolamento em que nos encontr\u00e1vamos, fomos construindo nossa hist\u00f3ria. Entre 2014 e 2017, foram publicados 134 textos de 28 autores diferentes, com mais de 3.000 visualiza\u00e7\u00f5es semanais. Procuramos ser regulares em nossas publica\u00e7\u00f5es, que acontecem (quase sempre) uma vez por semana.&nbsp;<\/div>\n<div style=\"text-align: justify;\"><\/div>\n<div style=\"text-align: justify;\">Para nossa felicidade, os textos do blog passaram a ser citados em trabalhos acad\u00eamicos e tornaram-se instrumento de estudo did\u00e1tico para muitos estudantes das ci\u00eancias sociais e humanas com pesquisas ligadas \u00e0 \u00e1rea internacional. Foi a partir desse momento que decidimos seguir este caminho que extrapola o mundo virtual, ainda que nele esteja contido, e materializar esta publica\u00e7\u00e3o, cuja sele\u00e7\u00e3o dos textos seguiu dois crit\u00e9rios: o n\u00famero de visualiza\u00e7\u00f5es do texto e temas mais recorrentes.&nbsp;<\/div>\n<div style=\"text-align: justify;\"><\/div>\n<div style=\"text-align: justify;\">O livro est\u00e1 dividido em 9 se\u00e7\u00f5es. A primeira, intitulada \u201cDi\u00e1logos com as Rela\u00e7\u00f5es Internacionais\u201d apresenta os textos de Ingrid Sarti, M\u00f4nica Leite Lessa e Williams Gon\u00e7alves, nossos professores, orientadores e nossos maiores incentivadores, que discutem a atualidade das Rela\u00e7\u00f5es Internacionais no mundo contempor\u00e2neo, a integra\u00e7\u00e3o regional e a busca pela autonomia. S\u00e3o os \u00fanicos textos cedidos para a publica\u00e7\u00e3o que n\u00e3o passaram pelo blog. A segunda se\u00e7\u00e3o \u201cDi\u00e1logos sobre Economia Pol\u00edtica Internacional\u201d \u00e9 composta pelos textos de H\u00e9lio Farias, Patr\u00edcia Nasser de Carvalho e Andr\u00e9 Saboya que nos ajudam a refletir a complexidade do momento atual internacional atrav\u00e9s do olhar da EPI. Em seguida apresentamos \u201cDi\u00e1logos sobre Desenvolvimento\u201d com os textos de Glauber Cardoso Carvalho, T\u00falio Sene e Luiza Bizzo Affonso, que nos apresentam os dilemas do desenvolvimento em um contexto neoliberalizante. Em \u201cDi\u00e1logos sobre Pol\u00edtica Externa\u201d, o leitor encontrar\u00e1 textos relevantes sobre paradiplomacia e a necessidade de pensar a pol\u00edtica externa como uma pol\u00edtica p\u00fablica, atrav\u00e9s das perspectivas de Leonardo Granato, Suellen Lannes e Victor Tibau. Na quinta se\u00e7\u00e3o retornamos nosso olhar para os \u201cDi\u00e1logos sobre Seguran\u00e7a e Defesa\u201d, com os textos de Larissa Rosevics e de Ricardo Zort\u00e9a Vieira. Em seguida, os \u201cDi\u00e1logos sobre Geopol\u00edtica\u201d s\u00e3o promovidos pelos textos de H\u00e9lio Farias, Bernardo Salgado Rodrigues e Marcelo Campello. Na s\u00e9tima se\u00e7\u00e3o est\u00e3o os \u201cDi\u00e1logos sobre Integra\u00e7\u00e3o Regional\u201d com as contribui\u00e7\u00f5es de Luiz Felipe Brand\u00e3o Os\u00f3rio, Glauber Cardoso Carvalho, Larissa Rosevics e Thauan dos Santos. A oitava se\u00e7\u00e3o traz os \u201cDi\u00e1logos sobre a Am\u00e9rica Latina\u201d, com a busca pela desconstru\u00e7\u00e3o do senso comum promovido pelos textos de Larissa Rosevics, Bernardo Salgado Rodrigues e Licio Caetano do Rego Monteiro. A nona se\u00e7\u00e3o denominada \u201cDi\u00e1logos com a Hist\u00f3ria Contempor\u00e2nea\u201d apresenta as an\u00e1lises de Edilson Nunes dos Santos Junior, Julia Monteath de Fran\u00e7a e Suellen Lannes.&nbsp;<\/div>\n<div style=\"text-align: justify;\"><\/div>\n<div style=\"text-align: justify;\">Agradecemos a todos aqueles que colaboraram com o blog \u201cDi\u00e1logos Internacionais\u201d e que por ventura n\u00e3o fazem parte dessa edi\u00e7\u00e3o: Beatriz Guimar\u00e3es de Ara\u00fajo; Caroline Rangel Travassos Burity; Jana\u00edna Pinto; Jessika Cardoso de Medeiros; Mario Afonso Lima; Natalia Rezende; Tiago Nasser Appel; Victor Carneiro Corr\u00eaa Vieira; Wagner Souza, Wesley S.T Guerra (do Blog NEMRI\/FESPSP). Aos nossos leitores dos cursos de Defesa e Gest\u00e3o Estrat\u00e9gica Internacional da UFRJ e de Rela\u00e7\u00f5es Internacionais da UFRRJ, da UniLaSalle e da Universidade Cat\u00f3lica de Petr\u00f3polis por contribu\u00edrem para a divulga\u00e7\u00e3o dos textos publicados. E aos professores e colegas da P\u00f3s-Gradua\u00e7\u00e3o em Economia Pol\u00edtica Internacional da UFRJ pelos intensos debates e reflex\u00f5es valorosas.<\/div>\n<div style=\"text-align: justify;\"><\/div>\n<div style=\"text-align: justify;\"><\/div>\n<div style=\"text-align: justify;\">\n<div style=\"clear: both; text-align: center;\">Baixe agora o livro:<\/div>\n<div style=\"clear: both; text-align: center;\"><\/div>\n<div style=\"clear: both; text-align: center;\"><a href=\"https:\/\/drive.google.com\/file\/d\/0B0ohqhWTSmmIdjh2LTZUQndoc2M\/view\" target=\"_blank\" rel=\"noopener\">CARVALHO, Glauber; ROSEVICS, Larissa (Orgs.).&nbsp;<b>Di\u00e1logos Internacionais:&nbsp;<\/b>reflex\u00f5es cr\u00edticas <br \/>do mundo contempor\u00e2neo. Rio de Janeiro: PerSe, 2017.<\/a><\/div>\n<\/div>\n","protected":false},"excerpt":{"rendered":"<p>Por Glauber Cardoso Carvalho e Larissa Rosevics Baixe agora o livro: CARVALHO, Glauber;<\/p>\n","protected":false},"author":3,"featured_media":0,"comment_status":"closed","ping_status":"open","sticky":false,"template":"","format":"standard","meta":{"footnotes":""},"categories":[655],"tags":[],"class_list":["post-1702","post","type-post","status-publish","format-standard","hentry","category-volume4"],"_links":{"self":[{"href":"https:\/\/dialogosinternacionais.com.br\/index.php?rest_route=\/wp\/v2\/posts\/1702","targetHints":{"allow":["GET"]}}],"collection":[{"href":"https:\/\/dialogosinternacionais.com.br\/index.php?rest_route=\/wp\/v2\/posts"}],"about":[{"href":"https:\/\/dialogosinternacionais.com.br\/index.php?rest_route=\/wp\/v2\/types\/post"}],"author":[{"embeddable":true,"href":"https:\/\/dialogosinternacionais.com.br\/index.php?rest_route=\/wp\/v2\/users\/3"}],"replies":[{"embeddable":true,"href":"https:\/\/dialogosinternacionais.com.br\/index.php?rest_route=%2Fwp%2Fv2%2Fcomments&post=1702"}],"version-history":[{"count":1,"href":"https:\/\/dialogosinternacionais.com.br\/index.php?rest_route=\/wp\/v2\/posts\/1702\/revisions"}],"predecessor-version":[{"id":2225,"href":"https:\/\/dialogosinternacionais.com.br\/index.php?rest_route=\/wp\/v2\/posts\/1702\/revisions\/2225"}],"wp:attachment":[{"href":"https:\/\/dialogosinternacionais.com.br\/index.php?rest_route=%2Fwp%2Fv2%2Fmedia&parent=1702"}],"wp:term":[{"taxonomy":"category","embeddable":true,"href":"https:\/\/dialogosinternacionais.com.br\/index.php?rest_route=%2Fwp%2Fv2%2Fcategories&post=1702"},{"taxonomy":"post_tag","embeddable":true,"href":"https:\/\/dialogosinternacionais.com.br\/index.php?rest_route=%2Fwp%2Fv2%2Ftags&post=1702"}],"curies":[{"name":"wp","href":"https:\/\/api.w.org\/{rel}","templated":true}]}}