{"id":1703,"date":"2017-06-05T17:39:00","date_gmt":"2017-06-05T20:39:00","guid":{"rendered":"https:\/\/dialogosinternacionais.com.br\/?p=1703"},"modified":"2022-05-05T00:30:49","modified_gmt":"2022-05-05T03:30:49","slug":"alemanha-e-o-6x1-no-g7","status":"publish","type":"post","link":"https:\/\/dialogosinternacionais.com.br\/?p=1703","title":{"rendered":"Alemanha e o 6X1 no G7"},"content":{"rendered":"<p><\/p>\n<div style=\"text-align: justify;\">Por Marcello Padilha<\/div>\n<div style=\"text-align: justify;\"><\/div>\n<div style=\"text-align: justify;\"><\/div>\n<table align=\"center\" cellpadding=\"0\" cellspacing=\"0\" style=\"margin-left: auto; margin-right: auto; text-align: center;\">\n<tbody>\n<tr>\n<td style=\"text-align: center;\"><a href=\"http:\/\/www.g7italy.it\/sites\/default\/files\/galleria_immagini\/Family%20photo.jpg\" style=\"margin-left: auto; margin-right: auto;\"><img fetchpriority=\"high\" decoding=\"async\" border=\"0\" src=\"http:\/\/www.g7italy.it\/sites\/default\/files\/galleria_immagini\/Family%20photo.jpg\" data-original-height=\"533\" data-original-width=\"800\" height=\"266\" width=\"400\" \/><\/a><\/td>\n<\/tr>\n<tr>\n<td style=\"text-align: center;\"><a href=\"http:\/\/www.g7italy.it\/en\/multimedia\/g7-summit\" target=\"_blank\" rel=\"noopener\">Site G7 Summit<\/a><\/td>\n<\/tr>\n<\/tbody>\n<\/table>\n<div style=\"text-align: justify;\"><\/div>\n<div style=\"text-align: justify;\"><\/div>\n<div style=\"text-align: justify;\"><\/div>\n<div style=\"text-align: justify;\">No \u00faltimo dia 27 de maio, os l\u00edderes dos pa\u00edses mais industrializados, Fran\u00e7a, Alemanha, It\u00e1lia, Canad\u00e1, Jap\u00e3o, Reino Unido e EUA se reuniram na cidade italiana de Taormina, em mais uma reuni\u00e3o anual do G7. As not\u00edcias n\u00e3o foram muito positivas por conta de alguns assuntos mal resolvidos entre os l\u00edderes, como o Acordo Clim\u00e1tico de Paris que deixou exposto uma rela\u00e7\u00e3o estremecida entre Alemanha e os Estado Unidos. <\/div>\n<div style=\"text-align: justify;\"><\/div>\n<div style=\"text-align: justify;\">O terrorismo global foi assunto, logo ap\u00f3s o recente atentado em Manchester, que matou 22 pessoas, entre elas crian\u00e7as, na sa\u00edda de um Show de m\u00fasica pop. Os l\u00edderes buscaram maior coopera\u00e7\u00e3o para mitigar esses eventos, entretanto quando a tem\u00e1tica se voltava para o combate do ISIS os chefes de estado e governo afirmaram que qualquer resolu\u00e7\u00e3o do conflito necessitaria estabelecer uma coopera\u00e7\u00e3o com a R\u00fassia, a qual os membros do G7 se mostraram dispostos a encontrar uma solu\u00e7\u00e3o pol\u00edtica, mas sem muitos detalhes &#8211; talvez seja o caso de esperar o encontro programado de Vladimir Putin \u00e0 Fran\u00e7a. A migra\u00e7\u00e3o como efeito direto da contenda no territ\u00f3rio s\u00edrio foi abordada. <\/div>\n<div style=\"text-align: justify;\"><a name='more'><\/a><\/div>\n<div style=\"text-align: justify;\">A guerra que se iniciou em 2011 ainda perdura e um dos reflexos dela \u00e9 o fluxo colossal e cont\u00ednuo da migra\u00e7\u00e3o para o territ\u00f3rio europeu, fato que ainda permanece com uma sombra no que tange \u00e0s resolu\u00e7\u00f5es humanit\u00e1rias para o tema. Segundo a vontade de Trump, o tratamento aos refugiados ainda ficar\u00e1 a cargo de cada na\u00e7\u00e3o, cabendo decis\u00f5es sobre a quantidade e o per\u00edodo em poder\u00e3o ser acolhidos, al\u00e9m de deixar aberta a possibilidade dos pa\u00edses fecharem suas fronteiras \u2013 claramente uma ant\u00edtese infeliz. Tal decis\u00e3o, por sua vez, n\u00e3o agradou muito aos italianos, os anfitri\u00f5es do evento, pois s\u00e3o os grandes receptores de imigrantes da rota do Mediterr\u00e2neo. <\/div>\n<div style=\"text-align: justify;\"><\/div>\n<div style=\"text-align: justify;\">Vale ressaltar que a It\u00e1lia possu\u00eda&nbsp;, em 2013,&nbsp;um programa intitulado de Mare Nostrum, que visava ao resgate de refugiados no mediterr\u00e2neo, mas que foi suspenso por cortes or\u00e7amentais, o que transferiu a responsabilidade para um projeto europeu, o TRITON. Este, entretanto, conta com 1\/3 do or\u00e7amento do projeto italiano e \u00e9 fortemente criticado pela Anistia Internacional. Isso se d\u00e1 pelo foco que o projeto possue, o primeiro era claramente mais humanit\u00e1rio, tendo em vista a sua concep\u00e7\u00e3o que foi espont\u00e2nea, ap\u00f3s a trag\u00e9dia de Lampedusa, e o segundo claramente deflagra o objetivo de vigil\u00e2ncia da fronteira como pilar. Frustra assim qualquer expectativa da sociedade internacional acerca dos melhores tratos aos refugiados.<\/div>\n<div style=\"text-align: justify;\"><\/div>\n<div style=\"text-align: justify;\">Com isso, o resultado da reuni\u00e3o foi insatisfat\u00f3rio, segundo a pr\u00f3pria Angela Merkel, que considerou que o evento terminou em \u201c6&#215;1\u201d, sobre outra tem\u00e1tica. A dura cr\u00edtica foi para a posi\u00e7\u00e3o estadunidense nos processos de negocia\u00e7\u00e3o, principalmente no que tange ao acordo de Paris sobre as mudan\u00e7as clim\u00e1ticas, pois todos os pa\u00edses j\u00e1 haviam concordado sobre a quest\u00e3o clim\u00e1tica, menos os EUA que se mostram contr\u00e1rios \u00e0 assinatura do acordo. <\/div>\n<div style=\"text-align: justify;\"><\/div>\n<div style=\"text-align: justify;\">Trump, por sua vez, avisou que em at\u00e9 uma semana possuiria um posicionamento final acerca do tratado de Paris. Contudo, o que devemos esperar do presidente estadunidense que escolhe Scott Pruit para assumir a Ag\u00eancia Nacional de Prote\u00e7\u00e3o Ambiental, mesmo antes de sua posse como presidente? Pruit baseou sua carreira no embargo a medidas ambientais a favor de empresas poluentes, tendo como hist\u00f3rico uma s\u00e9rie de a\u00e7\u00f5es e processos contra a pr\u00f3pria ag\u00eancia que agora ele comanda &#8211; sem contar os coment\u00e1rios da n\u00e3o interfer\u00eancia humana no aquecimento global, que foi midiaticamente exposto nas elei\u00e7\u00f5es de 2016. Isso certamente coloca em d\u00favida as bases da decis\u00e3o final do presidente estadunidense. <\/div>\n<div style=\"text-align: justify;\"><\/div>\n<div style=\"text-align: justify;\">Ao longo da semana, o presidente Trump, por meio da rede social Twitter\u00b9, pontuou que os EUA possuem um grande d\u00e9ficit comercial com a Alemanha, mesmo os alem\u00e3es pagando menos do que deveriam \u00e0 OTAN e que essa situa\u00e7\u00e3o mudaria. Direciona, assim, a cr\u00edtica j\u00e1 feita aos pa\u00edses da alian\u00e7a militar aos alem\u00e3es, al\u00e9m de alertar sobre um posicionamento j\u00e1 mencionado por Trump sobre reformas or\u00e7amentais do organismo internacional.   <\/div>\n<div style=\"text-align: justify;\"><\/div>\n<div style=\"text-align: justify;\">Com base nas cimeiras da c\u00fapula do G7 e da OTAN, conforme Merkel, ela considera que a Europa n\u00e3o pode confiar totalmente nos aliados e que os europeus deveriam segurar as r\u00e9deas do pr\u00f3prio destino. Em alus\u00e3o ao posicionamento dos EUA e ao processo de sa\u00edda do Reino Unido da Uni\u00e3o Europeia, Merkel claramente se volta para os franceses com esse discurso, haja vista a recente elei\u00e7\u00e3o do candidato que Berlim apoiava, Macron. A instabilidade que o bloco est\u00e1 sofrendo com o Brexit, e com as medidas isolacionistas esperadas dos EUA, urge pela  necessidade de uma coes\u00e3o no bloco europeu para com a instabilidade pol\u00edtica, al\u00e9m de pressionar o presidente franc\u00eas a agir diante dessa situa\u00e7\u00e3o em apoio a uma pol\u00edtica mais alem\u00e3 no bloco &#8211; se isso \u00e9 mais poss\u00edvel. <\/div>\n<div style=\"text-align: justify;\"><\/div>\n<div style=\"text-align: justify;\">O estranhamento da Alemanha com os EUA n\u00e3o \u00e9 de hoje, at\u00e9 mesmo sobre o governo Obama, os alem\u00e3es entravam em desacordo no que tange a guerra s\u00edria. Entretanto os choques s\u00e3o mais vis\u00edveis sob a administra\u00e7\u00e3o Trump, que no in\u00edcio do ano se recusou o aperto de m\u00e3os com a chefe do governo alem\u00e3o, em uma visita oficial que Merkel havia feito aos Estado Unidos em mar\u00e7o. <\/div>\n<div style=\"text-align: justify;\"><\/div>\n<div style=\"text-align: justify;\">Essas declara\u00e7\u00f5es est\u00e3o a espreita de mais coment\u00e1rios pol\u00eamicos, do lado alem\u00e3o, o concorrente de Merkel nas pr\u00f3ximas elei\u00e7\u00f5es, Martin Schulz dispara que o presidente Trump faz chantagem pol\u00edtica e \u00e9 um desestabilizador da coopera\u00e7\u00e3o internacional pac\u00edfica, al\u00e9m de um destruidor de valores ocidentais. Com cunho mais apaziguador, o ministro dos Neg\u00f3cios Estrangeiros comentou que \u00e9 um per\u00edodo ruim para as rela\u00e7\u00f5es entre os dois pa\u00edses, mas que a alian\u00e7a hist\u00f3rica \u00e9 muito maior que certo descompasso na pol\u00edtica.\u00b2 <\/div>\n<div style=\"text-align: justify;\"><\/div>\n<div style=\"text-align: justify;\">As elei\u00e7\u00f5es favor\u00e1veis na Fran\u00e7a deram mais estabilidade \u00e0 situa\u00e7\u00e3o na qual a Uni\u00e3o Europeia se encontra, mas h\u00e1 muitas quest\u00f5es que podem definir os novos caminhos do bloco, seja pelo Brexit, seja pelo afastamento pol\u00edtico estadunidense do aliado mais forte do bloco, que \u00e9 a Alemanha. <\/div>\n<div style=\"text-align: justify;\"><\/div>\n<div style=\"text-align: justify;\">O objetivo desse texto foi trazer para a discuss\u00e3o a recente reuni\u00e3o da c\u00fapula do G7, sem deixar de lado os desdobramentos e perspectivas que dela surgiram.   <\/div>\n<div style=\"text-align: justify;\"><\/div>\n<div style=\"text-align: justify;\"><\/div>\n<div style=\"text-align: justify;\">\u00b9 Disponivel em-  https:\/\/twitter.com\/realDonaldTrump\/status\/869503804307275776 <\/div>\n<div style=\"text-align: justify;\"><\/div>\n<div style=\"text-align: justify;\">\u00b2 Dispon\u00edvel em -http:\/\/www.spiegel.de\/wirtschaft\/soziales\/donald-trump-greift-deutsche-handelspolitik-an-a-1149891.html<\/div>\n<div style=\"text-align: justify;\"><\/div>\n<div style=\"text-align: justify;\"><\/div>\n<div style=\"text-align: justify;\"><\/div>\n<div style=\"text-align: justify;\"><\/div>\n<div style=\"text-align: justify;\"><b><i>Marcello Padilha,<\/i><\/b> graduando em Rela\u00e7\u00f5es Internacionais pela Universidade Federal Rural do Rio de Janeir.  <\/div>\n<div style=\"text-align: justify;\"><\/div>\n<p><\/p>\n","protected":false},"excerpt":{"rendered":"<p>Por Marcello Padilha Site G7 Summit No \u00faltimo dia 27 de maio, os<\/p>\n","protected":false},"author":3,"featured_media":0,"comment_status":"closed","ping_status":"open","sticky":false,"template":"","format":"standard","meta":{"footnotes":""},"categories":[655],"tags":[],"class_list":["post-1703","post","type-post","status-publish","format-standard","hentry","category-volume4"],"_links":{"self":[{"href":"https:\/\/dialogosinternacionais.com.br\/index.php?rest_route=\/wp\/v2\/posts\/1703","targetHints":{"allow":["GET"]}}],"collection":[{"href":"https:\/\/dialogosinternacionais.com.br\/index.php?rest_route=\/wp\/v2\/posts"}],"about":[{"href":"https:\/\/dialogosinternacionais.com.br\/index.php?rest_route=\/wp\/v2\/types\/post"}],"author":[{"embeddable":true,"href":"https:\/\/dialogosinternacionais.com.br\/index.php?rest_route=\/wp\/v2\/users\/3"}],"replies":[{"embeddable":true,"href":"https:\/\/dialogosinternacionais.com.br\/index.php?rest_route=%2Fwp%2Fv2%2Fcomments&post=1703"}],"version-history":[{"count":1,"href":"https:\/\/dialogosinternacionais.com.br\/index.php?rest_route=\/wp\/v2\/posts\/1703\/revisions"}],"predecessor-version":[{"id":2226,"href":"https:\/\/dialogosinternacionais.com.br\/index.php?rest_route=\/wp\/v2\/posts\/1703\/revisions\/2226"}],"wp:attachment":[{"href":"https:\/\/dialogosinternacionais.com.br\/index.php?rest_route=%2Fwp%2Fv2%2Fmedia&parent=1703"}],"wp:term":[{"taxonomy":"category","embeddable":true,"href":"https:\/\/dialogosinternacionais.com.br\/index.php?rest_route=%2Fwp%2Fv2%2Fcategories&post=1703"},{"taxonomy":"post_tag","embeddable":true,"href":"https:\/\/dialogosinternacionais.com.br\/index.php?rest_route=%2Fwp%2Fv2%2Ftags&post=1703"}],"curies":[{"name":"wp","href":"https:\/\/api.w.org\/{rel}","templated":true}]}}