{"id":1711,"date":"2017-03-27T09:35:00","date_gmt":"2017-03-27T12:35:00","guid":{"rendered":"https:\/\/dialogosinternacionais.com.br\/?p=1711"},"modified":"2022-05-05T00:30:50","modified_gmt":"2022-05-05T03:30:50","slug":"atentado-em-londres","status":"publish","type":"post","link":"https:\/\/dialogosinternacionais.com.br\/?p=1711","title":{"rendered":"Atentado em Londres"},"content":{"rendered":"<div style=\"text-align: justify;\">Por Suellen Lannes<\/div>\n<div style=\"text-align: justify;\"><\/div>\n<div style=\"text-align: justify;\"><\/div>\n<table align=\"center\" cellpadding=\"0\" cellspacing=\"0\" style=\"margin-left: auto; margin-right: auto; text-align: center;\">\n<tbody>\n<tr>\n<td style=\"text-align: center;\"><a href=\"https:\/\/upload.wikimedia.org\/wikipedia\/commons\/thumb\/4\/44\/Tower_Bridge_London_Feb_2006.jpg\/1280px-Tower_Bridge_London_Feb_2006.jpg\" style=\"margin-left: auto; margin-right: auto;\"><img fetchpriority=\"high\" decoding=\"async\" border=\"0\" height=\"160\" src=\"https:\/\/upload.wikimedia.org\/wikipedia\/commons\/thumb\/4\/44\/Tower_Bridge_London_Feb_2006.jpg\/1280px-Tower_Bridge_London_Feb_2006.jpg\" width=\"320\" \/><\/a><\/td>\n<\/tr>\n<tr>\n<td style=\"text-align: center;\">By Diliff &#8211; Own work, CC BY-SA 3.0, https:\/\/commons.wikimedia.org\/w\/index.php?curid=564795<\/td>\n<\/tr>\n<\/tbody>\n<\/table>\n<div style=\"text-align: justify;\"><\/div>\n<div style=\"text-align: justify;\">Independente das correntes de pensamento seguidas, um atentado terrorista necessita de uma agenda pol\u00edtica, ou seja, precisa ser um meio de conseguir um objetivo pol\u00edtico, na melhor concep\u00e7\u00e3o maquiav\u00e9lica do termo. Sem ter uma organiza\u00e7\u00e3o terrorista por tr\u00e1s, que desenhar\u00e1 e propagar\u00e1 esse ideal pol\u00edtico a partir do ato de terror empreendido, o ato perde o seu v\u00e9u pol\u00edtico e passa a ser considerado um ato solit\u00e1rio de terror. Da mesma forma, para se manter a agenda pol\u00edtica de terror \u00e9 necess\u00e1rio a um grupo a manuten\u00e7\u00e3o de suas a\u00e7\u00f5es terroristas. <\/p>\n<\/div>\n<div style=\"text-align: justify;\">Seguindo a linha adotada pelos Estados Unidos p\u00f3s-11 de setembro, o Estado Isl\u00e2mico (ISIS) tem procurado adotar um discurso universalizante e gen\u00e9rico que respalda qualquer tipo de atentado empreendido por pessoas que estejam ou n\u00e3o ligadas ao grupo. Por meio de sua ag\u00eancia de propaganda (Amaq), o atentado empreendido em Londres no dia 22 de mar\u00e7o de 2017 foi realizado por um dos seus soldados, colocando em pr\u00e1tica um chamado para se atingir cidad\u00e3os de na\u00e7\u00f5es pertencentes \u00e0 coaliz\u00e3o que atua contra o Estado Isl\u00e2mico.&nbsp; <\/p>\n<p><a name='more'><\/a><\/div>\n<div style=\"text-align: justify;\">Investigado pela ag\u00eancia de intelig\u00eancia brit\u00e2nica (MI5), Khalid Masood foi considerado uma figura perif\u00e9rica, apesar de ter um hist\u00f3rico de delitos graves, anteriores a pr\u00f3pria exist\u00eancia do ISIS. Esse contexto n\u00e3o deixa claro a exist\u00eancia de uma rela\u00e7\u00e3o entre ele e o ISIS. A investiga\u00e7\u00e3o sobre ele foi por causa dos seus atos extremistas violentos, n\u00e3o por uma poss\u00edvel rela\u00e7\u00e3o com o grupo. A atual liga\u00e7\u00e3o de Massod com o ISIS \u00e9 afirmada, somente, pelo pr\u00f3prio ISIS.<\/p>\n<\/div>\n<div style=\"text-align: justify;\"><\/div>\n<div style=\"text-align: justify;\"><\/div>\n<div style=\"text-align: justify;\"><\/div>\n<div style=\"clear: both; text-align: center;\"><iframe allowfullscreen=\"\" data-thumbnail-src=\"https:\/\/i.ytimg.com\/vi\/FFcqqK-tL7E\/0.jpg\" frameborder=\"0\" height=\"266\" src=\"https:\/\/www.youtube.com\/embed\/FFcqqK-tL7E?feature=player_embedded\" width=\"320\"><\/iframe><\/div>\n<div style=\"text-align: justify;\"><\/div>\n<div style=\"text-align: justify;\">A morte do autor dos atentados deixar\u00e1 algumas perguntas sem resposta, principalmente, a real motiva\u00e7\u00e3o dos atentados e a verdadeira liga\u00e7\u00e3o do autor com o Estado Isl\u00e2mico e sua agenda pol\u00edtica. Essa aus\u00eancia de respostas favorece o discurso pol\u00edtico generalista desse grupo, colocando em sua \u201cconta\u201d um atentado no cora\u00e7\u00e3o n\u00e3o s\u00f3 de Londres, mas, tamb\u00e9m, ao simbolismo da pol\u00edtica brit\u00e2nica, o Parlamento.&nbsp; <\/p>\n<\/div>\n<div style=\"text-align: justify;\">Observando os \u00faltimos retrocessos do Estado Isl\u00e2mico e os impasses na guerra na S\u00edria, pode-se constatar a necessidade de se contra-atacar do grupo, principalmente, contra membros da coaliz\u00e3o em seus territ\u00f3rios, ato menos frequente e onde ganhar\u00e3o uma m\u00eddia muito maior do que um atentado na S\u00edria, onde j\u00e1 ocorrem diariamente. Nesse contexto, qualquer ato aos membros da coaliz\u00e3o \u00e9 uma a\u00e7\u00e3o pol\u00edtica do Estado Isl\u00e2mico, mesmo n\u00e3o tendo a atua\u00e7\u00e3o direta do grupo, comprovada. Nesse contexto, a quest\u00e3o levantada por Kenan Malik: como distinguir viol\u00eancia direcionada por ideologia de surto sociopata[1], suscita outros pontos interessantes para se compreender como e porque esses atentados \u201c<i>low-tech<\/i>\u201d[2] acontecem e as dificuldades de prev\u00ea-los. Al\u00e9m disso, poderia ajudar a diferenciar uma real a\u00e7\u00e3o do Estado Isl\u00e2mico de um mero oportunismo e separar todo um arcabou\u00e7o religioso de atos extremistas, os quais s\u00f3 gera mais v\u00edtimas e coloca toda uma comunidade em xeque. <\/p>\n<p>[1] Artigo publicado no jornal \u201cThe Guardian\u201d sob o t\u00edtulo: \u201cHow can distinguish violence driven by ideology from sociopathic rage?\u201d Extra\u00eddo de: https:\/\/www.theguardian.com\/commentisfree\/2017\/mar\/26\/distinguish-violence-driven-by-ideology-from-sociopathic-rage<\/p><\/div>\n<div style=\"text-align: justify;\"><\/div>\n<div style=\"text-align: justify;\">[2] O termo \u201clow-tech terrorism\u201d refere-se a atos perpetrados utilizando armas e planos de baixo or\u00e7amento, simples e menos elaborados. Os principais exemplos desse tipo de terrorismo foram os atentados em Nice (julho, 2016), na boate em Orlando (junho, 2016) e na esta\u00e7\u00e3o de trem em D\u00fcsseldorf (mar\u00e7o, 2017). <\/div>\n","protected":false},"excerpt":{"rendered":"<p>Por Suellen Lannes By Diliff &#8211; Own work, CC BY-SA 3.0, https:\/\/commons.wikimedia.org\/w\/index.php?curid=564795 Independente<\/p>\n","protected":false},"author":3,"featured_media":0,"comment_status":"closed","ping_status":"open","sticky":false,"template":"","format":"standard","meta":{"footnotes":""},"categories":[655],"tags":[],"class_list":["post-1711","post","type-post","status-publish","format-standard","hentry","category-volume4"],"_links":{"self":[{"href":"https:\/\/dialogosinternacionais.com.br\/index.php?rest_route=\/wp\/v2\/posts\/1711","targetHints":{"allow":["GET"]}}],"collection":[{"href":"https:\/\/dialogosinternacionais.com.br\/index.php?rest_route=\/wp\/v2\/posts"}],"about":[{"href":"https:\/\/dialogosinternacionais.com.br\/index.php?rest_route=\/wp\/v2\/types\/post"}],"author":[{"embeddable":true,"href":"https:\/\/dialogosinternacionais.com.br\/index.php?rest_route=\/wp\/v2\/users\/3"}],"replies":[{"embeddable":true,"href":"https:\/\/dialogosinternacionais.com.br\/index.php?rest_route=%2Fwp%2Fv2%2Fcomments&post=1711"}],"version-history":[{"count":1,"href":"https:\/\/dialogosinternacionais.com.br\/index.php?rest_route=\/wp\/v2\/posts\/1711\/revisions"}],"predecessor-version":[{"id":2234,"href":"https:\/\/dialogosinternacionais.com.br\/index.php?rest_route=\/wp\/v2\/posts\/1711\/revisions\/2234"}],"wp:attachment":[{"href":"https:\/\/dialogosinternacionais.com.br\/index.php?rest_route=%2Fwp%2Fv2%2Fmedia&parent=1711"}],"wp:term":[{"taxonomy":"category","embeddable":true,"href":"https:\/\/dialogosinternacionais.com.br\/index.php?rest_route=%2Fwp%2Fv2%2Fcategories&post=1711"},{"taxonomy":"post_tag","embeddable":true,"href":"https:\/\/dialogosinternacionais.com.br\/index.php?rest_route=%2Fwp%2Fv2%2Ftags&post=1711"}],"curies":[{"name":"wp","href":"https:\/\/api.w.org\/{rel}","templated":true}]}}