{"id":1719,"date":"2016-12-05T07:00:00","date_gmt":"2016-12-05T09:00:00","guid":{"rendered":"https:\/\/dialogosinternacionais.com.br\/?p=1719"},"modified":"2022-05-05T00:30:50","modified_gmt":"2022-05-05T03:30:50","slug":"a-morte-de-fidel-e-o-sempre-tedioso-lugar-comum","status":"publish","type":"post","link":"https:\/\/dialogosinternacionais.com.br\/?p=1719","title":{"rendered":"A morte de Fidel e o sempre tedioso lugar-comum"},"content":{"rendered":"<div style=\"clear: both; text-align: left;\">Por Glauber Cardoso Carvalho<\/div>\n<div style=\"clear: both; text-align: left;\"><\/div>\n<div style=\"clear: both; text-align: center;\"><\/div>\n<table cellpadding=\"0\" cellspacing=\"0\" style=\"float: left; margin-right: 1em; text-align: left;\">\n<tbody>\n<tr>\n<td style=\"text-align: center;\"><a href=\"https:\/\/1.bp.blogspot.com\/-vw__-Z3LFYc\/WESB3QA3HiI\/AAAAAAAABQs\/mKTtUm3vTHYl2GhByDiZfuA2J4t8aMGkACLcB\/s1600\/fidel.jpg\" style=\"clear: left; margin-bottom: 1em; margin-left: auto; margin-right: auto;\"><img fetchpriority=\"high\" decoding=\"async\" border=\"0\" height=\"400\" src=\"https:\/\/1.bp.blogspot.com\/-vw__-Z3LFYc\/WESB3QA3HiI\/AAAAAAAABQs\/mKTtUm3vTHYl2GhByDiZfuA2J4t8aMGkACLcB\/s400\/fidel.jpg\" width=\"262\" \/><\/a><\/td>\n<\/tr>\n<tr>\n<td style=\"text-align: center;\">Retrato de Fidel Castro, 1961 &#8211; Oswaldo Guayasamin<br \/>Fonte: Facebook.<\/td>\n<\/tr>\n<\/tbody>\n<\/table>\n<div style=\"text-align: justify;\">O Blog Di\u00e1logos Internacionais, incumbido h\u00e1 dois anos de debater o cen\u00e1rio internacional, seus movimentos e contradi\u00e7\u00f5es, n\u00e3o poderia deixar registrar, com esta pequena nota, a morte de Fidel Castro, l\u00edder cubano, revolucion\u00e1rio e uma das figuras que marcou e moldou o s\u00e9culo XX.<\/div>\n<div style=\"text-align: justify;\"><\/div>\n<div style=\"text-align: justify;\">Fidel faleceu no \u00faltimo dia 25 de novembro de 2016, em La Havana, Cuba, de onde n\u00e3o era mais presidente, j\u00e1 que passou o cargo para seu irm\u00e3o Ra\u00fal Castro, em 2006. Era, contudo, respeitado e considerado, desde que tomou a ilha de Fulg\u00eancio Batista, o eterno comandante supremo da na\u00e7\u00e3o.<\/div>\n<div style=\"text-align: justify;\"><\/div>\n<div style=\"text-align: justify;\">Sua morte foi de causas naturais para um senhor de seus 90 anos, o qual a pris\u00e3o, o combate e mais de 600 tentativas de assassinato n\u00e3o conseguiram derrubar. O fato em si foi um al\u00edvio para uns, um perda sem compara\u00e7\u00f5es para outros e teve a capacidade de dividir opini\u00f5es e fam\u00edlias que nunca nem haviam tocado no assunto. Revelou, com isso, milhares de<i> experts<\/i> em pol\u00edtica internacional e profundos conhecedores da economia e da sociedade cubana, seus problemas, defeitos, esperan\u00e7as e demandas (#sqn). Isso, claro, nos referimos ao Brasil. E \u00e9 por esse lado que vou falar brevemente, amparado nesses fatos, mais do que na figura pol\u00eamica e no \u00faltimo suspiro do homem.<\/div>\n<div style=\"text-align: justify;\"><a name='more'><\/a><\/div>\n<div style=\"text-align: justify;\">Sua vida e sua hist\u00f3ria j\u00e1 foi passada a limpo por muitos estudos. O significado de seus atos foram, s\u00e3o e ser\u00e3o analisados em profundidade, por isso, ser\u00e1 interessante, nestas linhas, discorrer um pouco sobre quatro contradi\u00e7\u00f5es do discurso que surgiram nas redes sociais &#8211; que foram insuper\u00e1veis em um apanhado de lugares-comuns, mas que ao mesmo tempo tamb\u00e9m mostrou bastante como\u00e7\u00e3o e real desconforto com o futuro da ilha e do mundo.<\/div>\n<div style=\"text-align: justify;\"><\/div>\n<div style=\"text-align: justify;\">O primeiro lugar-comum \u00e9: \u201cse eu n\u00e3o sou de esquerda, n\u00e3o posso falar bem, ou fazer uma an\u00e1lise que diga qualquer ponto positivo sobre o governo Cubano\u201d. Isso aconteceu com diversas pessoas, dentre elas o nosso ex-talvez futuro-presidente, Fernando Henrique Cardoso. O post em sua p\u00e1gina no face foi seguido de muitos coment\u00e1rios de seguidores que denunciavam que era ele um \u201ccomunista disfar\u00e7ado\u201d, que o admiravam at\u00e9 aquele momento, mas deixariam de segui-lo\u2026<\/div>\n<div style=\"text-align: justify;\"><\/div>\n<div style=\"text-align: justify;\">O segundo lugar-comum \u00e9: \u201cele foi um ditador, cruel, sanguin\u00e1rio, assassino\u2026\u201d&#8230; bom\u2026 quem viveu a repress\u00e3o pesada poderia denunciar isso. Os que ficaram e est\u00e3o l\u00e1 com acesso \u00e0 educa\u00e7\u00e3o e sa\u00fade tamb\u00e9m poderiam dar seu depoimento. As dimens\u00f5es s\u00e3o diferentes dependendo da luz e da vis\u00e3o. \u00c9 claro que n\u00e3o se est\u00e1 fechando os olhos para pris\u00f5es e mortes que ocorreram sem o que achamos ser o devido julgamento. A hist\u00f3ria \u00e9 &#8220;julgada&#8221; por quem a escreve&#8230; confere, produ\u00e7\u00e3o?<\/div>\n<div style=\"text-align: justify;\"><\/div>\n<div style=\"text-align: justify;\">O terceiro lugar-comum \u00e9: \u201cele \u00e9 milion\u00e1rio em um pa\u00eds pobre\u201d&#8230; a Forbes n\u00e3o conseguiu comprovar, apesar do desafio que Fidel lan\u00e7ou. Ele se perguntava para que, aos 80, queria dinheiro. Que quem o difamava n\u00e3o havia entendido nada. Creio que ningu\u00e9m teve acesso \u00e0 realidade dessa informa\u00e7\u00e3o, logo, seria minimamente equivocado falar isso. Al\u00e9m disso, ningu\u00e9m cita o embargo dos Estados Unidos como um fato que manteve a ilha com uma economia prec\u00e1ria nos \u00faltimos 50 anos.<\/p>\n<p>O quarto lugar-comum \u00e9: &#8220;Voc\u00ea est\u00e1 se preocupando com Cuba, enquanto o Brasil vive problemas de corrup\u00e7\u00e3o&#8221;. Que vai na mesma linha de &#8220;a pol\u00edtica externa petista financiou a ilha comunista.&#8221; Para esses dois, o melhor \u00e9 n\u00e3o perder tempo explicando a dimens\u00e3o das rela\u00e7\u00f5es internacionais e a complexidade do processo decis\u00f3rio em pol\u00edtica externa. Se houvesse di\u00e1logo at\u00e9 tudo bem, mas n\u00e3o h\u00e1 e n\u00e3o se move uma montanha de (pr\u00e9)conceitos (ou conceitos formados) assim&#8230; talvez o profeta&#8230; vai saber.<\/p><\/div>\n<div style=\"text-align: justify;\"><\/div>\n<div style=\"text-align: justify;\">Os lugares-comuns se avolumam (devo confessar, de forma muito particular, que essa pequena pesquisa em sites da extrema direita acaba fazendo mal\u2026 logo, \u00e9 melhor parar).<\/div>\n<div style=\"text-align: justify;\"><\/div>\n<div style=\"text-align: justify;\">Umas das observa\u00e7\u00f5es finais \u00e9 que seu vel\u00f3rio foi assistido por milhares de pessoas. Isso pode significar alguma coisa. A outra \u00e9 que estando j\u00e1 no poder, seu irm\u00e3o manter\u00e1 o controle da ilha at\u00e9 onde lhe for poss\u00edvel, e poder\u00e1, dentro das suas cren\u00e7as mudar ou n\u00e3o a condu\u00e7\u00e3o dos rumos de Cuba, como vem fazendo.<\/div>\n<div style=\"text-align: justify;\"><\/div>\n<div style=\"text-align: justify;\">Com autoriza\u00e7\u00e3o do amigo, mestre em EPI e professor, Greg\u00f3rio Echeverr\u00eda &nbsp;cito seu post, que para mim foi l\u00facido e certeiro, invocando a necess\u00e1ria consulta \u00e0s fontes (publicado em sua p\u00e1gina pessoal em 27 de novembro):<\/div>\n<blockquote style=\"text-align: justify;\"><p><i>\u201cCuba \u00e9 um pa\u00eds com muitos problemas, muitos mesmo. O sistema cubano imp\u00f5e restri\u00e7\u00f5es e limita\u00e7\u00f5es \u00e0 popula\u00e7\u00e3o. Entretanto, em meio \u00e0 uma profunda crise econ\u00f4mica, pol\u00edtica, social, \u00e9tica e moral que estamos vivendo no Brasil e no mundo, h\u00e1 alguns dados sobre Cuba que devemos ler com calma e fazer uma profunda reflex\u00e3o sobre que futuro queremos para o Brasil e para o mundo.<\/i>&nbsp;<\/p><\/blockquote>\n<blockquote style=\"text-align: justify;\"><p><i>1) Cuba tem o segundo melhor IDH da Am\u00e9rica latina.<br \/>2) Cuba tem o melhor sistema educacional da Am\u00e9rica Latina.<br \/>3) Segundo OMS, o sistema de sa\u00fade cubano \u00e9 um modelo mundial.<br \/>4) Segundo a ONU, Cuba \u00e9 o 2\u00aa pa\u00eds menos violento da Am\u00e9rica Latina, com 4,2 homic\u00eddios por 100 mil habitantes. Para efeito de compara\u00e7\u00e3o, esse \u00edndice chega a 25,2 por 100 mil habitantes no Brasil.<br \/>5) A taxa de alfabetiza\u00e7\u00e3o na ilha chega a 99,9%.<br \/>6) Cuba \u00e9 o \u00fanico pa\u00eds da Am\u00e9rica Latina com 0% de desnutri\u00e7\u00e3o infantil.<br \/>7) Possui o maior n\u00famero de leitos por habitante (5,9 por 1000 habitantes) da Am\u00e9rica. O Brasil possui 2,4.<br \/>8) A melhor expectativa de vida da Am\u00e9rica Latina (79 anos).<br \/>9) A menor taxa de mortalidade infantil da Am\u00e9rica (5 para cada 1.000 nascimentos).O Brasil chega a ter 19 crian\u00e7as mortas a cada 1.000 nascimentos.<br \/>10) A taxa mais alta de m\u00e9dicos por habitantes da Am\u00e9rica Latina, 1 para cada 160 habitantes. O Brasil 1 para cada 500 habitantes.<br \/>Fontes: Dados da ONU e do Banco Mundial.&#8221;<\/i><\/p><\/blockquote>\n<div style=\"text-align: justify;\"><i><br \/><\/i><\/div>\n<p><\/p>\n<div dir=\"ltr\" style=\"line-height: 1.38; margin-bottom: 0pt; margin-top: 0pt;\"><\/div>\n<div dir=\"ltr\" style=\"line-height: 1.38; margin-bottom: 0pt; margin-top: 0pt;\"><\/div>\n<div dir=\"ltr\" style=\"line-height: 1.38; margin-bottom: 0pt; margin-top: 0pt;\"><\/div>\n<div dir=\"ltr\" style=\"line-height: 1.38; margin-bottom: 0pt; margin-top: 0pt;\"><\/div>\n<div dir=\"ltr\" style=\"line-height: 1.38; margin-bottom: 0pt; margin-top: 0pt;\"><\/div>\n<p><span><\/span><\/p>\n<div dir=\"ltr\" style=\"line-height: 1.38; margin-bottom: 0pt; margin-top: 0pt;\"><\/div>\n","protected":false},"excerpt":{"rendered":"<p>Por Glauber Cardoso Carvalho Retrato de Fidel Castro, 1961 &#8211; Oswaldo GuayasaminFonte: Facebook.<\/p>\n","protected":false},"author":3,"featured_media":0,"comment_status":"closed","ping_status":"open","sticky":false,"template":"","format":"standard","meta":{"footnotes":""},"categories":[654],"tags":[],"class_list":["post-1719","post","type-post","status-publish","format-standard","hentry","category-volume3"],"_links":{"self":[{"href":"https:\/\/dialogosinternacionais.com.br\/index.php?rest_route=\/wp\/v2\/posts\/1719","targetHints":{"allow":["GET"]}}],"collection":[{"href":"https:\/\/dialogosinternacionais.com.br\/index.php?rest_route=\/wp\/v2\/posts"}],"about":[{"href":"https:\/\/dialogosinternacionais.com.br\/index.php?rest_route=\/wp\/v2\/types\/post"}],"author":[{"embeddable":true,"href":"https:\/\/dialogosinternacionais.com.br\/index.php?rest_route=\/wp\/v2\/users\/3"}],"replies":[{"embeddable":true,"href":"https:\/\/dialogosinternacionais.com.br\/index.php?rest_route=%2Fwp%2Fv2%2Fcomments&post=1719"}],"version-history":[{"count":1,"href":"https:\/\/dialogosinternacionais.com.br\/index.php?rest_route=\/wp\/v2\/posts\/1719\/revisions"}],"predecessor-version":[{"id":2184,"href":"https:\/\/dialogosinternacionais.com.br\/index.php?rest_route=\/wp\/v2\/posts\/1719\/revisions\/2184"}],"wp:attachment":[{"href":"https:\/\/dialogosinternacionais.com.br\/index.php?rest_route=%2Fwp%2Fv2%2Fmedia&parent=1719"}],"wp:term":[{"taxonomy":"category","embeddable":true,"href":"https:\/\/dialogosinternacionais.com.br\/index.php?rest_route=%2Fwp%2Fv2%2Fcategories&post=1719"},{"taxonomy":"post_tag","embeddable":true,"href":"https:\/\/dialogosinternacionais.com.br\/index.php?rest_route=%2Fwp%2Fv2%2Ftags&post=1719"}],"curies":[{"name":"wp","href":"https:\/\/api.w.org\/{rel}","templated":true}]}}