{"id":1723,"date":"2016-10-24T16:09:00","date_gmt":"2016-10-24T18:09:00","guid":{"rendered":"https:\/\/dialogosinternacionais.com.br\/?p=1723"},"modified":"2022-05-05T00:30:50","modified_gmt":"2022-05-05T03:30:50","slug":"pan-amazonia-riqueza-diversidade-e-desenvolvimento","status":"publish","type":"post","link":"https:\/\/dialogosinternacionais.com.br\/?p=1723","title":{"rendered":"Pan-Amaz\u00f4nia: riqueza, diversidade e desenvolvimento*"},"content":{"rendered":"<div style=\"clear: both; text-align: left;\">Por Bernardo Salgado Rodrigues<\/div>\n<div style=\"clear: both; text-align: center;\"><\/div>\n<div style=\"clear: both; text-align: center;\"><a href=\"https:\/\/4.bp.blogspot.com\/-eA-f3nU8rPU\/WA5cAA_CqAI\/AAAAAAAAAyE\/DYE3ECavtEkpmGuKF9OOPFt1pJ1snjdZwCLcB\/s1600\/lily-365619_640.jpg\" style=\"margin-left: 1em; margin-right: 1em;\"><img fetchpriority=\"high\" decoding=\"async\" border=\"0\" height=\"184\" src=\"https:\/\/4.bp.blogspot.com\/-eA-f3nU8rPU\/WA5cAA_CqAI\/AAAAAAAAAyE\/DYE3ECavtEkpmGuKF9OOPFt1pJ1snjdZwCLcB\/s320\/lily-365619_640.jpg\" width=\"320\" \/><\/a><\/div>\n<div style=\"text-align: justify;\"><\/div>\n<div style=\"text-align: justify;\"><\/div>\n<div style=\"text-align: justify;\">Os debates sobre a Amaz\u00f4nia brasileira e a Pan-Amaz\u00f4nia se iniciam no s\u00e9culo XX e ainda demonstram contemporaneidade nos congressos, artigos e livros acad\u00eamicos no Brasil, na Am\u00e9rica do Sul e no mundo. Com uma \u00e1rea que corresponde a 6% da superf\u00edcie do planeta, possui 20% de toda a \u00e1gua doce vertida aos oceanos e a maior reserva de \u00e1gua doce do planeta (Aqu\u00edfero Amaz\u00f4nia), recursos minerais (petr\u00f3leo, g\u00e1s, bauxita, ni\u00f3bio, silvinita, casterita, entre outros), maior floresta tropical e biodiversidade do mundo e uma popula\u00e7\u00e3o de 40 milh\u00f5es de habitantes com saberes locais ancestrais, e que no Brasil corresponde a 60% do territ\u00f3rio nacional (9 Estados), 71% do estoque de \u00e1gua doce, 70% das fronteiras brasileiras e 64% da bacia hidrogr\u00e1fica da Pan-Amaz\u00f4nia, essa regi\u00e3o requer um modelo pr\u00f3prio de desenvolvimento e, atualmente, n\u00e3o possui o reconhecimento e aten\u00e7\u00e3o adequada condizente com sua import\u00e2ncia geopol\u00edtica e para o desenvolvimento da Am\u00e9rica do Sul.&nbsp;<\/div>\n<div style=\"text-align: justify;\"><a name='more'><\/a><\/div>\n<div style=\"text-align: justify;\">Esta revaloriza\u00e7\u00e3o da regi\u00e3o \u00e9 pautada, principalmente, pela sua posi\u00e7\u00e3o geoestrat\u00e9gica e pelos recursos naturais estrat\u00e9gicos, ratificados pela diversidade\/quantidade de reservas e para os futuros processos e ciclos cient\u00edficos, tecnol\u00f3gicos e de inova\u00e7\u00e3o. Com a ascens\u00e3o do que os estudiosos costumam denominar de 4\u00aa Revolu\u00e7\u00e3o Industrial, a Amaz\u00f4nia se apresenta como um dos principais p\u00f3los dessa nova etapa. Entretanto, h\u00e1 a necessidade de se investir em ind\u00fastria de produ\u00e7\u00e3o de conhecimento, parte substancial na pr\u00f3xima revolu\u00e7\u00e3o industrial; a regi\u00e3o deve estar preparada, investindo em conhecimento, em pesquisa e desenvolvimento, entendendo-se que a academia deve estar acoplada com a ind\u00fastria e servi\u00e7os, que possuem maior conhecimento do mercado e de suas demandas. Os centros de excel\u00eancia e pesquisa Pan-Amaz\u00f4nicos (como o INPA, Instituto Nacional de Pesquisas da Amaz\u00f4nia[1], que atua profundamente ao longo de anos) e os projetos de integra\u00e7\u00e3o regionais (como a OTCA, Organiza\u00e7\u00e3o do Tratado de Coopera\u00e7\u00e3o Amaz\u00f4nica[2]), devem ser valorizados, investidos e disseminados, a fim de que se tornem modelos de import\u00e2ncia cient\u00edfica para compreens\u00e3o e conserva\u00e7\u00e3o ambiental, ensejem tecnologias de fins produtivos e de modo sustent\u00e1vel e promovam o desenvolvimento sustent\u00e1vel na Pan-Amaz\u00f4nia.&nbsp;<\/div>\n<div style=\"text-align: justify;\"><\/div>\n<div style=\"text-align: justify;\">A mudan\u00e7a de foco principal para o desenvolvimento amaz\u00f4nico enseja o debate acerca do desenvolvimento sustent\u00e1vel &#8211; com o equil\u00edbrio de pilares econ\u00f4mico, social e ambiental (e at\u00e9 mesmo cultural) &#8211; que busque o respeito aos condicionantes ecol\u00f3gicos e avan\u00e7os na qualidade de vida da popula\u00e7\u00e3o local, visando a gera\u00e7\u00e3o de riqueza em coopera\u00e7\u00e3o e integra\u00e7\u00e3o de todos os pa\u00edses da Pan-Amaz\u00f4nia; ou at\u00e9 mesmo do ecodesenvolvimento, que considera as especificidades, a estrutura produtiva, a rela\u00e7\u00e3o com a natureza, as rela\u00e7\u00f5es sociais, o saber-fazer, a natureza do territ\u00f3rio, as motiva\u00e7\u00f5es e as dificuldades e seus valores culturais; um desenvolvimento com base ambiental e no conhecimento local, como fundamento do controle end\u00f3geno do processo.&nbsp;<\/div>\n<div style=\"text-align: justify;\"><\/div>\n<div style=\"text-align: justify;\">Entretanto, o ponto mais importante \u00e9 a cria\u00e7\u00e3o de um modelo pr\u00f3prio de desenvolvimento, que n\u00e3o existe no Brasil, na Am\u00e9rica do Sul e em nenhum lugar do mundo, um debate que deve ser Pan-Amaz\u00f4nico, um modelo de desenvolvimento que: 1 &#8211; abarque as tradi\u00e7\u00f5es e saberes locais, com centros de estudos locais; 2 &#8211; tenha sentido preservacionista, em total sintonia com a preven\u00e7\u00e3o do maior patrim\u00f4nio; 3 &#8211; n\u00e3o seja um desenvolvimento do mercado, e sim uma pol\u00edtica de Estado(s); 4 &#8211; seja fundado numa ci\u00eancia pr\u00f3pria, uma ci\u00eancia de conhecimentos espec\u00edficos da regi\u00e3o, de energia, da biodiversidade, das ci\u00eancias regionais, agregando de forma sustent\u00e1vel os recursos naturais presentes na regi\u00e3o; 5 &#8211; modifica\u00e7\u00e3o da forma com que os recursos naturais amaz\u00f4nicos s\u00e3o utilizados, repensando-os em bases sustent\u00e1veis, tanto em termos econ\u00f4micos como ambientais; 6 &#8211; crie uma ci\u00eancia amaz\u00f4nica, fundada na biotecnologia, nas quest\u00f5es da sa\u00fade; 7 &#8211; defenda as quest\u00f5es jur\u00eddicas sobre temas latentes na regi\u00e3o amaz\u00f4nica, como a biotecnologia, direito ambiental e quest\u00e3o fundi\u00e1ria; 8 &#8211; almeje a seguran\u00e7a da Pan-Amaz\u00f4nia, a prote\u00e7\u00e3o e as implica\u00e7\u00f5es para a soberania regional. Assim, criar-se-ia um projeto de coopera\u00e7\u00e3o para o desenvolvimento em novas bases, comprometidas com a gera\u00e7\u00e3o e uso do conhecimento e dos saberes locais correlacionados com processos fundamentados na ci\u00eancia, tecnologia e inova\u00e7\u00e3o.<\/div>\n<div style=\"text-align: justify;\"><\/div>\n<div>\n<div style=\"text-align: justify;\">A valoriza\u00e7\u00e3o da Amaz\u00f4nia \u00e9 diretamente proporcional ao aumento da import\u00e2ncia dos recursos estrat\u00e9gicos para a economia global, cuja expans\u00e3o de interesses estrangeiros na Am\u00e9rica do Sul \u00e9 um determinante real e que se intensifica no s\u00e9culo XXI. Esta expans\u00e3o, analisada sob uma perspectiva cr\u00edtica da geopol\u00edtica, do desenvolvimento e da integra\u00e7\u00e3o, afim de que se possa pensar na constru\u00e7\u00e3o de um modelo para a Pan-Amaz\u00f4nia com coopera\u00e7\u00e3o dos pa\u00edses amaz\u00f4nicos, pode vir a engendrar uma autonomia estrat\u00e9gica dos recursos naturais amaz\u00f4nicos como um dos pilares da pol\u00edtica externa sul-americana, ensejando o fomento de um desenvolvimento soberano para a regi\u00e3o atrav\u00e9s de um planejamento estrat\u00e9gico. Este debate envolve a soberania e integra\u00e7\u00e3o sul-americana, cuja necessidade de trazer a Pan-Amaz\u00f4nia para as agendas nacionais e para a agenda regional \u00e9&nbsp;imprescind\u00edvel.<\/div>\n<div style=\"text-align: justify;\"><\/div>\n<div style=\"text-align: justify;\"><\/div>\n<div style=\"text-align: justify;\"><\/div>\n<div style=\"text-align: justify;\"><\/div>\n<div style=\"text-align: justify;\">*Este artigo foi fruto dos debates realizados no 3\u00ba Congresso Internacional do Centro Celso Furtado: Amaz\u00f4nia Brasileira e Pan-Amaz\u00f4nia: riqueza, diversidade e desenvolvimento humano, realizado em Manaus-AM, na Universidade Federal do Amazonas &#8211; UFAM, nos dias 15 e 16 de setembro.<\/div>\n<div style=\"text-align: justify;\"><\/div>\n<div style=\"text-align: justify;\"><\/div>\n<\/div>\n<div>\n<hr align=\"left\" size=\"1\" width=\"33%\" \/><!--[endif]--> <\/p>\n<div>\n<div style=\"text-align: justify;\"><a href=\"file:\/\/\/C:\/Users\/AT-PROFESSORES\/Downloads\/Pan-Amaz%C3%B4nia%20_%20riqueza,%20diversidade%20e%20desenvolvimento.docx#_ftnref1\" name=\"_ftn1\" title=\"\"><span><span style=\"font-family: &quot;times new roman&quot; , &quot;serif&quot;;\"><!--[if !supportFootnotes]--><span><span style=\"font-size: 10pt; line-height: 115%;\">[1]<\/span><\/span><!--[endif]--><\/span><\/span><\/a><span style=\"font-family: &quot;times new roman&quot; , &quot;serif&quot;;\"> O INPA \u00e9 o instituto de <span style=\"background: white;\">estudos cient\u00edficos do meio f\u00edsico e das condi\u00e7\u00f5es de vida da regi\u00e3o amaz\u00f4nica para promover o bem-estar humano e o desenvolvimento s\u00f3cio-econ\u00f4mico regional, refer\u00eancia mundial em Biologia Tropical.<\/span><o:p><\/o:p><\/span><\/div>\n<\/div>\n<div>\n<div style=\"text-align: justify;\"><a href=\"file:\/\/\/C:\/Users\/AT-PROFESSORES\/Downloads\/Pan-Amaz%C3%B4nia%20_%20riqueza,%20diversidade%20e%20desenvolvimento.docx#_ftnref2\" name=\"_ftn2\" title=\"\"><span><span style=\"font-family: &quot;times new roman&quot; , &quot;serif&quot;;\"><!--[if !supportFootnotes]--><span><span style=\"font-size: 10pt; line-height: 115%;\">[2]<\/span><\/span><!--[endif]--><\/span><\/span><\/a><span style=\"font-family: &quot;times new roman&quot; , &quot;serif&quot;;\"> A OTCA \u00c9 O mais importante bloco socioambiental da regi\u00e3o, f\u00f3rum permanente de coopera\u00e7\u00e3o, interc\u00e2mbio e conhecimento, que busca promover o desenvolvimento sustent\u00e1vel com inclus\u00e3o social e harmonia com a natureza. \u00c9 um instrumento de coopera\u00e7\u00e3o Sul-Sul, focada nas oportunidades e desafios da regi\u00e3o amaz\u00f4nica. Assim, a OTCA poderia ser uma das possibilidades mais concretas de realizar projetos de integra\u00e7\u00e3o na regi\u00e3o amaz\u00f4nica.<o:p><\/o:p><\/span><\/div>\n<\/div>\n<\/div>\n","protected":false},"excerpt":{"rendered":"<p>Por Bernardo Salgado Rodrigues Os debates sobre a Amaz\u00f4nia brasileira e a Pan-Amaz\u00f4nia<\/p>\n","protected":false},"author":3,"featured_media":0,"comment_status":"closed","ping_status":"open","sticky":false,"template":"","format":"standard","meta":{"footnotes":""},"categories":[654],"tags":[],"class_list":["post-1723","post","type-post","status-publish","format-standard","hentry","category-volume3"],"_links":{"self":[{"href":"https:\/\/dialogosinternacionais.com.br\/index.php?rest_route=\/wp\/v2\/posts\/1723","targetHints":{"allow":["GET"]}}],"collection":[{"href":"https:\/\/dialogosinternacionais.com.br\/index.php?rest_route=\/wp\/v2\/posts"}],"about":[{"href":"https:\/\/dialogosinternacionais.com.br\/index.php?rest_route=\/wp\/v2\/types\/post"}],"author":[{"embeddable":true,"href":"https:\/\/dialogosinternacionais.com.br\/index.php?rest_route=\/wp\/v2\/users\/3"}],"replies":[{"embeddable":true,"href":"https:\/\/dialogosinternacionais.com.br\/index.php?rest_route=%2Fwp%2Fv2%2Fcomments&post=1723"}],"version-history":[{"count":1,"href":"https:\/\/dialogosinternacionais.com.br\/index.php?rest_route=\/wp\/v2\/posts\/1723\/revisions"}],"predecessor-version":[{"id":2187,"href":"https:\/\/dialogosinternacionais.com.br\/index.php?rest_route=\/wp\/v2\/posts\/1723\/revisions\/2187"}],"wp:attachment":[{"href":"https:\/\/dialogosinternacionais.com.br\/index.php?rest_route=%2Fwp%2Fv2%2Fmedia&parent=1723"}],"wp:term":[{"taxonomy":"category","embeddable":true,"href":"https:\/\/dialogosinternacionais.com.br\/index.php?rest_route=%2Fwp%2Fv2%2Fcategories&post=1723"},{"taxonomy":"post_tag","embeddable":true,"href":"https:\/\/dialogosinternacionais.com.br\/index.php?rest_route=%2Fwp%2Fv2%2Ftags&post=1723"}],"curies":[{"name":"wp","href":"https:\/\/api.w.org\/{rel}","templated":true}]}}