{"id":1728,"date":"2016-08-22T08:30:00","date_gmt":"2016-08-22T11:30:00","guid":{"rendered":"https:\/\/dialogosinternacionais.com.br\/?p=1728"},"modified":"2022-05-05T00:30:50","modified_gmt":"2022-05-05T03:30:50","slug":"maquiavel-deveria-ter-conhecido-serra","status":"publish","type":"post","link":"https:\/\/dialogosinternacionais.com.br\/?p=1728","title":{"rendered":"Maquiavel deveria ter conhecido Serra"},"content":{"rendered":"<p>Por Glauber Cardoso Carvalho<\/p>\n<div>\n<table align=\"center\" cellpadding=\"0\" cellspacing=\"0\" style=\"margin-left: auto; margin-right: auto; text-align: center;\">\n<tbody>\n<tr>\n<td style=\"text-align: center;\"><a href=\"https:\/\/2.bp.blogspot.com\/-UCNbLxF61IQ\/V7poMFJT1CI\/AAAAAAAABMw\/fnCxOSMsTz8kLIshDvtX8pq3qbc9YCH6wCLcB\/s1600\/o-principe.jpg\" style=\"margin-left: auto; margin-right: auto;\"><img fetchpriority=\"high\" decoding=\"async\" border=\"0\" height=\"181\" src=\"https:\/\/2.bp.blogspot.com\/-UCNbLxF61IQ\/V7poMFJT1CI\/AAAAAAAABMw\/fnCxOSMsTz8kLIshDvtX8pq3qbc9YCH6wCLcB\/s400\/o-principe.jpg\" width=\"400\" \/><\/a><\/td>\n<\/tr>\n<tr>\n<td style=\"text-align: center;\">Est\u00e1tua de Nicolau Maquiavel, em Floren\u00e7a.<\/td>\n<\/tr>\n<\/tbody>\n<\/table>\n<div style=\"text-align: justify;\"><\/div>\n<div style=\"text-align: justify;\">As Olimp\u00edadas do Rio 2016 foram t\u00e3o criticadas antes, quanto festejadas ao final. Cerca de 15 dias de esportes em diversos locais da cidade, de alegrias e festas. Transporte e turismo que funcionam, obras terminadas, n\u00e3o teve uma not\u00edcia sobre problema em aeroporto e a zica deve ter tomado aquele famoso ch\u00e1&#8230; de sumi\u00e7o&#8230; o mesmo aconteceu com outros temas&#8230; Os jogos esconderam den\u00fancias e dela\u00e7\u00f5es premiadas que envolvem diretamente nossos atuais l\u00edderes pol\u00edticos. Tamb\u00e9m abafaram a repercuss\u00e3o da vota\u00e7\u00e3o dos senadores em levar a presidenta eleita ao julgamento pol\u00edtico. Sobretudo, submergiram na Babel carioca as not\u00edcias acerca da crise da nossa regi\u00e3o, da nossa integra\u00e7\u00e3o.<\/div>\n<div style=\"text-align: justify;\"><\/div>\n<div style=\"text-align: justify;\">N\u00e3o fossem interinos, nossos governantes, as atitudes da diplomacia se justificariam, a m\u00e9dio prazo, na necessidade da reconstru\u00e7\u00e3o liberal da imagem do Brasil, da reinser\u00e7\u00e3o internacional do pa\u00eds, conforme j\u00e1 foi discutido por Bernardo Rodrigues <a href=\"http:\/\/www.dialogosinternacionais.com.br\/2016\/05\/o-obito-da-politica-externa-ativa-e.html\" target=\"_blank\" rel=\"noopener\">aqui no blog<\/a>. N\u00e3o tivessem a certeza da continuidade e do sucesso do processo que corre no nosso Senado Federal, n\u00e3o mostrariam todas as cartas do baralho, como em um jogo de iniciantes. Mas t\u00eam.<\/div>\n<div style=\"text-align: justify;\"><a name='more'><\/a><\/div>\n<div style=\"text-align: justify;\">O atual governo, que \u00e9 interino, tem a certeza n\u00e3o ser. Seus construtores agem com a propriedade e a altivez como se tivessem ganho a elei\u00e7\u00e3o por maioria absoluta. E a rapidez dos que tem medo. A mem\u00f3ria do brasileiro m\u00e9dio, creem, \u00e9 curta e as Olimp\u00edadas foram ajustadas como \u00f3pio do povo. A camiseta do Brasil usada para desfilar o \u201cFora Dilma\u201d ou o \u201cFora Todo Mundo\u201d foi lavada e usada para ir nas arenas ol\u00edmpicas. N\u00e3o se questiona na m\u00eddia nativa como os atletas viveram nos \u00faltimos anos, como conseguiram treinar, financiados que eram pelas diversas bolsas do governo. Tudo faz parecer que Deus e suas for\u00e7as pessoais os levaram at\u00e9 a festa atual. Talvez assim \u00e9 que vai ter que ser, pelo visto, pois bolsas e incentivos ser\u00e3o cortados mesmo.<\/div>\n<div style=\"text-align: justify;\"><\/div>\n<div style=\"text-align: justify;\">Bom, mas voltando ao tema da integra\u00e7\u00e3o, a festa acontece no Maracan\u00e3 e o Mercosul sangra. Alguns dir\u00e3o que n\u00e3o \u00e9 novidade. O atual chanceler, Jos\u00e9 Serra, enquanto ainda pr\u00e9-candidato \u00e0 presid\u00eancia pelo PSDB, em 2010, declarou abertamente que era desfavor\u00e1vel ao bloco regional. Durante sua perman\u00eancia no Senado, tamb\u00e9m fez quest\u00e3o de enfatizar sua percep\u00e7\u00e3o de desagrado com o processo de integra\u00e7\u00e3o do Cone Sul. Seu pr\u00f3prio site possui todos os seus pronunciamentos e est\u00e1 repleto de cita\u00e7\u00f5es. Em 2015, dizia o senador:<\/div>\n<div style=\"text-align: justify;\"><\/div>\n<blockquote style=\"text-align: justify;\"><p>\u201cN\u00f3s temos \u2013 este Senado, esta Legislatura \u2013 que revogar o Tratado do Mercosul tal como ele est\u00e1 posto hoje. O Mercosul foi um del\u00edrio megaloman\u00edaco, e olha que atravessou v\u00e1rios governos, que pretendeu promover uma uni\u00e3o alfandeg\u00e1ria entre Argentina, Brasil, Uruguai e Paraguai. Sabe o que \u00e9 uma uni\u00e3o alfandeg\u00e1ria? \u00c9 uma ren\u00fancia \u00e0 soberania da pol\u00edtica comercial. [&#8230;] O Mercosul paralisou a pol\u00edtica de com\u00e9rcio exterior brasileira.\u201d<a href=\"file:\/\/\/C:\/Users\/Glauber\/Desktop\/serra.docx#_ftn1\">[1]<\/a><\/p><\/blockquote>\n<div style=\"text-align: justify;\"><\/div>\n<div style=\"text-align: justify;\">Hoje, com a possibilidade real de atua\u00e7\u00e3o \u00e0 frente do Itamaraty, se posiciona contra a presid\u00eancia pro-tempore da Venezuela. A a\u00e7\u00e3o foi tal que o pr\u00f3prio chanceler uruguaio se queixou por uma poss\u00edvel tentativa de compra de apoio do governo de Tabar\u00e9 Vazquez, como descreveu o chanceler Rodolfo Nin Novoa no \u00faltimo dia 10 de agosto, conforme afirmou o El Pais, de Montevid\u00e9u.<a href=\"file:\/\/\/C:\/Users\/Glauber\/Desktop\/serra.docx#_ftn2\">[2]<\/a><\/div>\n<div style=\"text-align: justify;\"><\/div>\n<blockquote style=\"text-align: justify;\"><p>&#8220;N\u00e3o gostamos muito que o chanceler (Jos\u00e9) Serra tenha vindo ao Uruguai para nos dizer que (tinha) a pretens\u00e3o de que fosse suspensa a transfer\u00eancia (do comando do Mercosul \u00e0 Venezuela) e que, al\u00e9m disso, se (a transfer\u00eancia) fosse suspensa, nos levariam em suas negocia\u00e7\u00f5es (comerciais) com outros pa\u00edses, como que querendo comprar o voto do Uruguai.&#8221;<\/p><\/blockquote>\n<div style=\"text-align: justify;\"><\/div>\n<div style=\"text-align: justify;\">O resumo dessa hist\u00f3ria \u00e9 que, sem cerim\u00f4nia oficial, Maduro assumiu o Mercosul, com a oposi\u00e7\u00e3o do Brasil e do Paraguai, que o acusam de antidemocr\u00e1tico. Pois sim. A ver como isso vai se desenrolar.<\/div>\n<div style=\"text-align: justify;\"><\/div>\n<div style=\"text-align: justify;\">Relembra Emir Sader que \u201ca proximidade entre Lula e Kirchner foi um marco a partir do qual se fortaleceu o Mercosul e se expandiram os processos de integra\u00e7\u00e3o regional com a Unasul, o Banco do Sul, o Conselho Sul-Americano de Defesa e a Celac.\u201d<a href=\"file:\/\/\/C:\/Users\/Glauber\/Desktop\/serra.docx#_ftn3\">[3]<\/a> E que a restaura\u00e7\u00e3o conservadora que se processa no s\u00e9culo XXI recebe apoio entusiasmado de Washington, j\u00e1 com visitas oficiais. Cientes os americanos da import\u00e2ncia do eixo Argentina-Brasil para o destino na Am\u00e9rica Latina, regozijam-se na manuten\u00e7\u00e3o de governos favor\u00e1veis com Macri e Temer na cabe\u00e7a.<\/div>\n<div style=\"text-align: justify;\"><\/div>\n<div style=\"text-align: justify;\">Assim, enquanto os Estados Unidos se declaram nossos parceiros naturais, relembrando nossa pol\u00edtica externa de 100 anos atr\u00e1s, o Brasil avisa que come\u00e7aremos uma nova fase de aprofundamento das rela\u00e7\u00f5es bilaterais&#8230; carnais? Qualquer comp\u00eandio da hist\u00f3ria diplom\u00e1tica nacional mostrar\u00e1 que essa atitude nunca encontrou raz\u00e3o de sustenta\u00e7\u00e3o, pois depois de alguma euforia inicial o pa\u00eds do Norte n\u00e3o persevera nessa alian\u00e7a n\u00e3o escrita.<\/div>\n<div style=\"text-align: justify;\"><\/div>\n<div style=\"text-align: justify;\">Nosso vizinho platino tamb\u00e9m se aproxima explicitamente ao Big Brother, como Menem que quis ser da OTAN. Macri j\u00e1 teria liberado dois espa\u00e7os estrat\u00e9gicos para os EUA implementarem bases militares, uma em Ushuaia, na Tiera del Fuego, e outra na Tr\u00edplice Fronteira.<\/div>\n<div style=\"text-align: justify;\"><\/div>\n<div style=\"text-align: justify;\">O que tudo isso realmente significa, caso procuremos entender as linhas de pol\u00edtica externa brasileira de forma cr\u00edtica? Significa retrocesso. Mas n\u00e3o \u00e9 de se esperar retrocesso em um governo que assume o poder de forma n\u00e3o democr\u00e1tica e que implementa uma gest\u00e3o de homens ricos, brancos e heterossexuais, com a maioria citada em corrup\u00e7\u00e3o, e cujo pr\u00f3prio chefe do executivo \u00e9 ineleg\u00edvel?<\/div>\n<div style=\"text-align: justify;\"><\/div>\n<div style=\"text-align: justify;\">Caso n\u00e3o esper\u00e1ssemos tal coisa, diria que a busca de autonomia regional que foi a marca tanto da PE do Brasil quanto de outros pa\u00edses sul-americanos nos \u00faltimos anos est\u00e1 sendo interditada ou mesmo foi suplantada pela vis\u00e3o de mundo, que estava apenas amortecida, que nos coloca como o eterno emergente, como aquele pa\u00eds que se insere na divis\u00e3o internacional do trabalho como exportador de commodities n\u00e3o beneficiadas. Ponto. Par\u00e1grafo. Essa posi\u00e7\u00e3o o pa\u00eds e a elite conhecem bem. A elite tamb\u00e9m conhece bem como fazer para suplantar a crise, importar o que lhe aprouver (por isso n\u00e3o h\u00e1 necessidade de termos m\u00faltiplas ind\u00fastrias e muito menos h\u00e1 funcionalidade num banco de apoio ao desenvolvimento nacional) e sabem tamb\u00e9m reinventar a explora\u00e7\u00e3o da for\u00e7a de trabalho at\u00e9 o limite (desgastando conquistas de tanto tempo).<\/div>\n<div style=\"text-align: justify;\"><\/div>\n<div style=\"text-align: justify;\">A vis\u00e3o da autonomia \u00e9 realmente muito nova e talvez n\u00e3o tenha se enraizado. Ela vem da percep\u00e7\u00e3o de governos que tentaram e chegaram a conseguir reverter anos de dilapida\u00e7\u00e3o do desenvolvimento regional produzidos pela implementa\u00e7\u00e3o de ajustes ditados&#8230; sim&#8230; pelas grandes pot\u00eancias e seus organismos internacionais. Essa nova experi\u00eancia sul-americana de autonomia, consubstanciada na Uni\u00e3o de Na\u00e7\u00f5es Sul-Americanas, que de forma original a partir da multiplicidade de conselhos tem\u00e1ticos tentaria agir em todos os campos da integra\u00e7\u00e3o, foi abortada com o movimento conservador que paralisou a organiza\u00e7\u00e3o. Hoje, incapaz de emitir uma declara\u00e7\u00e3o \u201ccontra\u201d o Brasil, revela a a import\u00e2ncia do nosso pa\u00eds na cria\u00e7\u00e3o e no encaminhamento da institui\u00e7\u00e3o, e, portanto, a acefalia e in\u00e9pcia em contradizer seu criador.<\/div>\n<div style=\"text-align: justify;\"><\/div>\n<div style=\"text-align: justify;\">Ter autonomia para decidir o seu caminho, para desdizer quem afirma que voc\u00ea n\u00e3o pode agir como voc\u00ea pensa que deve, n\u00e3o \u00e9 algo que est\u00e1 arraigado no espectro pol\u00edtico brasileiro. Fato. A maioria dos nossos pol\u00edticos hoje s\u00e3o origin\u00e1rios da d\u00e9cada de 60, atuantes na ditadura em prol dela. Saudosos. Tamb\u00e9m h\u00e1 a classe de filhos e filhos de filhos. Todos conhecem e passam hereditariamente sua vaga, seu sal\u00e1rio e seus privil\u00e9gios para as outras gera\u00e7\u00f5es. Poucos s\u00e3o aqueles que surgiram de movimentos sociais, praticamente inexistentes s\u00e3o os vocacionados.&nbsp;<\/div>\n<div style=\"text-align: justify;\"><\/div>\n<div style=\"text-align: justify;\">Se n\u00e3o est\u00e1 no pol\u00edtico, dificilmente e infelizmente, creio, a autonomia est\u00e1 no povo. Uma parcela da popula\u00e7\u00e3o n\u00e3o entendeu ou n\u00e3o foi esclarecida do processo de 13 anos de mudan\u00e7as, por mais que suas pr\u00f3prias vidas tenham mudado. Outra parcela n\u00e3o conseguiu compreender porque n\u00e3o se conseguiu mudar tudo o que foi planejado. A primeira parcela, talvez falha do pr\u00f3prio governo, n\u00e3o entendeu que a melhoria de vida foi parte de um plano geral de desenvolvimento nacional com justi\u00e7a social e, atribuindo a si pr\u00f3prio os m\u00e9ritos gerais, se tornaram facilmente massa de manobra de uma classe concupiscente e consciente de que uma mudan\u00e7a neste momento h\u00e1 de beneficiar a sua viagem \u00e0 Disney (esta classe \u00e9 a massa de outra que persegue a necessidade de proteger suas contas na Su\u00ed\u00e7a ou em Cayman). A segunda parcela acomodou suas esperan\u00e7as e se deixou levar mesmo quando ajustes recessivos foram implementados por um governo progressista. Al\u00e9m de nossa empatia com o problema dos outros usando hashtags em prol de uma causa, dever\u00edamos concluir que #somostodosculpados.&nbsp;<\/div>\n<div style=\"text-align: justify;\"><\/div>\n<div style=\"text-align: justify;\">Diria Maquiavel que os homens caminham por caminhos j\u00e1 andados, aludindo ao necess\u00e1rio conhecimento do passado para programar o futuro que \u00e9 feito de um ac\u00famulo de experi\u00eancias&#8230; progresso, desenvolvimento ou o que queiram chamar&#8230;<\/div>\n<div style=\"text-align: justify;\"><\/div>\n<div style=\"text-align: justify;\">Mas retrocesso \u00e9 diferente&#8230; Maquiavel deveria ter conhecido Serra.<\/div>\n<div style=\"text-align: justify;\"><\/div>\n<div style=\"text-align: justify;\"><\/div>\n<div style=\"text-align: justify;\"><\/div>\n<hr size=\"1\" style=\"text-align: left;\" width=\"33%\" \/><!--[endif]--> <\/p>\n<div>\n<div style=\"text-align: justify;\"><a href=\"file:\/\/\/C:\/Users\/Glauber\/Desktop\/serra.docx#_ftnref1\" name=\"_ftn1\" title=\"\"><span><span lang=\"EN-US\"><!--[if !supportFootnotes]--><span><span lang=\"EN-US\" style=\"font-family: &quot;calibri&quot; , sans-serif; font-size: 10.0pt; line-height: 107%;\">[1]<\/span><\/span><!--[endif]--><\/span><\/span><\/a><span lang=\"EN-US\"> <\/span>SERRA, Jos\u00e9. Pronunciamento do Senador Jos\u00e9 Serra na Tribuna do Senado. Bras\u00edlia: Senado Federal, 04\/03\/2015. Dispon\u00edvel em: <span lang=\"EN-US\"><a href=\"http:\/\/www.joseserra.com.br\/pronunciamento-do-senador-jose-serra-na-tribuna-do-senado\/\"><span lang=\"PT-BR\">http:\/\/www.joseserra.com.br\/pronunciamento-do-senador-jose-serra-na-tribuna-do-senado\/<\/span><\/a><\/span>. Acesso em: 20\/08\/2016 <o:p><\/o:p><\/div>\n<\/div>\n<div>\n<div style=\"text-align: justify;\"><a href=\"file:\/\/\/C:\/Users\/Glauber\/Desktop\/serra.docx#_ftnref2\" name=\"_ftn2\" title=\"\"><span><span lang=\"EN-US\"><!--[if !supportFootnotes]--><span><span lang=\"EN-US\" style=\"font-family: &quot;calibri&quot; , sans-serif; font-size: 10.0pt; line-height: 107%;\">[2]<\/span><\/span><!--[endif]--><\/span><\/span><\/a><span lang=\"EN-US\"> <\/span>Cf.Rede Brasil Atual. Chanceler acusa Jos\u00e9 Serra de tentar &#8216;comprar voto do Uruguai&#8217; contra Venezuela. 16\/08\/2016. Dispon\u00edvel em: <span lang=\"EN-US\"><a href=\"http:\/\/www.redebrasilatual.com.br\/mundo\/2016\/08\/chanceler-uruguaio-acusa-jose-serra-de-tentar-comprar-voto-do-uruguai-contra-venezuela-2159.html\"><span lang=\"PT-BR\">http:\/\/www.redebrasilatual.com.br\/mundo\/2016\/08\/chanceler-uruguaio-acusa-jose-serra-de-tentar-comprar-voto-do-uruguai-contra-venezuela-2159.html<\/span><\/a><\/span>. Acesso em: 20\/08\/2016.<o:p><\/o:p><\/div>\n<\/div>\n<div>\n<div style=\"text-align: justify;\"><a href=\"file:\/\/\/C:\/Users\/Glauber\/Desktop\/serra.docx#_ftnref3\" name=\"_ftn3\" title=\"\"><span><span lang=\"EN-US\"><!--[if !supportFootnotes]--><span><span lang=\"EN-US\" style=\"font-family: &quot;calibri&quot; , sans-serif; font-size: 10.0pt; line-height: 107%;\">[3]<\/span><\/span><!--[endif]--><\/span><\/span><\/a><span lang=\"EN-US\"> <\/span>SADER. Emir. Am\u00e9rica Latina ir\u00e1 para onde forem Brasil e Argentina. Rede Brasil Atual. 20\/08\/2016. Dispon\u00edvel em: <span lang=\"EN-US\"><a href=\"http:\/\/www.redebrasilatual.com.br\/blogs\/blog-na-rede\/2016\/08\/america-latina-ira-para-onde-forem-brasil-e-argentina-1869.html\"><span lang=\"PT-BR\">http:\/\/www.redebrasilatual.com.br\/blogs\/blog-na-rede\/2016\/08\/america-latina-ira-para-onde-forem-brasil-e-argentina-1869.html<\/span><\/a><\/span> Acesso em: 20\/08\/2016<o:p><\/o:p><\/div>\n<\/div>\n<\/div>\n","protected":false},"excerpt":{"rendered":"<p>Por Glauber Cardoso Carvalho Est\u00e1tua de Nicolau Maquiavel, em Floren\u00e7a. As Olimp\u00edadas do<\/p>\n","protected":false},"author":3,"featured_media":0,"comment_status":"closed","ping_status":"open","sticky":false,"template":"","format":"standard","meta":{"footnotes":""},"categories":[654],"tags":[],"class_list":["post-1728","post","type-post","status-publish","format-standard","hentry","category-volume3"],"_links":{"self":[{"href":"https:\/\/dialogosinternacionais.com.br\/index.php?rest_route=\/wp\/v2\/posts\/1728","targetHints":{"allow":["GET"]}}],"collection":[{"href":"https:\/\/dialogosinternacionais.com.br\/index.php?rest_route=\/wp\/v2\/posts"}],"about":[{"href":"https:\/\/dialogosinternacionais.com.br\/index.php?rest_route=\/wp\/v2\/types\/post"}],"author":[{"embeddable":true,"href":"https:\/\/dialogosinternacionais.com.br\/index.php?rest_route=\/wp\/v2\/users\/3"}],"replies":[{"embeddable":true,"href":"https:\/\/dialogosinternacionais.com.br\/index.php?rest_route=%2Fwp%2Fv2%2Fcomments&post=1728"}],"version-history":[{"count":1,"href":"https:\/\/dialogosinternacionais.com.br\/index.php?rest_route=\/wp\/v2\/posts\/1728\/revisions"}],"predecessor-version":[{"id":2192,"href":"https:\/\/dialogosinternacionais.com.br\/index.php?rest_route=\/wp\/v2\/posts\/1728\/revisions\/2192"}],"wp:attachment":[{"href":"https:\/\/dialogosinternacionais.com.br\/index.php?rest_route=%2Fwp%2Fv2%2Fmedia&parent=1728"}],"wp:term":[{"taxonomy":"category","embeddable":true,"href":"https:\/\/dialogosinternacionais.com.br\/index.php?rest_route=%2Fwp%2Fv2%2Fcategories&post=1728"},{"taxonomy":"post_tag","embeddable":true,"href":"https:\/\/dialogosinternacionais.com.br\/index.php?rest_route=%2Fwp%2Fv2%2Ftags&post=1728"}],"curies":[{"name":"wp","href":"https:\/\/api.w.org\/{rel}","templated":true}]}}