{"id":1737,"date":"2016-06-23T21:32:00","date_gmt":"2016-06-24T00:32:00","guid":{"rendered":"https:\/\/dialogosinternacionais.com.br\/?p=1737"},"modified":"2024-03-27T17:56:54","modified_gmt":"2024-03-27T20:56:54","slug":"aniversario-de-2-anos-de-dialogos-internacionais","status":"publish","type":"post","link":"https:\/\/dialogosinternacionais.com.br\/?p=1737","title":{"rendered":"Anivers\u00e1rio de 2 anos de Di\u00e1logos Internacionais"},"content":{"rendered":"<div style=\"clear: both; text-align: center;\"><\/div>\n<p>Faz dois anos (comemorado no \u00faltimo dia 13 de junho de 2016) foi criado o blog Di\u00e1logos Internacionais. H\u00e1 muito pra comemorar, pois foram muitos textos e todos de alt\u00edssima qualidade.<\/p>\n<p>Os temas foram os mais variados: do antigo Isl\u00e3 \u00e0 atual crise brasileira, passando pela geopol\u00edtica, pela integra\u00e7\u00e3o regional e pela pol\u00edtica externa. Foram an\u00e1lises do regionalismo e da integra\u00e7\u00e3o sul-americana, da economia pol\u00edtica internacional, das rela\u00e7\u00f5es internacionais, etc.<\/p>\n<p>Gostar\u00edamos de agradecer a todos os colaboradores que confiaram no blog para colocar as suas an\u00e1lises e seus estudos. Tamb\u00e9m agradecemos aos seguidores do face, pois curtir e compartilhar \u00e9 fundamental para ampliar o debate.<\/p>\n<p>Essa nota serve, tamb\u00e9m, al\u00e9m de marcar a data, para relembramos que a p\u00e1gina est\u00e1 aberta para receber textos que dialoguem com com os temas que tratamos.<\/p>\n<p>Aguardamos sua contribui\u00e7\u00e3o.<\/p>\n<div style=\"text-align: right;\">Rio de Janeiro, 23 de junho de 2016.<\/div>\n<div style=\"text-align: right;\">Os editores.<\/div>\n","protected":false},"excerpt":{"rendered":"<p>Faz dois anos (comemorado no \u00faltimo dia 13 de junho de 2016) foi<\/p>\n","protected":false},"author":3,"featured_media":0,"comment_status":"closed","ping_status":"open","sticky":false,"template":"","format":"standard","meta":{"footnotes":""},"categories":[654],"tags":[],"class_list":["post-1737","post","type-post","status-publish","format-standard","hentry","category-volume3"],"_links":{"self":[{"href":"https:\/\/dialogosinternacionais.com.br\/index.php?rest_route=\/wp\/v2\/posts\/1737","targetHints":{"allow":["GET"]}}],"collection":[{"href":"https:\/\/dialogosinternacionais.com.br\/index.php?rest_route=\/wp\/v2\/posts"}],"about":[{"href":"https:\/\/dialogosinternacionais.com.br\/index.php?rest_route=\/wp\/v2\/types\/post"}],"author":[{"embeddable":true,"href":"https:\/\/dialogosinternacionais.com.br\/index.php?rest_route=\/wp\/v2\/users\/3"}],"replies":[{"embeddable":true,"href":"https:\/\/dialogosinternacionais.com.br\/index.php?rest_route=%2Fwp%2Fv2%2Fcomments&post=1737"}],"version-history":[{"count":2,"href":"https:\/\/dialogosinternacionais.com.br\/index.php?rest_route=\/wp\/v2\/posts\/1737\/revisions"}],"predecessor-version":[{"id":3085,"href":"https:\/\/dialogosinternacionais.com.br\/index.php?rest_route=\/wp\/v2\/posts\/1737\/revisions\/3085"}],"wp:attachment":[{"href":"https:\/\/dialogosinternacionais.com.br\/index.php?rest_route=%2Fwp%2Fv2%2Fmedia&parent=1737"}],"wp:term":[{"taxonomy":"category","embeddable":true,"href":"https:\/\/dialogosinternacionais.com.br\/index.php?rest_route=%2Fwp%2Fv2%2Fcategories&post=1737"},{"taxonomy":"post_tag","embeddable":true,"href":"https:\/\/dialogosinternacionais.com.br\/index.php?rest_route=%2Fwp%2Fv2%2Ftags&post=1737"}],"curies":[{"name":"wp","href":"https:\/\/api.w.org\/{rel}","templated":true}]}}