{"id":1742,"date":"2016-04-15T10:00:00","date_gmt":"2016-04-15T13:00:00","guid":{"rendered":"https:\/\/dialogosinternacionais.com.br\/?p=1742"},"modified":"2024-03-27T17:55:36","modified_gmt":"2024-03-27T20:55:36","slug":"uma-cronologia-do-golpe","status":"publish","type":"post","link":"https:\/\/dialogosinternacionais.com.br\/?p=1742","title":{"rendered":"Uma cronologia do golpe"},"content":{"rendered":"<div>Por: T\u00falio Sene<\/div>\n<div>Publicado originalmente no <a href=\"http:\/\/www.revistaforum.com.br\/mariafro\/2016\/04\/09\/tulio-sene-uma-cronologia-do-golpe\/\" target=\"_blank\" rel=\"noopener\">blog Maria Fr\u00f4<\/a><\/div>\n<div><\/div>\n<div style=\"text-align: justify;\">\n<p>Resgatar alguns acontecimentos dos \u00faltimos dez anos, pode nos ajudar a entender a tentativa de golpe atual. Faremos assim um exerc\u00edcio de hist\u00f3ria breve, cotidiana. Em 2006, a Petrobr\u00e1s compra a refinaria de Pasadena, que fica pr\u00f3xima aos principais po\u00e7os de petr\u00f3leo em opera\u00e7\u00e3o nos EUA. At\u00e9 ent\u00e3o a Petrobr\u00e1s tinha planos de investir no mercado americano, no entanto, com a descoberta do Pr\u00e9-Sal, houve uma reviravolta nos planos da empresa. De janeiro de 2007 a julho de 2008, o pre\u00e7o do barril de petr\u00f3leo, que j\u00e1 vinha em uma tend\u00eancia de alta desde 1999, saltou de 54 para 133 d\u00f3lares. Ele caiu para a casa dos 40 d\u00f3lares o barril depois da crise de 2008, mas voltou a operar acima dos 100 d\u00f3lares a partir de janeiro de 2011. Em agosto de 2014, ap\u00f3s 43 meses consecutivos de opera\u00e7\u00f5es no mercado com o barril valendo mais de 100 d\u00f3lares, os pre\u00e7os come\u00e7am a despencar. Nos primeiros meses de 2016 o barril de petr\u00f3leo tem sido cotado na casa dos 35 d\u00f3lares.<\/p>\n<\/div>\n<div style=\"text-align: justify;\"><a name=\"more\"><\/a><\/p>\n<p><b>2007<\/b><br \/>\n<u>Outubro:<\/u> Brasil, o pa\u00eds do futuro, \u00e9 formalizado como sede da Copa de 2014 da FIFA.<br \/>\n<u>Novembro:<\/u> \u00c9 anunciada a descoberta de enormes reservas de petr\u00f3leo em \u00e1guas oce\u00e2nicas profundas da costa brasileira. O seu custo de extra\u00e7\u00e3o \u00e9 mais alto e exige desenvolvimento de novas tecnologias. As dificuldades, contudo, parecem compensar, pois as reservas anunciadas s\u00e3o garantidas e em quantidade cinco vezes maior do que as at\u00e9 ent\u00e3o existentes no Brasil. O mercado de petr\u00f3leo e o sistema financeiro desviam suas aten\u00e7\u00f5es para o Brasil.<br \/>\n<u>Dezembro:<\/u> Ainda ministra, Dilma come\u00e7a a orientar a prepara\u00e7\u00e3o do marco regulat\u00f3rio do Pr\u00e9-Sal.<\/p>\n<\/div>\n<div style=\"text-align: justify;\"><\/div>\n<div style=\"text-align: justify;\"><b>2008<\/b><br \/>\n<u>Janeiro:<\/u> Quatro notebooks e dois HDs da Petrobr\u00e1s contendo dados sigilosos sobre a explora\u00e7\u00e3o de petr\u00f3leo s\u00e3o furtados. O container com os equipamentos, enviado da Bacia de Santos com destino a Maca\u00e9, permaneceu no porto do Rio do dia 25 at\u00e9 29 de janeiro, quando foi levado em um caminh\u00e3o para Maca\u00e9. Quando chegou, percebeu-se a falta dos equipamentos. O lacre do container estava rompido e o cadeado fora substitu\u00eddo. Na \u00e9poca, o superintendente da PF no Rio afirmou que s\u00f3 havia uma \u00fanica linha de investiga\u00e7\u00e3o: espionagem industrial. A transportadora contratada para o transporte era a Transmagno, uma companhia subcontratada pela empresa Halliburton, que t\u00eam como seu principal cliente o Pent\u00e1gono. A Halliburton \u00e9 uma empresa privada que oferece servi\u00e7os de transporte, habita\u00e7\u00e3o, constru\u00e7\u00e3o civil, prepara\u00e7\u00e3o e distribui\u00e7\u00e3o de alimentos e combust\u00edvel, lavanderia e limpeza para o governo norte americano. Essa mesma empresa construiu campos de petr\u00f3leo no Iraque por cinco anos sem licita\u00e7\u00e3o. Em meio a suspeitas de corrup\u00e7\u00e3o envolvendo a empresa e o governo americano, em 2007 a sede da empresa mudou-se para Dubai.<br \/>\n<u>Abril:<\/u> A 4\u00aa Frota Naval americana (Atl\u00e2ntico Sul) \u00e9 reativada. Ela havia sido criada durante a 2\u00aa Guerra, em 1943, e foi desmobilizada em 1950. N\u00e3o s\u00f3 o presidente Lula questionou a sua reativa\u00e7\u00e3o, mas tamb\u00e9m Hugo Ch\u00e1vez, Evo Morales e outros presidentes sul-americanos. Todos duvidaram dos prop\u00f3sitos \u201cpac\u00edficos\u201d alegados pelos americanos.<br \/>\n<u>Julho:<\/u> Lula exige explica\u00e7\u00f5es dos Estados Unidos sobre a Quarta Frota da marinha americana, que havia reaparecido nas \u00e1guas da Am\u00e9rica Latina. Segundo os Estados Unidos, tratava-se de um ajuste operacional sem inten\u00e7\u00f5es agressivas, com o objetivo de melhorar a capacidade operativa no combate ao narcotr\u00e1fico, auxiliar no manejo de desastres naturais e eventuais trabalhos de coopera\u00e7\u00e3o.<br \/>\n<u>Setembro:<\/u> Em um dos epis\u00f3dios mais simb\u00f3licos da crise financeira de 2008, ocorre o pedido de concordata do tradicional banco de investimentos Lehman Brothers, com mais de 150 anos de exist\u00eancia e um dos pilares financeiros de Wall Street. A crise no mundo desenvolvido \u00e9 manchete de todos os jornais. Governo americano perdoa bancos, cria liquidez para acalmar os mercados de cr\u00e9dito e previne que a crise financeira se torne algo ainda mais grave.<\/div>\n<div style=\"text-align: justify;\"><\/div>\n<div style=\"text-align: justify;\"><b>2009<\/b><br \/>\n<u>Abril:<\/u> Em Londres, numa reuni\u00e3o do G-20, Barack Obama diz que Lula era &#8220;o pol\u00edtico mais popular da Terra&#8221;. Obama diz que Lula \u201c\u00e9 o cara\u201d e come\u00e7a a rasga\u00e7\u00e3o de seda pro lado do Brasil.<br \/>\nSetembro: Lula \u00e9 considerado o pol\u00edtico mais influente do mundo pelas revistas Time e Newsweek.<br \/>\n<u>Outubro<\/u>: O Rio \u00e9 escolhido como sede dos Jogos Ol\u00edmpicos de 2016.<br \/>\n<u>Novembro: <\/u>Brasil \u00e9 capa da tradicional revista The Economist, onde l\u00ea-se \u201cBrasil decola\u201d.<br \/>\n<u>Dezembro:<\/u> Em uma mensagem diplom\u00e1tica vazada pela Wikileaks, o governo dos EUA, no dia 02\/12\/2009, questiona seu embaixador no RJ, atrav\u00e9s de mensagem confidencial, se &#8220;pode a ind\u00fastria do petr\u00f3leo fazer retroceder a lei do pr\u00e9-sal?&#8221;.<\/div>\n<div style=\"text-align: justify;\"><\/div>\n<div style=\"text-align: justify;\"><b>2010<\/b><br \/>\n<u>Outubro:<\/u> Dilma vence Jos\u00e9 Serra nas urnas e \u00e9 eleita a primeira presidente mulher do Brasil, com 56,05% dos votos contra 43,95% de Serra no segundo turno.<br \/>\n<u>Dezembro:<\/u> Datafolha aponta mais de 80% de aprova\u00e7\u00e3o do governo Lula.<br \/>\n<u>Dezembro (02):<\/u> Plen\u00e1rio da C\u00e2mara aprova a Lei do Pr\u00e9-Sal (204 votos a favor, 66 contra).<br \/>\n<u>Dezembro (13):<\/u> Wikileaks revela conversas de Serra com lobistas do petr\u00f3leo. Despachos vazados por Julian Assange relatam a frustra\u00e7\u00e3o das petrol\u00edferas com a falta de empenho da oposi\u00e7\u00e3o no Brasil para tentar derrubar a proposta do governo brasileiro em rela\u00e7\u00e3o ao Pr\u00e9-Sal. O texto diz que Serra se op\u00f5e ao projeto, mas n\u00e3o tem &#8220;senso de urg\u00eancia&#8221;. Serra responde: &#8220;Deixe esses sujeitos (o PT) fazerem o que quiserem. Os leil\u00f5es e concorr\u00eancias n\u00e3o acontecer\u00e3o, e depois n\u00f3s mostraremos a todos que o velho modelo funcionava (&#8230;) e faremos tudo voltar ao que era antes&#8221;.<br \/>\n<u>Dezembro (22):<\/u> Uma semana antes deixar o governo, Lula sanciona a Lei do Pr\u00e9-Sal. A lei determina que a Petrobr\u00e1s deve participar (m\u00ednimo de 30% de participa\u00e7\u00e3o) de todos os cons\u00f3rcios para explora\u00e7\u00e3o do Pr\u00e9-Sal. Estabelece tamb\u00e9m a cria\u00e7\u00e3o do Fundo Social, nova empresa estatal onde deve ser depositado 25% das receitas da Petrobr\u00e1s com o Pr\u00e9-Sal para uso exclusivo em programas e projetos nas \u00e1reas de combate \u00e0 pobreza e de desenvolvimento.<\/div>\n<div style=\"text-align: justify;\"><\/div>\n<div style=\"text-align: justify;\"><b>2011<\/b><br \/>\n<u>Fevereiro:<\/u> Lula cria a \u201cLILS \u2013 Palestras, Eventos e Publica\u00e7\u00f5es\u201d para administrar os convites que passou a receber para proferir palestras e confer\u00eancias. S\u00e3o 72 palestras empresariais pagas em 4 anos a um custo m\u00e9dio de 200 mil d\u00f3lares cada palestra. Assim como afirma relat\u00f3rio do instituto, publicado recentemente, al\u00e9m das palestras pagas, Lula participa gratuitamente de centenas de debates, palestras e encontros com sindicatos, entidades dos movimentos sociais, \u00f3rg\u00e3os de comunica\u00e7\u00e3o, associa\u00e7\u00f5es de classe, entidades assistenciais e partidos pol\u00edticos no mesmo per\u00edodo.<br \/>\n<u>Novembro:<\/u> Sob o argumento de aumentar a transpar\u00eancia nos servi\u00e7os p\u00fablicos, Dilma sanciona a Lei 12.527 \u2013 Lei Geral de Acesso \u00e0 Informa\u00e7\u00e3o.<br \/>\n<u>Dezembro:<\/u> PIB no Brasil fecha o primeiro ano de Dilma com crescimento de 3,9%<\/div>\n<div style=\"text-align: justify;\"><\/div>\n<div style=\"text-align: justify;\"><b>2012<\/b><br \/>\n<u>Julho<\/u>: Dilma sanciona lei 12.683 para tornar mais eficiente o combate \u00e0 lavagem de dinheiro.<br \/>\n<u>Jan\/Dez:<\/u> PIB no Brasil fecha o segundo ano de Dilma com crescimento de 1,9%.<\/div>\n<div style=\"text-align: justify;\"><\/div>\n<div style=\"text-align: justify;\"><b>2013<\/b><br \/>\n<u>Abr\/jun:<\/u> Em meio a uma fase de crescimento da economia, as \u201cmanifesta\u00e7\u00f5es de junho\u201d come\u00e7am a surgir. A insatisfa\u00e7\u00e3o inicialmente mira o aumento nos pre\u00e7os do transporte p\u00fablico. Em S\u00e3o Paulo o auge das manifesta\u00e7\u00f5es ocorre nos dias 6, 7 e 11 de junho. O movimento come\u00e7ou reclamando de um aumento de 0,20 centavos e foi duramente reprimido pela PM do Governador Geraldo Alckmin. A repress\u00e3o fez o protesto aumentar e a pauta ficou difusa. Desmobilizou, por ora.<br \/>\n<u>Junho<\/u>: Snowden come\u00e7a a revelar informa\u00e7\u00f5es confidenciais da NSA. Revela que o celular, o email e o telefone oficial de Dilma eram grampeados.<br \/>\n<u>Agosto:<\/u> EUA \u00e9 cobrado pelo Brasil por ter rastreado Dilma. Acaba a rasga\u00e7\u00e3o de seda pro nosso lado.<br \/>\n<u>Agosto:<\/u> Dilma prop\u00f5e pacto nacional e recebe l\u00edderes de protestos. Ela promete continuar combatendo a corrup\u00e7\u00e3o.<br \/>\n<u>Setembro (08):<\/u> Reportagem do Fant\u00e1stico revela novos documentos vazados por Edward Snowden envolvendo a Petrobr\u00e1s. Estamos a 10 meses da corrida presidencial.<br \/>\n<u>Setembro:<\/u> Brasil \u00e9 capa da The Economist novamente, agora de forma bem negativa. Dilma \u00e9 acusada de arruinar com tudo.<br \/>\n<u>Setembro (24):<\/u> Dilma faz duras cr\u00edticas \u00e0 espionagem americana em seu discurso na abertura da Assembleia Geral da ONU. Classifica como viola\u00e7\u00e3o de direitos humanos.<br \/>\n<u>Outubro:<\/u> Dilma cancela viagem oficial a Washington.<br \/>\n<u>Outubro:<\/u> As petroleiras americanas n\u00e3o participam do primeiro leil\u00e3o do Pr\u00e9-Sal.<br \/>\n<u>Dezembro:<\/u> Governo Federal anuncia compra de 36 ca\u00e7as suecos por US$ 4,5 bi. Pesou na negocia\u00e7\u00e3o a possibilidade do projeto de desenvolvimento dos ca\u00e7as ser realizado de forma conjunta com a Embraer e outros fornecedores brasileiros. A op\u00e7\u00e3o feita pelo modelo sueco considerou o compromisso assumido com o setor aeroespacial brasileiro para a fabrica\u00e7\u00e3o de pe\u00e7as e componentes, bem como para a montagem final da aeronave em territ\u00f3rio nacional.<br \/>\n<u>Dezembro:<\/u> PIB no Brasil fecha o terceiro ano de Dilma com crescimento de 3%.<\/div>\n<div style=\"text-align: justify;\"><\/div>\n<div style=\"text-align: justify;\"><b>2014<\/b><br \/>\n<u>Janeiro:<\/u> Obama anuncia mudan\u00e7as nos servi\u00e7os de intelig\u00eancia e promete n\u00e3o espionar monitorar mais governos aliados.<br \/>\n<u>Mar\u00e7o:<\/u> \u00c9 deflagrada a fase ostensiva da Opera\u00e7\u00e3o Lava Jato, que investigava a Petrobr\u00e1s, mesmo alvo da NSA. Estamos a 6 meses das elei\u00e7\u00f5es.<br \/>\n<u>Agosto:<\/u> O avi\u00e3o com o ent\u00e3o candidato Eduardo Campos cai matando todos a bordo. H\u00e1 suspeitas de sabotagem. A oposi\u00e7\u00e3o acaba ganhando boa parte dos seus eleitores.<br \/>\n<u>Setembro:<\/u> Lava Jato \u00e9 amplamente utilizada na m\u00eddia contra Dilma nas elei\u00e7\u00f5es.<br \/>\n<u>Outubro:<\/u> A\u00e9cio perde no 2\u00b0 turno, mas n\u00e3o reconhece a derrota.<\/div>\n<div style=\"text-align: justify;\"><\/div>\n<div style=\"text-align: justify;\"><b>2015<\/b><br \/>\n<u>Janeiro:<\/u> A estrat\u00e9gia da oposi\u00e7\u00e3o derrotada passa a ser inviabilizar o governo de Dilma. Sua principal manobra \u00e9 conseguir eleger Eduardo Cunha como presidente da C\u00e2mara.<br \/>\n<u>Fevereiro:<\/u> Serra apresenta projeto de lei para mudar a Lei do Pr\u00e9-Sal.<br \/>\n<u>Mar\u00e7o:<\/u> Depois de pedir recontagem de votos, come\u00e7a a hist\u00f3ria do impeachment.<br \/>\n<u>Abril:<\/u> Su\u00ed\u00e7a acusa Eduardo Cunha de lavagem de dinheiro e congela seus ativos no pa\u00eds.<br \/>\n<u>Agosto:<\/u> \u00c9 preso o almirante Othon, l\u00edder do projeto do submarino nuclear brasileiro.<br \/>\n<u>Novembro:<\/u> Cunha abre o processo de impeachment, em clara retalia\u00e7\u00e3o ao posicionamento do PT, favor\u00e1vel \u00e0 abertura de a\u00e7\u00e3o contra ele no Conselho de \u00c9tica.<br \/>\n<u>Dezembro:<\/u> Ap\u00f3s todos os recursos, Su\u00ed\u00e7a envia documentos sobre contas de Cunha.<br \/>\n<u>Jan\/Dez:<\/u> Em um ano completamente travado, economia vai mal, tem recess\u00e3o e a grande m\u00eddia alimenta a crise.<\/div>\n<div style=\"text-align: justify;\"><\/div>\n<div style=\"text-align: justify;\"><b>2016<\/b><br \/>\n<u>Fevereiro:<\/u> Senado aprova a reformula\u00e7\u00e3o da Lei do Pr\u00e9-Sal, tirando poderes da Petrobr\u00e1s.<br \/>\n<u>Mar\u00e7o:<\/u> A PF sequestra Lula, que promete voltar \u00e0 ativa.<br \/>\n<u>Mar\u00e7o:<\/u> Os movimentos de esquerda tomam as ruas em resposta a outra manifesta\u00e7\u00e3o da direita convocada pela grande m\u00eddia.<br \/>\n<u>Abril<\/u>: Opini\u00e3o p\u00fablica come\u00e7a a entender que o impeachment de Cunha \u00e9 golpe. Ser\u00e1?<\/div>\n","protected":false},"excerpt":{"rendered":"<p>Por: T\u00falio Sene Publicado originalmente no blog Maria Fr\u00f4 Resgatar alguns acontecimentos dos<\/p>\n","protected":false},"author":3,"featured_media":0,"comment_status":"closed","ping_status":"open","sticky":false,"template":"","format":"standard","meta":{"footnotes":""},"categories":[654],"tags":[],"class_list":["post-1742","post","type-post","status-publish","format-standard","hentry","category-volume3"],"_links":{"self":[{"href":"https:\/\/dialogosinternacionais.com.br\/index.php?rest_route=\/wp\/v2\/posts\/1742","targetHints":{"allow":["GET"]}}],"collection":[{"href":"https:\/\/dialogosinternacionais.com.br\/index.php?rest_route=\/wp\/v2\/posts"}],"about":[{"href":"https:\/\/dialogosinternacionais.com.br\/index.php?rest_route=\/wp\/v2\/types\/post"}],"author":[{"embeddable":true,"href":"https:\/\/dialogosinternacionais.com.br\/index.php?rest_route=\/wp\/v2\/users\/3"}],"replies":[{"embeddable":true,"href":"https:\/\/dialogosinternacionais.com.br\/index.php?rest_route=%2Fwp%2Fv2%2Fcomments&post=1742"}],"version-history":[{"count":2,"href":"https:\/\/dialogosinternacionais.com.br\/index.php?rest_route=\/wp\/v2\/posts\/1742\/revisions"}],"predecessor-version":[{"id":3080,"href":"https:\/\/dialogosinternacionais.com.br\/index.php?rest_route=\/wp\/v2\/posts\/1742\/revisions\/3080"}],"wp:attachment":[{"href":"https:\/\/dialogosinternacionais.com.br\/index.php?rest_route=%2Fwp%2Fv2%2Fmedia&parent=1742"}],"wp:term":[{"taxonomy":"category","embeddable":true,"href":"https:\/\/dialogosinternacionais.com.br\/index.php?rest_route=%2Fwp%2Fv2%2Fcategories&post=1742"},{"taxonomy":"post_tag","embeddable":true,"href":"https:\/\/dialogosinternacionais.com.br\/index.php?rest_route=%2Fwp%2Fv2%2Ftags&post=1742"}],"curies":[{"name":"wp","href":"https:\/\/api.w.org\/{rel}","templated":true}]}}