{"id":1746,"date":"2016-03-21T16:35:00","date_gmt":"2016-03-21T19:35:00","guid":{"rendered":"https:\/\/dialogosinternacionais.com.br\/?p=1746"},"modified":"2022-05-05T00:30:50","modified_gmt":"2022-05-05T03:30:50","slug":"desenvolvimento-e-meio-ambiente","status":"publish","type":"post","link":"https:\/\/dialogosinternacionais.com.br\/?p=1746","title":{"rendered":"Desenvolvimento e Meio Ambiente"},"content":{"rendered":"<div style=\"text-align: justify;\"><\/div>\n<div style=\"text-align: justify;\">&nbsp; Por Larissa Rosevics<\/div>\n<div style=\"text-align: justify;\"><\/div>\n<div style=\"text-align: justify;\"><\/div>\n<div style=\"text-align: justify;\"><\/div>\n<div style=\"text-align: justify;\"><\/div>\n<div style=\"text-align: justify;\"><\/div>\n<div style=\"text-align: justify;\"><\/div>\n<p><\/p>\n<div style=\"text-align: justify;\"><\/div>\n<div style=\"text-align: justify;\"><\/div>\n<div style=\"text-align: justify;\">As ideias de crescimento econ\u00f4mico e de desenvolvimento s\u00e3o essenciais para o debate ambiental. Por um lado, o crescimento econ\u00f4mico infinito pautado em recursos finitos \u00e9 no m\u00ednimo paradoxal. Por outro lado, o conceito tradicional de desenvolvimento econ\u00f4mico n\u00e3o aborda a degrada\u00e7\u00e3o ambiental como prejudicial para a qualidade de vida das sociedades. Recursos importantes para uma vida saud\u00e1vel no planeta, como \u00e1gua limpa, ar puro, n\u00e3o t\u00eam valor econ\u00f4mico e por isso n\u00e3o s\u00e3o considerados nas an\u00e1lises tradicionais sobre desenvolvimento. <br \/><a name='more'><\/a><\/p>\n<p>Al\u00e9m disso, ambos os conceitos est\u00e3o pautados em padr\u00f5es de consumo elevados e prejudiciais ao meio ambiente. A cren\u00e7a de que as necessidades humanas s\u00f3 podem ser satisfeitas atrav\u00e9s da expans\u00e3o permanente do processo de produ\u00e7\u00e3o e de consumo, fortalece as vis\u00f5es industrialista e consumista que permeiam os estudos tradicionais sobre crescimento econ\u00f4mico e desenvolvimento.<\/p>\n<p>A necessidade de supera\u00e7\u00e3o das concep\u00e7\u00f5es em que a natureza \u00e9 percebida como simples meio de produ\u00e7\u00e3o e gera\u00e7\u00e3o de riqueza e, em que a defesa do crescimento da produ\u00e7\u00e3o e do consumo aparecem associados ao crescimento econ\u00f4mico, levaram cientistas e especialistas em meio ambiente a elaborar novos conceitos, capazes de propor um novo paradigma econ\u00f4mico para as sociedades contempor\u00e2neas. S\u00e3o eles: o ecodesenvolvimento; o desenvolvimento sustent\u00e1vel e sustentado; e a economia verde.<\/p>\n<p>O conceito de Ecodesenvolvimento foi apresentado por Maurice Strong, Secret\u00e1rio da Primeira Confer\u00eancia sobre Meio Ambiente, realizada na cidade de Estocolmo, no ano de 1972.&nbsp; O conceito de Ecodesenvolvimento \u00e9 entendido como sendo o: <\/p><\/div>\n<blockquote><p><i>\u201c[&#8230;] desenvolvimento end\u00f3geno e dependente de suas pr\u00f3prias for\u00e7as, tendo por objetivo responder \u00e0 problem\u00e1tica da harmoniza\u00e7\u00e3o dos objetivos sociais e econ\u00f4micos do desenvolvimento com uma gest\u00e3o ecologicamente prudente dos recursos e do meio\u201d (MONTIBELLER, p.132)<\/i><\/p><\/blockquote>\n<div style=\"text-align: justify;\">Ap\u00f3s a Confer\u00eancia de Estocolmo, Ignacy Sachs foi o principal intelectual a discutir e difundir a ideia de Ecodesenvolvimento, entendido como um novo paradigma sustent\u00e1vel para o desenvolvimento no planeta.<\/p>\n<p>A preocupa\u00e7\u00e3o desses intelectuais foi n\u00e3o dissociar o debate econ\u00f4mico e ecol\u00f3gico, das preocupa\u00e7\u00f5es sociais contempor\u00e2neas. Para esses te\u00f3ricos, \u00e9 necess\u00e1rio pensar na preserva\u00e7\u00e3o das condi\u00e7\u00f5es de vida para as gera\u00e7\u00f5es que est\u00e3o por vir.<\/p>\n<p>Para isso s\u00e3o pressupostos dois tipos de solidariedade: 1) A solidariedade sincr\u00f4nica: em que a l\u00f3gica da produ\u00e7\u00e3o \u00e9 deslocada para as reais necessidades da maior parte da popula\u00e7\u00e3o e; 2) A solidariedade diacr\u00f4nica: em que se busca a preserva\u00e7\u00e3o de recursos naturais para garantir as futuras gera\u00e7\u00f5es condi\u00e7\u00f5es iguais de desenvolvimento.<\/p>\n<p>O Ecodesenvolvimento enquanto novo paradigma prop\u00f5e uma nova rela\u00e7\u00e3o produtiva do homem com a natureza, um novo estilo de vida com estreita rela\u00e7\u00e3o entre fatores socioecon\u00f4micos e fatores ecol\u00f3gicos. A tomada de decis\u00e3o passa a ser orientada para a preserva\u00e7\u00e3o das condi\u00e7\u00f5es para as futuras gera\u00e7\u00f5es. S\u00e3o cinco as dimens\u00f5es da sustentabilidade no ecodesenvolvimento: a sustentabilidade social; sustentabilidade econ\u00f4mica; sustentabilidade ecol\u00f3gica; sustentabilidade espacial ou geogr\u00e1fica e; sustentabilidade cultural.<\/p>\n<p>Na d\u00e9cada de 1980, o temo <i>sustainable development<\/i>, ou desenvolvimento dur\u00e1vel\/vi\u00e1vel\/ sustent\u00e1vel\/ sustentado, surgiu para complementar o debate sobre ecodesenvolvimento. Desenvolvimento sustent\u00e1vel \u00e9 entendido como sendo aquele \u201cque responde as necessidades do presente sem comprometer as possibilidades das gera\u00e7\u00f5es futuras de satisfazer suas pr\u00f3prias necessidades\u201d. Ele busca, portanto: integrar a conserva\u00e7\u00e3o da natureza com a ideia de desenvolvimento; satisfazer as necessidade humanas fundamentais; conquistar a equidade e a justi\u00e7a social e; manter a integridade ecol\u00f3gica<\/p>\n<p>O Relat\u00f3rio Brundland da ONU, de 1987, ampliou o debate em rela\u00e7\u00e3o ao desenvolvimento sustent\u00e1vel, possibilitando que ele se tornassem o centro do debate na Eco-92, que aconteceu na cidade do Rio de Janeiro.&nbsp; Dentre as principais diferen\u00e7as apontadas pelos autores em rela\u00e7\u00e3o aos conceitos de Ecodesenvolvimento e de Desenvolvimento Sustent\u00e1vel est\u00e3o: a)&nbsp;&nbsp;&nbsp; O ecodesenvolvimento trata das necessidades b\u00e1sicas da popula\u00e7\u00e3o, atrav\u00e9s da busca por tecnologias apropriadas para cada ambiente; b)&nbsp;&nbsp;&nbsp; E o desenvolvimento sustent\u00e1vel apresenta uma pol\u00edtica ambiental, respons\u00e1vel com as gera\u00e7\u00f5es futuras e com os problemas globais.<\/p>\n<p>Ou seja, as principais diferen\u00e7as est\u00e3o no campo pol\u00edtico e nas t\u00e9cnicas de produ\u00e7\u00e3o.<\/p>\n<p>A amplia\u00e7\u00e3o dos debates e a difus\u00e3o dos conceitos de ecodesenvolvimento e desenvolvimento sustent\u00e1vel s\u00e3o tribut\u00e1rios, em boa medida, das Conferencias sobre Meio Ambiente promovidas pelas Na\u00e7\u00f5es Unidas, como a Conferencia de Estocolmo e a Eco-92. Com a proximidade da Rio+20, um terceiro conceito relevante surgiu nos debates especializados: o conceito de Economia Verde.<\/p>\n<p>A Iniciativa Economia Verde foi lan\u00e7ada pelo Programa de Meio Ambiente das Na\u00e7\u00f5es Unidas (PNUMA) no ano de 2008 como parte dos debates sobre a retomada do crescimento da economia mundial, p\u00f3s crise econ\u00f4mica. Por Economia Verde, entende-se:<\/p><\/div>\n<blockquote><p><i>\u201cMobilizar e reorientar a economia global para investimentos em tecnologias limpas e infra-estrutura \u2018natural\u2019, como as florestas e solos, \u00e9 a melhor aposta para o crescimento efetivo, o combate as mudan\u00e7as clim\u00e1ticas e a promo\u00e7\u00e3o de um boom de emprego no s\u00e9culo 21\u201d A Economia Verde \u00e9 aquela que promove uma economia de baixo carbono, eficiente no uso dos recursos naturais e socialmente inclusiva\u201d. (ALMEIDA, p.93)<\/i><\/p><\/blockquote>\n<div style=\"text-align: justify;\">Pautada no princ\u00edpio de gera\u00e7\u00e3o de incentivos para o desenvolvimento de tecnologias ambientais, a ideia de Economia Verde n\u00e3o chega a ser exatamente um novo conceito mas, segundo Luciana Almeida, um conjunto de instrumentos para a concretiza\u00e7\u00e3o do desenvolvimento sustent\u00e1vel.<\/p>\n<p>Tendo por base a economia neocl\u00e1ssica e a economia evolucion\u00e1ria, a Economia Verde, atrav\u00e9s da din\u00e2mica de mudan\u00e7as na estrutura produtiva dos pa\u00edses e da introdu\u00e7\u00e3o de tecnologias ambientais, busca conciliar crescimento econ\u00f4mico com qualidade ambiental e inclus\u00e3o social. No entanto, diferente dos economistas neocl\u00e1ssicos liberais, os te\u00f3ricos da Economia Verde defendem forte interven\u00e7\u00e3o do Estado para estimular o desenvolvimento e a implanta\u00e7\u00e3o de tecnologias ambientais nos processos produtivos.<\/p>\n<p>O debate sobre Economia Verde chegou ao \u00e2mbito do Com\u00e9rcio Internacional durante as negocia\u00e7\u00f5es sobre liberaliza\u00e7\u00e3o do com\u00e9rcio de bens e servi\u00e7os ambientais da Rodada de Doha. Enquanto os pa\u00edses desenvolvidos defendiam a abertura de mercado para produtos e m\u00e1quinas que fossem ambientalmente mais sustent\u00e1veis, os pa\u00edses em desenvolvimento criticaram tais medidas, por entenderem que apenas os pa\u00edses desenvolvidos, detentores de boa parte da tecnologia ambiental, sairiam favorecidos com a amplia\u00e7\u00e3o de demanda.<\/p>\n<p>Por fim, \u00e9 importante ressaltar que o denominador comum entre ecodesenvolvimento, desenvolvimento sustent\u00e1vel e economia verde \u00e9, sem d\u00favida, a dimens\u00e3o ambiental como parte do processo de desenvolvimento, n\u00e3o apenas importante mas necess\u00e1ria para a constru\u00e7\u00e3o da justi\u00e7a social com qualidade de vida. <\/p><\/div>\n<div style=\"text-align: justify;\"><\/div>\n<div style=\"text-align: justify;\"><\/div>\n<div style=\"text-align: justify;\"><\/div>\n<div style=\"text-align: justify;\"><\/div>\n<div style=\"text-align: justify;\"><\/div>\n<div style=\"text-align: justify;\"><\/div>\n<div style=\"text-align: justify;\"><b>Refer\u00eancias<\/b><\/p>\n<p>ALMEIDA, Luciana Togeiro. Economia verde: a reitera\u00e7\u00e3o de ideias \u00e0 espera de a\u00e7\u00f5es. <i>Estudos Avan\u00e7ados<\/i>, vol.26, n. 74, S\u00e3o Paulo, pp.93-105, 2012.<\/p>\n<p>DINIZ, Eliezer M.; BERMANN, Celio. Economia verde e sustentabilidade. <i>Estudos Avan\u00e7ados<\/i>, vol.26, n. 74, S\u00e3o Paulo, pp.323-331, 2012.<\/p>\n<p>MONTIBELLER FILHO, Gilberto. Ecodesenvolvimento e desenvolvimento sustent\u00e1vel: conceitos e princ\u00edpios. <i>Textos de Economia, <\/i>vol.4, n.1, Florianopolis, 1993, p.131-142.<\/p>\n<p>SACHS, Ignacy. O desenvolvimento sustent\u00e1vel: do conceito \u00e0 a\u00e7\u00e3o, de Estocolmo a Joanesburgo. VARELLA, Marcelo D.; BARROS-PLATIAU, Ana Fl\u00e1via (org). <i>Prote\u00e7\u00e3o Internacional do Meio Ambiente.<\/i> Bras\u00edlia: Unitar, 2009. pp.26-33.&nbsp; <\/div>\n","protected":false},"excerpt":{"rendered":"<p>&nbsp; Por Larissa Rosevics As ideias de crescimento econ\u00f4mico e de desenvolvimento s\u00e3o<\/p>\n","protected":false},"author":3,"featured_media":0,"comment_status":"closed","ping_status":"open","sticky":false,"template":"","format":"standard","meta":{"footnotes":""},"categories":[654],"tags":[],"class_list":["post-1746","post","type-post","status-publish","format-standard","hentry","category-volume3"],"_links":{"self":[{"href":"https:\/\/dialogosinternacionais.com.br\/index.php?rest_route=\/wp\/v2\/posts\/1746","targetHints":{"allow":["GET"]}}],"collection":[{"href":"https:\/\/dialogosinternacionais.com.br\/index.php?rest_route=\/wp\/v2\/posts"}],"about":[{"href":"https:\/\/dialogosinternacionais.com.br\/index.php?rest_route=\/wp\/v2\/types\/post"}],"author":[{"embeddable":true,"href":"https:\/\/dialogosinternacionais.com.br\/index.php?rest_route=\/wp\/v2\/users\/3"}],"replies":[{"embeddable":true,"href":"https:\/\/dialogosinternacionais.com.br\/index.php?rest_route=%2Fwp%2Fv2%2Fcomments&post=1746"}],"version-history":[{"count":1,"href":"https:\/\/dialogosinternacionais.com.br\/index.php?rest_route=\/wp\/v2\/posts\/1746\/revisions"}],"predecessor-version":[{"id":2207,"href":"https:\/\/dialogosinternacionais.com.br\/index.php?rest_route=\/wp\/v2\/posts\/1746\/revisions\/2207"}],"wp:attachment":[{"href":"https:\/\/dialogosinternacionais.com.br\/index.php?rest_route=%2Fwp%2Fv2%2Fmedia&parent=1746"}],"wp:term":[{"taxonomy":"category","embeddable":true,"href":"https:\/\/dialogosinternacionais.com.br\/index.php?rest_route=%2Fwp%2Fv2%2Fcategories&post=1746"},{"taxonomy":"post_tag","embeddable":true,"href":"https:\/\/dialogosinternacionais.com.br\/index.php?rest_route=%2Fwp%2Fv2%2Ftags&post=1746"}],"curies":[{"name":"wp","href":"https:\/\/api.w.org\/{rel}","templated":true}]}}