{"id":1749,"date":"2016-02-16T21:57:00","date_gmt":"2016-02-16T23:57:00","guid":{"rendered":"https:\/\/dialogosinternacionais.com.br\/?p=1749"},"modified":"2024-03-27T17:54:06","modified_gmt":"2024-03-27T20:54:06","slug":"rapidas-acidas-de-ano-novo","status":"publish","type":"post","link":"https:\/\/dialogosinternacionais.com.br\/?p=1749","title":{"rendered":"R\u00e1pidas \u00e1cidas de \u201cAno Novo\u201d"},"content":{"rendered":"<div style=\"text-align: justify;\">Por Glauber Cardoso Carvalho<\/div>\n<div style=\"text-align: justify;\"><\/div>\n<div style=\"clear: both; text-align: center;\"><\/div>\n<div style=\"text-align: justify;\">\n<div style=\"clear: both; text-align: center;\"><\/div>\n<div style=\"clear: both; text-align: center;\"><\/div>\n<\/div>\n<div style=\"text-align: justify;\"><\/div>\n<div style=\"text-align: justify;\">&#8211; N\u00e3o \u00e9 o Ano Novo chin\u00eas que introduziu em 8 de fevereiro o ano do Macaco&#8230; com muita inventividade&#8230; necess\u00e1ria no momento&#8230; \u00c9 o Ano Novo brasileiro mesmo&#8230; com o come\u00e7o do ano ontem, em 15 de fevereiro, cedo at\u00e9 para os \u201cpadr\u00f5es brasileiros\u201d, Eduardo Cunha tenta continuar no cargo mesmo com a impetra\u00e7\u00e3o do procurador geral. Tenta tamb\u00e9m levar em frente o processo de \u201cipixima\u201d.<\/div>\n<div style=\"text-align: justify;\"><a name=\"more\"><\/a><\/div>\n<div style=\"text-align: justify;\">&#8211; No Carnaval que passou a Mangueira levou o primeiro lugar no Rio de Janeiro&#8230; no 14\u00ba ano depois do \u00faltimo t\u00edtulo&#8230; ou seja&#8230; se passaram 13 anos&#8230; 13&#8230; com certeza o v\u00e3o querer fazer uma CPI para verificar a liga\u00e7\u00e3o de Lula com a menina de Oy\u00e1;<\/div>\n<div style=\"text-align: justify;\"><\/div>\n<div style=\"text-align: justify;\">&#8211; Zika: se alastra a&#8230; dengue&#8230; sim. A \u201cculpa\u201d \u00e9 todo mundo que n\u00e3o faz nada&#8230; tipo povo e tipo governo, n\u00e3o \u00e9 s\u00f3 de um ou de outro como pintam. Mas&#8230;. n\u00e3o h\u00e1 sorologia para a Zika, logo n\u00e3o h\u00e1 Zika, h\u00e1 suspeita de Zika. Se n\u00e3o h\u00e1 Zika, o prefeito do Rio e seu secret\u00e1rio de sa\u00fade n\u00e3o precisam se explicar sobre como ser\u00e1 a Olimp\u00edada com tantos focos do Aedes em suas obras&#8230; (de acordo com a Wiki&#8230; aedes vem do grego que significa \u201cOdioso\u201d) lembrando das doen\u00e7as que esse porta-avi\u00f5es pode carregar&#8230; febre amarela, \u201cXinga-o-Cunha\u201d, Dengue e Zika&#8230; E de S\u00e3o Paulo surgem novos focos da gripe H1N1;<\/div>\n<div style=\"text-align: justify;\"><\/div>\n<div style=\"text-align: justify;\">&#8211; Segue a corrida para saber quem vai alcan\u00e7ar o Lula primeiro. O barco, o tr\u00edplex, o s\u00edtio, a esposa que compra na padaria&#8230; os depoimentos dados ao PIG s\u00e3o os melhores&#8230; padaria, lojinha&#8230; tudo isso \u00e9 prova&#8230; tem gente por a\u00ed que precisa tomar cuidado quando vai comprar alguma coisa na rua&#8230; deveria ir de velho barbudo e encolher o dedo&#8230; quem sabe voc\u00ea n\u00e3o ganha uma reforma na \u201csua casa\u201d. Fa\u00e7a-me o favor&#8230; enquanto isso, o ex-governador de Minas morou no Rio durante o mandato e pagou suas viagens (124 vezes) com o er\u00e1rio p\u00fablico mineiro \u2013 vai ver que ele recebe o quinto&#8230; \u2013 e aeronaves oficiais&#8230; mas acho que isso \u00e9 uma quest\u00e3o pessoal, n\u00e3o \u00e9? N\u00e3o pode ser explorado pela m\u00eddia? Foro \u00edntimo, claro.;<\/div>\n<div style=\"text-align: justify;\"><\/div>\n<div style=\"text-align: justify;\">&#8211; Enquanto isso, o pr\u00edncipe dos soci\u00f3logos, fora todo o patrim\u00f4nio pessoal&#8230; Higien\u00f3polis&#8230; Paris&#8230;, deu um apartamento de uns 900Mil para a nova esposa nova (n\u00e3o \u00e9 repeti\u00e7\u00e3o). Ex-presidente rico esse, n\u00e3o? Deve ter governado a Fr\u00edgia; S\u00f3 para fazer uma m\u00e9dia, procurei na interner e a casa do Sarney em BSB vale 4 milh\u00f5es&#8230; a do Collor&#8230;. bem&#8230; deixa para l\u00e1&#8230;. pode isso Arnaldo? Claro que o problema n\u00e3o \u00e9 o valore em si (tamb\u00e9m \u00e9) mas a escolha de s\u00f3 investigar um, tendo como juiz um advogado preteritamente do partido de oposi\u00e7\u00e3o.<\/div>\n<div style=\"text-align: justify;\"><\/div>\n<div style=\"text-align: justify;\">&#8211; Sem querer ser pessimista, o fantasma da crise ronda a educa\u00e7\u00e3o. Se n\u00e3o \u00e9 roubo de merenda em SP (n\u00e3o, ningu\u00e9m fala muito sobre isso&#8230;) \u00e9 corte de verba da educa\u00e7\u00e3o para bolsas e projetos de pesquisa consolidados.\u00a0Al\u00e9m da educa\u00e7\u00e3o, atinge em cheio\u00a0tamb\u00e9m a sa\u00fade&#8230; mas incrivelmente n\u00e3o atinge o pagamento dos juros dentro e fora, nem o\u00a0lucro dos bancos. Ou estou enganado? Acho que n\u00e3o. N\u00e3o d\u00e1 para esquecer o presidente do Bradesco enchendo a boca para falar de crise no trecho do Conselh\u00e3o que passou na TV&#8230; Oi??? Fiquei com pena dele. Pensei em passar um crowdfunding para ele;<\/div>\n<div style=\"text-align: justify;\"><\/div>\n<div style=\"text-align: justify;\">&#8211; A Europa est\u00e1 igual \u00e0 musica da Maria Rita&#8230; Todos os dias <span style=\"font-family: 'tahoma' , sans-serif;\">\u00e9<\/span> um vai e vem \/ A vida se repete na esta<span style=\"font-family: 'tahoma' , sans-serif;\">\u00e7\u00e3o \/ <\/span>Tem gente que chega pra ficar \/ Tem gente que vai pra nunca mais \/ Tem gente que vem e quer voltar \/ Tem gente que vai e quer ficar \/ Tem gente que veio s<span style=\"font-family: 'tahoma' , sans-serif;\">\u00f3<\/span> olhar \/ Tem gente a sorrir e a chorar&#8230;..\u00a0 O Reino Unido est\u00e1 amea\u00e7ando deixar e a B\u00f3snia apresentou a candidatura ontem&#8230;<\/div>\n<div style=\"text-align: justify;\"><\/div>\n<div style=\"text-align: justify;\">&#8211; Como nem tudo \u00e9 ruim, os professores Luiz Gonzaga Belluzzo e Pedro Paulo Zahluth Bastos lan\u00e7aram hoje o livro &#8220;Austeridade para quem? Balan\u00e7o e perspectivas do governo Dilma Rousseff&#8221;, com artigos de diversos especialistas sobre o tema. Cito aqui a l\u00facida abertura do texto de Celso Amorim: &#8220;Pensadores progressistas: alerta! Os liberais de todos os matizes est\u00e3o de volta!&#8221;<\/p>\n<div style=\"text-align: center;\">Dispon\u00edvel para download no site da Carta Maior.<\/div>\n<div style=\"text-align: center;\"><a href=\"http:\/\/cartamaior.com.br\/?\/Editoria\/Economia\/Austeridade-para-quem-\/7\/35495\">http:\/\/cartamaior.com.br\/?\/Editoria\/Economia\/Austeridade-para-quem-\/7\/35495<\/a>;<\/div>\n<\/div>\n<div style=\"text-align: justify;\"><\/div>\n<div style=\"text-align: justify;\">&#8211; No quesito download&#8230; o livro-refer\u00eancia:\u00a0 \u201cHist\u00f3ria das Rela\u00e7\u00f5es Internacionais: Teoria e Processos\u201d organizado pelos professores M\u00f4nica Leite Lessa e Williams da Silva Gon\u00e7alves, da UERJ, foi liberado para ser baixado gratuitamente pela Eduerj:<\/p>\n<div style=\"text-align: center;\"><a href=\"http:\/\/www.eduerj.uerj.br\/engine\/?product=historia-das-relacoes-internacionais-teoria-e-processos-3\">http:\/\/www.eduerj.uerj.br\/engine\/?product=historia-das-relacoes-internacionais-teoria-e-processos-3<\/a><\/div>\n<\/div>\n<div style=\"text-align: justify;\"><\/div>\n<div style=\"text-align: justify;\">&#8211; Cuba e EUA estabeleceram entendimentos de voos regulares, 50 anos depois&#8230; Algu\u00e9m me diz o que vai ser de \u201cMai Ame\u201d e com o status do \u201cexilados do regime\u201d?<\/div>\n<div style=\"text-align: justify;\"><\/div>\n<div style=\"text-align: justify;\">&#8211; As not\u00edcias de fim s\u00e3o \u201c\u00f3timas\u201d&#8230; \u201cD\u00f3lar supera 4 reais novamente\u201d, \u201cCom\u00e9rcio Varejista teve queda de 5,9% em 2015\u201d, \u201cDesemprego na metr\u00f3pole paulista atinge 13,5%\u201d&#8230; \u201cBovespa tem nova alta\u201d, \u201cLucro do Ita\u00fa registra novo recorde\u201d \u201cApesar do lucro, bancos fecham 10 mil postos de trabalho\u201d&#8230;<\/div>\n<div><\/div>\n<div>E tenho dito.<\/div>\n","protected":false},"excerpt":{"rendered":"<p>Por Glauber Cardoso Carvalho &#8211; N\u00e3o \u00e9 o Ano Novo chin\u00eas que introduziu<\/p>\n","protected":false},"author":3,"featured_media":0,"comment_status":"closed","ping_status":"open","sticky":false,"template":"","format":"standard","meta":{"footnotes":""},"categories":[654],"tags":[],"class_list":["post-1749","post","type-post","status-publish","format-standard","hentry","category-volume3"],"_links":{"self":[{"href":"https:\/\/dialogosinternacionais.com.br\/index.php?rest_route=\/wp\/v2\/posts\/1749","targetHints":{"allow":["GET"]}}],"collection":[{"href":"https:\/\/dialogosinternacionais.com.br\/index.php?rest_route=\/wp\/v2\/posts"}],"about":[{"href":"https:\/\/dialogosinternacionais.com.br\/index.php?rest_route=\/wp\/v2\/types\/post"}],"author":[{"embeddable":true,"href":"https:\/\/dialogosinternacionais.com.br\/index.php?rest_route=\/wp\/v2\/users\/3"}],"replies":[{"embeddable":true,"href":"https:\/\/dialogosinternacionais.com.br\/index.php?rest_route=%2Fwp%2Fv2%2Fcomments&post=1749"}],"version-history":[{"count":2,"href":"https:\/\/dialogosinternacionais.com.br\/index.php?rest_route=\/wp\/v2\/posts\/1749\/revisions"}],"predecessor-version":[{"id":3074,"href":"https:\/\/dialogosinternacionais.com.br\/index.php?rest_route=\/wp\/v2\/posts\/1749\/revisions\/3074"}],"wp:attachment":[{"href":"https:\/\/dialogosinternacionais.com.br\/index.php?rest_route=%2Fwp%2Fv2%2Fmedia&parent=1749"}],"wp:term":[{"taxonomy":"category","embeddable":true,"href":"https:\/\/dialogosinternacionais.com.br\/index.php?rest_route=%2Fwp%2Fv2%2Fcategories&post=1749"},{"taxonomy":"post_tag","embeddable":true,"href":"https:\/\/dialogosinternacionais.com.br\/index.php?rest_route=%2Fwp%2Fv2%2Ftags&post=1749"}],"curies":[{"name":"wp","href":"https:\/\/api.w.org\/{rel}","templated":true}]}}