{"id":1751,"date":"2016-01-19T22:26:00","date_gmt":"2016-01-20T00:26:00","guid":{"rendered":"https:\/\/dialogosinternacionais.com.br\/?p=1751"},"modified":"2024-03-27T17:53:29","modified_gmt":"2024-03-27T20:53:29","slug":"um-ataque-que-virou-noticia-nao-nao-foi-na-europa-nem-tampouco-nos-estados-unidos","status":"publish","type":"post","link":"https:\/\/dialogosinternacionais.com.br\/?p=1751","title":{"rendered":"Um ataque que virou not\u00edcia  \u2013 n\u00e3o, n\u00e3o foi na Europa nem tampouco nos Estados Unidos"},"content":{"rendered":"<p>Por Julia Monteath de Fran\u00e7a<\/p>\n<div style=\"clear: both; text-align: center;\"><\/div>\n<div style=\"clear: both; text-align: center;\"><\/div>\n<div><\/div>\n<div style=\"text-align: justify;\">\u00c9 de (ou era para?) chamar aten\u00e7\u00e3o a seletividade da cobertura internacional em grande parte dos meios de comunica\u00e7\u00e3o a que temos acesso. O exemplo aqui mencionado \u00e9 apenas um dentre tantos outros.<\/div>\n<div style=\"text-align: justify;\"><\/div>\n<div style=\"text-align: justify;\">Burkina Faso, uma rep\u00fablica semipresidencialista da \u00c1frica Ocidental, que tem o franc\u00eas como l\u00edngua oficial em decorr\u00eancia da ocupa\u00e7\u00e3o colonial imperialista da Fran\u00e7a que teve in\u00edcio em 1896 e s\u00f3 teria fim em 1960, quando a Rep\u00fablica do Alto Volta (que at\u00e9 ent\u00e3o era chamado de Alto Volta franc\u00eas, devido \u00e0 presen\u00e7a da parte alta do Rio Volta em seu territ\u00f3rio) se tornou independente. Foi apenas em 1984, ap\u00f3s o golpe militar que levou ao governo Thomas Sankara ao poder, que o pa\u00eds recebeu o nome com origem nos dialetos dos grupos \u00e9tnicos de maior representatividade na regi\u00e3o. Em uma tradu\u00e7\u00e3o bruta, Burkina Faso significaria algo como \u201cterra das pessoas \u00edntegras\u201d ou \u201cterra das pessoas incorrupt\u00edveis\u201d.<\/div>\n<div style=\"text-align: justify;\"><a name=\"more\"><\/a><\/div>\n<div style=\"text-align: justify;\">Pois bem, Burkina Faso, mesmo tendo eleito um novo presidente ao final do ano passado, Roch Marc Kabor\u00e9, passa atualmente por uma s\u00e9ria crise pol\u00edtica, como tantos outros pa\u00edses irm\u00e3os. Da mesma forma que eles, suas quest\u00f5es s\u00e3o abordadas muito pouco &#8211; ou quase nada \u2013 pelos nossos meios de comunica\u00e7\u00e3o. S\u00e3o muito menos contextualizadas em uma hist\u00f3ria milenar ou problematizadas nas an\u00e1lises econ\u00f4micas, que enxergam o pa\u00eds como o 212\u00ba lugar em PIB per capita [<a href=\"https:\/\/www.cia.gov\/library\/publications\/the-world-factbook\/geos\/uv.html\" target=\"_blank\" rel=\"noopener\">fonte<\/a>] e com problemas de tr\u00e1fico infantil e de mulheres. H\u00e1 alguns meses, institui\u00e7\u00f5es com maior atua\u00e7\u00e3o na \u00e1rea, como s\u00e3o os casos da Uni\u00e3o Africana e da ONU, j\u00e1 v\u00eam alertando para a crise vivida no pa\u00eds e para as atrocidades que v\u00eam sendo sistematicamente cometidas em seu territ\u00f3rio, tanto politicamente com a desestabiliza\u00e7\u00e3o do processo eleitoral com tentativas de golpes, quanto socialmente com a persist\u00eancia de focos de trabalho escravo.<\/div>\n<div style=\"text-align: justify;\"><\/div>\n<div style=\"text-align: justify;\">A despeito da cont\u00ednua viol\u00eancia local, Burkina Faso s\u00f3 passa a se justificar como not\u00edcia quando os ataques acertaram um alvo espec\u00edfico, ou alguns, em geral envolvem brancos europeus. A ofensiva ocorreu na \u00faltima sexta-feira (15 de janeiro de 2016) no distrito financeiro da capital do pa\u00eds, Ouagadougou. Primeiro um caf\u00e9 e, do lado deste, o Hotel Splendid, um hotel internacional, ambos os estabelecimentos t\u00eam como clientes estrangeiros, inclusive, muitos funcion\u00e1rios da ONU. Neste ataque, 126 pessoas foram feitas de ref\u00e9m, inclusive um ministro de Estado, e foram mortas pelo menos 26 pessoas, de pelo menos 18 diferentes nacionalidades \u2013 sem contar com os 4 \u201cterroristas\u201d que morreram no local ou nas proximidades, porque esses n\u00e3o contam mesmo. A Al-Qaeda do Magrebe Isl\u00e2mico reivindicou a autoria da atividade e os analistas internacionais que noticiaram seguem o racioc\u00ednio de uma cruzada contra a Fran\u00e7a, que possui base das For\u00e7as A\u00e9reas perto da capital do pa\u00eds africano.<\/div>\n<div style=\"text-align: justify;\"><\/div>\n<div style=\"text-align: justify;\">Esse foi um, entre tantos outros que n\u00e3o chegam a merecer serem noticiados, segundo os crit\u00e9rios estabelecidos pela seletiva m\u00eddia global. Esta parece n\u00e3o estar muito preocupada com qualquer trag\u00e9dia humana vivida nas margens do sistema por pessoas \u00e0 margem do sistema.<\/div>\n","protected":false},"excerpt":{"rendered":"<p>Por Julia Monteath de Fran\u00e7a \u00c9 de (ou era para?) chamar aten\u00e7\u00e3o a<\/p>\n","protected":false},"author":3,"featured_media":0,"comment_status":"closed","ping_status":"open","sticky":false,"template":"","format":"standard","meta":{"footnotes":""},"categories":[654],"tags":[],"class_list":["post-1751","post","type-post","status-publish","format-standard","hentry","category-volume3"],"_links":{"self":[{"href":"https:\/\/dialogosinternacionais.com.br\/index.php?rest_route=\/wp\/v2\/posts\/1751","targetHints":{"allow":["GET"]}}],"collection":[{"href":"https:\/\/dialogosinternacionais.com.br\/index.php?rest_route=\/wp\/v2\/posts"}],"about":[{"href":"https:\/\/dialogosinternacionais.com.br\/index.php?rest_route=\/wp\/v2\/types\/post"}],"author":[{"embeddable":true,"href":"https:\/\/dialogosinternacionais.com.br\/index.php?rest_route=\/wp\/v2\/users\/3"}],"replies":[{"embeddable":true,"href":"https:\/\/dialogosinternacionais.com.br\/index.php?rest_route=%2Fwp%2Fv2%2Fcomments&post=1751"}],"version-history":[{"count":2,"href":"https:\/\/dialogosinternacionais.com.br\/index.php?rest_route=\/wp\/v2\/posts\/1751\/revisions"}],"predecessor-version":[{"id":3072,"href":"https:\/\/dialogosinternacionais.com.br\/index.php?rest_route=\/wp\/v2\/posts\/1751\/revisions\/3072"}],"wp:attachment":[{"href":"https:\/\/dialogosinternacionais.com.br\/index.php?rest_route=%2Fwp%2Fv2%2Fmedia&parent=1751"}],"wp:term":[{"taxonomy":"category","embeddable":true,"href":"https:\/\/dialogosinternacionais.com.br\/index.php?rest_route=%2Fwp%2Fv2%2Fcategories&post=1751"},{"taxonomy":"post_tag","embeddable":true,"href":"https:\/\/dialogosinternacionais.com.br\/index.php?rest_route=%2Fwp%2Fv2%2Ftags&post=1751"}],"curies":[{"name":"wp","href":"https:\/\/api.w.org\/{rel}","templated":true}]}}