{"id":1753,"date":"2016-01-04T20:17:00","date_gmt":"2016-01-04T22:17:00","guid":{"rendered":"https:\/\/dialogosinternacionais.com.br\/?p=1753"},"modified":"2024-03-27T17:53:04","modified_gmt":"2024-03-27T20:53:04","slug":"dialogos-internacionais-em-2015-um-peso-na-balanca","status":"publish","type":"post","link":"https:\/\/dialogosinternacionais.com.br\/?p=1753","title":{"rendered":"Di\u00e1logos Internacionais em 2015 \u2013 um peso na balan\u00e7a"},"content":{"rendered":"<div style=\"text-align: justify;\"><\/div>\n<div style=\"text-align: justify;\"><span style=\"font-family: inherit;\">Por Glauber Cardoso Carvalho<\/span><\/div>\n<div style=\"text-align: justify;\"><span style=\"font-family: inherit;\">\u00a0<\/span><\/div>\n<div style=\"text-align: justify;\"><\/div>\n<div style=\"text-align: justify;\"><span style=\"font-family: inherit;\">Vamos iniciar o ano de 2016 no\u00a0<\/span>Di\u00e1logos Internacionais <span style=\"font-family: inherit;\">com um levantamento dos temas e autores que publicamos em 2015. Acreditamos que vale a pena recordar esse prof\u00edcuo debate no qual nos empenhamos, verificando tamb\u00e9m a evolu\u00e7\u00e3o dos acontecimentos nacionais e internacionais.\u00a0<\/span><br \/>\n<span style=\"font-family: inherit;\"><br \/>\n<\/span><span style=\"font-family: inherit;\">Salientamos que em 2015 retiramos o car\u00e1ter pessoal que era a t\u00f4nica da nossa iniciativa e passamos a coordenar, Larissa Rosevics e eu, as submiss\u00f5es e postagens.\u00a0<\/span><span style=\"font-family: inherit;\">Para 2016 esperamos poder transform\u00e1-lo mais uma vez, mas deixaremos as surpresas deste ano para o ano&#8230;<\/span><\/div>\n<div style=\"text-align: justify;\"><span style=\"font-family: inherit;\">\u00a0<\/span><\/div>\n<div style=\"text-align: justify;\"><span style=\"font-family: inherit;\">Bom&#8230; tivemos ao todo 43 posts em 2015:<\/span><br \/>\n<a name=\"more\"><\/a><\/div>\n<div style=\"text-align: justify;\"><span style=\"font-family: inherit;\">\u00a0<\/span><\/div>\n<div style=\"text-align: justify;\"><span style=\"font-family: inherit;\"><a href=\"http:\/\/www.dialogosinternacionais.com.br\/search\/label\/Larissa%20Rosevics\" target=\"_blank\" rel=\"noopener\"><span style=\"color: blue;\"><b>Larissa Rosevics<\/b><\/span><\/a> manteve-se de forma regular no campo das teorias das rela\u00e7\u00f5es internacionais. Iniciou com a figura de Carr, abrindo nossa vis\u00e3o para outros livros menos lidos e t\u00e3o relevantes quanto \u201cVinte anos de crise\u201d. Na mesma linha, a coordenadora de Di\u00e1logos, escreveu ainda sobre a perspectiva tradicional do campo da \u201cSeguran\u00e7a Internacional\u201d para a Am\u00e9rica do Sul; em outro post analisou os atores e as agendas dessa tem\u00e1tica; depois escreveu sobre os avan\u00e7os e limita\u00e7\u00f5es da \u00e1rea de Defesa no Brasil. Relacionou o tema da guerra, paz e a quest\u00e3o dos refugiados nas Teorias do Imperialismo, com um franqueza anal\u00edtica:\u00a0<\/span>\u201cQuase cem anos ap\u00f3s a publica\u00e7\u00e3o de um dos livros mais influentes sobre o assunto, o &#8216;Imperialismo: fase suprema do capitalismo&#8217; escrito por Lenin em 1916, os europeus assistem, quase inertes, a entrada de milhares de imigrantes, em busca de ref\u00fagio dos conflitos nos limites da Europa e de um <i>welfare stat<\/i>e que, constru\u00eddo \u00e0s custas de muitos desses povos, esfacela-se dia ap\u00f3s dia.\u201d<\/div>\n<div style=\"text-align: justify;\"><\/div>\n<div style=\"text-align: justify;\"><span style=\"font-family: inherit;\">Sobre outros temas: Larissa verificou a participa\u00e7\u00e3o das mulheres no Congresso Nacional brasileiro; a quest\u00e3o do ser oposi\u00e7\u00e3o no Brasil; a atua\u00e7\u00e3o dos minist\u00e9rios nacionais no Mercosul, como atores relevantes e prontos para atuarem em temas espec\u00edficos que ultrapassam o saber global do Itamaraty. Escreveu ainda o artigo \u201cChernobyl, Bhopal e Mariana\u201d, no contexto dos acontecimentos em Minas Gerais, explicando que \u201cs\u00e3o exemplos de que os desastres ambientais n\u00e3o escolhem pa\u00eds, regi\u00e3o, regime pol\u00edtico, ou natureza ideol\u00f3gica, para acontecer. Os preju\u00edzos causados pelos desastres s\u00e3o ambientais, econ\u00f4micos e sociais, muitas vezes imensur\u00e1veis e irrevers\u00edveis. T\u00e3o grave quanto os pr\u00f3prios desastres \u00e9 o despreparo dos governos em como agir.\u201d <\/span><\/div>\n<div style=\"text-align: justify;\"><span style=\"font-family: inherit;\">\u00a0<\/span><\/div>\n<div style=\"text-align: justify;\"><span style=\"font-family: inherit;\">Contamos com um <i>pot-pourri<\/i> de <a href=\"http:\/\/www.dialogosinternacionais.com.br\/search\/label\/Julia%20Monteath%20de%20Fran%C3%A7a\" target=\"_blank\" rel=\"noopener\"><span style=\"color: blue;\"><b>Julia Monteath de Fran\u00e7a<\/b><\/span><\/a>\u00a0sobre Cuba, sobre os mercados financeiros e a situa\u00e7\u00e3o da Gr\u00e9cia e a possibilidade do pa\u00eds sair da Zona do Euro, e da perspectiva da ACNUR de que a situa\u00e7\u00e3o dos refugiados iria se complicar durante o ano. Em outros posts falou de tr\u00eas hist\u00f3rias de viol\u00eancia contida nos preconceitos coloniais que carregamos at\u00e9 hoje. Situando que acabamos com a coloniza\u00e7\u00e3o formal, mas ainda n\u00e3o nos desfizemos das amarras coloniais. Ainda s\u00e3o elas que orientam as nossas rela\u00e7\u00f5es, desde as cotidianas at\u00e9 as internacionais. <span lang=\"EN-US\">Escreveu depois sobre o livro: <i>Dead Aid &#8211; Why Aid is Not Working and How There is a Better Way For Africa<\/i>, de Dambisa Moyo. <\/span>Escreveu tamb\u00e9m sobre mais um imbr\u00f3glio no tema Palestina x Israel que em 2015 foi tamb\u00e9m no campo de futebol.<\/span><\/div>\n<div style=\"text-align: justify;\"><span style=\"font-family: inherit;\">\u00a0<\/span><\/div>\n<div style=\"text-align: justify;\"><span style=\"font-family: inherit;\"><a href=\"http:\/\/www.dialogosinternacionais.com.br\/search\/label\/Suellen%20Lannes\" target=\"_blank\" rel=\"noopener\"><span style=\"color: blue;\"><b>Suellen Lannes<\/b><\/span><\/a> permaneceu focada no tema isl\u00e2mico. Escreveu sobre um projeto de lei parado que prev\u00ea a inclus\u00e3o de estudos da tem\u00e1tica no curr\u00edculo nacional. Explica, contudo, que \u201cn\u00e3o se pode falar em cultura \u00e1rabe e tradi\u00e7\u00e3o isl\u00e2mica sem levar em considera\u00e7\u00e3o o dilema entre a laicidade e a religi\u00e3o nas institui\u00e7\u00f5es brasileiras.\u201d Em seguida, falou sobre as novas negocia\u00e7\u00f5es em torno da quest\u00e3o nuclear iraniana; sobre uma s\u00e9rie em canal aberto de televis\u00e3o que presta desservi\u00e7o para a quest\u00e3o \u00e1rabe, desde o primeiro cap\u00edtulo mostrando \u201ca distin\u00e7\u00e3o entre o \u201cbom\u201d estadunidense e o \u201cmau\u201d \u00e1rabe\u201d; e ainda uma cr\u00edtica ao livro \u201cRetrato do colonizado precedido pelo retrato do colonizador\u201d, do tunisiano Albert Memmi.<\/span><\/div>\n<div style=\"text-align: justify;\"><span style=\"font-family: inherit;\">\u00a0<\/span><\/div>\n<div style=\"text-align: justify;\"><span style=\"font-family: inherit;\">Confesso que eu, <a href=\"http:\/\/www.dialogosinternacionais.com.br\/search\/label\/Glauber%20Cardoso%20Carvalho\" target=\"_blank\" rel=\"noopener\"><b><span style=\"color: blue;\">Glauber Cardoso Carvalho<\/span><\/b><\/a>, n\u00e3o fui o mais prof\u00edcuo neste ano n\u00e3o s\u00f3 turbulento para o Brasil e o Mundo, como repleto de atividades pessoais que tomaram mais tempo do que imaginei. Escrevi ironicamente sobre quest\u00f5es para redigir uma tese e depois sobre as acep\u00e7\u00f5es de &#8220;hipocrisia&#8221; e de &#8220;bengala&#8221; que o termo crise teve neste ano. Escrevi tamb\u00e9m sobre a din\u00e2mica e necessidade de aprofundamento da integra\u00e7\u00e3o regional e de fomento das redes de conhecimento e do processo de reconstru\u00e7\u00e3o plural e cr\u00edtica da regi\u00e3o sul-americana. Aproveitei alguns posts para divulga\u00e7\u00f5es como do livro do FoMerco \u201cOs desafios da integra\u00e7\u00e3o sul-americana: autonomia e desenvolvimento\u201d, do qual fui um dos organizadores, e da Revista Pepianos, cujo n\u00ba 2 foi lan\u00e7ado no final do ano.<\/span><\/div>\n<div style=\"text-align: justify;\"><span style=\"font-family: inherit;\">\u00a0<\/span><\/div>\n<div style=\"text-align: justify;\"><span style=\"font-family: inherit;\">Escrevi ainda dois textos sobre personalidades, um sobre Luiz Alberto Moniz Bandeira e sua importante indica\u00e7\u00e3o para o \u201cOscar\u201d, quero dizer, para o \u201cNobel de Literatura&#8221;, que poderia atualizar com a informa\u00e7\u00e3o de que a vitoriosa foi a bielorrussa Svetlana Alexievich; e um sobre Helio Jaguaribe e as suas quest\u00f5es de rela\u00e7\u00f5es internacionais e autonomia, e a sua dura constata\u00e7\u00e3o de que o problema do Brasil \u00e9 a ignor\u00e2ncia. A ignor\u00e2ncia de 2\/3 dos cidad\u00e3os brasileiros que for\u00e7adamente alheios do processo hist\u00f3rico-cultural reproduzem suas pr\u00e1ticas pol\u00edticas manejadas pelo 1\/3 politicamente ativo.<\/span><\/div>\n<div style=\"text-align: justify;\"><span style=\"font-family: inherit;\">\u00a0<\/span><\/div>\n<div style=\"text-align: justify;\"><span style=\"font-family: inherit;\">Tivemos muitas participa\u00e7\u00f5es de especialistas, aos quais desde j\u00e1 agradecemos a contribui\u00e7\u00e3o, o esfor\u00e7o e, claro, as \u00f3timas an\u00e1lises realizadas.<\/span><\/div>\n<div style=\"text-align: justify;\"><span style=\"font-family: inherit;\">\u00a0<\/span><\/div>\n<div style=\"text-align: justify;\"><a href=\"http:\/\/www.dialogosinternacionais.com.br\/search\/label\/Bernardo%20Salgado%20Rodrigues\" target=\"_blank\" rel=\"noopener\"><span style=\"color: blue;\"><b>Bernardo Salgado Rodrigues<\/b><\/span><\/a>, nosso ass\u00edduo colaborador, teve uma ampla participa\u00e7\u00e3o no ano que passou. Manteve-se na perspectiva cr\u00edtica latino-americana, com muitos exemplos e dados atualizados sobre a regi\u00e3o. Escreveu sobre geopol\u00edtica e soberania com rela\u00e7\u00e3o \u00e0s Malvinas; sobre o reordenamento geopol\u00edtico do petr\u00f3leo e a necessidade de se perceber a inser\u00e7\u00e3o dos esc\u00e2ndalos da Petrobras num contexto ampliado; sobre a import\u00e2ncia da Venezuela para o Mercosul. Desmentiu as fal\u00e1cias sobre o porto de Mariel, asseverando que \u201cO Porto de Mariel pode representar uma aproxima\u00e7\u00e3o significativa entre os mercados do Brasil, da Am\u00e9rica do Sul e da Am\u00e9rica Central, reduzindo o custo de opera\u00e7\u00f5es log\u00edsticas, ampliando as rela\u00e7\u00f5es comerciais e a inser\u00e7\u00e3o brasileira no Caribe, historicamente pequena. Provavelmente, com a vinda de empresas brasileiras para se instalarem no Porto de Mariel, haver\u00e1 uma maior presen\u00e7a comercial do Brasil, n\u00e3o s\u00f3 em Cuba, mas em toda a regi\u00e3o.\u201d\u00a0<span style=\"font-family: inherit;\">Ainda no tema, falou sobre a inclus\u00e3o da Bol\u00edvia no Mercosul e o \u201cenorme potencial no processo de integra\u00e7\u00e3o f\u00edsica regional, exercendo o papel de plataforma de interliga\u00e7\u00e3o do com\u00e9rcio regional e bioce\u00e2nico.\u201d; sobre a importante quest\u00e3o da \u00e1gua na Am\u00e9rica do Sul; sobre a necessidade de rompimento das fronteiras epistemol\u00f3gicas e realiza\u00e7\u00e3o de uma descoloniza\u00e7\u00e3o da geopol\u00edtica regional; e, por fim, sobre a vit\u00f3ria da centro-direita nas elei\u00e7\u00f5es Argentinas e os processos de instabilidade da regi\u00e3o.<\/span><\/div>\n<div style=\"text-align: justify;\"><b>\u00a0<\/b><\/div>\n<div style=\"text-align: justify;\"><b><a href=\"http:\/\/www.dialogosinternacionais.com.br\/search\/label\/Caroline%20Rangel%20Travassos%20Burity\" target=\"_blank\" rel=\"noopener\"><span style=\"color: blue;\">Caroline Rangel Travassos Burity<\/span><\/a><\/b>\u00a0desenvolveu em seu texto \u201cM\u00eddia e Rela\u00e7\u00f5es Internacionais: o conceito de Diplomacia Midi\u00e1tica\u201d o surgimento, os autores e as ideias centrais dessa nova e importante tem\u00e1tica que se coloca para os Estados.<\/div>\n<div style=\"text-align: justify;\"><b>\u00a0<\/b><\/div>\n<div style=\"text-align: justify;\"><b><a href=\"http:\/\/www.dialogosinternacionais.com.br\/search\/label\/Jana%C3%ADna%20Pinto\" target=\"_blank\" rel=\"noopener\"><span style=\"color: blue;\">Jana\u00edna Pinto<\/span><\/a><\/b>\u00a0escreveu o artigo \u201cDo micro ao macro: o que esconde o apelo \u00e0 liberdade de express\u00e3o?\u201d no contexto dos acontecimentos ao Charlie Hebdo na Fran\u00e7a. Ela mostra acep\u00e7\u00f5es de uma express\u00e3o t\u00e3o emblem\u00e1tica, que para al\u00e9m do espectro jur\u00eddico em voga, serve tamb\u00e9m para fins menos dignos.<\/div>\n<div style=\"text-align: justify;\"><span style=\"font-family: inherit;\"><b>\u00a0<\/b><\/span><\/div>\n<div style=\"text-align: justify;\"><span style=\"font-family: inherit;\"><b><a href=\"http:\/\/www.dialogosinternacionais.com.br\/search\/label\/Luiz%20Felipe%20Brand%C3%A3o%20Os%C3%B3rio\" target=\"_blank\" rel=\"noopener\"><span style=\"color: blue;\">Luiz Felipe Brand\u00e3o Os\u00f3rio<\/span><\/a><\/b> tamb\u00e9m falou sobre a quest\u00e3o grega no texto \u201cCrise da Gr\u00e9cia \u00e9 produto de modelo de integra\u00e7\u00e3o que privilegiou o capital \u00e0 sociedade\u201d, concluindo que \u201ca \u00fanica certeza \u00e9 de que a sociedade arcar\u00e1 com os elevados custos, que n\u00e3o se restringem \u00e0 esfera cont\u00e1bil, mas que emperram por anos as vias do desenvolvimento socioecon\u00f4mico.<\/span><\/div>\n<div style=\"text-align: justify;\"><span style=\"color: blue;\">\u00a0<\/span><\/div>\n<div style=\"text-align: justify;\"><b><a href=\"http:\/\/www.dialogosinternacionais.com.br\/search\/label\/Ricardo%20Zort%C3%A9a%20Vieira\" target=\"_blank\" rel=\"noopener\"><span style=\"color: blue;\">Ricardo Zort\u00e9a Vieira<\/span><\/a><\/b>\u00a0contribuiu com uma an\u00e1lise sobre \u201cO Poder Ocidental, o Fundamentalismo Religioso e as Ra\u00edzes dos Ataques de Paris\u201d, no qual explica o conturbado contexto geopol\u00edtico e ideol\u00f3gico do Oriente M\u00e9dio e a ascens\u00e3o do Estado Isl\u00e2mico (ISIS), compreendendo que \u201capesar dos medos que se afloram ap\u00f3s os atentados de Paris, o ISIS n\u00e3o \u00e9 propriamente o despertar da \u201calma isl\u00e2mica\u201d submersa pela hegemonia do Ocidente e das cren\u00e7as modernas, mas a expans\u00e3o de uma ideologia fundamentalista religiosa que somente pode ter lugar devido a situa\u00e7\u00e3o criada por um s\u00e9culo de proje\u00e7\u00e3o do poder ocidental no Oriente M\u00e9dio.\u201d<\/div>\n<div style=\"text-align: justify;\"><span style=\"font-family: inherit;\"><b>\u00a0<\/b><\/span><\/div>\n<div style=\"text-align: justify;\"><span style=\"font-family: inherit;\"><b><a href=\"http:\/\/www.dialogosinternacionais.com.br\/search\/label\/Tiago%20Nasser%20Appel\" target=\"_blank\" rel=\"noopener\"><span style=\"color: blue;\">Tiago Nasser Appel<\/span><\/a><\/b> escreveu uma excelente resenha do livro \u201cHist\u00f3ria, Estrat\u00e9gia e Desenvolvimento: para uma geopol\u00edtica do capitalismo\u201d, de Jos\u00e9 Lu\u00eds Fiori, publicada originalmente na Carta Maior. Explica Appel que Fiori teria desenvolvido \u201cuma meta-narrativa pr\u00f3pria para a interpreta\u00e7\u00e3o da hist\u00f3ria\u201d, assegurando que a teoria do Poder Global desenvolvida por Fiori \u00e9 \u201cuma das meta-narrativas de vanguarda da atualidade. Como todas as outras, ela tamb\u00e9m se baseia numa narrativa original que, ali\u00e1s, ainda preenche a maior parte das p\u00e1ginas dos escritos do autor: o surgimento e desenvolvimento do sistema interestatal capitalista.\u201d<\/span><\/div>\n<div style=\"text-align: justify;\"><b>\u00a0<\/b><\/div>\n<div style=\"text-align: justify;\"><b><a href=\"http:\/\/www.dialogosinternacionais.com.br\/search\/label\/Victor%20Carneiro%20Corr%C3%AAa%20Vieira\" target=\"_blank\" rel=\"noopener\"><span style=\"color: blue;\">Victor Carneiro Corr\u00eaa Vieira<\/span><\/a><\/b>\u00a0escreveu \u201cO simbolismo da constitui\u00e7\u00e3o do AIIB para o sistema internacional\u201d, sobre a cria\u00e7\u00e3o do banco asi\u00e1tico e uma acurada an\u00e1lise da economia pol\u00edtica internacional com a percep\u00e7\u00e3o de que se assegura \u201cum novo polo financeiro no mundo, tendo Beijing como centro e a \u00c1sia como foco\u201d.<\/div>\n<div style=\"text-align: justify;\"><span style=\"font-family: inherit;\"><b>\u00a0<\/b><\/span><\/div>\n<div style=\"text-align: justify;\"><span style=\"font-family: inherit;\"><b><a href=\"http:\/\/www.dialogosinternacionais.com.br\/search\/label\/Wesley%20S.T%20Guerra\" target=\"_blank\" rel=\"noopener\"><span style=\"color: blue;\">Wesley S.T Guerra<\/span><\/a><\/b> publicou \u201cPortunhol: a ponte entre o Brasil e a Am\u00e9rica Latina\u201d, no qual tra\u00e7a o crescimento dessa nova forma de linguagem. O autor \u00e9 parte do NEMRI (N\u00facleo de Estudos Multidisciplinar em Rela\u00e7\u00f5es Internacionais), que \u00e9 composto por alunos e ex-alunos do curso de p\u00f3s-gradua\u00e7\u00e3o da Funda\u00e7\u00e3o Escola de Sociologia e Pol\u00edtica de S\u00e3o Paulo (FESP-SP).<\/span><\/div>\n<div style=\"text-align: justify;\"><\/div>\n<div style=\"text-align: justify;\"><\/div>\n<div style=\"text-align: justify;\"><span style=\"font-family: inherit;\">Esperamos que 2016 possa trazer (al\u00e9m das novidades que estamos preparando) novas an\u00e1lises t\u00e3o relevantes e de temas importantes quanto at\u00e9 agora se produziu.<\/span><\/div>\n<div style=\"text-align: justify;\"><span style=\"font-family: inherit;\">\u00a0<\/span><\/div>\n<div style=\"text-align: justify;\"><span style=\"font-family: inherit;\">Se voc\u00ea tem vontade de publicar um artigo no Di\u00e1logos Internacionais, escreva para n\u00f3s.<\/span><\/div>\n<div><\/div>\n","protected":false},"excerpt":{"rendered":"<p>Por Glauber Cardoso Carvalho \u00a0 Vamos iniciar o ano de 2016 no\u00a0Di\u00e1logos Internacionais<\/p>\n","protected":false},"author":3,"featured_media":0,"comment_status":"closed","ping_status":"open","sticky":false,"template":"","format":"standard","meta":{"footnotes":""},"categories":[650],"tags":[],"class_list":["post-1753","post","type-post","status-publish","format-standard","hentry","category-ensaios"],"_links":{"self":[{"href":"https:\/\/dialogosinternacionais.com.br\/index.php?rest_route=\/wp\/v2\/posts\/1753","targetHints":{"allow":["GET"]}}],"collection":[{"href":"https:\/\/dialogosinternacionais.com.br\/index.php?rest_route=\/wp\/v2\/posts"}],"about":[{"href":"https:\/\/dialogosinternacionais.com.br\/index.php?rest_route=\/wp\/v2\/types\/post"}],"author":[{"embeddable":true,"href":"https:\/\/dialogosinternacionais.com.br\/index.php?rest_route=\/wp\/v2\/users\/3"}],"replies":[{"embeddable":true,"href":"https:\/\/dialogosinternacionais.com.br\/index.php?rest_route=%2Fwp%2Fv2%2Fcomments&post=1753"}],"version-history":[{"count":2,"href":"https:\/\/dialogosinternacionais.com.br\/index.php?rest_route=\/wp\/v2\/posts\/1753\/revisions"}],"predecessor-version":[{"id":3070,"href":"https:\/\/dialogosinternacionais.com.br\/index.php?rest_route=\/wp\/v2\/posts\/1753\/revisions\/3070"}],"wp:attachment":[{"href":"https:\/\/dialogosinternacionais.com.br\/index.php?rest_route=%2Fwp%2Fv2%2Fmedia&parent=1753"}],"wp:term":[{"taxonomy":"category","embeddable":true,"href":"https:\/\/dialogosinternacionais.com.br\/index.php?rest_route=%2Fwp%2Fv2%2Fcategories&post=1753"},{"taxonomy":"post_tag","embeddable":true,"href":"https:\/\/dialogosinternacionais.com.br\/index.php?rest_route=%2Fwp%2Fv2%2Ftags&post=1753"}],"curies":[{"name":"wp","href":"https:\/\/api.w.org\/{rel}","templated":true}]}}