{"id":1756,"date":"2015-11-30T11:51:00","date_gmt":"2015-11-30T13:51:00","guid":{"rendered":"https:\/\/dialogosinternacionais.com.br\/?p=1756"},"modified":"2024-03-27T17:52:20","modified_gmt":"2024-03-27T20:52:20","slug":"revista-pepianos-no-2-out-2015","status":"publish","type":"post","link":"https:\/\/dialogosinternacionais.com.br\/?p=1756","title":{"rendered":"Revista Pepianos, n\u00ba 2, out\/2015"},"content":{"rendered":"<div style=\"clear: both; text-align: center;\"><\/div>\n<div style=\"clear: both; text-align: center;\"><a href=\"http:\/\/www.ie.ufrj.br\/images\/publicacoes\/revistas\/Revista_Pepianos_ed2.pdf\" target=\"_blank\" rel=\"noopener\">Revista Pepianos, n\u00ba 2, out\/2015.<\/a><\/div>\n<div style=\"text-align: center;\"><\/div>\n<div style=\"text-align: justify;\">Foi lan\u00e7ado o segundo n\u00famero da <b>Revista Pepianos<\/b>, uma publica\u00e7\u00e3o dos estudantes do Programa de\u00a0<span style=\"text-align: justify;\">P\u00f3s-Gradua\u00e7\u00e3o em Economia Pol\u00edtica Internacional \u00a0(PEPI &#8211; da\u00ed o nome da revista!) da UFRJ. A revista se consolida como um importante instrumento de di\u00e1logo do programa e dos alunos com a comunidade acad\u00eamica. Ela divulga tamb\u00e9m os caminhos das pesquisas desenvolvidas por alunos e professores e traz relevante contribui\u00e7\u00e3o para as an\u00e1lises cr\u00edticas do cen\u00e1rio internacional.<\/span><\/div>\n<p><a name=\"more\"><\/a><span style=\"text-align: justify;\"><br \/>\n<\/span><\/p>\n<div style=\"text-align: justify;\">A apresenta\u00e7\u00e3o da revista n\u00e3o poderia ser mais direta: &#8220;Se a EPI, enquanto campo de pesquisa, ambiciona romper as barreiras r\u00edgidas que a compartimenta\u00e7\u00e3o do saber produziu em nossas universidades, a Pepianos quer perenizar um canal de contribui\u00e7\u00e3o do corpo discente \u00e0 comunidade acad\u00eamica daqui e de acol\u00e1.&#8221;.<\/div>\n<div style=\"text-align: justify;\"><\/div>\n<div>\n<div style=\"text-align: justify;\">A revista possui seis se\u00e7\u00f5es, \u00e9 <i>on line<\/i> e est\u00e1 dispon\u00edvel no site do Instituto de Economia da UFRJ, no item Publica\u00e7\u00f5es&gt;Revistas:<\/p>\n<div style=\"text-align: center;\">Link:<\/div>\n<div style=\"text-align: center;\"><a href=\"http:\/\/www.ie.ufrj.br\/images\/publicacoes\/revistas\/Revista_Pepianos_ed2.pdf\">http:\/\/www.ie.ufrj.br\/images\/publicacoes\/revistas\/Revista_Pepianos_ed2.pdf<\/a><\/div>\n<\/div>\n<div style=\"text-align: justify;\"><\/div>\n<div style=\"text-align: justify;\">Vamos pegar emprestado o editorial para explicar. A primeira parte se chama &#8220;Di\u00e1logos&#8221; e traz um breve resumo da produ\u00e7\u00e3o dos alunos. S\u00e3o apresentadas cinco pesquisas, todas conclu\u00eddas em suas formalidades, e que demonstram a diversidade dos temas trabalhados no PEPI.<\/div>\n<div style=\"text-align: justify;\"><\/div>\n<div style=\"text-align: justify;\">&#8220;Em Primeira Pessoa&#8221; \u00e9 a segunda se\u00e7\u00e3o da revista. Nela, o professor da UFRJ, Franklin Serrano, esclarece as hip\u00f3teses e pressupostos de sua perspectiva de economia pol\u00edtica e de como, a partir desta, interpreta a ordem econ\u00f4mica do sistema internacional.<\/div>\n<div style=\"text-align: justify;\"><\/div>\n<div style=\"text-align: justify;\">Convidados a refletir sobre a no\u00e7\u00e3o de \u201cpovo\u201d nas rela\u00e7\u00f5es internacionais, os professores Franklin Trein, Cristina Soreanu Pecequilo e Wagner Souza fizeram suas contribui\u00e7\u00f5es \u00e0 se\u00e7\u00e3o intitulada Contracantos, que \u00e9 tem\u00e1tica.<\/div>\n<div style=\"text-align: justify;\">Nossa companheira de Di\u00e1logos Internacionais, Suellen Lannes discorre, na se\u00e7\u00e3o &#8220;Caminhos da Pesquisa&#8221;, sobre seu doutorado, relatando-nos a instigante e dif\u00edcil tarefa de compreender os fatores que favoreceram a forma\u00e7\u00e3o e ascens\u00e3o do imp\u00e9rio \u00e1rabe-isl\u00e2mico.<\/div>\n<div style=\"text-align: justify;\"><\/div>\n<\/div>\n<div>\n<div style=\"text-align: justify;\">A entrevista da se\u00e7\u00e3o &#8220;Vis\u00e3o de Mundo&#8221; foi realizada com o professor Jos\u00e9 Lu\u00eds Fiori. Ele relata a sua\u00a0trajet\u00f3ria pessoal e acad\u00eamica.<\/div>\n<div style=\"text-align: justify;\"><\/div>\n<div style=\"text-align: justify;\">A \u00faltima parte \u00e9 &#8220;Al\u00e9m da fronteira&#8221;, uma se\u00e7\u00e3o dos intercambistas na qual Pedro Rocha fala sobre sua experi\u00eancia no ber\u00e7o da Escola dos Annales: a EHESS de Paris.<\/div>\n<div style=\"text-align: justify;\"><\/div>\n<div style=\"text-align: justify;\">Como parte atual ou passada do PEPI, n\u00f3s do Di\u00e1logos Internacionais aproveitamos o espa\u00e7o para divulg\u00e1-la aos nossos leitores recomendando-a n\u00e3o somente pela institucionalidade que nos marca, mas, sobretudo, pela qualidade que os editores buscaram para os temas, os entrevistados e, n\u00e3o poder\u00edamos deixar de mencionar, a primorosa diagrama\u00e7\u00e3o. Parab\u00e9ns aos editores e colaboradores!<\/div>\n<\/div>\n<div>\n<div style=\"text-align: justify;\"><\/div>\n<div style=\"text-align: justify;\">Sigamos em frente. Que venha o n\u00famero 3!<\/div>\n<\/div>\n<div>\n<div style=\"text-align: justify;\"><\/div>\n<div style=\"text-align: justify;\">Boa leitura!<\/div>\n<\/div>\n<div style=\"text-align: justify;\"><\/div>\n","protected":false},"excerpt":{"rendered":"<p>Revista Pepianos, n\u00ba 2, out\/2015. Foi lan\u00e7ado o segundo n\u00famero da Revista Pepianos,<\/p>\n","protected":false},"author":3,"featured_media":2035,"comment_status":"closed","ping_status":"open","sticky":false,"template":"","format":"standard","meta":{"footnotes":""},"categories":[649,653],"tags":[],"class_list":["post-1756","post","type-post","status-publish","format-standard","has-post-thumbnail","hentry","category-noticias","category-volume2"],"_links":{"self":[{"href":"https:\/\/dialogosinternacionais.com.br\/index.php?rest_route=\/wp\/v2\/posts\/1756","targetHints":{"allow":["GET"]}}],"collection":[{"href":"https:\/\/dialogosinternacionais.com.br\/index.php?rest_route=\/wp\/v2\/posts"}],"about":[{"href":"https:\/\/dialogosinternacionais.com.br\/index.php?rest_route=\/wp\/v2\/types\/post"}],"author":[{"embeddable":true,"href":"https:\/\/dialogosinternacionais.com.br\/index.php?rest_route=\/wp\/v2\/users\/3"}],"replies":[{"embeddable":true,"href":"https:\/\/dialogosinternacionais.com.br\/index.php?rest_route=%2Fwp%2Fv2%2Fcomments&post=1756"}],"version-history":[{"count":3,"href":"https:\/\/dialogosinternacionais.com.br\/index.php?rest_route=\/wp\/v2\/posts\/1756\/revisions"}],"predecessor-version":[{"id":3067,"href":"https:\/\/dialogosinternacionais.com.br\/index.php?rest_route=\/wp\/v2\/posts\/1756\/revisions\/3067"}],"wp:featuredmedia":[{"embeddable":true,"href":"https:\/\/dialogosinternacionais.com.br\/index.php?rest_route=\/wp\/v2\/media\/2035"}],"wp:attachment":[{"href":"https:\/\/dialogosinternacionais.com.br\/index.php?rest_route=%2Fwp%2Fv2%2Fmedia&parent=1756"}],"wp:term":[{"taxonomy":"category","embeddable":true,"href":"https:\/\/dialogosinternacionais.com.br\/index.php?rest_route=%2Fwp%2Fv2%2Fcategories&post=1756"},{"taxonomy":"post_tag","embeddable":true,"href":"https:\/\/dialogosinternacionais.com.br\/index.php?rest_route=%2Fwp%2Fv2%2Ftags&post=1756"}],"curies":[{"name":"wp","href":"https:\/\/api.w.org\/{rel}","templated":true}]}}