{"id":1759,"date":"2015-11-09T09:45:00","date_gmt":"2015-11-09T11:45:00","guid":{"rendered":"https:\/\/dialogosinternacionais.com.br\/?p=1759"},"modified":"2024-03-27T17:51:47","modified_gmt":"2024-03-27T20:51:47","slug":"i-encontro-de-economia-politica-internacional-11-12-e-13-de-maio-de-2016","status":"publish","type":"post","link":"https:\/\/dialogosinternacionais.com.br\/?p=1759","title":{"rendered":"I Encontro de Economia Pol\u00edtica Internacional &#8211; 11, 12 e 13 de maio de 2016"},"content":{"rendered":"<div style=\"text-align: center;\"><b>\u00a0<\/b><\/div>\n<div style=\"text-align: center;\"><b>\u00a0<\/b><\/div>\n<div style=\"text-align: center;\"><b>I Encontro de Economia Pol\u00edtica Internacional (ENEPI):<\/b><\/div>\n<div style=\"text-align: center;\"><b>As din\u00e2micas de poder e riqueza no mundo contempor\u00e2neo.<\/b><\/div>\n<div style=\"text-align: justify;\">O Programa de Economia Pol\u00edtica Internacional da UFRJ (PEPI-UFRJ) anuncia a realiza\u00e7\u00e3o do I Encontro de Economia Pol\u00edtica Internacional, a ser realizado nos dias 11, 12 e 13 de maio de 2016, nas depend\u00eancias do Campus da Praia Vermelha da referida institui\u00e7\u00e3o.<br \/>\n<a name=\"more\"><\/a><\/div>\n<div style=\"text-align: justify;\"><\/div>\n<div style=\"text-align: justify;\">Diante da crescente relev\u00e2ncia dos estudos de EPI, o evento tem como objetivo congregar intelectuais (graduandos, p\u00f3s-graduandos e professores\/pesquisadores) que estudem temas atinentes \u00e0s problem\u00e1ticas do referido campo de pesquisa em um ambiente agrad\u00e1vel e prop\u00edcio \u00e0 troca de ideias e \u00e0 cria\u00e7\u00e3o de novas redes de sociabilidade e canais de comunica\u00e7\u00e3o entre diferentes institui\u00e7\u00f5es.<\/div>\n<div style=\"text-align: justify;\"><\/div>\n<div style=\"text-align: justify;\">Grupos de Trabalho:<\/div>\n<div style=\"text-align: justify;\">GT 1. Sistema Internacional, Moeda e Finan\u00e7as.<\/div>\n<div style=\"text-align: justify;\">GT 2. Geopol\u00edtica, Seguran\u00e7a e Desenvolvimento.<\/div>\n<div style=\"text-align: justify;\">GT 3. Integra\u00e7\u00e3o Regional.<\/div>\n<div style=\"text-align: justify;\">GT 4. Hegemonias, Contra-Hegemonias e Movimentos Antissist\u00eamicos.<\/div>\n<div style=\"text-align: justify;\">GT 5. Teoria e Hist\u00f3ria em Economia Pol\u00edtica Internacional<\/div>\n<div style=\"text-align: justify;\"><\/div>\n<div style=\"text-align: justify;\">Prazo para envio dos resumos: <b>16 de fevereiro de 2016.<\/b><\/div>\n<div style=\"text-align: justify;\"><\/div>\n<div style=\"text-align: justify;\">Informa\u00e7\u00f5es adicionais podem ser obtidas pelo site ou pelo email:<\/div>\n<div style=\"text-align: justify;\"><a href=\"http:\/\/enepiufrj.blogspot.com.br\/\">http:\/\/enepiufrj.blogspot.com.br\/<\/a><\/div>\n<div style=\"text-align: justify;\"><a href=\"https:\/\/www.facebook.com\/enepiufrj\/%C2%A0\" target=\"_blank\" rel=\"noopener\">https:\/\/www.facebook.com\/enepiufrj\/\u00a0<\/a><\/div>\n<div style=\"text-align: justify;\"><a href=\"mailto:enepi2016@gmail.com\">enepi2016@gmail.com<\/a><\/p>\n<p><i>Comiss\u00e3o organizadora do I ENEPI:<\/i><br \/>\nBruno Hendler<br \/>\nRicardo Zort\u00e9a<br \/>\nDaniel Kosinski<br \/>\nLucas Carames<br \/>\nH\u00e9lio Farias<br \/>\nFelipe Batista<br \/>\nPatr\u00edcia Vasconcellos<br \/>\nRafael Diniz<br \/>\nJo\u00e3o Miguel Villas-Boas<br \/>\nCarolina Fontes<br \/>\nFilipe Aguiar<br \/>\nAlana Camo\u00e7a<br \/>\nMarco Cec\u00edlio<br \/>\nFernando Teixeira<br \/>\nNikola Pa\u0159\u00edzkov\u00e1<br \/>\nGustavo Fornari Dall&#8217;Agnol<\/p>\n<p><i>Comiss\u00e3o cient\u00edfica do I ENEPI:<\/i><br \/>\nRaphael Padula<br \/>\nMaur\u00edcio Metri<br \/>\nDaniel Barreiros<br \/>\nIsabela Nogueira<br \/>\nClarice Vieira<br \/>\nCarlos Eduardo Martins<\/p>\n<\/div>\n","protected":false},"excerpt":{"rendered":"<p>\u00a0 \u00a0 I Encontro de Economia Pol\u00edtica Internacional (ENEPI): As din\u00e2micas de poder<\/p>\n","protected":false},"author":3,"featured_media":0,"comment_status":"closed","ping_status":"open","sticky":false,"template":"","format":"standard","meta":{"footnotes":""},"categories":[653],"tags":[],"class_list":["post-1759","post","type-post","status-publish","format-standard","hentry","category-volume2"],"_links":{"self":[{"href":"https:\/\/dialogosinternacionais.com.br\/index.php?rest_route=\/wp\/v2\/posts\/1759","targetHints":{"allow":["GET"]}}],"collection":[{"href":"https:\/\/dialogosinternacionais.com.br\/index.php?rest_route=\/wp\/v2\/posts"}],"about":[{"href":"https:\/\/dialogosinternacionais.com.br\/index.php?rest_route=\/wp\/v2\/types\/post"}],"author":[{"embeddable":true,"href":"https:\/\/dialogosinternacionais.com.br\/index.php?rest_route=\/wp\/v2\/users\/3"}],"replies":[{"embeddable":true,"href":"https:\/\/dialogosinternacionais.com.br\/index.php?rest_route=%2Fwp%2Fv2%2Fcomments&post=1759"}],"version-history":[{"count":2,"href":"https:\/\/dialogosinternacionais.com.br\/index.php?rest_route=\/wp\/v2\/posts\/1759\/revisions"}],"predecessor-version":[{"id":3065,"href":"https:\/\/dialogosinternacionais.com.br\/index.php?rest_route=\/wp\/v2\/posts\/1759\/revisions\/3065"}],"wp:attachment":[{"href":"https:\/\/dialogosinternacionais.com.br\/index.php?rest_route=%2Fwp%2Fv2%2Fmedia&parent=1759"}],"wp:term":[{"taxonomy":"category","embeddable":true,"href":"https:\/\/dialogosinternacionais.com.br\/index.php?rest_route=%2Fwp%2Fv2%2Fcategories&post=1759"},{"taxonomy":"post_tag","embeddable":true,"href":"https:\/\/dialogosinternacionais.com.br\/index.php?rest_route=%2Fwp%2Fv2%2Ftags&post=1759"}],"curies":[{"name":"wp","href":"https:\/\/api.w.org\/{rel}","templated":true}]}}