{"id":1760,"date":"2015-11-03T07:42:00","date_gmt":"2015-11-03T09:42:00","guid":{"rendered":"https:\/\/dialogosinternacionais.com.br\/?p=1760"},"modified":"2024-03-27T17:51:34","modified_gmt":"2024-03-27T20:51:34","slug":"participacao-das-mulheres-no-congresso-nacional","status":"publish","type":"post","link":"https:\/\/dialogosinternacionais.com.br\/?p=1760","title":{"rendered":"Participa\u00e7\u00e3o das mulheres no Congresso Nacional"},"content":{"rendered":"<div style=\"text-align: justify;\">Por Larissa Rosevics<\/div>\n<div style=\"text-align: justify;\"><\/div>\n<div style=\"text-align: justify;\"><\/div>\n<div style=\"text-align: justify;\">A reforma pol\u00edtica em curso no Congresso Nacional, uma das principais reivindica\u00e7\u00f5es das manifesta\u00e7\u00f5es populares dos \u00faltimos anos, at\u00e9 o momento, tem sido conduzida por propostas desapontadoras e aqu\u00e9m das reais necessidades de inclus\u00e3o e amplia\u00e7\u00e3o da participa\u00e7\u00e3o popular existentes no pa\u00eds. Um exemplo \u00e9 PEC 98\/2015, que estabelece cotas por g\u00eanero nas C\u00e2maras dos Deputados nas Assembleias Legislativas, na C\u00e2mara Legislativa do Distrito Federal e nas C\u00e2maras Municipais, de 10% nas elei\u00e7\u00f5es de 2016, 12% em 2018 e 16% nas elei\u00e7\u00f5es de 2020. A proposta, aprovada pelo Senado e encaminha \u00e0 C\u00e2mara de Deputados, tamb\u00e9m estabelece que, caso a percentagem m\u00ednima n\u00e3o seja atingida, as vagas dever\u00e3o ser preenchidas pelos candidatos com maior vota\u00e7\u00e3o nominal individual entre os partidos.<\/div>\n<div style=\"text-align: justify;\"><a name=\"more\"><\/a><\/div>\n<div style=\"text-align: justify;\">Dentre as institui\u00e7\u00f5es pol\u00edticos nacionais mais excludentes est\u00e1 o Congresso Nacional, composto majoritariamente por homens. Em uma sociedade em que as mulheres representam pouco mais de 50% da popula\u00e7\u00e3o, apenas 13 dos 81 cargos para o Senado s\u00e3o ocupados por mulheres, enquanto dos 513 cargos para Deputados federais, apenas 51 s\u00e3o mulheres. Ou seja, na pr\u00e1tica, os percentuais estabelecidos pela PEC est\u00e3o muito aqu\u00e9m das necessidades de inclus\u00e3o das mulheres nos legislativos federais, estaduais e municipais.<\/div>\n<div style=\"text-align: justify;\"><\/div>\n<div style=\"text-align: justify;\">Segundo dados da organiza\u00e7\u00e3o <i>Inter Parlamentary Union,<\/i> o Brasil \u00e9 o pa\u00eds mais desigual da Am\u00e9rica do Sul em rela\u00e7\u00e3o \u00e0 participa\u00e7\u00e3o das mulheres nos parlamentos nacionais e um dos mais desiguais do mundo. Em um ranking composto por 143 posi\u00e7\u00f5es, o Brasil ocupa a posi\u00e7\u00e3o n\u00famero 118, estando \u00e0 frente na Am\u00e9rica Latina apenas do Haiti (136) e de Belize (137). N\u00e3o \u00e9 de se espantar que, em um pa\u00eds com t\u00e3o baixa participa\u00e7\u00e3o de mulheres nos legislativos nacionais, debates importantes, como a descriminaliza\u00e7\u00e3o do aborto, estejam t\u00e3o atrasados.<\/div>\n<div style=\"text-align: justify;\"><\/div>\n<div style=\"text-align: justify;\"><\/div>\n<div style=\"text-align: center;\" align=\"center\">\n<div align=\"center\"><b><i>Participa\u00e7\u00e3o das mulheres nos parlamentos nacionais da Am\u00e9rica do Sul segundo ranking mundial<\/i><\/b><br \/>\n<b><i><br \/>\n<\/i><\/b><\/div>\n<div align=\"center\">\n<div align=\"center\">\n<table style=\"border-collapse: collapse; border: none; mso-border-bottom-alt: solid windowtext .5pt; mso-border-insideh: none; mso-border-insidev: none; mso-border-top-alt: solid windowtext .5pt; mso-padding-alt: 0cm 5.4pt 0cm 5.4pt; mso-yfti-tbllook: 1184;\" border=\"1\" cellspacing=\"0\" cellpadding=\"0\">\n<tbody>\n<tr style=\"height: 14.1pt; mso-yfti-firstrow: yes; mso-yfti-irow: 0;\">\n<td style=\"border-bottom: solid windowtext 1.0pt; border-left: none; border-right: none; border-top: solid windowtext 1.0pt; height: 14.1pt; mso-border-bottom-alt: solid windowtext .5pt; mso-border-top-alt: solid windowtext .5pt; padding: 0cm 5.4pt 0cm 5.4pt; width: 77.95pt;\" valign=\"top\" width=\"104\">\n<div style=\"text-align: center;\" align=\"center\">Coloca\u00e7\u00e3o<\/div>\n<\/td>\n<td style=\"border-bottom: solid windowtext 1.0pt; border-left: none; border-right: none; border-top: solid windowtext 1.0pt; height: 14.1pt; mso-border-bottom-alt: solid windowtext .5pt; mso-border-top-alt: solid windowtext .5pt; padding: 0cm 5.4pt 0cm 5.4pt; width: 77.95pt;\" valign=\"top\" width=\"104\">\n<div style=\"text-align: center;\" align=\"center\">Pa\u00eds<\/div>\n<\/td>\n<\/tr>\n<tr style=\"height: 14.1pt; mso-yfti-irow: 1;\">\n<td style=\"border: none; height: 14.1pt; mso-border-top-alt: solid windowtext .5pt; padding: 0cm 5.4pt 0cm 5.4pt; width: 77.95pt;\" valign=\"top\" width=\"104\">\n<div style=\"text-align: center;\" align=\"center\">2<\/div>\n<\/td>\n<td style=\"border: none; height: 14.1pt; mso-border-top-alt: solid windowtext .5pt; padding: 0cm 5.4pt 0cm 5.4pt; width: 77.95pt;\" valign=\"top\" width=\"104\">\n<div style=\"text-align: center;\" align=\"center\">Bol\u00edvia<\/div>\n<\/td>\n<\/tr>\n<tr style=\"height: 14.1pt; mso-yfti-irow: 2;\">\n<td style=\"border: none; height: 14.1pt; padding: 0cm 5.4pt 0cm 5.4pt; width: 77.95pt;\" valign=\"top\" width=\"104\">\n<div style=\"text-align: center;\" align=\"center\">9<\/div>\n<\/td>\n<td style=\"border: none; height: 14.1pt; padding: 0cm 5.4pt 0cm 5.4pt; width: 77.95pt;\" valign=\"top\" width=\"104\">\n<div style=\"text-align: center;\" align=\"center\">Equador<\/div>\n<\/td>\n<\/tr>\n<tr style=\"height: 14.1pt; mso-yfti-irow: 3;\">\n<td style=\"border: none; height: 14.1pt; padding: 0cm 5.4pt 0cm 5.4pt; width: 77.95pt;\" valign=\"top\" width=\"104\">\n<div style=\"text-align: center;\" align=\"center\">23<\/div>\n<\/td>\n<td style=\"border: none; height: 14.1pt; padding: 0cm 5.4pt 0cm 5.4pt; width: 77.95pt;\" valign=\"top\" width=\"104\">\n<div style=\"text-align: center;\" align=\"center\">Argentina<\/div>\n<\/td>\n<\/tr>\n<tr style=\"height: 14.1pt; mso-yfti-irow: 4;\">\n<td style=\"border: none; height: 14.1pt; padding: 0cm 5.4pt 0cm 5.4pt; width: 77.95pt;\" valign=\"top\" width=\"104\">\n<div style=\"text-align: center;\" align=\"center\">49<\/div>\n<\/td>\n<td style=\"border: none; height: 14.1pt; padding: 0cm 5.4pt 0cm 5.4pt; width: 77.95pt;\" valign=\"top\" width=\"104\">\n<div style=\"text-align: center;\" align=\"center\">Suriname<\/div>\n<\/td>\n<\/tr>\n<tr style=\"height: 14.1pt; mso-yfti-irow: 5;\">\n<td style=\"border: none; height: 14.1pt; padding: 0cm 5.4pt 0cm 5.4pt; width: 77.95pt;\" valign=\"top\" width=\"104\">\n<div style=\"text-align: center;\" align=\"center\">62<\/div>\n<\/td>\n<td style=\"border: none; height: 14.1pt; padding: 0cm 5.4pt 0cm 5.4pt; width: 77.95pt;\" valign=\"top\" width=\"104\">\n<div style=\"text-align: center;\" align=\"center\">Peru<\/div>\n<\/td>\n<\/tr>\n<tr style=\"height: 14.1pt; mso-yfti-irow: 6;\">\n<td style=\"border: none; height: 14.1pt; padding: 0cm 5.4pt 0cm 5.4pt; width: 77.95pt;\" valign=\"top\" width=\"104\">\n<div style=\"text-align: center;\" align=\"center\">74<\/div>\n<\/td>\n<td style=\"border: none; height: 14.1pt; padding: 0cm 5.4pt 0cm 5.4pt; width: 77.95pt;\" valign=\"top\" width=\"104\">\n<div style=\"text-align: center;\" align=\"center\">Col\u00f4mbia<\/div>\n<\/td>\n<\/tr>\n<tr style=\"height: 14.1pt; mso-yfti-irow: 7;\">\n<td style=\"border: none; height: 14.1pt; padding: 0cm 5.4pt 0cm 5.4pt; width: 77.95pt;\" valign=\"top\" width=\"104\">\n<div style=\"text-align: center;\" align=\"center\">87<\/div>\n<\/td>\n<td style=\"border: none; height: 14.1pt; padding: 0cm 5.4pt 0cm 5.4pt; width: 77.95pt;\" valign=\"top\" width=\"104\">\n<div style=\"text-align: center;\" align=\"center\">Venezuela<\/div>\n<\/td>\n<\/tr>\n<tr style=\"height: 14.1pt; mso-yfti-irow: 8;\">\n<td style=\"border: none; height: 14.1pt; padding: 0cm 5.4pt 0cm 5.4pt; width: 77.95pt;\" valign=\"top\" width=\"104\">\n<div style=\"text-align: center;\" align=\"center\">90<\/div>\n<\/td>\n<td style=\"border: none; height: 14.1pt; padding: 0cm 5.4pt 0cm 5.4pt; width: 77.95pt;\" valign=\"top\" width=\"104\">\n<div style=\"text-align: center;\" align=\"center\">Uruguai<\/div>\n<\/td>\n<\/tr>\n<tr style=\"height: 14.1pt; mso-yfti-irow: 9;\">\n<td style=\"border: none; height: 14.1pt; padding: 0cm 5.4pt 0cm 5.4pt; width: 77.95pt;\" valign=\"top\" width=\"104\">\n<div style=\"text-align: center;\" align=\"center\">92<\/div>\n<\/td>\n<td style=\"border: none; height: 14.1pt; padding: 0cm 5.4pt 0cm 5.4pt; width: 77.95pt;\" valign=\"top\" width=\"104\">\n<div style=\"text-align: center;\" align=\"center\">Chile<\/div>\n<\/td>\n<\/tr>\n<tr style=\"height: 14.1pt; mso-yfti-irow: 10;\">\n<td style=\"border: none; height: 14.1pt; padding: 0cm 5.4pt 0cm 5.4pt; width: 77.95pt;\" valign=\"top\" width=\"104\">\n<div style=\"text-align: center;\" align=\"center\">94<\/div>\n<\/td>\n<td style=\"border: none; height: 14.1pt; padding: 0cm 5.4pt 0cm 5.4pt; width: 77.95pt;\" valign=\"top\" width=\"104\">\n<div style=\"text-align: center;\" align=\"center\">Paraguai<\/div>\n<\/td>\n<\/tr>\n<tr style=\"height: 14.1pt; mso-yfti-irow: 11; mso-yfti-lastrow: yes;\">\n<td style=\"border-bottom: solid windowtext 1.0pt; border: none; height: 14.1pt; mso-border-bottom-alt: solid windowtext .5pt; padding: 0cm 5.4pt 0cm 5.4pt; width: 77.95pt;\" valign=\"top\" width=\"104\">\n<div style=\"text-align: center;\" align=\"center\"><u>118<\/u><\/div>\n<\/td>\n<td style=\"border-bottom: solid windowtext 1.0pt; border: none; height: 14.1pt; mso-border-bottom-alt: solid windowtext .5pt; padding: 0cm 5.4pt 0cm 5.4pt; width: 77.95pt;\" valign=\"top\" width=\"104\">\n<div style=\"text-align: center;\" align=\"center\"><u>Brasil<\/u><\/div>\n<\/td>\n<\/tr>\n<\/tbody>\n<\/table>\n<\/div>\n<\/div>\n<div align=\"center\"><\/div>\n<div align=\"center\">(IPU, 2015)<\/div>\n<\/div>\n<div style=\"text-align: center;\" align=\"center\"><\/div>\n<div style=\"text-align: justify;\">Na Am\u00e9rica Latina, os pa\u00edses que disp\u00f5e de leis de cotas de g\u00eanero para os cargos eleitorais s\u00e3o: Argentina, Bol\u00edvia, Brasil, Costa Rica, Equador, Honduras, M\u00e9xico, Panam\u00e1, Paraguai, Peru, Rep\u00fablica Dominicana e Venezuela (CEPAL). Na Argentina, a lei 24.012 de 1991 estabelece uma cota m\u00ednima de 30% de mulheres nas listas fechadas para cargos do legislativo a serem eleitos e com possibilidades de serem eleitas. Na Bol\u00edvia, a lei 1.983 de 1999 estabelece a obrigatoriedade de incluir no m\u00ednimo 30% de mulheres em todos os n\u00edveis de dire\u00e7\u00e3o partid\u00e1ria e nas candidaturas para cargos de representa\u00e7\u00e3o cidad\u00e3. No Equador, a lei de cotas faz parte de um conjunto de normas que regulamentam a lei de elei\u00e7\u00f5es, que estabelece at\u00e9 45% de cotas por g\u00eanero. J\u00e1 no Brasil, a lei n.9.504 de 1997 reserva o m\u00ednimo de 30% e no m\u00e1ximo 70% para candidaturas de cada sexo.<\/div>\n<div style=\"text-align: justify;\"><\/div>\n<div style=\"text-align: justify;\">Para Htun (2001), o sucesso da lei de cotas est\u00e1 na engenharia institucional adotada por cada pa\u00eds. Na Argentina, a reserva de 30% para candidatas mulheres funciona devido ao sistema pol\u00edtico a partir de lista partid\u00e1ria fechada. No Brasil, al\u00e9m do sistema eleitoral n\u00e3o favorecer a elei\u00e7\u00e3o das mulheres candidatas, n\u00e3o h\u00e1 uma fiscaliza\u00e7\u00e3o eficiente que garanta o cumprimento da lei de reserva m\u00ednima de candidatas, por isso a import\u00e2ncia de uma lei de cotas mais eficiente e eficaz.<\/div>\n<div style=\"text-align: justify;\"><\/div>\n<div style=\"text-align: justify;\"><\/div>\n<div style=\"text-align: justify;\"><b>Refer\u00eancias:<\/b><\/div>\n<div style=\"text-align: justify;\"><\/div>\n<div style=\"text-align: justify;\">CEPAL.\u00a0<i>Observat\u00f3rio da igualdade de g\u00eanero da Am\u00e9rica Latina e Caribe<\/i>. Dispon\u00edvel em:\u00a0<a href=\"http:\/\/www.cepal.org\/oig\/\">http:\/\/www.cepal.org\/oig\/<\/a><\/div>\n<div style=\"text-align: justify;\"><\/div>\n<div style=\"text-align: justify;\">Inter Parlamentary Union. <i>Women in national parliaments. <\/i>Dispon\u00edvel em : <span lang=\"EN-US\"><span lang=\"PT-BR\"><a href=\"http:\/\/www.ipu.org\/wmn-e\/classif.htm\">http:\/\/www.ipu.org\/wmn-e\/classif.htm<\/a><\/span><\/span><\/div>\n<div style=\"text-align: justify;\"><\/div>\n<div style=\"text-align: justify;\">HTUN, Mala. A pol\u00edtica de cotas na Am\u00e9rica Latina. <i>Estudos Feministas,<\/i>ano 9, 2001, p. 225-230.<\/div>\n<div style=\"text-align: justify;\"><\/div>\n<div style=\"text-align: justify;\">PROPOSTA DE EMENDA CONSTITICIONAL N.98, DE 2015. Dispon\u00edvel em:\u00a0<a href=\"http:\/\/www25.senado.leg.br\/web\/atividade\/materias\/-\/materia\/122308\">http:\/\/www25.senado.leg.br\/web\/atividade\/materias\/-\/materia\/122308<\/a><\/div>\n<div style=\"text-align: justify;\"><\/div>\n<div style=\"text-align: justify;\">RESENDE, Roberta; NICOL\u00c1S, Maria Alejandra; ROSEVICS, Larissa. An\u00e1lise da participa\u00e7\u00e3o pol\u00edtica feminina nas Assembleias Legislativas da regi\u00e3o sul do Brasil (1998-2006). <i>Revista Latino-Americana de Geografia e G\u00eanero, <\/i>v.1, n.2, ago\/dez 2010, p.254-269.<\/div>\n","protected":false},"excerpt":{"rendered":"<p>Por Larissa Rosevics A reforma pol\u00edtica em curso no Congresso Nacional, uma das<\/p>\n","protected":false},"author":3,"featured_media":0,"comment_status":"closed","ping_status":"open","sticky":false,"template":"","format":"standard","meta":{"footnotes":""},"categories":[653],"tags":[],"class_list":["post-1760","post","type-post","status-publish","format-standard","hentry","category-volume2"],"_links":{"self":[{"href":"https:\/\/dialogosinternacionais.com.br\/index.php?rest_route=\/wp\/v2\/posts\/1760","targetHints":{"allow":["GET"]}}],"collection":[{"href":"https:\/\/dialogosinternacionais.com.br\/index.php?rest_route=\/wp\/v2\/posts"}],"about":[{"href":"https:\/\/dialogosinternacionais.com.br\/index.php?rest_route=\/wp\/v2\/types\/post"}],"author":[{"embeddable":true,"href":"https:\/\/dialogosinternacionais.com.br\/index.php?rest_route=\/wp\/v2\/users\/3"}],"replies":[{"embeddable":true,"href":"https:\/\/dialogosinternacionais.com.br\/index.php?rest_route=%2Fwp%2Fv2%2Fcomments&post=1760"}],"version-history":[{"count":2,"href":"https:\/\/dialogosinternacionais.com.br\/index.php?rest_route=\/wp\/v2\/posts\/1760\/revisions"}],"predecessor-version":[{"id":3064,"href":"https:\/\/dialogosinternacionais.com.br\/index.php?rest_route=\/wp\/v2\/posts\/1760\/revisions\/3064"}],"wp:attachment":[{"href":"https:\/\/dialogosinternacionais.com.br\/index.php?rest_route=%2Fwp%2Fv2%2Fmedia&parent=1760"}],"wp:term":[{"taxonomy":"category","embeddable":true,"href":"https:\/\/dialogosinternacionais.com.br\/index.php?rest_route=%2Fwp%2Fv2%2Fcategories&post=1760"},{"taxonomy":"post_tag","embeddable":true,"href":"https:\/\/dialogosinternacionais.com.br\/index.php?rest_route=%2Fwp%2Fv2%2Ftags&post=1760"}],"curies":[{"name":"wp","href":"https:\/\/api.w.org\/{rel}","templated":true}]}}