{"id":1761,"date":"2015-10-26T09:00:00","date_gmt":"2015-10-26T11:00:00","guid":{"rendered":"https:\/\/dialogosinternacionais.com.br\/?p=1761"},"modified":"2024-03-27T17:51:16","modified_gmt":"2024-03-27T20:51:16","slug":"sobre-a-falta-de-rumo-momento-de-questionamento-e-reflexao","status":"publish","type":"post","link":"https:\/\/dialogosinternacionais.com.br\/?p=1761","title":{"rendered":"Sobre a falta de rumo &#8211; momento de questionamento e reflex\u00e3o&#8230;"},"content":{"rendered":"<div style=\"clear: both; text-align: center;\"><\/div>\n<div style=\"clear: both; text-align: justify;\">O mesmo tempo de hoje que passa apressado tem demandado momentos de reflex\u00e3o mais aprofundada e demorada. Paradoxo.<\/div>\n<div style=\"clear: both; text-align: justify;\"><\/div>\n<div>\n<div><\/div>\n<div style=\"text-align: justify;\">O termo desilus\u00e3o tamb\u00e9m \u00e9 interessante, pois significa a n\u00e3o realiza\u00e7\u00e3o de uma ilus\u00e3o. Iludidos sofrem desilus\u00e3o. Descrentes n\u00e3o sofrem. N\u00e3o projetam.<\/div>\n<div style=\"text-align: justify;\"><\/div>\n<div style=\"text-align: justify;\">Pressa iludida ou desilus\u00e3o aprofundada. A escolha \u00e9 do fregu\u00eas.<\/div>\n<div style=\"text-align: justify;\"><a name=\"more\"><\/a><\/div>\n<div style=\"text-align: justify;\">O sentimento confuso que hoje se chama \u201ccrise\u201d \u00e9 culpa de quase tudo, desde o pre\u00e7o do p\u00e3o ao celular, ambos estratosf\u00e9ricos. Passa ainda pela gasolina, pelo furac\u00e3o, pela viol\u00eancia&#8230; Ou seja, a famosa bengala, desculpa que chamar\u00edamos de \u201cesfarrapada\u201d&#8230; Sabe aquele farrapo de pano, gasto e transparente, sem fios \u00edntegros e com tramas que se desfazem ao toque&#8230; esse \u00e9 o nosso cen\u00e1rio de crise&#8230;<\/div>\n<div style=\"text-align: justify;\"><\/div>\n<div style=\"text-align: justify;\">Contradit\u00f3rio at\u00e9.<\/div>\n<div style=\"text-align: justify;\"><\/div>\n<div style=\"text-align: justify;\">H\u00e1 crise ou ela \u00e9 uma desculpa? As duas coisas. Sempre houve. Sempre haver\u00e1. Relembrem que o solucionar das crises numa hist\u00f3ria narrativa \u00e9 o in\u00edcio do fim. Depois de tudo resolvido n\u00e3o pode ter hist\u00f3ria, n\u00e3o h\u00e1 mais gra\u00e7a ou interesse.<\/div>\n<div style=\"text-align: justify;\"><\/div>\n<div style=\"text-align: justify;\">Ou seja, a crise n\u00e3o \u00e9 o fim. A crise nem mesmo \u00e9 o in\u00edcio. A nossa crise se parece muito com as novelas da maior emissora de televis\u00e3o&#8230; \u00c9 muito interessante, bem produzida, tem efeitos especiais, tem cobertura 24hrs, os atores s\u00e3o muito bem pagos, as tramas envolventes, a hist\u00f3ria bem escrita, todo mundo acompanha para saber o que vai acontecer, alguns torcem at\u00e9 para o vil\u00e3o reproduzir a banana do Marco Aur\u00e9lio&#8230; e \u00e9 o que em geral acontece.<\/div>\n<div style=\"text-align: justify;\"><\/div>\n<div style=\"text-align: justify;\">Sim, a crise tem complica\u00e7\u00f5es imediatas no nosso cotidiano, sobretudo na influ\u00eancia da raz\u00e3o. D\u00e1 medo. Medo da incerteza, da escassez, do futuro&#8230;<\/div>\n<div style=\"text-align: justify;\"><\/div>\n<div style=\"text-align: justify;\">Os abastados t\u00eam medo de perder o lucro do investimento, ou seja, perder o que n\u00e3o existe, mas era certo existir&#8230; o famoso topo da cadeia rentista&#8230; de resto&#8230; n\u00e3o importa muito o resto&#8230;<\/div>\n<div style=\"text-align: justify;\"><\/div>\n<div style=\"text-align: justify;\">O remediado e o pobre tem os mesmos medos, por motiva\u00e7\u00f5es diferentes.<\/div>\n<div style=\"text-align: justify;\"><\/div>\n<div style=\"text-align: justify;\">O primeiro tem medo de pagar mais imposto e diz n\u00e3o ter de volta em bens e servi\u00e7os o valor pago. N\u00e3o pergunte que servi\u00e7os exatamente ele usa, pois n\u00e3o sabe. Luz, \u00e1gua, telefonia, internet, plano de sa\u00fade, cart\u00f3rio de registro de im\u00f3veis, creche, escola, transporte&#8230; tudo isso s\u00e3o servi\u00e7os pagos ou concess\u00f5es para setores privados. O ar continua p\u00fablico e gratuito&#8230; por enquanto.<\/div>\n<div style=\"text-align: justify;\"><\/div>\n<div style=\"text-align: justify;\">O remediado tem medo do d\u00f3lar inviabilizar a ida pela 13\u00aa vez na Disney e, claro, fazer compras em Miami, que \u00e9 muito mais barato!!!<\/div>\n<div style=\"text-align: justify;\"><\/div>\n<div style=\"text-align: justify;\">O remediado reclama de pagar os direitos das empregadas dom\u00e9sticas e d\u00e3o 5 vezes o FGTS delas em mesadas para seus filhos comerem no McDonalds.<\/div>\n<div style=\"text-align: justify;\"><\/div>\n<div style=\"text-align: justify;\">O remediado reclama do bolsa fam\u00edlia do PT, bradando que sustenta vagabundo, mas quando o PSDB reivindica que os aux\u00edlios dados s\u00e3o a unifica\u00e7\u00e3o de pagamentos que j\u00e1 eram dados, batem palma.<\/div>\n<div style=\"text-align: justify;\"><\/div>\n<div style=\"text-align: justify;\">O remediado reclama do governo e vota para cada esfera em um partido diferente.<\/div>\n<div style=\"text-align: justify;\"><\/div>\n<div style=\"text-align: justify;\">O remediado n\u00e3o reflete. N\u00e3o reflete porque \u201ccompra a comida pronta no supermercado\u201d, ou seja, aceita o que ouve, v\u00ea e l\u00ea, sem fazer uma autocr\u00edtica, sem pensar na pr\u00f3pria participa\u00e7\u00e3o na sociedade que muitos preferem ver pelas costas. \u201cSe pudesse, me mudaria desse pa\u00eds infernal\u201d, eu escuto&#8230; Podem de fato&#8230; mas n\u00e3o percebo que est\u00e3o se mudando&#8230; quem sabe essa n\u00e3o seja a hora&#8230;<\/div>\n<div style=\"text-align: justify;\"><\/div>\n<div style=\"text-align: justify;\">O pobre tem medo do imposto tamb\u00e9m&#8230; de que se aumentar o imposto, o patr\u00e3o pode n\u00e3o conseguir ganhar tanto dinheiro quanto gostaria e pode demiti-lo para perfazer o lucro pretendido.<\/div>\n<div style=\"text-align: justify;\"><\/div>\n<div style=\"text-align: justify;\">Medo do d\u00f3lar subir e a patroa ter que demiti-lo para ir a tal da 13\u00aa vez para a Disney.<\/div>\n<div style=\"text-align: justify;\"><\/div>\n<div style=\"text-align: justify;\">Medo de aumentar o pre\u00e7o dos alimentos, com isso do BigMac, e o patr\u00e3o ter que demiti-lo para<\/div>\n<div style=\"text-align: justify;\">conseguir dar o mesmo dinheiro para o filho lanchar.<\/div>\n<div style=\"text-align: justify;\"><\/div>\n<div style=\"text-align: justify;\">Medo de aumentar a infla\u00e7\u00e3o, de reduzir o sal\u00e1rio, de perder benef\u00edcios.<\/div>\n<div style=\"text-align: justify;\"><\/div>\n<div style=\"text-align: justify;\">O pobre tamb\u00e9m tem reclamado do governo&#8230; do partido do governo&#8230; uma pena a mem\u00f3ria n\u00e3o retroceder \u00e0 d\u00e9cada de noventa.<\/div>\n<div style=\"text-align: justify;\"><\/div>\n<div style=\"text-align: justify;\">A necessidade do pobre \u00e9 a mesma, juntar dinheiro para um plano de vida \u00a0tal como o patr\u00e3o. Com ele pensa-se em lazer, como a patroa. Com ele se d\u00e1 de comer aos filhos, que agora podem tamb\u00e9m estudar e sonhar (por outras raz\u00f5es levadas a cabo pelo tal governo abomin\u00e1vel). Em outras palavras, que poder\u00e3o um dia consumir como o rico consome&#8230; o que parece ser o objetivo final&#8230;<\/div>\n<div style=\"text-align: justify;\"><\/div>\n<div style=\"text-align: justify;\">Sim. H\u00e1 um problema (h\u00e1 MUITOS, voc\u00eas me corrigir\u00e3o) eu diria que o maior deles \u00e9 a desigualdade. N\u00e3o s\u00f3 de dinheiro\/renda, como de oportunidade. N\u00e3o s\u00f3 de raz\u00e3o, como de sentimento. N\u00e3o s\u00f3 de sabedoria, como de reflex\u00e3o.<\/div>\n<div style=\"text-align: justify;\"><\/div>\n<div style=\"text-align: justify;\">A verdade, se houver, por\u00e9m, \u00e9 uma s\u00f3. Ningu\u00e9m ainda descobriu como, eficientemente, conduzir um processo reverso de saneamento das desigualdades. Ningu\u00e9m ainda teve a coragem de enfrentar a fundo a causa. De levar a s\u00e9rio um programa de mobiliza\u00e7\u00e3o eficiente de recursos de forma completa. N\u00e3o, desculpa, ningu\u00e9m. Nem quem teve a oportunidade.<\/div>\n<div style=\"text-align: justify;\"><\/div>\n<div><\/div>\n<div style=\"text-align: justify;\">Economistas, soci\u00f3logos, historiadores, juristas e afins v\u00e3o continuar s\u00e9culo ap\u00f3s s\u00e9culo vendo seus lados do dodecaedro (moeda tem dois lados s\u00f3&#8230; muito pouco)&#8230; talvez o mote seja continuar assim, talvez seja para isso que estamos aqui&#8230; outra coisa que ningu\u00e9m conseguiu responder (os gregos ao menos se perguntavam).<\/div>\n<div style=\"text-align: justify;\"><\/div>\n<div style=\"text-align: justify;\">Hoje a maioria das pessoas n\u00e3o pergunta mais&#8230; uma pena&#8230;<\/div>\n<div style=\"text-align: justify;\"><\/div>\n<div style=\"text-align: justify;\">Sugest\u00e3o gratuita 1: procure quem questione e questione criticamente&#8230; quem sabe surge uma resposta&#8230;<\/div>\n<div style=\"text-align: justify;\"><\/div>\n<div style=\"text-align: justify;\">Sugest\u00e3o gratuita 2: ler os \u00f3timos artigos do livro \u201cBrasil, sociedade em movimento\u201d, rec\u00e9m- editado pelo Centro Celso Furtado, em comemora\u00e7\u00e3o aos 10 anos de atividades, e pela Paz e Terra.<\/div>\n<div style=\"text-align: justify;\"><\/div>\n<div style=\"text-align: justify;\">(N\u00e3o \u00e9 um texto pessimista&#8230; o autor cr\u00ea que \u00e9 poss\u00edvel, claro que n\u00e3o sabe como, mas acha infame e hip\u00f3crita nos mantermos nas mesmas discuss\u00f5es acr\u00edticas)<\/div>\n<\/div>\n","protected":false},"excerpt":{"rendered":"<p>O mesmo tempo de hoje que passa apressado tem demandado momentos de reflex\u00e3o<\/p>\n","protected":false},"author":3,"featured_media":0,"comment_status":"closed","ping_status":"open","sticky":false,"template":"","format":"standard","meta":{"footnotes":""},"categories":[653],"tags":[],"class_list":["post-1761","post","type-post","status-publish","format-standard","hentry","category-volume2"],"_links":{"self":[{"href":"https:\/\/dialogosinternacionais.com.br\/index.php?rest_route=\/wp\/v2\/posts\/1761","targetHints":{"allow":["GET"]}}],"collection":[{"href":"https:\/\/dialogosinternacionais.com.br\/index.php?rest_route=\/wp\/v2\/posts"}],"about":[{"href":"https:\/\/dialogosinternacionais.com.br\/index.php?rest_route=\/wp\/v2\/types\/post"}],"author":[{"embeddable":true,"href":"https:\/\/dialogosinternacionais.com.br\/index.php?rest_route=\/wp\/v2\/users\/3"}],"replies":[{"embeddable":true,"href":"https:\/\/dialogosinternacionais.com.br\/index.php?rest_route=%2Fwp%2Fv2%2Fcomments&post=1761"}],"version-history":[{"count":2,"href":"https:\/\/dialogosinternacionais.com.br\/index.php?rest_route=\/wp\/v2\/posts\/1761\/revisions"}],"predecessor-version":[{"id":3063,"href":"https:\/\/dialogosinternacionais.com.br\/index.php?rest_route=\/wp\/v2\/posts\/1761\/revisions\/3063"}],"wp:attachment":[{"href":"https:\/\/dialogosinternacionais.com.br\/index.php?rest_route=%2Fwp%2Fv2%2Fmedia&parent=1761"}],"wp:term":[{"taxonomy":"category","embeddable":true,"href":"https:\/\/dialogosinternacionais.com.br\/index.php?rest_route=%2Fwp%2Fv2%2Fcategories&post=1761"},{"taxonomy":"post_tag","embeddable":true,"href":"https:\/\/dialogosinternacionais.com.br\/index.php?rest_route=%2Fwp%2Fv2%2Ftags&post=1761"}],"curies":[{"name":"wp","href":"https:\/\/api.w.org\/{rel}","templated":true}]}}