{"id":1764,"date":"2015-09-15T17:28:00","date_gmt":"2015-09-15T20:28:00","guid":{"rendered":"https:\/\/dialogosinternacionais.com.br\/?p=1764"},"modified":"2024-03-27T17:50:23","modified_gmt":"2024-03-27T20:50:23","slug":"portunhol-a-ponte-entre-o-brasil-e-a-america-latina-texto-portugues-espanol","status":"publish","type":"post","link":"https:\/\/dialogosinternacionais.com.br\/?p=1764","title":{"rendered":"Portunhol: a ponte entre o Brasil e a Am\u00e9rica Latina \u2013 texto portugu\u00eas\/espa\u00f1ol"},"content":{"rendered":"<div style=\"text-align: justify;\">Por Wesley S.T Guerra do <a href=\"https:\/\/nemrisp.wordpress.com\/\" target=\"_blank\" rel=\"noopener\">NEMRI<\/a><\/div>\n<div style=\"text-align: justify;\">Publicado originalmente em <a href=\"https:\/\/nemrisp.wordpress.com\/2015\/09\/02\/portunhol-a-ponte-entre-o-brasil-e-a-america-latina-texto-portuguesespanol\/\" target=\"_blank\" rel=\"noopener\">02\/09\/2015 pelo Blog NEMRI\/ FESPSP<\/a><\/p>\n<\/div>\n<div style=\"text-align: justify;\"><\/div>\n<div style=\"text-align: justify;\">J\u00e1 desde a coloniza\u00e7\u00e3o o Brasil se diferenciou do resto da Am\u00e9rica Latina por ser um territ\u00f3rio portugu\u00eas rodeado pelo dom\u00ednio espanhol; certo que o pa\u00eds tamb\u00e9m teve parte de seu territ\u00f3rio invadido por holandeses e franceses e uma grande parte do Brasil pertencia a Espanha conforme o Tratado de Tordesilhas, mas a presen\u00e7a portuguesa foi t\u00e3o marcante que o Brasil se identificava mais com a metr\u00f3pole que com os territ\u00f3rios vizinhos.<\/div>\n<div style=\"text-align: justify;\"><a name=\"more\"><\/a><\/div>\n<div style=\"text-align: justify;\">A vinda da fam\u00edlia real portuguesa tamb\u00e9m foi outro diferencial do Brasil, em quanto grande parte dos pa\u00edses latinos lutavam pela sua independ\u00eancia e constitu\u00edam as primeiras republicas do continente, o Brasil se transformou em um reino, sendo o Rio de Janeiro a \u00fanica capital de um Imp\u00e9rio Europeu fora da Europa e posteriormente uma monarquia fora do velho continente.<\/div>\n<div style=\"text-align: justify;\"><\/div>\n<div style=\"text-align: justify;\">A aproxima\u00e7\u00e3o do Brasil a Am\u00e9rica Latina foi lenta, o pa\u00eds n\u00e3o participou das primeiras confer\u00eancias nem via com bons olhos as articula\u00e7\u00f5es entre os pa\u00edses do continente e as tentativas de integra\u00e7\u00e3o tais como a Doutrina Monroe, o Bolivarianismo e o Panamericanismo. A diplomacia brasileira esteve centrada na Europa (Portugal e Reino Unido) e posteriormente nos Estados Unidos havendo momentos no qual este alinhamento oscilou ao longo da hist\u00f3ria. A rela\u00e7\u00e3o com os pa\u00edses latinos foi surgindo aos poucos, principalmente com a Argentina e o M\u00e9xico no per\u00edodo no qual o alinhamento com os Estados Unidos se debilitou e a diplomacia brasileira adotou uma postura mais aberta. Por outro lado os pa\u00edses latinos foram aos poucos adquirindo maior representatividade no panorama pol\u00edtico e econ\u00f4mico mundial, prova disso \u00e9 a cria\u00e7\u00e3o da CEPAL. O Brasil buscou a lideran\u00e7a regional se consolidando no continente como l\u00edder dos pa\u00edses latinos, lideran\u00e7a esta ora forte ora bastante t\u00eanue, sendo a diplomacia brasileira a principal estrat\u00e9gia do governo na regi\u00e3o, j\u00e1 a rela\u00e7\u00e3o real entre o Brasil e os pa\u00edses vizinhos sempre foi bastante apagada, sendo reservada \u00e1 esfera pol\u00edtica e diplom\u00e1tica.<\/div>\n<div style=\"text-align: justify;\"><\/div>\n<div style=\"text-align: justify;\">A abertura ao com\u00e9rcio exterior e a cria\u00e7\u00e3o do Mercosul em 1991 e finalmente do UNASUL (2008) \u00a0promoveu uma maior proximidade entre os pa\u00edses e um maior interc\u00e2mbio comercial e cultural.<\/div>\n<div style=\"text-align: justify;\"><\/div>\n<div style=\"text-align: justify;\">Aos poucos os brasileiros v\u00e3o conhecendo esses desconhecidos vizinhos de longa data cuja rela\u00e7\u00e3o anteriormente se dava apenas na esfera da pol\u00edtica e da diplomacia e se surpreendem ao ver as fortes semelhan\u00e7as que existem entre os pa\u00edses latinos e o Brasil, os mesmos problemas, inquietudes e oportunidades.<\/div>\n<div style=\"text-align: justify;\"><\/div>\n<div style=\"text-align: justify;\">O turismo brasileiro na Am\u00e9rica Latina cresceu vertiginosamente nos \u00faltimos 15 anos, promovendo uma aproxima\u00e7\u00e3o a pa\u00edses como Peru, Uruguai, Chile, Col\u00f4mbia, Panam\u00e1, M\u00e9xico, Costa Rica, Cuba e Argentina (Sendo est\u00e1 o 2\u00ba maior destino Brasileiro).<\/div>\n<div style=\"text-align: justify;\"><\/div>\n<div style=\"text-align: justify;\">Ainda assim menos de 2% da popula\u00e7\u00e3o Brasileira fala espanhol, embora existam importantes comunidades latinas no Brasil tais como: peruanos, bolivianos, venezuelanos, paraguaios, argentinos e uruguaios. O Brasileiro m\u00e9dio prioriza o estudo do ingl\u00eas antes do espanhol o que mostra o t\u00e3o profundo que \u00e9 esse abismo hist\u00f3rico entre as rela\u00e7\u00f5es do Brasil com o resto da Am\u00e9rica Latina, principalmente se pensamos que a Espanha \u00e9 o 2\u00ba maior s\u00f3cio do Brasil e que o Mercosul representa uma fatia importante para as importa\u00e7\u00f5es e exporta\u00e7\u00f5es brasileiras.<\/div>\n<div style=\"text-align: justify;\"><\/div>\n<div style=\"text-align: justify;\">Nesse panorama, uma comunidade expressiva de falantes faz a ponte entre o Brasil e o resto da Am\u00e9rica Latina, s\u00e3o os falantes do Portunhol, uma mistura de portugu\u00eas e espanhol que se consolidou nas \u00e1reas de fronteira principalmente a do Uruguai, havendo hoje um projeto do Minist\u00e9rio de Educa\u00e7\u00e3o e Cultura do Uruguai para que o dialeto seja reconhecido como patrim\u00f4nio cultural pela Unesco; o portunhol tamb\u00e9m j\u00e1 foi defendido por escritores como o Nobel de Literatura Saramago, mas este relacionado ao Iberismo e a uni\u00e3o entre Portugal e Espanha. \u00a0O portunhol \u00e9 a prova que sempre \u00e9 poss\u00edvel criar pontes e gerar entendimento, quando existe vontade e coopera\u00e7\u00e3o, sendo esta uma li\u00e7\u00e3o para todo o Brasil como na\u00e7\u00e3o LATINA.<\/div>\n<div style=\"text-align: justify;\"><\/div>\n<div style=\"text-align: justify;\"><\/div>\n<div style=\"text-align: justify;\">VERSI\u00d3N EN ESPA\u00d1OL<\/div>\n<div style=\"text-align: justify;\"><\/div>\n<div style=\"text-align: justify;\">Brasil siempre fue visto como el hermano raro en Am\u00e9rica Latina, a pesar de que no sea el \u00fanico pa\u00eds que habla otro idioma que no sea el castellano (al final el franc\u00e9s tambi\u00e9n es hablado y existen en el continente otras lenguas no latinas como el Ingl\u00e9s y el Holand\u00e9s) el pasado hist\u00f3rico de Brasil siempre fue marcado por la distancia en relaci\u00f3n a los dem\u00e1s pa\u00edses.<\/div>\n<div style=\"text-align: justify;\"><\/div>\n<div style=\"text-align: justify;\">Ya desde la colonizaci\u00f3n Brasil se distingui\u00f3 del resto de Latinoam\u00e9rica por ser un territorio portugu\u00e9s rodeado por el dominio espa\u00f1ol; cierto que el pa\u00eds tambi\u00e9n tuvo parte de su territorio invadido por los holandeses y franceses y una gran parte de Brasil pertenec\u00eda a Espa\u00f1a conforme el Tratado de Tordesillas, pero la presencia portuguesa fue tan importante que Brasil se identificaba m\u00e1s con la metr\u00f3polis que con los territorios vecinos.<\/div>\n<div style=\"text-align: justify;\"><\/div>\n<div style=\"text-align: justify;\">La llegada da familia real portuguesa tambi\u00e9n fue otra diferencia de Brasil, mientras que gran parte de los pa\u00edses latinos luchaban por su independencia y constitu\u00edan las primeras republicas del continente, Brasil se transform\u00f3 en un reino, siendo \u00a0Rio de Janeiro la \u00fanica capital de un Imperio Europeo fuera da Europa y posteriormente sede de una monarqu\u00eda fuera del viejo continente.<\/div>\n<div style=\"text-align: justify;\"><\/div>\n<div style=\"text-align: justify;\">La aproximaci\u00f3n de Brasil y Am\u00e9rica latina fue lenta, el pa\u00eds no particip\u00f3 de las primeras conferencias ni ve\u00eda con buenos ojos las articulaciones entre los pa\u00edses del continente y los intentos de integraci\u00f3n tales como la Doctrina Monroe, el Bolivarianismo y el Panamericanismo. La diplomacia y pol\u00edtica brasile\u00f1a estaba centrada en Europa (Portugal y Reino Unido) y posteriormente en los Estados Unidos habiendo momentos en los cuales ese alineamiento oscil\u00f3 a lo largo de la historia. La relaci\u00f3n con los pa\u00edses latinos fue surgiendo a los pocos, principalmente con a Argentina y M\u00e9xico en el per\u00edodo en el que el alineamiento con los Estados Unidos se debilit\u00f3 y la diplomacia brasile\u00f1a adopt\u00f3 una postura m\u00e1s abierta. Por otro lado los pa\u00edses latinos fueran poco a pouco adquiriendo mayor representatividad en el panorama pol\u00edtico y econ\u00f3mico mundial, prueba de ello es la creaci\u00f3n de CEPAL. Brasil busc\u00f3 el liderazgo regional consolid\u00e1ndose en el continente como l\u00edder de los pa\u00edses latinos, liderazgo este algunas veces fuerte otras bastante tenue, siendo la diplomacia brasile\u00f1a la principal estrategia del gobierno en la regi\u00f3n, ya la relaci\u00f3n real entre Brasil y los pa\u00edses vecinos siempre fueron bastante apagadas, siendo reservada a la esfera pol\u00edtica y diplom\u00e1tica.<\/div>\n<div style=\"text-align: justify;\"><\/div>\n<div style=\"text-align: justify;\">La apertura al comercio exterior y la creaci\u00f3n del Mercosur en 1991 y finalmente del UNASUR (2008) \u00a0produjo una mayor proximidad entre los pa\u00edses y un mayor intercambio comercial y cultural.<\/div>\n<div style=\"text-align: justify;\"><\/div>\n<div style=\"text-align: justify;\">A los pocos los brasile\u00f1os van conociendo a esos desconocidos vecinos de hace tiempo cuya relaci\u00f3n anteriormente era apenas en la esfera pol\u00edtica y diplom\u00e1tica y \u00a0se sorprenden al ver as fuertes semejanzas que existen entre los pa\u00edses latinos y Brasil, los mismos problemas, inquietudes y oportunidades.<\/div>\n<div style=\"text-align: justify;\"><\/div>\n<div style=\"text-align: justify;\">El turismo brasileiro en Am\u00e9rica Latina creci\u00f3 vertiginosamente en los \u00faltimos 15 a\u00f1os, promoviendo una aproximaci\u00f3n a pa\u00edses como Per\u00fa, Uruguay, Chile, Colombia, Panam\u00e1, M\u00e9xico, Costa Rica, Cuba y Argentina (Siendo est\u00e1 el 2\u00ba mayor destino Brasile\u00f1o).<\/div>\n<div style=\"text-align: justify;\"><\/div>\n<div style=\"text-align: justify;\">A\u00fan as\u00ed menos del 2% de la poblaci\u00f3n brasile\u00f1a habla castellano, aunque existan importantes comunidades latinas en Brasil tales como: peruanos, bolivianos, venezolanos, paraguayos, argentinos y uruguayos. El Brasile\u00f1o medio prioriza estudiar ingl\u00e9s antes del castellano lo que demuestra lo profundidad que existe en ese abismo hist\u00f3rico entre las relaciones de Brasil con el resto de Am\u00e9rica Latina, principalmente si pensamos que Espa\u00f1a es la 2\u00ba mayor socia econ\u00f3mica de Brasil y que el Mercosul representa una parcela importante para las importaciones y exportaciones brasile\u00f1as.<\/div>\n<div style=\"text-align: justify;\"><\/div>\n<div style=\"text-align: justify;\">En ese panorama, una comunidad expresiva de hablantes forma un puente entre \u00a0Brasil y el resto de Latino Am\u00e9rica, son los hablantes del Portu\u00f1ol, una mezcla del portugu\u00e9s y espa\u00f1ol (castellano) que se consolid\u00f3 en las \u00e1reas de frontera principalmente de Uruguay, habiendo hoy un proyecto del Ministerio de Educaci\u00f3n y Cultura de Uruguay para que el dialecto sea reconocido como patrimonio cultural por la Unesco; el portu\u00f1ol ya fue defendido por grandes personalidades como el escritor y ganador del Nobel Saramago, pero este est\u00e1 ligado al Iberismo y la uni\u00f3n entre Espa\u00f1a y Portugal. \u00a0El portu\u00f1ol es la prueba de que siempre es posible crear puentes y generar comprensi\u00f3n, cuando existe voluntad y colaboraci\u00f3n, siendo esta una lecci\u00f3n para todo \u00a0Brasil como naci\u00f3n LATINA.<\/div>\n<div style=\"text-align: justify;\"><\/div>\n<div style=\"text-align: justify;\"><\/div>\n<div style=\"text-align: justify;\"><b>Fontes\/Fuentes:<\/b><\/div>\n<div style=\"text-align: justify;\"><\/div>\n<div style=\"text-align: justify;\">SANTOS, Theotonio. <i>Doutrina Monroe vs. Bolivarismo,<\/i> 2013, Rio de Janeiro.<\/div>\n<div style=\"text-align: justify;\"><\/div>\n<div style=\"text-align: justify;\">GLOBO, Karla. <i>As mudan\u00e7as na rela\u00e7\u00e3o Brasil-Am\u00e9rica Latina,<\/i> 2010, S\u00e3o Paulo.<\/div>\n<div style=\"text-align: justify;\"><\/div>\n<div style=\"text-align: justify;\">Instituto Cervantes \u2013 Espanhol no Brasil. 2006, S\u00e3o Paulo.<\/div>\n<div style=\"text-align: justify;\"><\/div>\n<div style=\"text-align: justify;\">Minist\u00e9rio de Educa\u00e7\u00e3o e Cultura do Uruguai \u2013 Comiss\u00e3o de estudos do Portunhol. 2015, Montevid\u00e9u.<\/div>\n<div style=\"text-align: justify;\"><\/div>\n<div style=\"text-align: justify;\"><\/div>\n<div style=\"text-align: justify;\"><\/div>\n<div style=\"clear: both; text-align: center;\"><a style=\"margin-left: 1em; margin-right: 1em;\" href=\"https:\/\/nemrisp.files.wordpress.com\/2015\/05\/cropped-cropped-nemri-modificado3centro2.jpg\"><img decoding=\"async\" src=\"https:\/\/nemrisp.files.wordpress.com\/2015\/05\/cropped-cropped-nemri-modificado3centro2.jpg\" width=\"320\" height=\"72\" border=\"0\" \/><\/a><\/div>\n<div style=\"text-align: justify;\"><\/div>\n<div style=\"text-align: justify;\"><i>O <b>NEMRI <\/b>(N\u00facleo de Estudos Multidisciplinar em Rela\u00e7\u00f5es Internacionais) \u00e9 composto por alunos e ex-alunos do curso de p\u00f3s-gradua\u00e7\u00e3o da Funda\u00e7\u00e3o Escola de Sociologia e Pol\u00edtica de S\u00e3o Paulo (FESP-SP). Para maiores informa\u00e7\u00f5es, acesse s<\/i><i>ite\u00a0<a href=\"https:\/\/nemrisp.wordpress.com\/\">https:\/\/nemrisp.wordpress.com\/<\/a>\u00a0, facebook\u00a0<a href=\"https:\/\/www.facebook.com\/nemrisp\">https:\/\/www.facebook.com\/nemrisp<\/a>, e twitter\u00a0https:\/\/twitter.com\/nemrisp.<\/i><\/div>\n","protected":false},"excerpt":{"rendered":"<p>Por Wesley S.T Guerra do NEMRI Publicado originalmente em 02\/09\/2015 pelo Blog NEMRI\/<\/p>\n","protected":false},"author":3,"featured_media":0,"comment_status":"closed","ping_status":"open","sticky":false,"template":"","format":"standard","meta":{"footnotes":""},"categories":[653],"tags":[],"class_list":["post-1764","post","type-post","status-publish","format-standard","hentry","category-volume2"],"_links":{"self":[{"href":"https:\/\/dialogosinternacionais.com.br\/index.php?rest_route=\/wp\/v2\/posts\/1764","targetHints":{"allow":["GET"]}}],"collection":[{"href":"https:\/\/dialogosinternacionais.com.br\/index.php?rest_route=\/wp\/v2\/posts"}],"about":[{"href":"https:\/\/dialogosinternacionais.com.br\/index.php?rest_route=\/wp\/v2\/types\/post"}],"author":[{"embeddable":true,"href":"https:\/\/dialogosinternacionais.com.br\/index.php?rest_route=\/wp\/v2\/users\/3"}],"replies":[{"embeddable":true,"href":"https:\/\/dialogosinternacionais.com.br\/index.php?rest_route=%2Fwp%2Fv2%2Fcomments&post=1764"}],"version-history":[{"count":2,"href":"https:\/\/dialogosinternacionais.com.br\/index.php?rest_route=\/wp\/v2\/posts\/1764\/revisions"}],"predecessor-version":[{"id":3060,"href":"https:\/\/dialogosinternacionais.com.br\/index.php?rest_route=\/wp\/v2\/posts\/1764\/revisions\/3060"}],"wp:attachment":[{"href":"https:\/\/dialogosinternacionais.com.br\/index.php?rest_route=%2Fwp%2Fv2%2Fmedia&parent=1764"}],"wp:term":[{"taxonomy":"category","embeddable":true,"href":"https:\/\/dialogosinternacionais.com.br\/index.php?rest_route=%2Fwp%2Fv2%2Fcategories&post=1764"},{"taxonomy":"post_tag","embeddable":true,"href":"https:\/\/dialogosinternacionais.com.br\/index.php?rest_route=%2Fwp%2Fv2%2Ftags&post=1764"}],"curies":[{"name":"wp","href":"https:\/\/api.w.org\/{rel}","templated":true}]}}