{"id":1777,"date":"2015-06-01T18:39:00","date_gmt":"2015-06-01T21:39:00","guid":{"rendered":"https:\/\/dialogosinternacionais.com.br\/?p=1777"},"modified":"2024-03-27T17:47:49","modified_gmt":"2024-03-27T20:47:49","slug":"futebol-politica-e-relacoes-diplomaticas","status":"publish","type":"post","link":"https:\/\/dialogosinternacionais.com.br\/?p=1777","title":{"rendered":"Futebol, pol\u00edtica e rela\u00e7\u00f5es diplom\u00e1ticas"},"content":{"rendered":"<p>Quando o futebol extrapola o campo, ou a diplomacia entra nele<\/p>\n<p>Por Julia Monteath de Fran\u00e7a<\/p>\n<div style=\"text-align: justify;\">O presidente da Fifa, Joseph Blatter [1], esteve recentemente em uma confer\u00eancia em Jerusal\u00e9m, em \u201cmiss\u00e3o de paz\u201d, em suas pr\u00f3prias palavras. Encontrou com o primeiro-ministro de Israel, Benjamin Netanyahu e, na mesma \u201cmiss\u00e3o\u201d, o presidente palestino, Mahmoud Abbas, e Jibril Rajoub, pol\u00edtico palestino e dirigente da Associa\u00e7\u00e3o Palestina de Futebol (PFA) e do Comit\u00ea Ol\u00edmpico Palestino (POC). O objetivo da visita era convencer a PFA a desistir da solicita\u00e7\u00e3o de suspens\u00e3o da participa\u00e7\u00e3o israelense na institui\u00e7\u00e3o internacional (outros poss\u00edveis pontos da pauta nas reuni\u00f5es n\u00e3o foram revelados).<a name=\"more\"><\/a><\/div>\n<div style=\"text-align: justify;\"><\/div>\n<div style=\"text-align: justify;\">A PFA alega que Israel tem agido para dificultar suas atividades, inclusive restringindo a livre-circula\u00e7\u00e3o de jogadores entre a Faixa de Gaza e o territ\u00f3rio oriental ocupado por Israel, que imp\u00f5e tais restri\u00e7\u00f5es \u00e0 circula\u00e7\u00e3o de pessoas justificado por suas preocupa\u00e7\u00f5es com a seguran\u00e7a dos territ\u00f3rios que ocupou. Afirma tamb\u00e9m que Israel dificulta a importa\u00e7\u00e3o de equipamentos desportivos para territ\u00f3rios palestinos, as visitas de times e jogadores e membros de equipes t\u00e9cnicas estrangeiros, al\u00e9m de incorporar times de acampamentos palestinos em territ\u00f3rios ocupados por Israel aos campeonatos e ligas israelenses.<\/div>\n<div style=\"text-align: justify;\"><\/div>\n<div style=\"text-align: justify;\">Blatter, \u00e0 frente da Federa\u00e7\u00e3o Internacional, visitou o Oriente M\u00e9dio para tentar amenizar as rela\u00e7\u00f5es entre Palestina e Israel, pelo menos dentro das quatro linhas do gramado, e propondo uma partida \u201cda paz\u201d entre times de cada um dos lados, mas at\u00e9 essa tentativa de reconcilia\u00e7\u00e3o foi frustrada, quando a Palestina manteve sua demanda de suspens\u00e3o de Israel no pr\u00f3ximo congresso da FIFA \u2013 que Blatter descreve como uma situa\u00e7\u00e3o n\u00e3o usual e bastante s\u00e9ria.<\/div>\n<div style=\"text-align: justify;\"><\/div>\n<div style=\"text-align: justify;\">Enquanto Israel \u00e9 membro da Uni\u00e3o das Federa\u00e7\u00f5es Europeias de Futebol (UEFA), a Palestina faz parte da Confedera\u00e7\u00e3o Asi\u00e1tica de Futebol (AFC). Rajoub permanece firme com sua proposta de levar \u00e0 vota\u00e7\u00e3o a suspens\u00e3o de Israel. Caso a suspens\u00e3o de Israel fosse de fato a alternativa vencedora, todos os seus times seriam suspensos das competi\u00e7\u00f5es internacionais, como a Liga dos Campe\u00f5es e as Eliminat\u00f3rias da Eurocopa.<\/div>\n<div style=\"text-align: justify;\"><\/div>\n<div style=\"text-align: justify;\">N\u00e3o \u00e9 s\u00f3 na ONU que a quest\u00e3o Palestina-Israel se coloca como uma pedra no sapato das rela\u00e7\u00f5es internacionais. H\u00e1 mais de dois anos a FIFA vem tentando mediar esse conflito que, assim como fora de suas compet\u00eancias, parece n\u00e3o ter solu\u00e7\u00e3o \u00f3bvia e muito menos no curto prazo, ou num horizonte (pre)vis\u00edvel.<\/div>\n<div style=\"text-align: justify;\"><\/div>\n<div style=\"text-align: justify;\"><\/div>\n<div style=\"text-align: justify;\">&#8212;<\/div>\n<div style=\"text-align: justify;\">[1] Sim, o mesmo que, em 2014, passou por uns apertos ap\u00f3s publica\u00e7\u00e3o de relat\u00f3rio sobre suposta corrup\u00e7\u00e3o na escolha das sedes das Copas do Mundo de Futebol de 2018 e 2022, respectivamente R\u00fassia e Catar, foi reeleito recentemente apesar de ainda hoje responder pelas confus\u00f5es que vem aparecendo nos jornais envolvendo a Federa\u00e7\u00e3o.<\/div>\n<div style=\"text-align: justify;\"><\/div>\n","protected":false},"excerpt":{"rendered":"<p>Quando o futebol extrapola o campo, ou a diplomacia entra nele Por Julia<\/p>\n","protected":false},"author":3,"featured_media":0,"comment_status":"closed","ping_status":"open","sticky":false,"template":"","format":"standard","meta":{"footnotes":""},"categories":[653],"tags":[],"class_list":["post-1777","post","type-post","status-publish","format-standard","hentry","category-volume2"],"_links":{"self":[{"href":"https:\/\/dialogosinternacionais.com.br\/index.php?rest_route=\/wp\/v2\/posts\/1777","targetHints":{"allow":["GET"]}}],"collection":[{"href":"https:\/\/dialogosinternacionais.com.br\/index.php?rest_route=\/wp\/v2\/posts"}],"about":[{"href":"https:\/\/dialogosinternacionais.com.br\/index.php?rest_route=\/wp\/v2\/types\/post"}],"author":[{"embeddable":true,"href":"https:\/\/dialogosinternacionais.com.br\/index.php?rest_route=\/wp\/v2\/users\/3"}],"replies":[{"embeddable":true,"href":"https:\/\/dialogosinternacionais.com.br\/index.php?rest_route=%2Fwp%2Fv2%2Fcomments&post=1777"}],"version-history":[{"count":2,"href":"https:\/\/dialogosinternacionais.com.br\/index.php?rest_route=\/wp\/v2\/posts\/1777\/revisions"}],"predecessor-version":[{"id":3051,"href":"https:\/\/dialogosinternacionais.com.br\/index.php?rest_route=\/wp\/v2\/posts\/1777\/revisions\/3051"}],"wp:attachment":[{"href":"https:\/\/dialogosinternacionais.com.br\/index.php?rest_route=%2Fwp%2Fv2%2Fmedia&parent=1777"}],"wp:term":[{"taxonomy":"category","embeddable":true,"href":"https:\/\/dialogosinternacionais.com.br\/index.php?rest_route=%2Fwp%2Fv2%2Fcategories&post=1777"},{"taxonomy":"post_tag","embeddable":true,"href":"https:\/\/dialogosinternacionais.com.br\/index.php?rest_route=%2Fwp%2Fv2%2Ftags&post=1777"}],"curies":[{"name":"wp","href":"https:\/\/api.w.org\/{rel}","templated":true}]}}