{"id":1781,"date":"2015-05-04T12:00:00","date_gmt":"2015-05-04T15:00:00","guid":{"rendered":"https:\/\/dialogosinternacionais.com.br\/?p=1781"},"modified":"2024-03-27T17:47:00","modified_gmt":"2024-03-27T20:47:00","slug":"que-a-forca-esteja-conosco","status":"publish","type":"post","link":"https:\/\/dialogosinternacionais.com.br\/?p=1781","title":{"rendered":"Que a for\u00e7a esteja conosco&#8230;"},"content":{"rendered":"<p>\u2026 ou, <i>May the 4th be with us<\/i>.<\/p>\n<div style=\"text-align: justify;\"><\/div>\n<div style=\"text-align: justify;\"><\/div>\n<div style=\"text-align: justify;\">Por Julia Monteath de Fran\u00e7a<\/div>\n<div style=\"text-align: justify;\"><\/div>\n<div style=\"text-align: justify;\"><\/div>\n<div style=\"text-align: justify;\">Hoje \u00e9 considerado por muitos como o dia de Star Wars. Apesar de o primeiro filme da s\u00e9rie de George Lucas, o Star Wars Epis\u00f3dio IV: Uma Nova Esperan\u00e7a [1], ter sido lan\u00e7ado no dia 25 de maio de 1977 [2], a data de 4 de maio se tornou ic\u00f4nica pela frase diversas vezes repetidas ao longo dos filmes \u201cMay the force be with you\u201d (\u201cQue a fora esteja com voc\u00ea\u201d, em portugu\u00eas), j\u00e1 que, em ingl\u00eas, \u00e9 poss\u00edvel fazer um trocadilho com a data \u201cMay the fourth\u201d.<\/div>\n<div style=\"text-align: justify;\"><a name=\"more\"><\/a><\/div>\n<div style=\"text-align: justify;\">O trocadilho, no entanto, foi utilizado pela primeira vez quando Margareth Tatcher foi a primeira mulher a ser eleita para o cargo de Primeiro Ministro da Gr\u00e3-Bretanha, em 4 de maio de 1979. Na ocasi\u00e3o, o seu partido, o Partido Conservador Ingl\u00eas, um dos maiores do Reino Unido, publicou na m\u00eddia e no pr\u00f3prio Parlamento Ingl\u00eas os dizeres: &#8220;May the Fourth Be with You, Maggie. Congratulations.&#8221;<\/div>\n<div style=\"text-align: justify;\"><\/div>\n<div style=\"text-align: justify;\">Desde a \u00e9poca em que foi Ministra da Educa\u00e7\u00e3o, no governo de Edward Heath, no in\u00edcio da d\u00e9cada, suas prioridades j\u00e1 se mostravam estar no corte de gastos. A Dama de Ferro, conhecida pelo seu conservadorismo, governou o Reino Unido com pol\u00edticas econ\u00f4micas caracterizadas pela desregulamenta\u00e7\u00e3o do setor financeiro, a flexibiliza\u00e7\u00e3o do mercado de trabalho e a privatiza\u00e7\u00e3o das empresas estatais. Passou por uma recess\u00e3o econ\u00f4mica que baixou sua popularidade, apenas recuperada com a Guerra das Malvinas, assunto do <a href=\"http:\/\/www.dialogosinternacionais.com.br\/2015\/04\/porque-malvinas-e-nao-falklands.html\" target=\"_blank\" rel=\"noopener\">artigo de \u00a0Bernardo Salgado Rodrigues<\/a>, aqui no blog.<\/div>\n<div style=\"text-align: justify;\"><\/div>\n<div style=\"text-align: justify;\">Mais de tr\u00eas d\u00e9cadas depois, esses termos parecem voltar ao centro do debate pol\u00edtico, mas aqui no Brasil: \u00e9 o Congresso conservador, \u00e9 o Ministro-M\u00e3os-de-Tesoura, \u00e9 flexibiliza\u00e7\u00e3o do trabalho, \u00e9 educa\u00e7\u00e3o no centro do debate&#8230;. ser\u00e1 que, como na trama de Lucas, temos de fato uma Amea\u00e7a Fantasma? Ou essa amea\u00e7a j\u00e1 est\u00e1 mais para real, podendo se transformar a qualquer momento em um Ataque dos Clones, uma Vingan\u00e7a dos Sith ou algo que o valha? Paira a d\u00favida&#8230;<\/div>\n<div style=\"text-align: justify;\"><\/div>\n<div style=\"text-align: justify;\">Lembro-me da marcante frase de Marx, no in\u00edcio de seu livro O 18 brum\u00e1rio de Lu\u00eds Bonaparte: \u201cEm algumas passagens de suas obras, Hegel comenta que todos os grandes fatos e todos os grandes personagens da hist\u00f3ria mundial s\u00e3o encenados, por assim dizer, duas vezes. Ele se esqueceu de acrescentar: a primeira vez como trag\u00e9dia, a segunda como farsa\u201d (p. 25). Por aqui, continuamos no aguardo de Uma Nova Esperan\u00e7a.<\/div>\n<div style=\"text-align: justify;\"><\/div>\n<div style=\"text-align: justify;\">E como repetem at\u00e9 hoje o f\u00e3s geeks da hist\u00f3ria de Lucas, que a for\u00e7a esteja conosco.<\/div>\n<div style=\"text-align: justify;\"><\/div>\n<div style=\"text-align: justify;\"><\/div>\n<div style=\"text-align: justify;\"><\/div>\n<div style=\"text-align: justify;\">&#8212;&#8211;<\/div>\n<div style=\"text-align: justify;\">Refer\u00eancia:<\/div>\n<div style=\"text-align: justify;\"><\/div>\n<div style=\"text-align: justify;\">MARX, Karl. O 18 Brum\u00e1rio de Lu\u00eds Bonaparte. S\u00e3o Paulo: Boitempo, 2011.<\/div>\n<div style=\"text-align: justify;\"><\/div>\n<div style=\"text-align: justify;\">\n<p>Notas:<\/p>\n<\/div>\n<div style=\"text-align: justify;\">[1] Originalmente chamado apenas de Guerra nas Estrelas (Star Wars, em ingl\u00eas) \u00e9 o primeiro da s\u00e9rie Star Wars e o quarto na ordem cronol\u00f3gica da trama.<\/div>\n<div style=\"text-align: justify;\"><\/div>\n<div style=\"text-align: justify;\">[2] Esta data, no entanto, ainda \u00e9 lebrada por alguns f\u00e3ns como o Dia do Orgulho Nerd ou Dia do Orgulho Geek, pela jun\u00e7\u00e3o da data comemorativa de Star Wars, com outras datas ic\u00f4nicas para a cultura geek: o Dia da Toalha, para os f\u00e3s da &#8220;trilogia&#8221; O Guia do Mochileiro das Gal\u00e1xias, em homenagem ao seu escritor Douglas Adams, e o Glorioso 25 de Maio para os f\u00e3s da s\u00e9rie Discworld, em homenagem ao seu escritor Terry Pratchett.<\/div>\n<div style=\"text-align: justify;\"><\/div>\n","protected":false},"excerpt":{"rendered":"<p>\u2026 ou, May the 4th be with us. Por Julia Monteath de Fran\u00e7a<\/p>\n","protected":false},"author":3,"featured_media":0,"comment_status":"closed","ping_status":"open","sticky":false,"template":"","format":"standard","meta":{"footnotes":""},"categories":[653],"tags":[],"class_list":["post-1781","post","type-post","status-publish","format-standard","hentry","category-volume2"],"_links":{"self":[{"href":"https:\/\/dialogosinternacionais.com.br\/index.php?rest_route=\/wp\/v2\/posts\/1781","targetHints":{"allow":["GET"]}}],"collection":[{"href":"https:\/\/dialogosinternacionais.com.br\/index.php?rest_route=\/wp\/v2\/posts"}],"about":[{"href":"https:\/\/dialogosinternacionais.com.br\/index.php?rest_route=\/wp\/v2\/types\/post"}],"author":[{"embeddable":true,"href":"https:\/\/dialogosinternacionais.com.br\/index.php?rest_route=\/wp\/v2\/users\/3"}],"replies":[{"embeddable":true,"href":"https:\/\/dialogosinternacionais.com.br\/index.php?rest_route=%2Fwp%2Fv2%2Fcomments&post=1781"}],"version-history":[{"count":2,"href":"https:\/\/dialogosinternacionais.com.br\/index.php?rest_route=\/wp\/v2\/posts\/1781\/revisions"}],"predecessor-version":[{"id":3047,"href":"https:\/\/dialogosinternacionais.com.br\/index.php?rest_route=\/wp\/v2\/posts\/1781\/revisions\/3047"}],"wp:attachment":[{"href":"https:\/\/dialogosinternacionais.com.br\/index.php?rest_route=%2Fwp%2Fv2%2Fmedia&parent=1781"}],"wp:term":[{"taxonomy":"category","embeddable":true,"href":"https:\/\/dialogosinternacionais.com.br\/index.php?rest_route=%2Fwp%2Fv2%2Fcategories&post=1781"},{"taxonomy":"post_tag","embeddable":true,"href":"https:\/\/dialogosinternacionais.com.br\/index.php?rest_route=%2Fwp%2Fv2%2Ftags&post=1781"}],"curies":[{"name":"wp","href":"https:\/\/api.w.org\/{rel}","templated":true}]}}