{"id":1789,"date":"2015-02-20T07:00:00","date_gmt":"2015-02-20T09:00:00","guid":{"rendered":"https:\/\/dialogosinternacionais.com.br\/?p=1789"},"modified":"2024-03-27T17:33:58","modified_gmt":"2024-03-27T20:33:58","slug":"e-o-oscar-vai-para-moniz-bandeira-ops-nobel","status":"publish","type":"post","link":"https:\/\/dialogosinternacionais.com.br\/?p=1789","title":{"rendered":"E o Oscar vai para&#8230; Moniz Bandeira (ops, Nobel)"},"content":{"rendered":"<p>Por Glauber Cardoso Carvalho<\/p>\n<div>\n<div>\n<div style=\"text-align: justify;\">O pr\u00eamio Nobel \u00e9 algo muito comovente (diriam alguns, semelhante \u00e0 torcida para a sua Escola de Samba, seu time de futebol, para o Oscar e para qualquer outra sele\u00e7\u00e3o que algu\u00e9m participe) e causa imediata ades\u00e3o. Tanto comovente, quanto contradit\u00f3rio. Se n\u00e3o ganho, n\u00e3o necessariamente fui o pior&#8230; pode ter sido roubado, comprado&#8230; o juiz pode ter sido ladr\u00e3o&#8230; ou, essa eu gosto muito, j\u00e1 tinha um CPF na prova&#8230;<br \/>\n<a name=\"more\"><\/a><\/div>\n<div style=\"text-align: justify;\"><\/div>\n<div style=\"text-align: justify;\">O fato \u00e9 que mesmo n\u00e3o sendo um crente na idoneidade dos julgadores (<a href=\"http:\/\/www.bbc.co.uk\/portuguese\/noticias\/2015\/02\/150218_guine_equatorial_perfil_pai\" target=\"_blank\" rel=\"noopener\"><span style=\"color: blue;\">estou achando o tema t\u00e3o prop\u00edcio para o ocorrido no Rio de Janeiro&#8230;<\/span><\/a>) voc\u00ea, leitor, adora quando seu time vence, sua escola \u00e9 campe\u00e3, voc\u00ea passa na prova, o filme brasileiro concorre ao Oscar e um brasileiro concorre ao Nobel&#8230; \u00e9 autom\u00e1tico&#8230; d\u00e1 uma \u00f3tima sensa\u00e7\u00e3o de que o Brasil est\u00e1 participando ativamente da cena internacional, de um t\u00e3o alto grau de condecora\u00e7\u00e3o&#8230;<\/div>\n<div style=\"text-align: justify;\"><\/div>\n<div style=\"text-align: justify;\">Refiro-me, mais especificamente, \u00e0 nomea\u00e7\u00e3o do professor <b>Luiz Alberto Moniz Bandeira<\/b> para a sele\u00e7\u00e3o do Nobel de Literatura de 2015. O curr\u00edculo dele \u00e9 muito extenso&#8230; n\u00e3o \u00e9 o objetivo aqui (<a href=\"http:\/\/pt.wikipedia.org\/wiki\/Luiz_Alberto_de_Vianna_Moniz_Bandeira\"><span style=\"color: blue;\">na Wiki \u00e9 poss\u00edvel ler tudo<\/span><\/a>), mas destaco algumas coisas&#8230;<\/div>\n<div style=\"text-align: justify;\"><\/div>\n<div style=\"text-align: justify;\">Ele \u00e9 aristocrata (Luiz Alberto Dias Lima de Vianna Moniz Bandeira)&#8230; baiano e descendente de Garcia D\u2019\u00c1vila&#8230; se graduou em direito, como muitos de sua \u00e9poca (nasceu em 1935), foi militante do PCB, da Polop, foi preso em duas oportunidades durante a ditadura. Estudou intensamente as rela\u00e7\u00f5es internacionais, revigorou os estudos sobre a Bacia do Prata e sobre as rela\u00e7\u00f5es do Brasil com os Estados Unidos. Mesmo com essa ficha corrida, ganhou bolsa norte-americana em 77 para fazer um p\u00f3s-doc por l\u00e1, passou pela Escola de Sociologia e Pol\u00edtica de S\u00e3o Paulo, pela UERJ e parou titular na UnB, na cadeira de Hist\u00f3ria da Pol\u00edtica Exterior, j\u00e1 em\u00e9rito. Est\u00e1 vivendo na Alemanha, onde o MRE lhe deu o t\u00edtulo de C\u00f4nsul Honor\u00e1rio em Heidelberg (n\u00e3o sei se recebe remunera\u00e7\u00e3o&#8230; ser\u00e1?)<\/div>\n<div style=\"text-align: justify;\"><\/div>\n<div style=\"text-align: justify;\">Uma quest\u00e3o muito s\u00e9ria, por\u00e9m, me faz escrever essas linhas&#8230; a inveja&#8230; uma invejinha leve, colorida (inveja branca est\u00e1 fora de moda!)&#8230; fora da brincadeira, seus livros s\u00e3o refer\u00eancia&#8230; sua pesquisa hist\u00f3rica deixa qualquer professor da universidade atual sem ch\u00e3o&#8230; sua produ\u00e7\u00e3o \u00e9 estupenda e reproduzida em muitos idiomas&#8230; Ele estuda sobretudo as rela\u00e7\u00f5es internacionais e tem uma vis\u00e3o hist\u00f3rica privilegiada&#8230; precisa saber alguma coisa? de uma refer\u00eancia? s\u00f3 uma cita\u00e7\u00e3o? leia o Moniz Bandeira&#8230;<\/div>\n<div style=\"text-align: justify;\"><\/div>\n<div style=\"text-align: justify;\">Gosto muito de toda sua produ\u00e7\u00e3o, da conclus\u00e3o de <i>Brasil, Argentina e Estados Unidos<\/i>, que \u00e9, pra mim, o \u00e1pice de como fazer uma conclus\u00e3o t\u00e3o certeira&#8230; mas ressalto uma frase no pref\u00e1cio do <i>Forma\u00e7\u00e3o do Imp\u00e9rio Americano<\/i>:<\/div>\n<div style=\"text-align: justify;\"><\/div>\n<blockquote style=\"text-align: center;\"><p><b><span style=\"font-family: Verdana, sans-serif;\">Sempre \u00e9 necess\u00e1rio recordar que, enquanto a const\u00e2ncia das palavras tende a estabilizar o conceito, a estratific\u00e1-lo, a realidade que o conceito pretende captar modifica-se a cada instante, est\u00e1 em movimento e em cont\u00ednua muta\u00e7\u00e3o, e nenhum conceito pode consolidar-se, na medida em que deve e precisa acompanhar e refletir essa realidade.<\/span><\/b><\/p><\/blockquote>\n<div style=\"text-align: justify;\"><\/div>\n<div style=\"text-align: justify;\">Como nem tudo s\u00e3o flores&#8230; a realidade&#8230; o professor Moniz Bandeira concorre com 258 propostas (aceitar 259 propostas \u00e9 n\u00e3o ter crit\u00e9rio&#8230; ningu\u00e9m \u00e9 cortado logo de cara???!!!), pois \u00e9&#8230; e todos seguir\u00e3o os tr\u00e2mites da figura abaixo, com a escolha final em Outubro.<\/div>\n<div style=\"text-align: justify;\"><\/div>\n<div style=\"clear: both; text-align: center;\"><a style=\"margin-left: 1em; margin-right: 1em;\" href=\"http:\/\/4.bp.blogspot.com\/-r8z1yxd8sbI\/VOZtprh-KJI\/AAAAAAAAArg\/0XK2ZHF7ULs\/s1600\/nomination_lit.gif\"><img fetchpriority=\"high\" decoding=\"async\" src=\"http:\/\/4.bp.blogspot.com\/-r8z1yxd8sbI\/VOZtprh-KJI\/AAAAAAAAArg\/0XK2ZHF7ULs\/s1600\/nomination_lit.gif\" width=\"320\" height=\"320\" border=\"0\" \/><\/a><\/div>\n<div style=\"text-align: justify;\"><\/div>\n<div style=\"text-align: justify;\"><\/div>\n<div style=\"text-align: justify;\"><\/div>\n<div style=\"text-align: justify;\">E n\u00f3s j\u00e1 tivemos um brasileiro ganhador do Nobel de Fisiologia \/ Medicina, em 1960&#8230; foi Peter Brian Medawar, que, apesar do nome, nasceu no Rio de Janeiro (pois \u00e9!) e o recebeu \u201c<i>for discovery of acquired immunological tolerance<\/i>\u201d.<\/div>\n<div style=\"text-align: justify;\"><\/div>\n<div style=\"text-align: justify;\">Esse post, claro, poderia tra\u00e7ar outros paralelos com outras figuras brilhantes que j\u00e1 foram indicadas para a sele\u00e7\u00e3o, poderia tamb\u00e9m trazer mais detalhes das obras do prof. Moniz Bandeira, mas prefiro apenas indicar que os interessados leiam seus livros&#8230; coloco alguns aqui s\u00f3 para refer\u00eancia:<\/div>\n<div style=\"text-align: justify;\"><\/div>\n<div style=\"text-align: justify;\">MONIZ BANDEIRA, Luiz Alberto. A Segunda Guerra Fria Geopol\u00edtica e dimens\u00e3o estrat\u00e9gica dos Estados Unidos &#8211; Das rebeli\u00f5es na Eur\u00e1sia \u00e0 \u00c1frica do Norte e ao Oriente M\u00e9dio. 1\u00aa. ed. Rio de Janeiro\/ RJ: Civiliza\u00e7\u00e3o Brasileira, 2013.<\/div>\n<div style=\"text-align: justify;\"><\/div>\n<div style=\"text-align: justify;\">_______ . A expans\u00e3o do Brasil e a forma\u00e7\u00e3o dos Estados na Bacia do Prata &#8211; Argentina, Uruguai e Paraguai (Da coloniza\u00e7\u00e3o \u00e0 Guerra da Tr\u00edplice Alian\u00e7a). 4\u00aa. ed. Rio de Janeiro\/ RJ: Civiliza\u00e7\u00e3o Brasileira, 2012.<\/div>\n<div style=\"text-align: justify;\"><\/div>\n<div style=\"text-align: justify;\">_______. Brasil-Estados Unidos: a rivalidade emergente (1950-1988). 4\u00aa. ed. Rio de Janeiro\/ RJ: Civiliza\u00e7\u00e3o Brasileira, 2011.<\/div>\n<div style=\"text-align: justify;\"><\/div>\n<div style=\"text-align: justify;\">_______ . As rela\u00e7\u00f5es perigosas: Brasil &#8211; Estados Unidos (De Collor a Lula, 1990-2004). 2. ed. Rio de Janeiro: Civiliza\u00e7\u00e3o Brasileira, 2010.<\/div>\n<div style=\"text-align: justify;\"><\/div>\n<div style=\"text-align: justify;\">_______. Geopol\u00edtica e pol\u00edtica exterior Estados Unidos, Brasil e Am\u00e9rica do Sul. 2. ed. Bras\u00edlia: Funda\u00e7\u00e3o Alexandre de Gusm\u00e3o, 2010.<\/div>\n<div style=\"text-align: justify;\"><\/div>\n<div style=\"text-align: justify;\">_______. Brasil, Argentina e Estados Unidos Conflito e integra\u00e7\u00e3o na Am\u00e9rica do Sul. 3. ed. Rio de Janeiro: Civiliza\u00e7\u00e3o Brasileira, 2010.<\/div>\n<div style=\"text-align: justify;\"><\/div>\n<div style=\"text-align: justify;\">_______. O Governo Jo\u00e3o Goulart As lutas sociais no Brasil 1961-1964. 8. ed. S\u00e3o Paulo: UNESP, 2010.<\/div>\n<div style=\"text-align: justify;\"><\/div>\n<div style=\"text-align: justify;\">_______. Forma\u00e7\u00e3o do Imp\u00e9rio Americano (Da guerra contra a Espanha \u00e0 guerra no Iraque). 3. ed. Rio de Janeiro: Editora Civiliza\u00e7\u00e3o Brasileira, 2009.<\/div>\n<div style=\"text-align: justify;\"><\/div>\n<div style=\"text-align: justify;\">_______. F\u00f3rmula para o caos. A derrubada de Salvador Allende (1970-1973). Rio de Janeiro: Editora Civiliza\u00e7\u00e3o Brasileira, 2008.<\/div>\n<div style=\"text-align: justify;\"><\/div>\n<div style=\"text-align: justify;\">_______. De Mart\u00ed a Fidel. A revolu\u00e7\u00e3o e a Am\u00e9rica Latina. 2. ed. Rio de Janeiro: Editora Civiliza\u00e7\u00e3o Brasileira, 2009.<\/div>\n<div style=\"text-align: justify;\"><\/div>\n<div style=\"text-align: justify;\"><\/div>\n<div style=\"text-align: justify;\">P.S.1: Parab\u00e9ns prof. Moniz Bandeira!<\/div>\n<div style=\"text-align: justify;\">P.S.2: Hoje (20\/02) \u00e9 meu anivers\u00e1rio&#8230; Parab\u00e9ns para mim!!!! Ehhhh (kkkk)<\/div>\n<div style=\"text-align: justify;\"><\/div>\n<div style=\"text-align: justify;\"><\/div>\n<div style=\"text-align: justify;\">Fontes:<\/div>\n<div style=\"text-align: justify;\"><\/div>\n<div style=\"text-align: justify;\">&#8220;Nomination and Selection of Literature Laureates&#8221;. Nobelprize.org. Nobel Media AB 2014. Web. 19 Feb 2015. &lt;http:\/\/www.nobelprize.org\/nomination\/literature&gt;<\/div>\n<div style=\"text-align: justify;\"><\/div>\n<div style=\"text-align: justify;\">&#8220;Peter Medawar &#8211; Facts&#8221;. Nobelprize.org. Nobel Media AB 2014. Web. 19 Feb 2015. <a href=\"http:\/\/www.nobelprize.org\/nobel_prizes\/medicine\/laureates\/1960\/medawar-facts.html\">http:\/\/www.nobelprize.org\/nobel_prizes\/medicine\/laureates\/1960\/medawar-facts.html<\/a><\/div>\n<div><\/div>\n<div><\/div>\n<\/div>\n<\/div>\n","protected":false},"excerpt":{"rendered":"<p>Por Glauber Cardoso Carvalho O pr\u00eamio Nobel \u00e9 algo muito comovente (diriam alguns,<\/p>\n","protected":false},"author":3,"featured_media":0,"comment_status":"closed","ping_status":"open","sticky":false,"template":"","format":"standard","meta":{"footnotes":""},"categories":[653],"tags":[],"class_list":["post-1789","post","type-post","status-publish","format-standard","hentry","category-volume2"],"_links":{"self":[{"href":"https:\/\/dialogosinternacionais.com.br\/index.php?rest_route=\/wp\/v2\/posts\/1789","targetHints":{"allow":["GET"]}}],"collection":[{"href":"https:\/\/dialogosinternacionais.com.br\/index.php?rest_route=\/wp\/v2\/posts"}],"about":[{"href":"https:\/\/dialogosinternacionais.com.br\/index.php?rest_route=\/wp\/v2\/types\/post"}],"author":[{"embeddable":true,"href":"https:\/\/dialogosinternacionais.com.br\/index.php?rest_route=\/wp\/v2\/users\/3"}],"replies":[{"embeddable":true,"href":"https:\/\/dialogosinternacionais.com.br\/index.php?rest_route=%2Fwp%2Fv2%2Fcomments&post=1789"}],"version-history":[{"count":2,"href":"https:\/\/dialogosinternacionais.com.br\/index.php?rest_route=\/wp\/v2\/posts\/1789\/revisions"}],"predecessor-version":[{"id":3039,"href":"https:\/\/dialogosinternacionais.com.br\/index.php?rest_route=\/wp\/v2\/posts\/1789\/revisions\/3039"}],"wp:attachment":[{"href":"https:\/\/dialogosinternacionais.com.br\/index.php?rest_route=%2Fwp%2Fv2%2Fmedia&parent=1789"}],"wp:term":[{"taxonomy":"category","embeddable":true,"href":"https:\/\/dialogosinternacionais.com.br\/index.php?rest_route=%2Fwp%2Fv2%2Fcategories&post=1789"},{"taxonomy":"post_tag","embeddable":true,"href":"https:\/\/dialogosinternacionais.com.br\/index.php?rest_route=%2Fwp%2Fv2%2Ftags&post=1789"}],"curies":[{"name":"wp","href":"https:\/\/api.w.org\/{rel}","templated":true}]}}