{"id":1793,"date":"2015-01-17T10:36:00","date_gmt":"2015-01-17T12:36:00","guid":{"rendered":"https:\/\/dialogosinternacionais.com.br\/?p=1793"},"modified":"2024-03-27T17:32:42","modified_gmt":"2024-03-27T20:32:42","slug":"os-desafios-da-integracao-sul-americana-autonomia-e-desenvolvimento","status":"publish","type":"post","link":"https:\/\/dialogosinternacionais.com.br\/?p=1793","title":{"rendered":"Os desafios da integra\u00e7\u00e3o sul-americana: autonomia e desenvolvimento"},"content":{"rendered":"<p>Por Glauber Cardoso Carvalho<\/p>\n<div><\/div>\n<div style=\"clear: both; text-align: center;\"><\/div>\n<div style=\"clear: both; text-align: center;\"><\/div>\n<div style=\"text-align: center;\"><b>Os desafios da integra\u00e7\u00e3o sul-americana: autonomia e desenvolvimento. [livro eletr\u00f4nico]<\/b><\/div>\n<div style=\"text-align: center;\">Organiza\u00e7\u00e3o: Ingrid Sarti, Jos\u00e9 Renato Vieira Martins, Monica Leite Lessa e Glauber Cardoso Carvalho. Rio de Janeiro: FoMerco \/ Letra e Imagem, 2014.<\/div>\n<div style=\"text-align: center;\"><\/div>\n<div style=\"text-align: center;\"><span style=\"color: blue;\"><a href=\"https:\/\/drive.google.com\/a\/fomerco.com.br\/file\/d\/0B71YUA4X9kUaREsySDVTRGxIaUk\/view?usp=sharing\" target=\"_blank\" rel=\"noopener\">Baixe aqui o livro eletr\u00f4nico formato E-pub<\/a><\/span><\/div>\n<div style=\"text-align: center;\"><\/div>\n<div style=\"text-align: center;\"><\/div>\n<div style=\"text-align: justify;\">O t\u00edtulo do post \u00e9, na verdade, o t\u00edtulo da \u00faltima publica\u00e7\u00e3o do F\u00f3rum Universit\u00e1rio Mercosul &#8211; FoMerco, da qual eu tive a oportunidade de participar da organiza\u00e7\u00e3o. Aproveito o espa\u00e7o, portanto, divulgar que a edi\u00e7\u00e3o em E-pub est\u00e1 dispon\u00edvel no site ou no link acima (estamos esperando uma edi\u00e7\u00e3o revista em PDF \u00a0em breve).<br \/>\n<a name=\"more\"><\/a><\/div>\n<div style=\"text-align: justify;\"><\/div>\n<div style=\"text-align: justify;\">Nas palavras da prof. Ingrid Sarti (UFRJ e presidenta do FoMerco), que assina a introdu\u00e7\u00e3o, o livro re\u00fane uma sele\u00e7\u00e3o de textos e depoimentos que buscam analisar as implica\u00e7\u00f5es, os problemas e os avan\u00e7os do processo de integra\u00e7\u00e3o da Am\u00e9rica do Sul no s\u00e9culo XXI. Foram extra\u00eddos dos simp\u00f3sios e pain\u00e9is realizados durante o XIV Congresso Internacional do F\u00f3rum Universit\u00e1rio Mercosul \u2013 FoMerco, em 2013, na Universidade Federal do Tocantins, em Palmas, e agora se somam \u00e0 produ\u00e7\u00e3o originada no \u00e2mbito dos sete \u00faltimos Congressos Internacionais do FoMerco.<\/div>\n<div style=\"text-align: justify;\"><\/div>\n<div style=\"text-align: justify;\">Intelectuais e pesquisadores oriundos de diferentes institui\u00e7\u00f5es e nacionalidades muitas vezes divergem nas avalia\u00e7\u00f5es do processo da integra\u00e7\u00e3o sul-americana vigente. Contudo, h\u00e1 um ponto de partida conceitual comum \u00e0 literatura desenvolvida pelos colaboradores do FoMerco. Trata-se do reconhecimento de que se inaugura um ciclo virtuoso na pol\u00edtica do continente, como estrat\u00e9gia de inser\u00e7\u00e3o soberana da regi\u00e3o e condi\u00e7\u00e3o de supera\u00e7\u00e3o do tradicional papel subalterno de periferia do capitalismo a que foi relegada desde seus prim\u00f3rdios, quando se elege a autonomia da pol\u00edtica externa associada ao prop\u00f3sito do desenvolvimento econ\u00f4mico-social. Em suma, um marco conceitual de integra\u00e7\u00e3o que se apoia sobre uma no\u00e7\u00e3o de autonomia dada pela afirma\u00e7\u00e3o dos blocos regionais e pela recusa dos acordos de livre-com\u00e9rcio bilaterais, principalmente com as pot\u00eancias hegem\u00f4nicas. (<span style=\"color: blue;\"><a href=\"https:\/\/drive.google.com\/a\/fomerco.com.br\/file\/d\/0B71YUA4X9kUaREsySDVTRGxIaUk\/view?usp=sharing\" target=\"_blank\" rel=\"noopener\">Leia toda a apresenta\u00e7\u00e3o no livro<\/a><\/span>)<\/div>\n<div style=\"text-align: justify;\">Conhe\u00e7a tamb\u00e9m o site do FoMerco &#8211; <a href=\"http:\/\/www.fomerco.com.br\/\"><span style=\"color: blue;\">www.fomerco.com.br<\/span><\/a><\/p>\n<p>Curta a p\u00e1gina do Facebook:\u00a0<a href=\"http:\/\/www.facebook.com\/fomerco\"><span style=\"color: blue;\">www.facebook.com\/fomerco<\/span><\/a><\/p>\n<\/div>\n<div style=\"text-align: justify;\">Boa leitura!<\/div>\n<div style=\"text-align: justify;\"><\/div>\n<div style=\"text-align: justify;\"><\/div>\n","protected":false},"excerpt":{"rendered":"<p>Por Glauber Cardoso Carvalho Os desafios da integra\u00e7\u00e3o sul-americana: autonomia e desenvolvimento. [livro<\/p>\n","protected":false},"author":3,"featured_media":0,"comment_status":"closed","ping_status":"open","sticky":false,"template":"","format":"standard","meta":{"footnotes":""},"categories":[653],"tags":[],"class_list":["post-1793","post","type-post","status-publish","format-standard","hentry","category-volume2"],"_links":{"self":[{"href":"https:\/\/dialogosinternacionais.com.br\/index.php?rest_route=\/wp\/v2\/posts\/1793","targetHints":{"allow":["GET"]}}],"collection":[{"href":"https:\/\/dialogosinternacionais.com.br\/index.php?rest_route=\/wp\/v2\/posts"}],"about":[{"href":"https:\/\/dialogosinternacionais.com.br\/index.php?rest_route=\/wp\/v2\/types\/post"}],"author":[{"embeddable":true,"href":"https:\/\/dialogosinternacionais.com.br\/index.php?rest_route=\/wp\/v2\/users\/3"}],"replies":[{"embeddable":true,"href":"https:\/\/dialogosinternacionais.com.br\/index.php?rest_route=%2Fwp%2Fv2%2Fcomments&post=1793"}],"version-history":[{"count":2,"href":"https:\/\/dialogosinternacionais.com.br\/index.php?rest_route=\/wp\/v2\/posts\/1793\/revisions"}],"predecessor-version":[{"id":3035,"href":"https:\/\/dialogosinternacionais.com.br\/index.php?rest_route=\/wp\/v2\/posts\/1793\/revisions\/3035"}],"wp:attachment":[{"href":"https:\/\/dialogosinternacionais.com.br\/index.php?rest_route=%2Fwp%2Fv2%2Fmedia&parent=1793"}],"wp:term":[{"taxonomy":"category","embeddable":true,"href":"https:\/\/dialogosinternacionais.com.br\/index.php?rest_route=%2Fwp%2Fv2%2Fcategories&post=1793"},{"taxonomy":"post_tag","embeddable":true,"href":"https:\/\/dialogosinternacionais.com.br\/index.php?rest_route=%2Fwp%2Fv2%2Ftags&post=1793"}],"curies":[{"name":"wp","href":"https:\/\/api.w.org\/{rel}","templated":true}]}}