{"id":1794,"date":"2015-01-14T16:06:00","date_gmt":"2015-01-14T18:06:00","guid":{"rendered":"https:\/\/dialogosinternacionais.com.br\/?p=1794"},"modified":"2024-03-27T17:32:21","modified_gmt":"2024-03-27T20:32:21","slug":"quarta-do-especialista-do-micro-ao-macro-o-que-esconde-o-apelo-a-liberdade-de-expressao","status":"publish","type":"post","link":"https:\/\/dialogosinternacionais.com.br\/?p=1794","title":{"rendered":"::Quarta do Especialista:: Do micro ao macro: o que esconde o apelo \u00e0 liberdade de express\u00e3o?"},"content":{"rendered":"<div style=\"clear: both; text-align: left;\">Autora convidada: Jana\u00edna Pinto<\/div>\n<div style=\"text-align: justify;\"><\/div>\n<div style=\"text-align: justify;\">Ainda quando estudava na gradua\u00e7\u00e3o de comunica\u00e7\u00e3o social, fui apresentada ao debate acalorado sobre liberdade de express\u00e3o. Naquele momento, ela era usada para defender a n\u00e3o obrigatoriedade do diploma no exerc\u00edcio da profiss\u00e3o de jornalista. Eu desconfiei e me posicionei a favor da obrigatoriedade, supostamente contra a liberdade de express\u00e3o, por um princ\u00edpio claramente alinhado aos direitos trabalhistas da minha classe profissional. Alguns semestres mais tarde, sa\u00ed dos muros da academia, fui apresentada a r\u00e1dios comunit\u00e1rias, a jornais de bairro, a coletivos de comunica\u00e7\u00e3o.<\/p>\n<p><a name=\"more\"><\/a><\/p>\n<p>Conheci o contexto de quem \u00e9 criminalizado porque deseja criar teias de di\u00e1logo social dentro da pr\u00f3pria comunidade, marginalizada pelas redes das grandes m\u00eddias. Dei oficinas de m\u00eddia cr\u00edtica nos interiores do estado e minha vis\u00e3o de mundo come\u00e7ou a compreender a arma carregada que levamos na cintura quando discutimos, com tantos imperativos, o que sequer compreendemos superficialmente. Compreendi que, naquela situa\u00e7\u00e3o, havia me tornado a favor da liberdade de express\u00e3o, no sentido de enxergar a comunica\u00e7\u00e3o como um direito social de todos, n\u00e3o como um privil\u00e9gio de alguns.<\/p>\n<p>No dia a dia da profiss\u00e3o de rep\u00f3rter, de novo escutei a express\u00e3o v\u00e1rias vezes, mas em contextos bem diferentes. Ela come\u00e7ou a aparecer bastante atrelada \u00e0 defesa de privil\u00e9gios estabelecidos. Evocava-se, e ainda se evoca, a liberdade de express\u00e3o para barrar apelos da sociedade organizada que defende maior distribui\u00e7\u00e3o dos canais televisivos nacionais entre a popula\u00e7\u00e3o. Ou para desacreditar as propostas de controle social sobre a grande m\u00eddia. Ou para proteger a cobertura pouco precisa e por vezes difamat\u00f3ria de ve\u00edculos de grande circula\u00e7\u00e3o e repercuss\u00e3o nacional. &#8220;S\u00e3o atentados \u00e0 liberdade de express\u00e3o&#8221;, reverberam. E lhes d\u00e3o raz\u00e3o. Express\u00f5es emblem\u00e1ticas carregam poder de fogo consigo. T\u00eam tantos senhores quantos as desejem e possam manusear e s\u00e3o muito potentes. Nesses embates, ela \u00e9 usada pelo lado que defende a perman\u00eancia da divis\u00e3o desigual de ve\u00edculos de comunica\u00e7\u00e3o e da impunidade de reportagens desonestas. Eu me posiciono do lado oposto.<\/p>\n<p>Agora, como estudiosa da hist\u00f3ria do sistema internacional, a velha amiga me bate \u00e0 porta outra vez. N\u00e3o posso deixar de achar sintom\u00e1tico. Ela, forte como \u00e9, atrelada \u00e0 perda de doze pessoas em um massacre na capital civilizat\u00f3ria de Paris se torna quase imbat\u00edvel. Mas existem, pelo menos, duas camadas de eventos nessa hist\u00f3ria. A primeira envolve jornalistas, cartunistas, policiais e militantes isl\u00e2micos radicais. Envolve a resolu\u00e7\u00e3o dr\u00e1stica de assassinar a sangue frio uma d\u00fazia de vidas para vingar o profeta e cumprir a miss\u00e3o na terra. Envolve a dor das fam\u00edlias, o susto dos vizinhos, a compaix\u00e3o de um pa\u00eds, e, ao redor dele, a compaix\u00e3o de continentes. Envolve meus colegas chegando \u00e0s reda\u00e7\u00f5es de olhos baixos e puxando conversas com: &#8220;Dia dif\u00edcil hoje, hein&#8221;. Tudo isso existe e diz respeito a uma camada.<\/p>\n<p>Outra camada \u00e9 o discurso ocidental da luta \u00e9pica (e eterna?) da civiliza\u00e7\u00e3o contra os b\u00e1rbaros, propagado seja por grupos enfurecidos que n\u00e3o toleram imigrantes, seja por l\u00edderes de Estado com passado temer\u00e1rio no que diz respeito aos direitos b\u00e1sicos de povos \u2018conquistados\u2019. Desde o fim das grandes guerras, o Oriente M\u00e9dio foi redistribu\u00eddo em novos pa\u00edses como se ali n\u00e3o houvesse sen\u00e3o camelos e palmeiras. As consequ\u00eancias sociais di\u00e1rias de ser esp\u00f3lio de guerra para a civiliza\u00e7\u00e3o mais rica e potente do planeta, a nossa, nascida da expans\u00e3o europeia, eu pessoalmente desconhe\u00e7o. Porque o Brasil, bem ou mal, foi incorporado a essa civiliza\u00e7\u00e3o, e n\u00f3s, sim, somos ocidentais civilizados. Veja l\u00e1, ainda assim, lidamos com a desigualdade estrutural herdada pelas guerras de invas\u00e3o europeia e intensificada pelo capitalismo desregulado perif\u00e9rico. Mas estamos conectados ao mundo ocidental por cabos, pontos de vista e padr\u00f5es est\u00e9ticos h\u00e1 muitos anos. Do lado de l\u00e1 da fronteira, onde o Isl\u00e3 \u00e9 religi\u00e3o majorit\u00e1ria, que sei eu al\u00e9m do que li em p\u00e1ginas de livros em ingl\u00eas ou vi em document\u00e1rios independentes?<\/p>\n<p>Ent\u00e3o, \u00e9 fato, n\u00e3o me parece ser o caso evocar a liberdade de express\u00e3o aqui, quando falamos de quest\u00e3o t\u00e3o mais abrangente do que o direito aos nossos jornais de se expressar livremente. Quando temos, anterior e urgentemente, uma quest\u00e3o que envolve povos inteiros, acossados dentro de seus pr\u00f3prios territ\u00f3rios e principalmente fora, na Europa, terra prometida, casa dos exploradores de continentes. \u00c9 como discutir exasperadamente como curar o bicho de p\u00e9 de uma crian\u00e7a que morre de c\u00e2ncer. \u00c9 continuarmos a nos ater aos pormenores desses epis\u00f3dios em lugar de discutirmos o grande quadro, e, v\u00ea-lo, a cada dia, agravar-se mais e mais.<\/p>\n<\/div>\n<div style=\"text-align: justify;\"><\/div>\n<div style=\"text-align: justify;\"><i><b>Jana\u00edna Pinto<\/b> \u00e9 formada em Comunica\u00e7\u00e3o Social pela Universidade Federal do Cear\u00e1, mestranda em Economia Pol\u00edtica Internacional e pesquisadora em Planejamento Urbano pela Universidade Federal do Rio de Janeiro<\/i>.<\/div>\n","protected":false},"excerpt":{"rendered":"<p>Autora convidada: Jana\u00edna Pinto Ainda quando estudava na gradua\u00e7\u00e3o de comunica\u00e7\u00e3o social, fui<\/p>\n","protected":false},"author":3,"featured_media":0,"comment_status":"closed","ping_status":"open","sticky":false,"template":"","format":"standard","meta":{"footnotes":""},"categories":[653],"tags":[],"class_list":["post-1794","post","type-post","status-publish","format-standard","hentry","category-volume2"],"_links":{"self":[{"href":"https:\/\/dialogosinternacionais.com.br\/index.php?rest_route=\/wp\/v2\/posts\/1794","targetHints":{"allow":["GET"]}}],"collection":[{"href":"https:\/\/dialogosinternacionais.com.br\/index.php?rest_route=\/wp\/v2\/posts"}],"about":[{"href":"https:\/\/dialogosinternacionais.com.br\/index.php?rest_route=\/wp\/v2\/types\/post"}],"author":[{"embeddable":true,"href":"https:\/\/dialogosinternacionais.com.br\/index.php?rest_route=\/wp\/v2\/users\/3"}],"replies":[{"embeddable":true,"href":"https:\/\/dialogosinternacionais.com.br\/index.php?rest_route=%2Fwp%2Fv2%2Fcomments&post=1794"}],"version-history":[{"count":2,"href":"https:\/\/dialogosinternacionais.com.br\/index.php?rest_route=\/wp\/v2\/posts\/1794\/revisions"}],"predecessor-version":[{"id":3034,"href":"https:\/\/dialogosinternacionais.com.br\/index.php?rest_route=\/wp\/v2\/posts\/1794\/revisions\/3034"}],"wp:attachment":[{"href":"https:\/\/dialogosinternacionais.com.br\/index.php?rest_route=%2Fwp%2Fv2%2Fmedia&parent=1794"}],"wp:term":[{"taxonomy":"category","embeddable":true,"href":"https:\/\/dialogosinternacionais.com.br\/index.php?rest_route=%2Fwp%2Fv2%2Fcategories&post=1794"},{"taxonomy":"post_tag","embeddable":true,"href":"https:\/\/dialogosinternacionais.com.br\/index.php?rest_route=%2Fwp%2Fv2%2Ftags&post=1794"}],"curies":[{"name":"wp","href":"https:\/\/api.w.org\/{rel}","templated":true}]}}