{"id":1795,"date":"2015-01-10T07:57:00","date_gmt":"2015-01-10T09:57:00","guid":{"rendered":"https:\/\/dialogosinternacionais.com.br\/?p=1795"},"modified":"2024-03-27T17:32:06","modified_gmt":"2024-03-27T20:32:06","slug":"pouco-de-tudo-ou-muito-de-nada","status":"publish","type":"post","link":"https:\/\/dialogosinternacionais.com.br\/?p=1795","title":{"rendered":"Pouco de tudo (ou muito de nada)"},"content":{"rendered":"<div style=\"text-align: justify;\"><b>&#8211; ou ainda, as rapidinhas da semana.<\/b><\/div>\n<div style=\"text-align: justify;\"><\/div>\n<div style=\"text-align: justify;\"><\/div>\n<div style=\"text-align: justify;\">Por Julia Monteath de Fran\u00e7a<\/div>\n<div style=\"text-align: justify;\"><\/div>\n<div style=\"text-align: right;\"><\/div>\n<div style=\"text-align: right;\"><\/div>\n<div style=\"text-align: right;\"><i>\u00a0<\/i><\/div>\n<div style=\"text-align: right;\"><i><br \/>\n<\/i><i><br \/>\n<\/i><i><br \/>\n<\/i><i><br \/>\n<\/i><i><br \/>\n<\/i><i><br \/>\n<\/i><i><br \/>\n<\/i><i><br \/>\n<\/i><i><br \/>\n<\/i><i>&#8220;Ingonyama nengw&#8217; enamabala&#8221;<\/i><\/div>\n<div><\/div>\n<div><\/div>\n<div style=\"text-align: justify;\">Antes de mais nada, pe\u00e7o desculpas aos nossos leitores pelo atraso, mas a semana foi mais r\u00e1pida que eu. Espero que todos tenham aproveitado as festan\u00e7as, as comilan\u00e7as, as bebilan\u00e7as, os fogos, ou o que quer que tenha escolhido para chegar em 2015&#8230;. enfim, que tenham passado bem essa virada!<\/div>\n<div style=\"text-align: justify;\"><a name=\"more\"><\/a><\/div>\n<div style=\"text-align: justify;\"><\/div>\n<div style=\"text-align: justify;\">Indo ao que interessa, mas ainda falando em festa&#8230; Pouco antes mesmo do peru de Natal ser servido, como bem apresentado no bem-humorado <a href=\"http:\/\/www.dialogosinternacionais.com.br\/2014\/12\/acho-que-cuba-nao-vai-mais-lancar-ou.html\" target=\"_blank\" rel=\"noopener\">artigo de Glauber Carvalho<\/a>, Barack Obama anunciou a retomada expl\u00edcita das rela\u00e7\u00f5es diplom\u00e1ticas com o debilitado Lado Negro da For\u00e7a, digo, com Cuba. No entanto, mal estourou a champagne e acabaram os fogos da virada, ainda no clima de ressaca, tomou posse um Congresso Nacional nada nada satisfeito com essa estrat\u00e9gia da pol\u00edtica externa norteamericana. O Presidente dos Estados Unidos vai ter que enfrentar nessa segunda metade de seu mandato um Congresso, digamos, com um outro olhar sobre o mundo, n\u00e3o s\u00f3 sobre esse assunto, mas divergente tamb\u00e9m, por exemplo, em quest\u00f5es como o oleoduto Keystone XL, pol\u00eamico na \u00e1rea de energia e meio ambiente; a reforma da sa\u00fade, o famoso \u201cObamacare\u201d; a flexibiliza\u00e7\u00e3o da imigra\u00e7\u00e3o no pa\u00eds&#8230; Tamb\u00e9m j\u00e1 foi assunto de outro <a href=\"http:\/\/www.dialogosinternacionais.com.br\/2014\/10\/cartas-mesa.html\" target=\"_blank\" rel=\"noopener\"><i>post<\/i> do Di\u00e1logos Internacionais<\/a>, esse jogo pol\u00edtico-diplom\u00e1tico caracter\u00edstico de nossas democracias, que \u00e9 t\u00e3o pouco transparente e que envolve uma s\u00e9rie de interesses os quais, muitas vezes, n\u00e3o devem nem ser falados em voz alta. O que se sabe de fato \u00e9 que o presidente vai ter que encarar n\u00e3o apenas os desafios externos mas, mais duramente ainda, os internos nos pr\u00f3ximos dois anos. Para mais sobre como Obama vai lidar com esse obst\u00e1culo, teremos que aguardar as cenas dos pr\u00f3ximos cap\u00edtulos&#8230;<\/div>\n<div style=\"text-align: center;\"><\/div>\n<div style=\"text-align: center;\">x<\/div>\n<div style=\"text-align: center;\">x<\/div>\n<div style=\"text-align: center;\"><\/div>\n<div style=\"text-align: justify;\">E por falar em democracia ocidental (e em ressaca), seu ber\u00e7o se encontra numa situa\u00e7\u00e3o pouco espl\u00eandida ultimamente. A crise dos mercados financeiros de 2008, que por aqui embaixo foi algumas vezes chamda de \u201cmarola\u201d, mais pareceu um tsunami l\u00e1 pra cima, do outro lado do Atl\u00e2ntico. Ainda nas rebarbas dessa onda, a Gr\u00e9cia, que est\u00e1 prestes a escolher seu novo representante e muitos j\u00e1 apontam que ser\u00e1 o candidato do Syriza, um partido radical de esquerda no pa\u00eds \u2013 j\u00e1 prev\u00eaem os mais desesperados analistas &#8211; com certas tend\u00eancias a se juntar ao Lado Negro. O certo \u00e9 que o pa\u00eds continua sua saga, procurando seus destro\u00e7os e tentando se recompor l\u00e1 pelo centro do Velho Mundo. Essa semana, por\u00e9m, a Chanceler Alem\u00e3 disse que estaria disposta a permitir sa\u00edda do pa\u00eds da zona do Euro (muito embora juridicamente esse movimento n\u00e3o parece ter sido previsto pelo bloco), o que j\u00e1 deixou as bolsas em todo o mundo de cabelo em p\u00e9 (particularmente, adoro essa personifica\u00e7\u00e3o!).<\/div>\n<div style=\"text-align: justify;\"><\/div>\n<div style=\"text-align: center;\">x<\/div>\n<div style=\"text-align: center;\">x<\/div>\n<div style=\"text-align: justify;\"><\/div>\n<div style=\"text-align: justify;\">Por falar em destro\u00e7os, esse per\u00edodo de mais uma volta da Terra ao redor do sol, mais um ano sideral, foi marcado por mais um acidente a\u00e9reo do outro lado do mundo, l\u00e1 pelas bandas do Pac\u00edfico. Outro \u201cacidente\u201d das m\u00e3os humanas ocorreu essa semana, de novo naquela que \u00e9 conhecida como a capital do amor. Sobre esse, publicaremos outro <i>post<\/i> <i>post<\/i>eriormente. Por ora, fica o lamento por todas as v\u00edtimas.<\/div>\n<div style=\"text-align: justify;\"><\/div>\n<div style=\"text-align: center;\">x<\/div>\n<div style=\"text-align: center;\">x<\/div>\n<div style=\"text-align: center;\"><\/div>\n<div style=\"text-align: justify;\">J\u00e1 que entramos nas cat\u00e1strofes com o dedo do homem no meio, o Alto Comissariado das Na\u00e7\u00f5es Unidas para Refugiados anunciou nessa quinta a estimativa de que, apenas no primeiro semestre de 2014, mais 5,5 milh\u00f5es de pessoas precisaram se deslocar em busca de prote\u00e7\u00e3o. Desse n\u00famero, apenas 1,4 milh\u00e3o chegou (por vontade ou por possibilidade) a cruzar fronteiras nacionais. Com isso, o n\u00famero total da popula\u00e7\u00e3o necessitando de aassist\u00eancia do ACNUR chegou a 46,3 milh\u00f5es. Depois de tr\u00eas d\u00e9cadas, os afeg\u00e3os deixaram o topo dessa lista por nacionalidades, sendo ultrapassados pelos n\u00fameros de s\u00edrios. As outras posi\u00e7\u00f5es do \u201c5 mais\u201d s\u00e3o todas ocupadas por pa\u00edses africanos &#8211; respectivamente, Sud\u00e3o, Sud\u00e3o do Sul e Rep\u00fablica Demcr\u00e1tica do Congo. [1]<\/div>\n<div style=\"text-align: justify;\"><\/div>\n<div style=\"text-align: center;\">x<\/div>\n<div style=\"text-align: center;\">x<\/div>\n<div style=\"text-align: center;\"><\/div>\n<div style=\"text-align: justify;\">Mas, pra l\u00e1 com a negatividade e voltando \u00e0 concilia\u00e7\u00e3o esperada desde os tempos da Guerra Fria, nasceu tamb\u00e9m essa semana a filha de um \u00edcone nacional cubano, Gerardo Hern\u00e1ndez! Um dos \u201ccinco her\u00f3is\u201d do pa\u00eds, libertado em dezembro, depois de passar 16 anos preso nos Estados Unidos, em uma condena\u00e7\u00e3o \u00e0 pris\u00e3o perp\u00e9tua question\u00e1vel e questionada (aquela velha hist\u00f3ria de ma\u00e7\u00e3s, bananas, laranjas&#8230;) por espionagem junto com os outros quatro do &#8220;bando&#8221; [2]. A menina foi concebida por insemina\u00e7\u00e3o artificial, depois de a possibilidade ser concedida pela Justi\u00e7a norteamericana, j\u00e1 que a mulher do her\u00f3i nunca obteve autoriza\u00e7\u00e3o para visit\u00e1-lo. Anunciou o portal Cubadebate, em nota, nessa ter\u00e7a-feira: <i>\u201c\u00c0s 8 e 30 do Dia de Reis de 2015, ano 57 da Revolu\u00e7\u00e3o, nasceu em Havana Gema Hern\u00e1ndez P\u00e9rez, filha de Gerardo Hern\u00e1ndez Nordelo e Adriana P\u00e9rez O\u2019Connor, a mulher que esperou mais do que Pen\u00e9lope pelo her\u00f3i da P\u00e1tria e de sua vida\u201d<\/i>.<\/div>\n<div style=\"text-align: justify;\"><\/div>\n<div style=\"text-align: center;\">x<\/div>\n<div style=\"text-align: center;\">x<\/div>\n<div style=\"text-align: center;\"><\/div>\n<div style=\"text-align: justify;\">E vamos em frente, que atr\u00e1s vem gente! A semana foi agitada, mas ainda temos 51 pela frente, s\u00f3 esse ano! \u00c9 vida que segue, num ciclo sem fim \u2013 j\u00e1 dizia a m\u00fasica do rei Simba.<\/div>\n<div style=\"text-align: justify;\"><\/div>\n<div style=\"text-align: justify;\">Bom 2015 pessoal!<\/div>\n<div style=\"text-align: justify;\"><\/div>\n<div style=\"text-align: justify;\"><\/div>\n<div style=\"text-align: justify;\">&#8212;<\/div>\n<div style=\"text-align: justify;\"><\/div>\n<div style=\"text-align: justify;\"><\/div>\n<div style=\"text-align: justify;\"><\/div>\n<div style=\"text-align: justify;\">[1] O ACNUR apenas ajuda deslocados em pa\u00edses cujos governos solicitam a assist\u00eancia, por isso, a cifra divulgada n\u00e3o abrange a todos aqueles que s\u00e3o for\u00e7ados a sair de casa por motivos que justificam o ref\u00fagio.<\/div>\n<div><\/div>\n<div><\/div>\n<div style=\"text-align: justify;\">[2] Hern\u00e1ndez e os outros quatro integrantes do grupo, Ren\u00e9 Gonz\u00e1lez, Fernando Gonz\u00e1lez, Antonio Guerrero e Ram\u00f3n Laba\u00f1ino foram presos em 1998 e condenados a longas penas nos Estados Unidos quando o FBI desmantelou a rede de espionagem cubana Avispa (Vespa, em espanhol), que atuava no sul da Fl\u00f3rida. Todos admitiram ser agentes do governo cubano \u201cn\u00e3o declarados\u201d nos EUA, mas que seus alvos eram \u201cgrupos terroristas de exilados\u201d que conspiravam contra o ent\u00e3o presidente Fidel Castro, e n\u00e3o contra o governo americano. Em cuba, eram conhecido como os &#8220;cinco her\u00f3is&#8221;, sendo a liberta\u00e7\u00e3o dos cinco uma demanda simb\u00f3lica desde ent\u00e3o.<\/div>\n","protected":false},"excerpt":{"rendered":"<p>&#8211; ou ainda, as rapidinhas da semana. Por Julia Monteath de Fran\u00e7a \u00a0<\/p>\n","protected":false},"author":3,"featured_media":0,"comment_status":"closed","ping_status":"open","sticky":false,"template":"","format":"standard","meta":{"footnotes":""},"categories":[653],"tags":[],"class_list":["post-1795","post","type-post","status-publish","format-standard","hentry","category-volume2"],"_links":{"self":[{"href":"https:\/\/dialogosinternacionais.com.br\/index.php?rest_route=\/wp\/v2\/posts\/1795","targetHints":{"allow":["GET"]}}],"collection":[{"href":"https:\/\/dialogosinternacionais.com.br\/index.php?rest_route=\/wp\/v2\/posts"}],"about":[{"href":"https:\/\/dialogosinternacionais.com.br\/index.php?rest_route=\/wp\/v2\/types\/post"}],"author":[{"embeddable":true,"href":"https:\/\/dialogosinternacionais.com.br\/index.php?rest_route=\/wp\/v2\/users\/3"}],"replies":[{"embeddable":true,"href":"https:\/\/dialogosinternacionais.com.br\/index.php?rest_route=%2Fwp%2Fv2%2Fcomments&post=1795"}],"version-history":[{"count":2,"href":"https:\/\/dialogosinternacionais.com.br\/index.php?rest_route=\/wp\/v2\/posts\/1795\/revisions"}],"predecessor-version":[{"id":3033,"href":"https:\/\/dialogosinternacionais.com.br\/index.php?rest_route=\/wp\/v2\/posts\/1795\/revisions\/3033"}],"wp:attachment":[{"href":"https:\/\/dialogosinternacionais.com.br\/index.php?rest_route=%2Fwp%2Fv2%2Fmedia&parent=1795"}],"wp:term":[{"taxonomy":"category","embeddable":true,"href":"https:\/\/dialogosinternacionais.com.br\/index.php?rest_route=%2Fwp%2Fv2%2Fcategories&post=1795"},{"taxonomy":"post_tag","embeddable":true,"href":"https:\/\/dialogosinternacionais.com.br\/index.php?rest_route=%2Fwp%2Fv2%2Ftags&post=1795"}],"curies":[{"name":"wp","href":"https:\/\/api.w.org\/{rel}","templated":true}]}}