{"id":1796,"date":"2015-01-02T12:51:00","date_gmt":"2015-01-02T14:51:00","guid":{"rendered":"https:\/\/dialogosinternacionais.com.br\/?p=1796"},"modified":"2024-03-27T17:31:56","modified_gmt":"2024-03-27T20:31:56","slug":"retrospectiva","status":"publish","type":"post","link":"https:\/\/dialogosinternacionais.com.br\/?p=1796","title":{"rendered":"Retrospectiva"},"content":{"rendered":"<div style=\"line-height: 150%; margin-bottom: 0cm; text-align: justify;\"><\/div>\n<div style=\"line-height: 150%; margin-bottom: 0cm; text-align: justify;\"><span style=\"font-family: 'Times New Roman','serif'; font-size: 12.0pt; line-height: 150%;\">Por Suellen Lannes<\/span><\/div>\n<div style=\"line-height: 150%; margin-bottom: 0cm; text-align: justify;\"><span style=\"font-family: 'Times New Roman','serif'; font-size: 12.0pt; line-height: 150%;\">\u00a0<\/span><\/div>\n<div style=\"clear: both; text-align: center;\"><\/div>\n<div style=\"line-height: 150%; margin-bottom: 0cm; text-align: justify;\">\n<div style=\"margin-bottom: .0001pt; margin: 0cm; text-align: justify;\">\n<div style=\"text-align: justify;\">Ao se pensar em uma retrospectiva refletimos n\u00e3o somente no passado, mas tamb\u00e9m no futuro. Ao selecionar os fatos mais importantes levamos em considera\u00e7\u00e3o aqueles que, de alguma forma, ter\u00e3o import\u00e2ncia para a hist\u00f3ria vindoura. Fazer esse exerc\u00edcio de vid\u00eancia pode ser considerado um simples achismo ou genialidade, caso a previs\u00e3o se confirme. Contudo, o objetivo desse texto n\u00e3o \u00e9 esse, \u00e9 simplesmente um treinamento de mem\u00f3ria, procurando relembrar o que aconteceu, apresentando, em linhas gerais o contexto dos fatos apresentados. Se eles ter\u00e3o relev\u00e2ncia futura, n\u00e3o est\u00e1 sob a minha al\u00e7ada.<\/div>\n<\/div>\n<div style=\"margin-bottom: .0001pt; margin: 0cm; text-align: justify;\">\n<div style=\"text-align: justify;\"><a name=\"more\"><\/a><\/div>\n<\/div>\n<div style=\"margin-bottom: .0001pt; margin: 0cm; text-align: justify;\">\n<div style=\"text-align: justify;\">Procurando uma objetividade, separei tr\u00eas eventos que tiveram grande destaque nas m\u00eddias internacionais e de, alguma forma, tiveram impacto na din\u00e2mica internacional: (1) a epidemia do ebola; (2) a escalada do conflito na Ucr\u00e2nia e (2) o aumento do poder do Estado Isl\u00e2mico.<\/div>\n<\/div>\n<div style=\"margin-bottom: .0001pt; margin: 0cm; text-align: justify;\">\n<div style=\"text-align: justify;\"><\/div>\n<\/div>\n<div style=\"margin-bottom: .0001pt; margin: 0cm; text-align: justify;\">\n<div style=\"text-align: justify;\">Desde meados da d\u00e9cada de 1990, no continente africano vinha se presenciando alguns surtos de ebola, que matavam entre 200 a 500 pessoas. A doen\u00e7a parecia que estava restrita, geograficamente falando, e parecia sobre controle no n\u00famero de infectados. O surto que come\u00e7aria no final de 2013 seria diferente do que foi visto at\u00e9 ent\u00e3o. Em mar\u00e7o de 2014, a Organiza\u00e7\u00e3o Mundial da Sa\u00fade (OMS) emitiu um comunicado informando que havia um surto de ebola em Guin\u00e9, com casos suspeitos na Lib\u00e9ria e em Serra Leoa. Futuramente, esse surto vai se confirmar na Lib\u00e9ria, Senegal, Serra Leoa e chegar\u00e1 aos Estados Unidos, onde ocorrer\u00e1 o primeiro caso de transmiss\u00e3o fora do continente africano.<\/div>\n<\/div>\n<div style=\"margin-bottom: .0001pt; margin: 0cm; text-align: justify;\">\n<div style=\"text-align: justify;\"><\/div>\n<\/div>\n<div style=\"margin-bottom: .0001pt; margin: 0cm; text-align: justify;\">\n<div style=\"text-align: justify;\">O avan\u00e7o crescente da doen\u00e7a fez com que, em agosto, a OMS declarasse a epidemia como uma emerg\u00eancia de sa\u00fade p\u00fablica internacional. Al\u00e9m desse aviso, a organiza\u00e7\u00e3o M\u00e9dico Sem Fronteiras denunciou que o sistema de sa\u00fade dos pa\u00edses com epidemia estava em colapso e n\u00e3o teria condi\u00e7\u00f5es de combater a epidemia.\u00a0 No final do m\u00eas, a doen\u00e7a chegou a Nig\u00e9ria.<\/div>\n<\/div>\n<div style=\"margin-bottom: .0001pt; margin: 0cm; text-align: justify;\">\n<div style=\"text-align: justify;\"><\/div>\n<\/div>\n<div style=\"margin-bottom: .0001pt; margin: 0cm; text-align: justify;\">\n<div style=\"text-align: justify;\">No m\u00eas seguinte, os pa\u00edses decretam o fechamento das fronteiras, cancelamentos dos voos e evacua\u00e7\u00e3o dos trabalhadores estrangeiros. Esses atos acabaram com o com\u00e9rcio transfronteiri\u00e7o e levou ao colapso as estruturas, j\u00e1 prec\u00e1rias, desses pa\u00edses. Essa situa\u00e7\u00e3o pode gerar uma mortandade indireta maior do que o ebola vem ocasionando. Oficialmente, at\u00e9 29 de dezembro, a doen\u00e7a j\u00e1 havia infectado cerca de 20 mil pessoas e levado a \u00f3bito cerca de 7 mil.<\/div>\n<\/div>\n<div style=\"text-align: justify;\"><\/div>\n<div style=\"text-align: justify;\">No que tange \u00e0s rela\u00e7\u00f5es internacionais, a epidemia do ebola evidencia a amplitude dos temas abordados por essa disciplina e coloca em \u201cxeque\u201d as teorias que separam o cen\u00e1rio externo do interno, evidenciando que as quest\u00f5es pol\u00edtico-sociais, relegadas a segundo plano, como o sistema de sa\u00fade dos pa\u00edses subdesenvolvidos, podem ter um profundo impacto na din\u00e2mica tradicional das rela\u00e7\u00f5es internacionais. Esse cen\u00e1rio demonstra o qu\u00e3o complexo s\u00e3o as rela\u00e7\u00f5es internacionais e a responsabilidade desse pesquisador.<\/div>\n<\/div>\n<div style=\"line-height: 150%; margin-bottom: 0cm; text-align: justify;\">\n<div style=\"text-align: justify;\"><span style=\"font-family: inherit;\">\u00a0<\/span><\/div>\n<\/div>\n<div style=\"background: white; line-height: 150%; margin-bottom: .0001pt; margin: 0cm; mso-outline-level: 3; text-align: justify;\">\n<div style=\"text-align: justify;\"><span style=\"font-family: inherit;\">Para maiores informa\u00e7\u00f5es sobre o ebola vide o texto de Larissa Rosevics, <i><a href=\"http:\/\/www.dialogosinternacionais.com.br\/2014\/08\/capitalismo-e-o-ebola.html\" target=\"_blank\" rel=\"noopener\">Capitalismo e o Ebola<\/a><\/i>.<\/span><\/div>\n<\/div>\n<div style=\"line-height: 150%; margin-bottom: 0cm; text-align: justify;\">\n<div style=\"text-align: justify;\"><span style=\"font-family: inherit;\">\u00a0<\/span><\/div>\n<\/div>\n<div style=\"line-height: 150%; margin-bottom: 0cm; text-align: justify;\">\n<div style=\"margin-bottom: .0001pt; margin: 0cm; text-align: justify;\">\n<div style=\"text-align: justify;\">No que tange ao conflito ucraniano, o ano de 2014 foi marcado por uma s\u00e9rie de reviravoltas e trouxe o fantasma da disputa de poder entre os Estados Unidos e a Uni\u00e3o Sovi\u00e9tica durante a Guerra Fria. Em linhas gerais, pode-se dizer que o conflito envolve quest\u00f5es geopol\u00edticas e econ\u00f4micas que perpassam s\u00e9culos. Esse conflito envolve tem\u00e1ticas energ\u00e9ticas, alimentares, disputas por hegemonia e demandas de fronteiras indefinidas. Sendo assim, o estopim inicial aconteceu quando uma s\u00e9rie de protestos varreram a Ucr\u00e2nia em resposta a recusa do governo em assinar um acordo de associa\u00e7\u00e3o com a Uni\u00e3o Europeia.<\/div>\n<\/div>\n<div style=\"margin-bottom: .0001pt; margin: 0cm; text-align: justify;\">\n<div style=\"text-align: justify;\"><\/div>\n<\/div>\n<div style=\"margin-bottom: .0001pt; margin: 0cm; text-align: justify;\">\n<div style=\"text-align: justify;\">Os manifestantes se concentravam na Pra\u00e7a da Independ\u00eancia, ou Maidan, apresentando um\u00a0<i>modus operandi<\/i>\u00a0parecido com as manifesta\u00e7\u00f5es da \u201cPrimavera\u201d \u00c1rabe. Durante o m\u00eas de janeiro a viol\u00eancia aumentou quando o governo passa a seguir as leis antiprotestos, conhecidas como Bondarenko-Oliynyk. O resultado do acirramento dessas tens\u00f5es foi a destitui\u00e7\u00e3o de Viktor Yanukovych do cargo de presidente, pelo Parlamento, e a defini\u00e7\u00e3o de novas elei\u00e7\u00f5es em maio para a elei\u00e7\u00e3o de seu substituto.<\/div>\n<\/div>\n<div style=\"margin-bottom: .0001pt; margin: 0cm; text-align: justify;\">\n<div style=\"text-align: justify;\"><\/div>\n<\/div>\n<div style=\"margin-bottom: .0001pt; margin: 0cm; text-align: justify;\">\n<div style=\"text-align: justify;\">No m\u00eas seguinte, em fevereiro, foi escolhido um novo primeiro-ministro, Arseni Yatseniuk, respons\u00e1vel por governar o pa\u00eds at\u00e9 as novas elei\u00e7\u00f5es presidenciais. Em mar\u00e7o, o governo russo prop\u00f5e a realiza\u00e7\u00e3o de uma consulta popular na regi\u00e3o da Crimeia, onde a maioria dos cidad\u00e3os s\u00e3o de ascend\u00eancia russa, para decidir se eles gostariam de ser anexados \u00e0 R\u00fassia. O pleito foi condenado pela comunidade internacional e resultou na consolida\u00e7\u00e3o do poder russo, com a ades\u00e3o de cerca de 90% da popula\u00e7\u00e3o.\u00a0No m\u00eas seguinte, o presidente russo, Vladimir Putin, assinou a declara\u00e7\u00e3o anexando o territ\u00f3rio.<\/div>\n<\/div>\n<div style=\"margin-bottom: .0001pt; margin: 0cm; text-align: justify;\">\n<div style=\"text-align: justify;\"><\/div>\n<\/div>\n<div style=\"margin-bottom: .0001pt; margin: 0cm; text-align: justify;\">\n<div style=\"text-align: justify;\">Exilado, o presidente ucraniano deposto pede a R\u00fassia uma interven\u00e7\u00e3o militar, em resposta, o governo russo envia tropas militares a Ucr\u00e2nia e anexa o territ\u00f3rio da Crimeia. Ap\u00f3s essa anexa\u00e7\u00e3o, membros da Uni\u00e3o Europeia, em especial a Alemanha, e a OTAN (Organiza\u00e7\u00e3o do Tratado do Atl\u00e2ntico Norte) criticaram a a\u00e7\u00e3o de Moscou e afirmam que se as a\u00e7\u00f5es militares continuassem novas san\u00e7\u00f5es seriam impostas. Do outro lado, em Kiev, em maio, a coaliza\u00e7\u00e3o pr\u00f3-Uni\u00e3o Europeia ganhou a elei\u00e7\u00e3o \u00e0 presid\u00eancia, com o candidato Petro Poroshenko. O resultado dessa elei\u00e7\u00e3o foi o acirramento do conflito com a R\u00fassia e a aproxima\u00e7\u00e3o com a Uni\u00e3o Europeia, nos meses seguintes, por meio da oficializa\u00e7\u00e3o de acordos.<\/div>\n<\/div>\n<div style=\"margin-bottom: .0001pt; margin: 0cm; text-align: justify;\">\n<div style=\"text-align: justify;\"><\/div>\n<\/div>\n<div style=\"text-align: justify;\"><\/div>\n<div style=\"margin-bottom: .0001pt; margin: 0cm; text-align: justify;\">\n<div style=\"text-align: justify;\"><span style=\"color: black;\">Um efeito colateral do conflito foi a queda do avi\u00e3o da Malaysia Airlines, em julho, abatido por um m\u00edssil. Os Estados Unidos e a Uni\u00e3o Europeia culparam a R\u00fassia, por causa do apoio dela aos separatistas, os quais j\u00e1 tinham abatido uma s\u00e9rie de ca\u00e7as militares ucranianos e aumentaram as san\u00e7\u00f5es contra o pa\u00eds. Por outro lado, a R\u00fassia culpou as for\u00e7as ucranianas. \u00a0Em repres\u00e1lia as san\u00e7\u00f5es, a R\u00fassia rompe o suprimento de g\u00e1s para a Europa. Essa \u201cguerra do g\u00e1s\u201d acaba com a formaliza\u00e7\u00e3o de um acordo, em outubro, entre a R\u00fassia, a Ucr\u00e2nia e a Uni\u00e3o Europeia, que restabelece o fornecimento de g\u00e1s. O final do ano foi marcado por tentativas de tr\u00e9guas, ao mesmo tempo em que a Ucr\u00e2nia planeja a constru\u00e7\u00e3o de um muro na fronteira com a R\u00fassia, denominado \u201cMuralha Europeia\u201d.<\/span><\/div>\n<\/div>\n<\/div>\n<div style=\"text-align: justify;\"><span style=\"font-family: inherit; font-size: 12.0pt; line-height: 107%; mso-ansi-language: PT-BR; mso-bidi-language: AR-SA; mso-fareast-font-family: Calibri; mso-fareast-language: EN-US; mso-fareast-theme-font: minor-latin;\">\u00a0<\/span><\/div>\n<div style=\"line-height: 150%; margin-bottom: 0cm; text-align: justify;\">\n<div style=\"text-align: justify;\"><span style=\"font-family: inherit; line-height: 150%;\">Para maiores informa\u00e7\u00f5es sobre a escalada no conflito na Ucr\u00e2nia vide o texto <a href=\"http:\/\/www.dialogosinternacionais.com.br\/2014\/09\/quarta-do-especialista-geopolitica-e-as.html\" target=\"_blank\" rel=\"noopener\">A geopol\u00edtica e as insist\u00eancias da hist\u00f3ria<\/a>\u00a0de H\u00e9lio Farias.\u00a0<\/span><br \/>\n<span style=\"font-family: inherit; line-height: 150%;\"><br \/>\n<\/span><\/div>\n<\/div>\n<div style=\"line-height: 150%; margin-bottom: 0cm; text-align: justify;\">\n<div style=\"margin: 0cm 0cm 0.0001pt;\">\n<div style=\"text-align: justify;\">O terceiro evento que irei tratar diz respeito ao surgimento do Estado Isl\u00e2mico e o acirramento da guerra civil na S\u00edria. As origens desse movimento rementem a 2006, quando eles faziam parte da Al Qaeda. Com a sa\u00edda das for\u00e7as militares estadunidenses do Iraque, um v\u00e1cuo de poder se criou e o grupo cresceu. Concomitante, o grupo come\u00e7ou a sua a\u00e7\u00e3o na S\u00edria, a qual passa por um contexto de guerra civil.<\/div>\n<\/div>\n<div style=\"margin: 0cm 0cm 0.0001pt;\">\n<div style=\"text-align: justify;\"><\/div>\n<\/div>\n<div style=\"margin: 0cm 0cm 0.0001pt;\">\n<div style=\"text-align: justify;\">Os holofotes da m\u00eddia internacional passam a focar nesse grupo quando, em junho deste ano, as suas tropas tomam a segunda cidade mais importante do Iraque, Mossul. Com essa importante vit\u00f3ria, as tropas rumam para Bagd\u00e1, visando a cria\u00e7\u00e3o de um novo \u201ccalifado\u201d. Apesar do fracasso na tomada de Bagd\u00e1, eles formalizam o califado por meio da conquista de Diyala, no Iraque e Aleppo, na S\u00edria. Seu l\u00edder, Abu Bakr al Baghdadi foi proclamado \u201ccalifa de todos os mu\u00e7ulmanos\u201d. Inseridos nos tempos atuais, o grupo usa as m\u00eddias sociais em seu favor, panfletando e exibindo as suas a\u00e7\u00f5es. Em pouco tempo, o grupo conquistou posi\u00e7\u00f5es estrat\u00e9gicas como usinas, campos de petr\u00f3leo e barragens.<\/div>\n<\/div>\n<div style=\"margin: 0cm 0cm 0.0001pt;\">\n<div style=\"text-align: justify;\"><\/div>\n<\/div>\n<div style=\"margin: 0cm 0cm 0.0001pt;\">\n<div style=\"text-align: justify;\">O avan\u00e7o do Estado Isl\u00e2mico levou a deposi\u00e7\u00e3o, em agosto, do premi\u00ea iraquiano, Nouri al Maliki. Ele foi substitu\u00eddo por Haidar Abadi. A agressividade do grupo contra as minorias fez a ONU emitir um alerta para o risco de um genoc\u00eddio no pa\u00eds. Al\u00e9m disso, o grupo come\u00e7ou a direcionar as suas a\u00e7\u00f5es para atos simb\u00f3licos, como a decapita\u00e7\u00e3o dos jornalistas estadunidenses James Foley e Steven Sotloff, no final de agosto e in\u00edcio de setembro. Com a argumenta\u00e7\u00e3o de evitar isso e visando retomar as posi\u00e7\u00f5es perdidas, os Estados Unidos se envolvem militarmente no conflito em uma coaliz\u00e3o com cerca de 50 pa\u00edses.<\/div>\n<\/div>\n<div style=\"margin: 0cm 0cm 0.0001pt;\">\n<div style=\"text-align: justify;\"><\/div>\n<\/div>\n<div style=\"text-align: justify;\">Os ataques come\u00e7aram em setembro e em novembro a cidade de Darnah, na L\u00edbia entrou para o Estado Isl\u00e2mico, a primeira fora do Iraque e da S\u00edria. Em dezembro, os Estados Unidos enviam mais soldados para deter o avan\u00e7o do Estado Isl\u00e2mico e no dia 29 a Suprema Corte da R\u00fassia reconhece o Estado Isl\u00e2mico e o Jabhat al-Nusra como organiza\u00e7\u00f5es terroristas. A partir desse momento, fica proibido em territ\u00f3rio russo qualquer atividade desse grupo. O Estado Isl\u00e2mico tamb\u00e9m \u00e9 reconhecido como uma organiza\u00e7\u00e3o terrorista pelas Na\u00e7\u00f5es Unidas, pela Uni\u00e3o Europeia e por uma s\u00e9rie de outros pa\u00edses, incluindo Estados Unidos, Austr\u00e1lia, Ar\u00e1bia Saudita e Egito.<\/div>\n<\/div>\n<div style=\"line-height: 150%; margin-bottom: 0cm; text-align: justify;\">\n<div style=\"text-align: justify;\"><span style=\"font-family: inherit;\">\u00a0<\/span><\/div>\n<\/div>\n<div style=\"line-height: 150%; margin-bottom: 0cm; text-align: justify;\">\n<div style=\"text-align: justify;\"><span style=\"font-family: inherit; line-height: 150%;\">Para maiores informa\u00e7\u00f5es sobre a forma\u00e7\u00e3o do Estado Isl\u00e2mico vide o texto <a href=\"http:\/\/www.dialogosinternacionais.com.br\/2014\/10\/quarta-do-especialista-ascensao-do-isis.html\" target=\"_blank\" rel=\"noopener\">A ascens\u00e3o do ISIS e o jogo geopol\u00edtico global<\/a>, de Ricardo Zort\u00e9a Vieira.<\/span><\/div>\n<\/div>\n<div style=\"line-height: 150%; margin-bottom: 0cm; text-align: justify;\">\n<div style=\"text-align: justify;\"><span style=\"font-family: inherit; line-height: 150%;\">\u00a0<\/span><\/div>\n<\/div>\n<div style=\"background: white; line-height: 150%; margin-bottom: .0001pt; margin: 0cm; mso-outline-level: 3; text-align: justify;\">\n<div style=\"text-align: justify;\"><span style=\"font-family: inherit;\">Por fim, vale ressaltar que o ano de 2014 marca o surgimento do blog Di\u00e1logos Internacionais!!!!<\/span><\/div>\n<\/div>\n<div style=\"background: white; line-height: 150%; margin-bottom: .0001pt; margin: 0cm; mso-outline-level: 3; text-align: justify;\">\n<div style=\"text-align: justify;\"><span style=\"font-family: inherit;\">\u00a0<\/span><\/div>\n<\/div>\n<div style=\"background: white; line-height: 150%; margin-bottom: .0001pt; margin: 0cm; mso-outline-level: 3; text-align: justify;\">\n<div style=\"text-align: justify;\"><span style=\"font-family: inherit;\">Feliz 2015!!\u00a0<\/span><\/div>\n<\/div>\n","protected":false},"excerpt":{"rendered":"<p>Por Suellen Lannes \u00a0 Ao se pensar em uma retrospectiva refletimos n\u00e3o somente<\/p>\n","protected":false},"author":3,"featured_media":0,"comment_status":"closed","ping_status":"open","sticky":false,"template":"","format":"standard","meta":{"footnotes":""},"categories":[653],"tags":[],"class_list":["post-1796","post","type-post","status-publish","format-standard","hentry","category-volume2"],"_links":{"self":[{"href":"https:\/\/dialogosinternacionais.com.br\/index.php?rest_route=\/wp\/v2\/posts\/1796","targetHints":{"allow":["GET"]}}],"collection":[{"href":"https:\/\/dialogosinternacionais.com.br\/index.php?rest_route=\/wp\/v2\/posts"}],"about":[{"href":"https:\/\/dialogosinternacionais.com.br\/index.php?rest_route=\/wp\/v2\/types\/post"}],"author":[{"embeddable":true,"href":"https:\/\/dialogosinternacionais.com.br\/index.php?rest_route=\/wp\/v2\/users\/3"}],"replies":[{"embeddable":true,"href":"https:\/\/dialogosinternacionais.com.br\/index.php?rest_route=%2Fwp%2Fv2%2Fcomments&post=1796"}],"version-history":[{"count":2,"href":"https:\/\/dialogosinternacionais.com.br\/index.php?rest_route=\/wp\/v2\/posts\/1796\/revisions"}],"predecessor-version":[{"id":3032,"href":"https:\/\/dialogosinternacionais.com.br\/index.php?rest_route=\/wp\/v2\/posts\/1796\/revisions\/3032"}],"wp:attachment":[{"href":"https:\/\/dialogosinternacionais.com.br\/index.php?rest_route=%2Fwp%2Fv2%2Fmedia&parent=1796"}],"wp:term":[{"taxonomy":"category","embeddable":true,"href":"https:\/\/dialogosinternacionais.com.br\/index.php?rest_route=%2Fwp%2Fv2%2Fcategories&post=1796"},{"taxonomy":"post_tag","embeddable":true,"href":"https:\/\/dialogosinternacionais.com.br\/index.php?rest_route=%2Fwp%2Fv2%2Ftags&post=1796"}],"curies":[{"name":"wp","href":"https:\/\/api.w.org\/{rel}","templated":true}]}}