{"id":1798,"date":"2014-12-20T07:26:00","date_gmt":"2014-12-20T09:26:00","guid":{"rendered":"https:\/\/dialogosinternacionais.com.br\/?p=1798"},"modified":"2024-03-27T16:48:22","modified_gmt":"2024-03-27T19:48:22","slug":"acho-que-cuba-nao-vai-mais-lancar-ou-sobre-diversas-coisas","status":"publish","type":"post","link":"https:\/\/dialogosinternacionais.com.br\/?p=1798","title":{"rendered":"Acho que Cuba n\u00e3o vai mais lan\u00e7ar&#8230; ou sobre diversas coisas&#8230;"},"content":{"rendered":"<p>Por Glauber Cardoso Carvalho<\/p>\n<div><\/div>\n<div><\/div>\n<div style=\"margin-bottom: 0.0001pt; text-align: right;\" align=\"right\"><i><span style=\"font-size: 10.0pt; mso-bidi-font-size: 11.0pt;\">\u201cO americano j\u00e1 mandou gente pra lua<\/span><\/i><\/div>\n<div style=\"margin-bottom: 0.0001pt; text-align: right;\" align=\"right\"><i><span style=\"font-size: 10.0pt; mso-bidi-font-size: 11.0pt;\">O russo \u00e9 muito bom, mas agora est\u00e1 na sua<\/span><\/i><\/div>\n<div style=\"margin-bottom: 0.0001pt; text-align: right;\" align=\"right\"><i><span style=\"font-size: 10.0pt; mso-bidi-font-size: 11.0pt;\">At\u00e9 o meu Brasil, j\u00e1 lan\u00e7ou foguete ao ar<\/span><\/i><\/div>\n<div style=\"margin-bottom: 0.0001pt; text-align: right;\" align=\"right\"><i><span style=\"font-size: 10.0pt; mso-bidi-font-size: 11.0pt;\">Disseram que Cuba lan\u00e7a, eu quero \u00e9 ver Cuba lan\u00e7ar<\/span><\/i><\/div>\n<div style=\"margin-bottom: 0.0001pt; text-align: right;\" align=\"right\"><\/div>\n<div style=\"margin-bottom: 0.0001pt; text-align: right;\" align=\"right\"><i><span style=\"font-size: 10.0pt; mso-bidi-font-size: 11.0pt;\">Nas grandes pot\u00eancias, dou valor e acredito<\/span><\/i><\/div>\n<div style=\"margin-bottom: 0.0001pt; text-align: right;\" align=\"right\"><i><span style=\"font-size: 10.0pt; mso-bidi-font-size: 11.0pt;\">O meu Brasil \u00e9 grande e por isso fez bonito<\/span><\/i><\/div>\n<div style=\"margin-bottom: 0.0001pt; text-align: right;\" align=\"right\"><i><span style=\"font-size: 10.0pt; mso-bidi-font-size: 11.0pt;\">Agora o cubano come\u00e7ou a anunciar<\/span><\/i><\/div>\n<div style=\"margin-bottom: 0.0001pt; text-align: right;\" align=\"right\"><i><span style=\"font-size: 10.0pt; mso-bidi-font-size: 11.0pt;\">Que vai lan\u00e7ar foguete, eu quero \u00e9 ver Cuba lan\u00e7ar.\u201d<\/span><\/i><\/div>\n<div style=\"margin-bottom: 0.0001pt; text-align: right;\" align=\"right\"><\/div>\n<div style=\"margin-bottom: 0.0001pt; text-align: right;\" align=\"right\"><i><span style=\"font-size: 10.0pt; mso-bidi-font-size: 11.0pt;\">As grandes pot\u00eancias<\/span><\/i><\/div>\n<div style=\"margin-bottom: 0.0001pt; text-align: right;\" align=\"right\"><i><span style=\"font-size: 10.0pt; mso-bidi-font-size: 11.0pt;\">Z\u00e9 Duarte<\/span><\/i><\/div>\n<div style=\"margin-bottom: 0.0001pt; text-align: right;\" align=\"right\"><\/div>\n<div style=\"margin-bottom: 0.0001pt; text-align: right;\" align=\"right\"><i><span style=\"font-size: 10.0pt; mso-bidi-font-size: 11.0pt;\">Nenhum progn\u00f3stico resiste a um m\u00edssil.<\/span><\/i><\/div>\n<div style=\"margin-bottom: 0.0001pt; text-align: right;\" align=\"right\"><i><span style=\"font-size: 10.0pt; mso-bidi-font-size: 11.0pt;\">Edilson Nunes dos Santos J\u00fanior<\/span><\/i><\/div>\n<div><\/div>\n<div><\/div>\n<div style=\"text-align: justify;\">Neste \u00faltimo despretensioso post antes do Natal, al\u00e9m claro, de desejar aos leitores uma \u00f3tima celebra\u00e7\u00e3o, comento como tantos analistas esperam essa \u00e9poca para colocar cartas na mesa, jogar seus b\u00fazios (imagino quanto n\u00e3o seria uma consulta com o Obama para ler sua m\u00e3o) e tecerem todas as previs\u00f5es para o ano que vem. As revistas de fofoca fazem isso com as celebridades e as outras com temas \u201crelevantes\u201d<br \/>\n<a name=\"more\"><\/a>.<\/div>\n<div style=\"text-align: justify;\"><\/div>\n<div style=\"text-align: justify;\">Metodologicamente, o tal \u201cfuturo que a Deus pertence\u201d pertence tamb\u00e9m a quem escrever sobre ele. Mas a academia tem um problema com esse tipo de an\u00e1lise, com muito fundamento, diga-se de passagem. Mesmo as teses que apresentam modelos matem\u00e1ticos com muitos n\u00fameros e formulas usam, em geral, casos do passado. Nem a meteorologia \u00e9 t\u00e3o confi\u00e1vel. Como confiar nos nossos cientistas pol\u00edticos, economistas e rela\u00e7\u00f5es internacionais? Mas, a quanto tempo o homem est\u00e1 debru\u00e7ado sobre o seu passado para prever o futuro? O que importa de fato o passado? Como prever o futuro? Quest\u00f5es que, obviamente, s\u00f3 estou levantando.<\/div>\n<div style=\"text-align: justify;\"><\/div>\n<div style=\"text-align: justify;\">Maquiavel escreveu algo como \u201ccaminham os homens por caminhos j\u00e1 tra\u00e7ados\u201d, mas seu desfecho de vida n\u00e3o foi muito auspicioso. Talvez seu cavalo M\u00e9dici n\u00e3o tenha sido uma boa escolha. Talvez tenha sido a melhor \u2013 Maquiavel entraria para a hist\u00f3ria e para o rol dos \u201cpais\u201d e dos que conseguiram fazer um manual de procedimentos do governante eficiente, at\u00e9 como precursor cl\u00e1ssico das rela\u00e7\u00f5es internacionais. Foi chute ou ele sabia?<\/div>\n<div style=\"text-align: justify;\"><\/div>\n<div style=\"text-align: justify;\">O fato \u00e9 que fui longe para comentar que Papai Noel, que por hora recebe o nome de Francisco, tem agitado as \u201credes-socialistas\u201d (adorei a defini\u00e7\u00e3o da Folha para o Facebook \u2013 e tamb\u00e9m a capa da Veja&#8230; imagina\u00e7\u00e3o sem fim), n\u00e3o sem raz\u00e3o&#8230; e parece ter antecipado um presentinho&#8230; se foi para Cuba e seus Castros ou se foi para o pr\u00f3prio Obama o futuro dir\u00e1&#8230;<\/div>\n<div style=\"text-align: justify;\"><\/div>\n<div style=\"text-align: justify;\">O fato \u00e9 que Obama conseguiu realizar em um m\u00eas duas aproxima\u00e7\u00f5es not\u00e1veis do ponto de vista de sua pol\u00edtica externa, uma foi englobar a China em torno de um \u201ccompromisso\u201d sobre altera\u00e7\u00f5es no seu padr\u00e3o de emiss\u00e3o de gases poluentes. A outra \u00e9 a quest\u00e3o \u201cwalking dead\u201d de aproxima\u00e7\u00e3o \u00e0 Cuba, que Obama trouxe em um hist\u00f3rico discurso&#8230; sim&#8230; discurso&#8230; Certamente para n\u00f3s analistas, incluindo quem vos fala que adora uma an\u00e1lise de discurso por mais inocente e otimista que a fala possa parecer, o discurso \u00e9 parte integrante de uma cadeia de a\u00e7\u00f5es que iniciam ou desembocam de negocia\u00e7\u00f5es (no caso dos EUA secret\u00edssimas, tanto com Cuba, quanto com a China) e revelam (h\u00e1 ressalvas) mais ou menos tr\u00eas fei\u00e7\u00f5es: desejos, expectativas mais concretas e linhas de a\u00e7\u00e3o. Quando o que se fala \u00e9 oficializado em texto de um acordo ele fica mais bonito ainda.<\/div>\n<div style=\"text-align: justify;\"><\/div>\n<div style=\"text-align: justify;\">Como se sabe, em novembro, os democratas perderam o Senado e continuaram sem a C\u00e2mara. E alguns analistas agora veem nessas duas a\u00e7\u00f5es posteriores cartadas guardadas para n\u00e3o afetar aquelas elei\u00e7\u00f5es de meio de mandato. Guardadas&#8230; e retiradas quase ao mesmo tempo? Estranho, n\u00e3o?<\/p>\n<\/div>\n<div style=\"text-align: justify;\">Se foi assim t\u00e3o precavido, Obama deve imaginar que o futuro ser\u00e1 combativo para derrogar o embargo no seu alheio Congresso (leia em tom Folha: \u201ce esses socialistas de plant\u00e3o j\u00e1 comemorando\u201d). Deve, por\u00e9m, estar nas contas do governo esses movimentos, tanto quanto a necessidade de fazer de sua estadia na Casa Branca um marco por algo al\u00e9m do que a morte do Bin Laden.<\/div>\n<div style=\"text-align: justify;\"><\/div>\n<div style=\"text-align: justify;\">O certo \u00e9 que, dir\u00e3o alguns, tudo se insere em um movimento maior de disputa hegem\u00f4nica. Eu prefiro pensar que \u00e9 melhor todo mundo comendo no mesmo prato, de prefer\u00eancia que eu tenha feito a comida \u2013 \u00f3bvio que isso n\u00e3o altera a disputa em si. \u00c9 mais f\u00e1cil para controlar um amigo amarrado do que um inimigo, ou n\u00e3o?<\/div>\n<div style=\"text-align: justify;\"><\/div>\n<div style=\"text-align: justify;\">E o futuro de Obama? E o futuro do capitalismo? E o futuro da China? E o cazzo (diria um professor)!?<\/div>\n<div style=\"text-align: justify;\"><\/div>\n<div style=\"text-align: justify;\">Deixarei para outros responderem. Tomara que n\u00e3o ocorram m\u00edsseis no caminho.<\/div>\n<div style=\"text-align: justify;\"><\/div>\n<div style=\"text-align: justify;\">Mudando de assunto&#8230; no espirito natalino&#8230;<\/div>\n<div style=\"text-align: justify;\"><\/div>\n<div style=\"text-align: justify;\">O presente que o Brasil precisa hoje, de uma mesma estrutura que \u00e9 o Congresso, \u00e9 a cassa\u00e7\u00e3o do sr. Jair Bolsonaro&#8230;<\/div>\n<div style=\"text-align: justify;\"><\/div>\n<div style=\"text-align: justify;\">Papai Noel, v\u00ea se o sr. tem esse presentinho a\u00ed!<\/div>\n<div style=\"text-align: justify;\"><\/div>\n<div style=\"text-align: justify;\">Boas Festas!<\/div>\n<div style=\"text-align: justify;\"><\/div>\n<div style=\"text-align: justify;\">P.S: Esclarecendo: o autor deste post usa a rede-socialista Facebook&#8230;<\/div>\n<p><!-- Blogger automated replacement: \"https:\/\/images-blogger-opensocial.googleusercontent.com\/gadgets\/proxy?url=http%3A%2F%2F1.bp.blogspot.com%2F-sJu_-mrxZ8U%2FVJVM084NY7I%2FAAAAAAAAApQ%2FecOLLv32dkA%2Fs1600%2Fobama%252Bpapai%252Bnoel.jpg&amp;container=blogger&amp;gadget=a&amp;rewriteMime=image%2F*\" with \"https:\/\/1.bp.blogspot.com\/-sJu_-mrxZ8U\/VJVM084NY7I\/AAAAAAAAApQ\/ecOLLv32dkA\/s1600\/obama%2Bpapai%2Bnoel.jpg\" --><\/p>\n","protected":false},"excerpt":{"rendered":"<p>Por Glauber Cardoso Carvalho \u201cO americano j\u00e1 mandou gente pra lua O russo<\/p>\n","protected":false},"author":3,"featured_media":0,"comment_status":"closed","ping_status":"open","sticky":false,"template":"","format":"standard","meta":{"footnotes":""},"categories":[652],"tags":[],"class_list":["post-1798","post","type-post","status-publish","format-standard","hentry","category-volume1"],"_links":{"self":[{"href":"https:\/\/dialogosinternacionais.com.br\/index.php?rest_route=\/wp\/v2\/posts\/1798","targetHints":{"allow":["GET"]}}],"collection":[{"href":"https:\/\/dialogosinternacionais.com.br\/index.php?rest_route=\/wp\/v2\/posts"}],"about":[{"href":"https:\/\/dialogosinternacionais.com.br\/index.php?rest_route=\/wp\/v2\/types\/post"}],"author":[{"embeddable":true,"href":"https:\/\/dialogosinternacionais.com.br\/index.php?rest_route=\/wp\/v2\/users\/3"}],"replies":[{"embeddable":true,"href":"https:\/\/dialogosinternacionais.com.br\/index.php?rest_route=%2Fwp%2Fv2%2Fcomments&post=1798"}],"version-history":[{"count":2,"href":"https:\/\/dialogosinternacionais.com.br\/index.php?rest_route=\/wp\/v2\/posts\/1798\/revisions"}],"predecessor-version":[{"id":3001,"href":"https:\/\/dialogosinternacionais.com.br\/index.php?rest_route=\/wp\/v2\/posts\/1798\/revisions\/3001"}],"wp:attachment":[{"href":"https:\/\/dialogosinternacionais.com.br\/index.php?rest_route=%2Fwp%2Fv2%2Fmedia&parent=1798"}],"wp:term":[{"taxonomy":"category","embeddable":true,"href":"https:\/\/dialogosinternacionais.com.br\/index.php?rest_route=%2Fwp%2Fv2%2Fcategories&post=1798"},{"taxonomy":"post_tag","embeddable":true,"href":"https:\/\/dialogosinternacionais.com.br\/index.php?rest_route=%2Fwp%2Fv2%2Ftags&post=1798"}],"curies":[{"name":"wp","href":"https:\/\/api.w.org\/{rel}","templated":true}]}}