{"id":1803,"date":"2014-11-26T08:00:00","date_gmt":"2014-11-26T10:00:00","guid":{"rendered":"https:\/\/dialogosinternacionais.com.br\/?p=1803"},"modified":"2024-03-27T17:30:26","modified_gmt":"2024-03-27T20:30:26","slug":"quarta-do-especialista-superando-sisifo-a-africa-e-o-sistema-interestatal-capitalista","status":"publish","type":"post","link":"https:\/\/dialogosinternacionais.com.br\/?p=1803","title":{"rendered":"::Quarta do Especialista:: Superando S\u00edsifo? A \u00c1frica e o sistema interestatal capitalista"},"content":{"rendered":"<p>Autor convidado: H\u00e9lio Farias<\/p>\n<div style=\"text-align: justify;\"><\/div>\n<div style=\"text-align: justify;\"><span style=\"background: white; color: #111111;\">\u00a0<\/span><span style=\"background: white; color: #111111;\">\u00a0<\/span><\/div>\n<div style=\"text-align: justify;\">\n<p><span style=\"background: white; color: #111111;\">\u00a0Reza a lenda grega que S\u00edsifo foi condenado por desafiar os deuses, teria tentado enganar a morte, coisa ing\u00eanua num tempo em que os deuses a tudo controlavam. Sua puni\u00e7\u00e3o: rolar uma imensa pedra ao topo da montanha. Eternamente. S\u00edsifo toda vez que se aproximava de concluir a tarefa, faltava-lhe for\u00e7a e a pedra tornava a descer, o que lhe obrigava a recome\u00e7ar todo o trabalho. E sempre assim. Na hist\u00f3ria do sistema interestatal capitalista, a dissocia\u00e7\u00e3o entre pol\u00edtica e economia parece herdar uma tarefa de S\u00edsifo aos pa\u00edses da periferia.\u00a0<\/span><\/p>\n<div style=\"text-align: justify;\"><span style=\"background: white; color: #111111;\">O continente africano, depois de mais de quatro s\u00e9culos de sujei\u00e7\u00e3o, em diferentes graus, ao dom\u00ednio europeu, come\u00e7a a redesenhar sua pr\u00f3pria hist\u00f3ria. Sua inser\u00e7\u00e3o no sistema internacional corresponde <\/span><span style=\"mso-bidi-font-size: 12.0pt;\">h\u00e1 pelo menos tr\u00eas grandes momentos. O primeiro remete ao s\u00e9culo XV, ao per\u00edodo de forma\u00e7\u00e3o e consolida\u00e7\u00e3o dos primeiros Estados nacionais europeus. Portugal, Espanha, Inglaterra, Holanda e Fran\u00e7a lan\u00e7aram-se aos mares e inclu\u00edram a costa africana como base de apoio aos seus poderes ultramarinos. O segundo momento remete ao s\u00e9culo XIX, per\u00edodo de forte rivalidade entre as pot\u00eancias europeias e de acirramento das disputas pela amplia\u00e7\u00e3o de seus territ\u00f3rios e \u00e1reas de influ\u00eancia econ\u00f4mica. O continente africano, alvo da pol\u00edtica expansionista, foi dividido e explorado segundo os crit\u00e9rios e interesses dos europeus. A partir da segunda metade do s\u00e9culo XX, come\u00e7a o processo de descoloniza\u00e7\u00e3o e de forma\u00e7\u00e3o dos Estados nacionais africanos, que, mesmo com as independ\u00eancias pol\u00edticas conquistadas, foram sugados por formas mais sutis, por\u00e9m n\u00e3o menos violentas, de domina\u00e7\u00e3o pol\u00edtica e econ\u00f4mica. E, por fim, o terceiro momento, que, ao que tudo indica, se descortina no in\u00edcio dos anos 2000, onde o crescimento econ\u00f4mico dos pa\u00edses africanos se associa \u00e0 elevada demanda por recursos minerais e energ\u00e9ticos do leste asi\u00e1tico.<\/span><\/div>\n<\/div>\n<div style=\"text-align: justify;\"><a name=\"more\"><\/a><\/p>\n<div style=\"text-align: center;\">Este texto foi publicado no livro <i><b>&#8220;Di\u00e1logos Internacionais: reflex\u00f5es cr\u00edticas do mundo contempor\u00e2neo&#8221;<\/b><\/i>. Para continuar lendo este texto, acesse gratuitamente :<\/div>\n<div style=\"clear: both; text-align: center;\"><\/div>\n<div style=\"clear: both; text-align: center;\"><a href=\"https:\/\/drive.google.com\/file\/d\/0B0ohqhWTSmmIdjh2LTZUQndoc2M\/view\" target=\"_blank\" rel=\"noopener\"><img fetchpriority=\"high\" decoding=\"async\" src=\"https:\/\/2.bp.blogspot.com\/--ULUcjoDAMc\/WUB4ir3RJnI\/AAAAAAAABcQ\/QoC02XSp928s0k4PEO7ittp0Wg4o2oRxgCLcBGAs\/s400\/Capa%2BDI_site.png\" width=\"292\" height=\"400\" border=\"0\" data-original-height=\"507\" data-original-width=\"371\" \/><\/a><\/div>\n<div style=\"clear: both; text-align: center;\"><\/div>\n<div style=\"clear: both; text-align: center;\">Baixe agora o livro:<\/div>\n<div style=\"clear: both; text-align: center;\"><\/div>\n<div style=\"clear: both; text-align: center;\"><a href=\"https:\/\/drive.google.com\/file\/d\/0B0ohqhWTSmmIdjh2LTZUQndoc2M\/view\" target=\"_blank\" rel=\"noopener\">CARVALHO, Glauber; ROSEVICS, Larissa (Orgs.). <b>Di\u00e1logos Internacionais: <\/b>reflex\u00f5es cr\u00edticas<br \/>\ndo mundo contempor\u00e2neo. Rio de Janeiro: PerSe, 2017.<\/a><\/div>\n<\/div>\n","protected":false},"excerpt":{"rendered":"<p>Autor convidado: H\u00e9lio Farias \u00a0\u00a0 \u00a0Reza a lenda grega que S\u00edsifo foi condenado<\/p>\n","protected":false},"author":3,"featured_media":0,"comment_status":"closed","ping_status":"open","sticky":false,"template":"","format":"standard","meta":{"footnotes":""},"categories":[652],"tags":[],"class_list":["post-1803","post","type-post","status-publish","format-standard","hentry","category-volume1"],"_links":{"self":[{"href":"https:\/\/dialogosinternacionais.com.br\/index.php?rest_route=\/wp\/v2\/posts\/1803","targetHints":{"allow":["GET"]}}],"collection":[{"href":"https:\/\/dialogosinternacionais.com.br\/index.php?rest_route=\/wp\/v2\/posts"}],"about":[{"href":"https:\/\/dialogosinternacionais.com.br\/index.php?rest_route=\/wp\/v2\/types\/post"}],"author":[{"embeddable":true,"href":"https:\/\/dialogosinternacionais.com.br\/index.php?rest_route=\/wp\/v2\/users\/3"}],"replies":[{"embeddable":true,"href":"https:\/\/dialogosinternacionais.com.br\/index.php?rest_route=%2Fwp%2Fv2%2Fcomments&post=1803"}],"version-history":[{"count":2,"href":"https:\/\/dialogosinternacionais.com.br\/index.php?rest_route=\/wp\/v2\/posts\/1803\/revisions"}],"predecessor-version":[{"id":3026,"href":"https:\/\/dialogosinternacionais.com.br\/index.php?rest_route=\/wp\/v2\/posts\/1803\/revisions\/3026"}],"wp:attachment":[{"href":"https:\/\/dialogosinternacionais.com.br\/index.php?rest_route=%2Fwp%2Fv2%2Fmedia&parent=1803"}],"wp:term":[{"taxonomy":"category","embeddable":true,"href":"https:\/\/dialogosinternacionais.com.br\/index.php?rest_route=%2Fwp%2Fv2%2Fcategories&post=1803"},{"taxonomy":"post_tag","embeddable":true,"href":"https:\/\/dialogosinternacionais.com.br\/index.php?rest_route=%2Fwp%2Fv2%2Ftags&post=1803"}],"curies":[{"name":"wp","href":"https:\/\/api.w.org\/{rel}","templated":true}]}}