{"id":1805,"date":"2014-11-19T21:11:00","date_gmt":"2014-11-19T23:11:00","guid":{"rendered":"https:\/\/dialogosinternacionais.com.br\/?p=1805"},"modified":"2024-03-27T17:29:45","modified_gmt":"2024-03-27T20:29:45","slug":"quarta-dos-especialistas-de-sul-a-norte-por-uma-integracao-do-continente-sul-americano","status":"publish","type":"post","link":"https:\/\/dialogosinternacionais.com.br\/?p=1805","title":{"rendered":"Quarta dos Especialistas :: De Sul a Norte. Por uma integra\u00e7\u00e3o do continente sul-americano."},"content":{"rendered":"<div>Por Glauber Cardoso Carvalho<\/p>\n<\/div>\n<div><\/div>\n<div><\/div>\n<div>\n<div style=\"text-align: justify;\">\n<p>Hoje, a \u201cQuarta do especialista\u201d d\u00e1 voz a uma grande gama de especialistas. Explico. Acabei de organizar com a professora Ingrid Sarti (UFRJ) os Anais do F\u00f3rum Universit\u00e1rio Mercosul \u2013 Fomerco, mais precisamente do XIV Congresso Internacional &#8211; De Sul a Norte. Por uma integra\u00e7\u00e3o do continente sul-americano &#8211; que teve lugar na central cidade de Palmas, Estado do Tocantins.<a href=\"file:\/\/\/F:\/Quarta%20do%20especialista%20especial.docx#_ftn1\">[1]<\/a><\/p>\n<\/div>\n<\/div>\n<div><\/div>\n<div style=\"text-align: justify;\"><\/div>\n<div style=\"text-align: justify;\">O FoMerco, que \u00e9 uma rede internacional de pesquisadores que se re\u00fanem \u201ccom o prop\u00f3sito de discutir e analisar as implica\u00e7\u00f5es, as trajet\u00f3rias, os problemas e os avan\u00e7os relativos ao processo de integra\u00e7\u00e3o sul-americana\u201d, apoiado em 2013 pela Universidade Federal de Tocantins, reuniu muitos especialistas em seus Pain\u00e9is e Simp\u00f3sios, dos quais tamb\u00e9m resultar\u00e1 em breve um <i>e-book<\/i>, e tantos outros investigadores nos 12 eixos que comp\u00f5em os diversos grupos de trabalho, dos quais apresentamos os Anais.<\/div>\n<div style=\"text-align: justify;\"><a name=\"more\"><\/a><\/div>\n<div style=\"text-align: justify;\">Convido aos leitores do blog Di\u00e1logos Internacionais a conhecerem os trabalhos do FoMerco e, aos que se sentirem dispostos, a participarem das iniciativas para amplia\u00e7\u00e3o e aprofundamento das discuss\u00f5es em torno da integra\u00e7\u00e3o. Como apresenta Sarti:<\/div>\n<div style=\"text-align: justify;\"><\/div>\n<blockquote style=\"text-align: justify;\"><p>\u201c[&#8230;] a forma\u00e7\u00e3o de redes como o F\u00f3rum Universit\u00e1rio Mercosul \u2013 FoMerco \u00e9 uma pequena demonstra\u00e7\u00e3o de que \u00e9 poss\u00edvel refletir e propor alternativas \u00e0s pol\u00edticas que visam efetivamente \u00e0s mudan\u00e7as profundas e que requerem o avan\u00e7o da integra\u00e7\u00e3o de nossos Estados, nossos povos e culturas. O que aqui se destaca, portanto, \u00e9 o imperativo de uma reflex\u00e3o aprofundada sobre as pol\u00edticas de integra\u00e7\u00e3o na Am\u00e9rica do Sul, cuja especificidade \u00e9 chave para o debate pol\u00edtico, p\u00fablico e democr\u00e1tico.\u201d<\/p><\/blockquote>\n<div style=\"text-align: justify;\"><\/div>\n<div style=\"text-align: justify;\">Esse curto post de hoje apresenta, portanto, as m\u00faltiplas pesquisas e as diferentes vozes presentes no trabalho cuja capa e link reproduzo abaixo.<\/p>\n<p>Boa consulta.<\/p>\n<\/div>\n<div style=\"text-align: justify;\">\n<div style=\"text-align: center;\"><a href=\"http:\/\/www.fomerco.com.br\/\">www.fomerco.com.br<\/a><\/div>\n<div style=\"text-align: center;\"><a href=\"http:\/\/www.facebook.com.br\/fomerco\">www.facebook.com.br\/fomerco<\/a><\/div>\n<\/div>\n<div style=\"clear: both; text-align: center;\"><a href=\"http:\/\/www.fomerco.com.br\/conteudo\/view?ID_CONTEUDO=911\" target=\"_blank\" rel=\"noopener\"><img fetchpriority=\"high\" decoding=\"async\" id=\"htmlimage2\" class=\"imageContent \" style=\"border: none; font-family: inherit; font-size: 12.222222328186px; font-style: inherit; font-weight: inherit; margin-top: 0px; padding: 0px; vertical-align: baseline;\" title=\"\" src=\"http:\/\/www.fomerco.com.br\/resources\/content\/conteudoimagem_1415185896_1_1_XIVFoMerco-Anais-web.png\" alt=\"\" width=\"226\" height=\"320\" border=\"0\" hspace=\"0\" vspace=\"0\" \/><\/a><\/div>\n<div><\/div>\n<div><\/div>\n<div><\/div>\n<div><!-- [if !supportFootnotes]--><br clear=\"all\" \/><\/p>\n<hr align=\"left\" size=\"1\" width=\"33%\" \/>\n<p><!--[endif]--><\/p>\n<div>\n<div><a title=\"\" href=\"file:\/\/\/F:\/Quarta%20do%20especialista%20especial.docx#_ftnref1\" name=\"_ftn1\"><!-- [if !supportFootnotes]--><span style=\"font-family: 'Times New Roman',serif; font-size: 10.0pt; mso-ansi-language: PT-BR; mso-bidi-language: AR-SA; mso-fareast-font-family: SimSun; mso-fareast-language: ZH-CN;\">[1]<\/span><!--[endif]--><\/a> Em Palmas fica o Centro Geod\u00e9sico do Brasil.<\/div>\n<\/div>\n<\/div>\n","protected":false},"excerpt":{"rendered":"<p>Por Glauber Cardoso Carvalho Hoje, a \u201cQuarta do especialista\u201d d\u00e1 voz a uma<\/p>\n","protected":false},"author":3,"featured_media":0,"comment_status":"closed","ping_status":"open","sticky":false,"template":"","format":"standard","meta":{"footnotes":""},"categories":[652],"tags":[],"class_list":["post-1805","post","type-post","status-publish","format-standard","hentry","category-volume1"],"_links":{"self":[{"href":"https:\/\/dialogosinternacionais.com.br\/index.php?rest_route=\/wp\/v2\/posts\/1805","targetHints":{"allow":["GET"]}}],"collection":[{"href":"https:\/\/dialogosinternacionais.com.br\/index.php?rest_route=\/wp\/v2\/posts"}],"about":[{"href":"https:\/\/dialogosinternacionais.com.br\/index.php?rest_route=\/wp\/v2\/types\/post"}],"author":[{"embeddable":true,"href":"https:\/\/dialogosinternacionais.com.br\/index.php?rest_route=\/wp\/v2\/users\/3"}],"replies":[{"embeddable":true,"href":"https:\/\/dialogosinternacionais.com.br\/index.php?rest_route=%2Fwp%2Fv2%2Fcomments&post=1805"}],"version-history":[{"count":2,"href":"https:\/\/dialogosinternacionais.com.br\/index.php?rest_route=\/wp\/v2\/posts\/1805\/revisions"}],"predecessor-version":[{"id":3024,"href":"https:\/\/dialogosinternacionais.com.br\/index.php?rest_route=\/wp\/v2\/posts\/1805\/revisions\/3024"}],"wp:attachment":[{"href":"https:\/\/dialogosinternacionais.com.br\/index.php?rest_route=%2Fwp%2Fv2%2Fmedia&parent=1805"}],"wp:term":[{"taxonomy":"category","embeddable":true,"href":"https:\/\/dialogosinternacionais.com.br\/index.php?rest_route=%2Fwp%2Fv2%2Fcategories&post=1805"},{"taxonomy":"post_tag","embeddable":true,"href":"https:\/\/dialogosinternacionais.com.br\/index.php?rest_route=%2Fwp%2Fv2%2Ftags&post=1805"}],"curies":[{"name":"wp","href":"https:\/\/api.w.org\/{rel}","templated":true}]}}