{"id":1810,"date":"2014-10-31T11:00:00","date_gmt":"2014-10-31T13:00:00","guid":{"rendered":"https:\/\/dialogosinternacionais.com.br\/?p=1810"},"modified":"2024-03-27T17:28:53","modified_gmt":"2024-03-27T20:28:53","slug":"para-quem-serve-o-crescimento-paraguaio","status":"publish","type":"post","link":"https:\/\/dialogosinternacionais.com.br\/?p=1810","title":{"rendered":"Para quem serve o crescimento paraguaio?"},"content":{"rendered":"<div style=\"text-align: justify;\">Por Larissa Rosevics<\/div>\n<div><\/div>\n<div style=\"text-align: justify;\">Em 2013, o Paraguai registrou um crescimento econ\u00f4mico anual em torno de 14%, o terceiro maior do mundo e algumas vezes superior ao crescimento brasileiro no mesmo ano. A taxa de desemprego fechou em 8,1% e a infla\u00e7\u00e3o em 2,7% (dados da CEPAL). Analistas de mercado atribuem o sucesso paraguaio a um ano de boas colheitas no campo e a ado\u00e7\u00e3o de um modelo de desregulamenta\u00e7\u00e3o econ\u00f4mica pr\u00f3ximo ao mexicano, que inclui uma legisla\u00e7\u00e3o tribut\u00e1ria simples, a livre circula\u00e7\u00e3o de bens e de divisas e a uma m\u00e3o de obra barata, o que tem atra\u00eddo investimentos para o pa\u00eds. A expectativa \u00e9 que para o ano de 2014 o crescimento paraguaio seja entre 5% e 7%.<\/div>\n<p><a name=\"more\"><\/a><\/p>\n<div style=\"text-align: justify;\"><\/div>\n<div style=\"text-align: justify;\">A base da economia paraguaia segue sendo a exporta\u00e7\u00e3o de soja e carne para o mercado internacional e a reexporta\u00e7\u00e3o de produtos vindos da \u00c1sia para o Brasil. Por\u00e9m, ao que tudo indica, o governo tem se \u201cesfor\u00e7ado\u201d para diversificar a pauta exportadora do pa\u00eds ao proporcionar um ambiente de neg\u00f3cios mais \u201cfavor\u00e1vel\u201d \u00e0s ind\u00fastrias internacionais (leia-se maquiladoras). O governo tem buscado, a partir de medidas neoliberais, meios de diminuir a depend\u00eancia do setor agr\u00edcola e da pecu\u00e1ria, que levaram o pa\u00eds a taxa negativa de -1,2% de crescimento no ano de 2012, por conta da estiagem e de casos de febre aftosa que atingiram o pa\u00eds.<\/div>\n<div style=\"text-align: justify;\">Conforme destaca Denise Paro em reportagem \u00e0 Gazeta do Povo, a lei paraguaia n. 1.064\/2000, apelidada de <i>Ley de Maquila<\/i>, prev\u00ea uma s\u00e9rie de benef\u00edcios aos industriais que tiverem interesse no pa\u00eds. Em primeiro lugar, a lei garante isen\u00e7\u00e3o fiscal para a importa\u00e7\u00e3o de m\u00e1quinas e mat\u00e9rias-primas. Em segundo lugar, o produto produzido nestas ind\u00fastrias pagar\u00e1 apenas 1% sobre o valor da fatura em caso de exporta\u00e7\u00e3o.<\/div>\n<div style=\"text-align: justify;\">O Paraguai ainda conta com recursos energ\u00e9ticos abundantes e baratos. O pa\u00eds tem uma alta taxa de ociosidade da energia el\u00e9trica que lhe cabe da produ\u00e7\u00e3o realizada pela Hidrel\u00e9trica de Itaipu e que atualmente \u00e9 vendida para o Brasil. Al\u00e9m disso, a legisla\u00e7\u00e3o trabalhista mais flex\u00edvel e as condi\u00e7\u00f5es sociais do pa\u00eds tornam a m\u00e3o de obra mais barata. A centralidade geogr\u00e1fica que ocupa em rela\u00e7\u00e3o a Brasil e Argentina e o espa\u00e7o coletivo do Mercosul tem atra\u00eddo a aten\u00e7\u00e3o de setores industrias brasileiros, argentinos, japoneses, coreanos e espanh\u00f3is.<\/div>\n<div style=\"text-align: justify;\">E tudo indica que as frentes se abrir\u00e3o tamb\u00e9m para os investidores da \u00e1rea da constru\u00e7\u00e3o civil. No in\u00edcio do ano entrou em vigor no Paraguai a Lei de Alian\u00e7a P\u00fablico-Privada que permite parcerias entre grandes multinacionais e setores p\u00fablicos para obras de infraestrutura, concess\u00e3o de estradas, portos e etc. Com ela o governo pretende melhorar as condi\u00e7\u00f5es infraestruturais do pa\u00eds, ainda bastante prec\u00e1rias.<\/div>\n<div style=\"text-align: justify;\">Esse quadro poderia ser o novo o\u00e1sis sul-americano do neoliberalismo contempor\u00e2neo se n\u00e3o fosse a situa\u00e7\u00e3o alarmante em que vive a popula\u00e7\u00e3o paraguaia. Uma passada de olho r\u00e1pida pelo perfil nacional s\u00f3cio-democr\u00e1tico do pa\u00eds no site da CEPAL \u00e9 poss\u00edvel observar que os \u00edndices de pobreza atingem n\u00edveis brutais no pa\u00eds: em uma popula\u00e7\u00e3o de 6,8 milh\u00f5es de habitantes, a taxa de pobreza em 2011 no Paraguai era de 49,6% e de indig\u00eancia de 28%. Para que o leitor tenha uma ideia, o Brasil, no mesmo ano, registrou uma taxa de pobreza de 20,9% e de indig\u00eancia de 6,1% enquanto o Uruguai (pasmem) registrou respectivamente as taxas de 6,5% e 1,1%. A referida Lei de Alian\u00e7a P\u00fablico-Privada e as medidas neoliberais implantadas pelo presidente Hor\u00e1cio Cartes levaram quase 80% dos trabalhadores paraguaios \u00e0s ruas em mar\u00e7o, em uma das maiores greves gerais do pa\u00eds nos \u00faltimos 20 anos.<\/div>\n<div style=\"text-align: justify;\">Parece que a elite paraguaia se conformou com o papel de pa\u00eds exportador de <i>commodities<\/i> e ber\u00e7o de ind\u00fastrias maquiladoras dentro da divis\u00e3o internacional do trabalho. As consequ\u00eancias de tal decis\u00e3o podem ser observadas a partir <a href=\"http:\/\/www.dialogosinternacionais.com.br\/2014\/10\/por-glauber-cardoso-carvalho-aos-43.html\"><span style=\"color: blue;\">do texto de Glauber Carvalho sobre a situa\u00e7\u00e3o atual do M\u00e9xico<\/span><\/a>. A deposi\u00e7\u00e3o do presidente de esquerda Fernando Lugo e a elei\u00e7\u00e3o do liberal Hor\u00e1cio Cartes parece ter sepultado a capacidade de mudan\u00e7a que movimentou o pa\u00eds no in\u00edcio deste s\u00e9culo. Vale lembrar que o Partido Colorado, ao qual pertence o atual presidente, comanda o pa\u00eds a mais de 60 anos, tendo a sua hegemonia temporariamente interrompida pelo governo de Fernando Lugo, entre 2008 e 2012. Uma das bandeiras de Lugo por um Paraguai mais justo e igualit\u00e1rio era a reforma agr\u00e1ria, desacreditada ap\u00f3s o impeachment.<\/div>\n<div style=\"text-align: justify;\">Agora, para quem serve o crescimento e a retomada neoliberal no Paraguai? Parece servir a todos, menos ao povo paraguaio.<\/div>\n<p><b>Refer\u00eancias:<\/b><\/p>\n<p>CEPAL. Paraguay: perfil nacional econ\u00f3mico. Dispon\u00edvel em: http:\/\/interwp.cepal.org\/cepalstat\/WEB_cepalstat\/Perfil_nacional_economico.asp?Pais=PRY&amp;idioma=e<\/p>\n<p>CEPAL. Paraguay: perfil nacional socio-democratico. Dispon\u00edvel em: <a href=\"http:\/\/interwp.cepal.org\/cepalstat\/WEB_cepalstat\/Perfil_nacional_social.asp?Pais=PRY&amp;idioma=e\">http:\/\/interwp.cepal.org\/cepalstat\/WEB_cepalstat\/Perfil_nacional_social.asp?Pais=PRY&amp;idioma=e<\/a><\/p>\n<p>NEPOMUCENO, Eric. O Paraguai, pobre Paraguai&#8230; Carta Maior, 19 de agosto de 2013. Dispon\u00edvel em: <a href=\"http:\/\/www.cartamaior.com.br\/?\/Editoria\/Internacional\/O-Paraguai-pobre-Paraguai-\/6\/28364\">http:\/\/www.cartamaior.com.br\/?\/Editoria\/Internacional\/O-Paraguai-pobre-Paraguai-\/6\/28364<\/a><\/p>\n<p>PARO, Denise. Paraguai cresce no ritmo da maquila. Gazeta do Povo, 25 de maio de 2014. Dispon\u00edvel em: <a href=\"http:\/\/www.gazetadopovo.com.br\/economia\/conteudo.phtml?id=1471197\">http:\/\/www.gazetadopovo.com.br\/economia\/conteudo.phtml?id=1471197<\/a><\/p>\n<p>SERAFINI, Mariana. Na maior greve em 20 anos, paraguaios protestam contra Lei de Alian\u00e7a P\u00fablico-Privado. Opera Mundi, 27 de mar\u00e7o de 2014. <a href=\"http:\/\/operamundi.uol.com.br\/conteudo\/noticias\/34557\/na+maior+greve+em+20+anos+paraguaios+protestam+contra+lei+de+alianca+publico+privada+.shtml\">http:\/\/operamundi.uol.com.br\/conteudo\/noticias\/34557\/na+maior+greve+em+20+anos+paraguaios+protestam+contra+lei+de+alianca+publico+privada+.shtml<\/a><\/p>\n","protected":false},"excerpt":{"rendered":"<p>Por Larissa Rosevics Em 2013, o Paraguai registrou um crescimento econ\u00f4mico anual em<\/p>\n","protected":false},"author":3,"featured_media":0,"comment_status":"closed","ping_status":"open","sticky":false,"template":"","format":"standard","meta":{"footnotes":""},"categories":[652],"tags":[],"class_list":["post-1810","post","type-post","status-publish","format-standard","hentry","category-volume1"],"_links":{"self":[{"href":"https:\/\/dialogosinternacionais.com.br\/index.php?rest_route=\/wp\/v2\/posts\/1810","targetHints":{"allow":["GET"]}}],"collection":[{"href":"https:\/\/dialogosinternacionais.com.br\/index.php?rest_route=\/wp\/v2\/posts"}],"about":[{"href":"https:\/\/dialogosinternacionais.com.br\/index.php?rest_route=\/wp\/v2\/types\/post"}],"author":[{"embeddable":true,"href":"https:\/\/dialogosinternacionais.com.br\/index.php?rest_route=\/wp\/v2\/users\/3"}],"replies":[{"embeddable":true,"href":"https:\/\/dialogosinternacionais.com.br\/index.php?rest_route=%2Fwp%2Fv2%2Fcomments&post=1810"}],"version-history":[{"count":2,"href":"https:\/\/dialogosinternacionais.com.br\/index.php?rest_route=\/wp\/v2\/posts\/1810\/revisions"}],"predecessor-version":[{"id":3021,"href":"https:\/\/dialogosinternacionais.com.br\/index.php?rest_route=\/wp\/v2\/posts\/1810\/revisions\/3021"}],"wp:attachment":[{"href":"https:\/\/dialogosinternacionais.com.br\/index.php?rest_route=%2Fwp%2Fv2%2Fmedia&parent=1810"}],"wp:term":[{"taxonomy":"category","embeddable":true,"href":"https:\/\/dialogosinternacionais.com.br\/index.php?rest_route=%2Fwp%2Fv2%2Fcategories&post=1810"},{"taxonomy":"post_tag","embeddable":true,"href":"https:\/\/dialogosinternacionais.com.br\/index.php?rest_route=%2Fwp%2Fv2%2Ftags&post=1810"}],"curies":[{"name":"wp","href":"https:\/\/api.w.org\/{rel}","templated":true}]}}