{"id":1817,"date":"2014-10-03T20:00:00","date_gmt":"2014-10-03T23:00:00","guid":{"rendered":"https:\/\/dialogosinternacionais.com.br\/?p=1817"},"modified":"2022-12-30T19:15:48","modified_gmt":"2022-12-30T22:15:48","slug":"fazendo-o-dever-de-casa-5-o-que-os-candidatos-a-presidencia-programaram-para-a-area-internacional","status":"publish","type":"post","link":"https:\/\/dialogosinternacionais.com.br\/?p=1817","title":{"rendered":"O que os candidatos \u00e0 presid\u00eancia programaram para a \u00e1rea internacional? Parte 5"},"content":{"rendered":"<p>Volume 1 | N\u00famero 5 | Out. 2014<\/p>\n<p style=\"text-align: right;\">Por Glauber Cardoso Carvalho e Larissa Rosevics<\/p>\n<div dir=\"ltr\" style=\"margin-bottom: 0pt; margin-top: 0pt;\">\n<table style=\"margin-left: auto; margin-right: auto; text-align: center;\" cellspacing=\"0\" cellpadding=\"0\" align=\"center\">\n<tbody>\n<tr>\n<td style=\"text-align: center;\"><a style=\"margin-left: auto; margin-right: auto;\" href=\"http:\/\/1.bp.blogspot.com\/-h7dIuQzSG08\/VC7-ZFToi6I\/AAAAAAAAAkA\/5Cph7Hq-W_8\/s1600\/veto.jpg\"><img fetchpriority=\"high\" decoding=\"async\" src=\"http:\/\/1.bp.blogspot.com\/-h7dIuQzSG08\/VC7-ZFToi6I\/AAAAAAAAAkA\/5Cph7Hq-W_8\/s1600\/veto.jpg\" width=\"400\" height=\"313\" border=\"0\" \/><\/a><\/td>\n<\/tr>\n<tr>\n<td style=\"text-align: center;\"><b>O poder do veto!<\/b><br \/>\nIlustra\u00e7\u00e3o: site 14\u00ba MiniOnu-PUC Minas<\/td>\n<\/tr>\n<\/tbody>\n<\/table>\n<div style=\"text-align: justify;\">Nesta semana, chegamos ao quinto (ufa!) e \u00faltimo post de an\u00e1lise da pol\u00edtica externa dos Programas de Governos dos candidatos melhores colocados na campanha presidencial brasileira.<\/p>\n<p>Alguns poucos artigos (al\u00e9m dos nossos) tentaram, igualmente, trazer \u00e0 tona o tema que chegou a ser comentado em linhas gerais. Notamos, por\u00e9m, que o tema pol\u00edtica externa pouco reverberou nesta elei\u00e7\u00e3o.<\/p>\n<\/div>\n<\/div>\n<div style=\"text-align: justify;\"><\/div>\n<div style=\"text-align: justify;\">De qualquer forma, c\u00e1 estamos n\u00f3s para verificar os \u00faltimos temas a serem explorados nesses posts: debate sobre multilateralismo e a governan\u00e7a global.<\/div>\n<div style=\"text-align: justify;\"><a name=\"more\"><\/a><\/div>\n<div dir=\"ltr\" style=\"line-height: 1.15; margin-bottom: 0pt; margin-top: 0pt; text-align: justify;\"><span style=\"background-color: transparent; color: black; font-family: Arial; font-size: 15px; font-style: normal; font-variant: normal; font-weight: bold; text-decoration: none; vertical-align: baseline; white-space: pre-wrap;\">Multilateralismo e Governan\u00e7a Global<\/span><\/div>\n<div style=\"text-align: justify;\">Nossa percep\u00e7\u00e3o \u00e9 a de que as rela\u00e7\u00f5es econ\u00f4micas\/comerciais de um pa\u00eds n\u00e3o est\u00e3o desvinculadas das suas rela\u00e7\u00f5es pol\u00edticas no sistema internacional. Isso significa que a estrat\u00e9gia comercial proposta pelo presidenci\u00e1veis para o Brasil reflete a capacidade de proje\u00e7\u00e3o e de a\u00e7\u00e3o do pa\u00eds dentro desse sistema.<\/div>\n<div style=\"text-align: justify;\"><\/div>\n<div style=\"text-align: justify;\">Ao se aproximar pol\u00edtica e comercialmente dos pa\u00edses em desenvolvimento, o Governo do PT fortaleceu a posi\u00e7\u00e3o cr\u00edtica do Brasil sobre a necessidade de democratiza\u00e7\u00e3o das institui\u00e7\u00f5es internacionais como as Na\u00e7\u00f5es Unidas (e seu Conselho de Seguran\u00e7a), FMI, OMC e Banco Mundial. Dentre as conquistas alcan\u00e7adas destacamos a escolha do diplomata brasileiro Roberto Carvalho de Azev\u00eado para a Secretaria Geral da OMC, eleito com o apoio dos pa\u00edses do Brics, das na\u00e7\u00f5es de l\u00edngua portuguesa e de parceiros do Brasil na \u00c1sia, \u00c1frica e Am\u00e9rica Latina.<\/div>\n<div style=\"text-align: justify;\"><\/div>\n<div style=\"text-align: justify;\">Entende-se, assim, que dificilmente se descolam os temas nacionais e internacionais que s\u00e3o debatidos nos f\u00f3runs multilaterais, democracia, com\u00e9rcio, clima e etc. Todos devem fazer parte da agenda de Estado, mais do que de governo e exige, portanto, o constante fortalecimento do multilateralismo, independente de quem ven\u00e7a o pleito do pr\u00f3ximo domingo, dia 5 de outubro (ou 26 de outubro) e assuma em 1\u00ba de janeiro de 2015.<\/p>\n<\/div>\n<div>\n<div style=\"text-align: justify;\">Mudan\u00e7as de rumos, desvios da rota, continuidades, quebra de paradigmas, rupturas ou fortalecimentos s\u00e3o motes de uma pol\u00edtica internacional que, por n\u00e3o ser \u00fanica e permitir que o jogador de turno d\u00ea novas cartas, carrega em si as agruras de nossa pol\u00edtica partid\u00e1ria. Apesar disso, \u00e9 constante e constat\u00e1vel o amadurecimento do Brasil em suas rela\u00e7\u00f5es com outros povos e n\u00e3o parecem fecundas entre os candidatos propostas de profundas altera\u00e7\u00f5es.<\/div>\n<\/div>\n<div>A\u00e9cio Neves:<\/p>\n<blockquote style=\"text-align: justify;\"><p>\u201cNas organiza\u00e7\u00f5es internacionais, o Brasil dever\u00e1 ampliar e dinamizar sua a\u00e7\u00e3o diplom\u00e1tica nos temas globais, como mudan\u00e7a de clima, sustentabilidade, energia, democracia, direitos humanos, com\u00e9rcio exterior, assim como novos temas, como terrorismo, guerra cibern\u00e9tica, controle da internet, e nas quest\u00f5es de paz e seguran\u00e7a, inclusive nas discuss\u00f5es sobre a amplia\u00e7\u00e3o do Conselho de Seguran\u00e7a.\u201d<\/p><\/blockquote>\n<div style=\"text-align: justify;\">A proposta de A\u00e9cio \u00e9 coerente com sua pol\u00edtica comercial. O candidato do PSDB retoma a postura do partido durante os anos do governo FHC, ao priorizar temas internacionais colocados em pauta pelas grandes pot\u00eancias. N\u00e3o h\u00e1 em sua agenda qualquer ind\u00edcio de confronto direto com os interesses dos Estados Unidos ou dos europeus. Assim, a quest\u00e3o do Conselho de Seguran\u00e7a, por exemplo, aparece como uma reivindica\u00e7\u00e3o de amplia\u00e7\u00e3o, e n\u00e3o de reformula\u00e7\u00e3o, como desejam os pa\u00edses em desenvolvimento.<\/div>\n<p>Dilma Rousseff:<\/p>\n<blockquote style=\"text-align: justify;\"><p>\u201cNossa presen\u00e7a no mundo ser\u00e1 marcada pela defesa da democracia, pelo princ\u00edpio de n\u00e3o-interven\u00e7\u00e3o e respeito \u00e0 soberania das na\u00e7\u00f5es, pela luta pela paz e pela solu\u00e7\u00e3o negociada dos conflitos, pela defesa dos Direitos Humanos, pelo combate \u00e0 pobreza e \u00e0s desigualdades, pela preserva\u00e7\u00e3o do meio-ambiente e pelo multilateralismo. Queremos construir igualmente mecanismos que protejam todas as formas de comunica\u00e7\u00e3o \u2013 a internet, em particular \u2013 assegurando a privacidade da cidadania, das empresas e dos Governos. A prioridade que conferimos a uma vis\u00e3o multilateral do mundo nos conduz e conduzir\u00e1 a lutar pela reforma dos principais organismos internacionais, como a ONU, o Fundo Monet\u00e1rio Internacional, o Banco Mundial, entre outros, cuja governan\u00e7a hoje n\u00e3o reflete a atual correla\u00e7\u00e3o de for\u00e7as global.\u201d<\/p><\/blockquote>\n<div style=\"text-align: justify;\"><\/div>\n<div style=\"text-align: justify;\">A luta por uma ordem internacional mais democr\u00e1tica passa pela reforma dos principais organismos internacionais, conforme proposto pelo programa de Dilma Rousseff. A principal dificuldade com rela\u00e7\u00e3o a isso \u00e9 a sua efetividade, dadas as rela\u00e7\u00f5es assim\u00e9tricas de poder econ\u00f4mico e militar entre os Estados no sistema internacional. Ainda que os pa\u00edses em desenvolvimento tenham promovido coalis\u00f5es e debates sobre o tema, pouco se avan\u00e7ou de fato nos \u00faltimos anos, principalmente a partir de 2008, com a crise econ\u00f4mica que se instaurou nos Estados Unidos e na Europa. Faltam propostas e a\u00e7\u00f5es concretas por parte do governo Dilma para que o projeto de uma ordem democr\u00e1tica seja poss\u00edvel no sistema internacional.<\/div>\n<\/div>\n<div>\n<p>Marina Silva:<\/p>\n<blockquote style=\"text-align: justify;\"><p>\u201cN\u00e3o se justifica a retic\u00eancia em negociar novas frentes para o com\u00e9rcio de nossos bens e servi\u00e7os. A valoriza\u00e7\u00e3o das tratativas na Organiza\u00e7\u00e3o Mundial do Com\u00e9rcio (OMC) \u00e9 plenamente compat\u00edvel com a negocia\u00e7\u00e3o de acordos regionais e bilaterais.\u201d<\/p><\/blockquote>\n<blockquote style=\"text-align: justify;\"><p>\u201c\u00c9 mais do que justo que o peso do voto do pa\u00eds nas delibera\u00e7\u00f5es do Fundo Monet\u00e1rio Internacional (FMI) seja elevado a um patamar que efetivamente corresponda \u00e0 dimens\u00e3o de nossa economia. Consideramos que tamb\u00e9m cabe insistir na reivindica\u00e7\u00e3o de que as chefias do FMI e do Banco Mundial deixem de ser monop\u00f3lios de europeus e norte-americanos.\u201d<\/p><\/blockquote>\n<blockquote style=\"text-align: justify;\"><p>\u201cO pleito pela reforma na composi\u00e7\u00e3o do Conselho de Seguran\u00e7a (CS) das Na\u00e7\u00f5es Unidas mant\u00e9m sua atualidade, inclusive a f\u00f3rmula de articula\u00e7\u00e3o conjunta (G-4) com outras pot\u00eancias regionais. Sem representatividade adequada, o CS n\u00e3o pode desincumbir-se com a efic\u00e1cia desej\u00e1vel de suas elevadas atribui\u00e7\u00f5es nos campos da paz e da seguran\u00e7a\u201d<\/p><\/blockquote>\n<div style=\"text-align: justify;\"><\/div>\n<div style=\"text-align: justify;\">O texto do Programa de Governo de Marina traz algumas reivindica\u00e7\u00f5es importantes, como \u201cpeso justo\u201d nas delibera\u00e7\u00f5es do FMI e do Banco Mundial e reforma do Conselho de Seguran\u00e7a da ONU. Contudo, tais reivindica\u00e7\u00f5es esbarram em uma vis\u00e3o inocente de que tal pleito pol\u00edtico est\u00e1 desvinculado dos debates comerciais que permeiam o sistema internacional.<\/div>\n<div style=\"text-align: justify;\"><\/div>\n<div style=\"text-align: justify;\">A democratiza\u00e7\u00e3o das institui\u00e7\u00f5es do sistema internacional dificilmente ser\u00e1 poss\u00edvel sem que seja acompanhada de a\u00e7\u00f5es internacionais de combate a pobreza e que promovam o desenvolvimento econ\u00f4mico e social de todas as na\u00e7\u00f5es. A liberaliza\u00e7\u00e3o de setores estrat\u00e9gicos, como as \u00e1reas de servi\u00e7os e de compras governamentais, por exemplo, n\u00e3o parece ser o caminho mais adequado, o que torna o programa de governo de Marina invi\u00e1vel.<\/div>\n<\/div>\n","protected":false},"excerpt":{"rendered":"<p>Volume 1 | N\u00famero 5 | Out. 2014 Por Glauber Cardoso Carvalho e<\/p>\n","protected":false},"author":3,"featured_media":0,"comment_status":"closed","ping_status":"open","sticky":false,"template":"","format":"standard","meta":{"footnotes":""},"categories":[690,652],"tags":[],"class_list":["post-1817","post","type-post","status-publish","format-standard","hentry","category-v1n5","category-volume1"],"_links":{"self":[{"href":"https:\/\/dialogosinternacionais.com.br\/index.php?rest_route=\/wp\/v2\/posts\/1817","targetHints":{"allow":["GET"]}}],"collection":[{"href":"https:\/\/dialogosinternacionais.com.br\/index.php?rest_route=\/wp\/v2\/posts"}],"about":[{"href":"https:\/\/dialogosinternacionais.com.br\/index.php?rest_route=\/wp\/v2\/types\/post"}],"author":[{"embeddable":true,"href":"https:\/\/dialogosinternacionais.com.br\/index.php?rest_route=\/wp\/v2\/users\/3"}],"replies":[{"embeddable":true,"href":"https:\/\/dialogosinternacionais.com.br\/index.php?rest_route=%2Fwp%2Fv2%2Fcomments&post=1817"}],"version-history":[{"count":2,"href":"https:\/\/dialogosinternacionais.com.br\/index.php?rest_route=\/wp\/v2\/posts\/1817\/revisions"}],"predecessor-version":[{"id":2850,"href":"https:\/\/dialogosinternacionais.com.br\/index.php?rest_route=\/wp\/v2\/posts\/1817\/revisions\/2850"}],"wp:attachment":[{"href":"https:\/\/dialogosinternacionais.com.br\/index.php?rest_route=%2Fwp%2Fv2%2Fmedia&parent=1817"}],"wp:term":[{"taxonomy":"category","embeddable":true,"href":"https:\/\/dialogosinternacionais.com.br\/index.php?rest_route=%2Fwp%2Fv2%2Fcategories&post=1817"},{"taxonomy":"post_tag","embeddable":true,"href":"https:\/\/dialogosinternacionais.com.br\/index.php?rest_route=%2Fwp%2Fv2%2Ftags&post=1817"}],"curies":[{"name":"wp","href":"https:\/\/api.w.org\/{rel}","templated":true}]}}