{"id":1832,"date":"2014-08-08T19:16:00","date_gmt":"2014-08-08T22:16:00","guid":{"rendered":"https:\/\/dialogosinternacionais.com.br\/?p=1832"},"modified":"2024-03-27T17:24:27","modified_gmt":"2024-03-27T20:24:27","slug":"capitalismo-e-o-ebola","status":"publish","type":"post","link":"https:\/\/dialogosinternacionais.com.br\/?p=1832","title":{"rendered":"Capitalismo e o Ebola"},"content":{"rendered":"<div style=\"text-align: justify;\"><strong>Volume 1 | N\u00famero 3 | Ago. 2014<\/strong><\/div>\n<div><\/div>\n<div><\/div>\n<div style=\"text-align: right;\">Por Larissa Rosevics<\/div>\n<div style=\"text-align: justify;\"><\/div>\n<div style=\"text-align: justify;\"><\/div>\n<div style=\"text-align: justify;\">A primeira vez que ouvi falar sobre a Febre Hemorr\u00e1gica Ebola, aos onze anos de idade, lembro-me de ter ficado apavorada. Acredito que o tema tenha surgido em uma aula de ci\u00eancias do ensino fundamental, embalado pelo filme \u201cEpidemia\u201d, de 1995, em que um macaco contaminado por um v\u00edrus letal era levado da \u00c1frica para os Estados Unidos, provocando p\u00e2nico na popula\u00e7\u00e3o local. Apresentada como uma doen\u00e7a com alto grau de letalidade (dados contradit\u00f3rios afirmam que entre 50% a 90% das pessoas que contraem a doen\u00e7a falecem), sintomas semelhantes aos de uma gripe (ou da dengue hemorr\u00e1gica) e transmiss\u00e3o incerta (acredita-se que o contato com o sangue e os fluidos corporais de uma pessoa contaminada seja as principais formas de cont\u00e1gio), a Febre Ebola, junto com a AIDS, pareciam ser sinais do fim dos tempos.<\/p>\n<p>Por quase vinte anos pouco li sobre o assunto at\u00e9 o recente surto da doen\u00e7a na \u00c1frica Ocidental, que j\u00e1 levou a \u00f3bito quase 1000 pessoas. Guin\u00e9, Lib\u00e9ria e Serra Leoa colocaram em quarentena a regi\u00e3o da fronteira comum entre os tr\u00eas Estados, epicentro da epidemia, para evitar que fluxos migrat\u00f3rios possam levar a doen\u00e7a para outras regi\u00f5es dos pa\u00edses e da \u00c1frica. A Nig\u00e9ria tamb\u00e9m j\u00e1 vem apresentando n\u00fameros alarmantes de infectados e a OMS est\u00e1 em alerta m\u00e1ximo, em busca de solu\u00e7\u00f5es para o problema.<\/p>\n<p>Ap\u00f3s o an\u00fancio do repatriamento de um m\u00e9dico norte-americano infectado, foram veiculadas diversas not\u00edcias sobre um soro capaz de melhorar significativamente as condi\u00e7\u00f5es de vida de um paciente infectado e de poss\u00edveis vacinas, desenvolvidas nos centros de pesquisa dos pa\u00edses desenvolvidos. Segundo reportagem do site da<a href=\"http:\/\/exame.abril.com.br\/tecnologia\/noticias\/vacina-experimental-contra-ebola-sera-testada-em-2015\" target=\"_blank\" rel=\"noopener\"><span style=\"color: blue;\"> Revista Exame<\/span><\/a>, as vacinas ainda precisam ser testadas em seres humanos antes de serem aplicadas nas popula\u00e7\u00f5es infectadas e\/ou sob risco de contamina\u00e7\u00e3o, o que traz uma s\u00e9rie de implica\u00e7\u00f5es \u00e9ticas e legais para as suas utiliza\u00e7\u00f5es. A reportagem traz ainda a afirma\u00e7\u00e3o de que os avan\u00e7os em trono da vacina final esbarram no desinteresse da ind\u00fastria farmac\u00eautica, que n\u00e3o v\u00ea mercado comercial para o produto.<\/p>\n<p>A epidemia atual do v\u00edrus Ebola \u00e9 um retrato cruel e amargo do sistema capitalista em que estamos inseridos. A ind\u00fastria farmac\u00eautica, que n\u00e3o \u00e9 composta por entidades filantr\u00f3picas e sim por empresas multinacionais que visam o lucro, n\u00e3o investem em projetos para mercados consumidores com baixa capacidade de compra.<\/p>\n<p>Enquanto isso, o Ebola se espalha por pa\u00edses pobres da \u00c1frica em que seu alto grau de letalidade est\u00e1, em parte, ligado \u00e0s prec\u00e1rias condi\u00e7\u00f5es de vida das popula\u00e7\u00f5es atingidas. Fome, desnutri\u00e7\u00e3o, baixas condi\u00e7\u00f5es de higiene tornaram os corpos desses indiv\u00edduos naturalmente mais fr\u00e1geis e suscet\u00edveis \u00e0 doen\u00e7a, facilitando a a\u00e7\u00e3o devastadora do v\u00edrus.<\/p>\n<p>No ano passado foi veiculada a not\u00edcia de que uma empresa francesa havia desenvolvido uma <a href=\"http:\/\/g1.globo.com\/bom-dia-brasil\/noticia\/2013\/07\/vacina-contra-dengue-produzida-na-franca-pode-estar-disponivel-em-2015.html\" target=\"_blank\" rel=\"noopener\"><span style=\"color: blue;\">vacina para a Dengue<\/span><\/a>, outra <a href=\"http:\/\/memoria.ebc.com.br\/agenciabrasil\/noticia\/2013-01-29\/portugal-e-outros-paises-da-europa-poderao-ter-surto-de-dengue-alerta-especialista-em-medicina-tropic\" target=\"_blank\" rel=\"noopener\"><span style=\"color: blue;\">doen\u00e7a dos tr\u00f3picos que avan\u00e7ara para a Europa<\/span><\/a> gra\u00e7as \u00e0s ondas imigrat\u00f3rias do norte da \u00c1frica e ao aquecimento global, que tem aumentado \u00e0s temperaturas no continente tornando-o mais suscet\u00edvel a prolifera\u00e7\u00e3o do mosquito transmissor. Ela poder\u00e1 estar dispon\u00edvel para venda no ano que vem.<\/p>\n<p>Ser\u00e1 que o v\u00edrus Ebola precisar\u00e1 chegar a alguma das grandes pot\u00eancias ocidentais para que exista um mercado consumidor com capacidade de consumo suficiente para que a ind\u00fastria farmac\u00eautica possa ter interesse em investir nos estudos das vacinas e medicamentos para a doen\u00e7a? Esse questionamento \u00e9 feito pelo professor John Ashton, do Instituto de Sa\u00fade P\u00fablica do Reino Unido em artigo publicado pela <a href=\"http:\/\/www.cartamaior.com.br\/?\/Editoria\/Internacional\/Ebola-A-falencia-moral-da-industria-farmaceutica\/6\/31554\" target=\"_blank\" rel=\"noopener\"><span style=\"color: blue;\">Carta Maior<\/span><\/a> dessa semana. Recomendo a leitura e a reflex\u00e3o.<\/p>\n<\/div>\n","protected":false},"excerpt":{"rendered":"<p>Volume 1 | N\u00famero 3 | Ago. 2014 Por Larissa Rosevics A primeira<\/p>\n","protected":false},"author":3,"featured_media":0,"comment_status":"closed","ping_status":"open","sticky":false,"template":"","format":"standard","meta":{"footnotes":""},"categories":[688,652],"tags":[],"class_list":["post-1832","post","type-post","status-publish","format-standard","hentry","category-v1n3","category-volume1"],"_links":{"self":[{"href":"https:\/\/dialogosinternacionais.com.br\/index.php?rest_route=\/wp\/v2\/posts\/1832","targetHints":{"allow":["GET"]}}],"collection":[{"href":"https:\/\/dialogosinternacionais.com.br\/index.php?rest_route=\/wp\/v2\/posts"}],"about":[{"href":"https:\/\/dialogosinternacionais.com.br\/index.php?rest_route=\/wp\/v2\/types\/post"}],"author":[{"embeddable":true,"href":"https:\/\/dialogosinternacionais.com.br\/index.php?rest_route=\/wp\/v2\/users\/3"}],"replies":[{"embeddable":true,"href":"https:\/\/dialogosinternacionais.com.br\/index.php?rest_route=%2Fwp%2Fv2%2Fcomments&post=1832"}],"version-history":[{"count":4,"href":"https:\/\/dialogosinternacionais.com.br\/index.php?rest_route=\/wp\/v2\/posts\/1832\/revisions"}],"predecessor-version":[{"id":3011,"href":"https:\/\/dialogosinternacionais.com.br\/index.php?rest_route=\/wp\/v2\/posts\/1832\/revisions\/3011"}],"wp:attachment":[{"href":"https:\/\/dialogosinternacionais.com.br\/index.php?rest_route=%2Fwp%2Fv2%2Fmedia&parent=1832"}],"wp:term":[{"taxonomy":"category","embeddable":true,"href":"https:\/\/dialogosinternacionais.com.br\/index.php?rest_route=%2Fwp%2Fv2%2Fcategories&post=1832"},{"taxonomy":"post_tag","embeddable":true,"href":"https:\/\/dialogosinternacionais.com.br\/index.php?rest_route=%2Fwp%2Fv2%2Ftags&post=1832"}],"curies":[{"name":"wp","href":"https:\/\/api.w.org\/{rel}","templated":true}]}}